{"id":37027,"date":"2018-10-03T17:55:50","date_gmt":"2018-10-03T15:55:50","guid":{"rendered":"https:\/\/vosgesinfo.fr\/gerardmerinfo\/2018\/10\/partenariat-historique-entre-lagsh-centre-hospitalier-de-gerardmer\/"},"modified":"2018-10-03T17:55:50","modified_gmt":"2018-10-03T15:55:50","slug":"partenariat-historique-entre-lagsh-centre-hospitalier-de-gerardmer","status":"publish","type":"post","link":"https:\/\/vosgesinfo.fr\/gerardmerinfo\/2018\/10\/partenariat-historique-entre-lagsh-centre-hospitalier-de-gerardmer\/","title":{"rendered":"Un partenariat \u00ab\u00a0historique\u00a0\u00bb entre l&rsquo;AGSH &#038; Le Centre Hospitalier de G\u00e9rardmer"},"content":{"rendered":"<div><a href=\"\/2018\/10\/Convention-AGSH-EHPAD-1.jpg\"><img decoding=\"async\" class=\"aligncenter size-full wp-image-135436\" src=\"\/2018\/10\/Convention-AGSH-EHPAD-1.jpg\" alt=\"Convention AGSH EHPAD (1)\" width=\"800\" height=\"600\" \/><\/a><\/div>\n<div><\/div>\n<div><strong>Pour reprendre le terme du maire g\u00e9r\u00f4mois Stessy Speissmann, \u00e9galement pr\u00e9sident du C.A de l&rsquo;\u00e9tablissement, c&rsquo;est en effet un partenariat \u00ab\u00a0historique\u00a0\u00bb qui vient d&rsquo;\u00eatre officialis\u00e9 par la signature d&rsquo;une convention entre le Centre Hospitalier de G\u00e9rardmer (CH) et L&rsquo;association G\u00e9r\u00f4moise des Sports d&rsquo;Hiver (AGSH).<\/strong><\/div>\n<div><\/div>\n<div>L&rsquo;AGSH qui a d\u00e9cid\u00e9 de faire un geste financier sans pr\u00e9c\u00e9dent en faveur du Centre Hospitalier, et finalement en faveur \u00a0des G\u00e9r\u00f4mois, sous la forme d\u2019un accompagnement financier afin de r\u00e9aliser des travaux d&rsquo;investissements. Travaux qui seraient vraisemblablement bloqu\u00e9s par la situation financi\u00e8re de l\u2019\u00e9tablissement qui s&rsquo;est d\u00e9grad\u00e9e : le d\u00e9ficit du budget principal s\u2019\u00e9l\u00e8ve \u00e0 plus de 400 000\u20ac pour l\u2019exercice 2017. Aussi, le plan d\u2019investissement propos\u00e9 par la Direction \u00e0 l\u2019Agence R\u00e9gionale de Sant\u00e9 (ARS, autorit\u00e9 sanitaire) a \u00e9t\u00e9 refus\u00e9 en f\u00e9vrier 2018. \u00ab\u00a0Ce refus a impliqu\u00e9 que le montant du plan d\u2019investissement soit revu \u00e0 la baisse et donc au renoncement \u00e0 certains projets\u00a0\u00bb pr\u00e9cisait ainsi la Directrice D\u00e9l\u00e9gu\u00e9e de site, Marielle Pfeiffer. Sans l\u2019aide de l\u2019AGSH, l\u2019achat de certains \u00e9quipements nouveaux et certains travaux de r\u00e9novation ne seraient pas possibles.<\/div>\n<div><a href=\"\/2018\/10\/Convention-AGSH-EHPAD-4.jpg\"><img decoding=\"async\" class=\"alignleft size-medium wp-image-135439\" src=\"\/2018\/10\/Convention-AGSH-EHPAD-4-340x255.jpg\" alt=\"Convention AGSH EHPAD (4)\" width=\"340\" height=\"255\" \/><\/a>Apr\u00e8s le stadium de la Mauselaine, la tribune du stade H. Millan, les aides ponctuelles aux diverses associations locales, l&rsquo;AGSH souhaitait faire quelque chose pour tous les G\u00e9r\u00f4mois, un projet sur le long terme. Cette association cr\u00e9\u00e9e en 1960 \u00ab\u00a0par une bande de potes qui ont travaill\u00e9 avec beaucoup de c\u0153ur et qui ont eu raison\u00a0\u00bb a donc \u00e9tudi\u00e9 plusieurs projets. Apr\u00e8s examen de ceux-ci, suivis de contacts tr\u00e8s productifs avec la direction de l\u2019h\u00f4pital, il est apparu que des besoins urgents et indispensables \u00e0 son bon fonctionnement \u00e9taient en attente de financement. Ce devait \u00eatre le bon choix pour l&rsquo;AGSH et apr\u00e8s avoir \u00e9tudi\u00e9 la liste des suggestions d\u2019investissements \u00e9tablie par la direction de l\u2019h\u00f4pital pour un montant de 361 000 euros, l&rsquo;association a d\u00e9cid\u00e9 de r\u00e9pondre positivement.<\/div>\n<div>\u00ab\u00a0Nous avons demand\u00e9 \u00e0 la direction de cet \u00e9tablissement de nous faire des propositions d\u2019intervention avec notamment, pour th\u00e8mes la r\u00e9novation du centre d\u2019accueil des SNP (soins non programm\u00e9s, les urgences), l\u2019acquisition de mat\u00e9riel d\u2019examens m\u00e9dicaux performants, l\u2019aide au personnel soignant pour faciliter leur travail et le confort des personnes h\u00e9berg\u00e9es ou encore la mise en \u0153uvre d\u2019actions en faveur de la pr\u00e9vention par l\u2019action physique adapt\u00e9e pour les personnes \u00e2g\u00e9es ou en situation de handicap\u00a0\u00bb explique le pr\u00e9sident de l&rsquo;AGSH Pierre Sachot. Des travaux concernant le SNP sont donc d\u00e9j\u00e0 programm\u00e9s pour\u00a0 2018-2019 et d\u00e9buteront d\u00e8s la fin du mois d&rsquo;octobre, comme l&rsquo;a annonc\u00e9 le directeur du CH Pierre Tsuji.<\/div>\n<div><a href=\"\/2018\/10\/Convention-AGSH-EHPAD-3.jpg\"><img decoding=\"async\" class=\"alignright size-medium wp-image-135438\" src=\"\/2018\/10\/Convention-AGSH-EHPAD-3-340x255.jpg\" alt=\"Convention AGSH EHPAD (3)\" width=\"340\" height=\"255\" \/><\/a>Le SNP qui fera donc l&rsquo;objet d&rsquo;une attention toute particuli\u00e8re avec de nombreux investissements et renouvellements. Il s&rsquo;agit l\u00e0 d&rsquo;un premier axe de travail et Pierre Tsuji a ajout\u00e9 que le partenariat allait pouvoir permettre de travailler sur deux autres axes principaux : la pr\u00e9vention des risques professionnels afin de les r\u00e9duire et de diminuer la p\u00e9nibilit\u00e9 du travail pour le personnel afin qu&rsquo;il soit encore plus pr\u00e9formant et pour pouvoir attirer de nouveaux collaborateurs. Mais aussi la modernisation et l&rsquo;am\u00e9lioration de certaines prestations m\u00e9dicales, \u00e0 l&rsquo;image de l&rsquo;imagerie avec des investissements en mati\u00e8re de radios avec l&rsquo;achat d&rsquo;un \u00e9chographe et le renouvellement du mammographe.<\/div>\n<div><\/div>\n<div>Vous l&rsquo;aurez compris, la \u00ab\u00a0bande de copains\u00a0\u00bb de l&rsquo;AGSH s&rsquo;est mu\u00e9e en bande de samaritains pour \u00ab\u00a0un \u00e9tablissement de soins embl\u00e9matique et indispensable \u00e0 la ville\u00a0\u00bb , comme l&rsquo;a qualifi\u00e9 Pierre Sachot. La signature de la convention de partenariat entre l&rsquo;\u00e9tablissement et l&rsquo;association en la pr\u00e9sence de l&rsquo;ARS restera donc un grand moment dans la vie du CH Claudius Regaud. L&rsquo;\u00e9motion \u00e9tait palpable chez l&rsquo;ensemble des protagonistes. Ajoutons qu&rsquo;enfin, un projet de partenariat entre l&rsquo;association Siel Bleu et le CH est en passe de voir le jour afin de favoriser la pr\u00e9vention par le sport avec des \u00e9quipements et l&rsquo;intervention de professionnels. Une nouvelle initiative qui a ravi la d\u00e9l\u00e9gu\u00e9e territoriale de l&rsquo;ARS C\u00e9cile Aubr\u00e8ge-Guyot, elle qui a commenc\u00e9 dans les Vosges au sein de Jeunesse &amp; Sport et pour qui la pr\u00e9vention par le sport est une \u00e9vidence. Affaire \u00e0 suivre !<\/div>\n<div>\n<div id=\"attachment_135437\" style=\"width: 350px\" class=\"wp-caption aligncenter\"><a href=\"\/2018\/10\/Convention-AGSH-EHPAD-2.jpg\"><img decoding=\"async\" aria-describedby=\"caption-attachment-135437\" class=\"size-medium wp-image-135437\" src=\"\/2018\/10\/Convention-AGSH-EHPAD-2-340x255.jpg\" alt=\"Un nouvel appareil destin\u00e9 \u00e0 effectuer des rel\u00e8vement sans effort en cas de chute a \u00e9t\u00e9 test\u00e9 \u00e0 cette occasion. Il devrait sans doute bient\u00f4t faire son apparition \u00e0 l'Ehpad...\" width=\"340\" height=\"255\" \/><\/a><p id=\"caption-attachment-135437\" class=\"wp-caption-text\">Un nouvel appareil destin\u00e9 \u00e0 effectuer des rel\u00e8vements sans effort en cas de chute a \u00e9t\u00e9 test\u00e9 \u00e0 cette occasion. Il devrait sans doute bient\u00f4t faire son apparition \u00e0 l&rsquo;Ehpad&#8230;<\/p><\/div>\n<\/div>\n","protected":false},"excerpt":{"rendered":"<p>Pour reprendre le terme du maire g\u00e9r\u00f4mois Stessy Speissmann, \u00e9galement pr\u00e9sident du C.A de l&rsquo;\u00e9tablissement, c&rsquo;est en effet un partenariat [&hellip;]<\/p>\n","protected":false},"author":42,"featured_media":37028,"comment_status":"open","ping_status":"open","sticky":false,"template":"","format":"standard","meta":{"footnotes":""},"categories":[20,25,12],"tags":[1261,3855,182,95,3856],"class_list":["post-37027","post","type-post","status-publish","format-standard","has-post-thumbnail","hentry","category-a-la-une","category-gerardmer","category-sante","tag-agsh","tag-ars","tag-centre-hospitalier-gerardmer","tag-ehpad-lea-andre","tag-pierre-sachot"],"acf":[],"yoast_head":"<!-- This site is optimized with the Yoast SEO plugin v22.5 - https:\/\/yoast.com\/wordpress\/plugins\/seo\/ -->\n<title>Un partenariat &quot;historique&quot; entre l&#039;AGSH &amp; Le Centre Hospitalier de G\u00e9rardmer - Gerardmer Info<\/title>\n<meta name=\"robots\" content=\"index, follow, max-snippet:-1, max-image-preview:large, max-video-preview:-1\" \/>\n<link rel=\"canonical\" href=\"https:\/\/vosgesinfo.fr\/gerardmerinfo\/2018\/10\/partenariat-historique-entre-lagsh-centre-hospitalier-de-gerardmer\/\" \/>\n<meta name=\"twitter:card\" content=\"summary_large_image\" \/>\n<meta name=\"twitter:title\" content=\"Un partenariat &quot;historique&quot; entre l&#039;AGSH &amp; Le Centre Hospitalier de G\u00e9rardmer - Gerardmer Info\" \/>\n<meta name=\"twitter:description\" content=\"Pour reprendre le terme du maire g\u00e9r\u00f4mois Stessy Speissmann, \u00e9galement pr\u00e9sident du C.A de l&rsquo;\u00e9tablissement, c&rsquo;est en effet un partenariat [&hellip;]\" \/>\n<meta name=\"twitter:image\" content=\"https:\/\/vosgesinfo.fr\/app\/uploads\/sites\/6\/2024\/07\/201810convention-agsh-ehpad-1.jpg\" \/>\n<meta name=\"twitter:creator\" content=\"@VosgesInfo88\" \/>\n<meta name=\"twitter:site\" content=\"@VosgesInfo88\" \/>\n<meta name=\"twitter:label1\" content=\"\u00c9crit par\" \/>\n\t<meta name=\"twitter:data1\" content=\"QG\" \/>\n\t<meta name=\"twitter:label2\" content=\"Dur\u00e9e de lecture estim\u00e9e\" \/>\n\t<meta name=\"twitter:data2\" content=\"4 minutes\" \/>\n<script type=\"application\/ld+json\" class=\"yoast-schema-graph\">{\"@context\":\"https:\/\/schema.org\",\"@graph\":[{\"@type\":\"Article\",\"@id\":\"https:\/\/vosgesinfo.fr\/gerardmerinfo\/2018\/10\/partenariat-historique-entre-lagsh-centre-hospitalier-de-gerardmer\/#article\",\"isPartOf\":{\"@id\":\"https:\/\/vosgesinfo.fr\/gerardmerinfo\/2018\/10\/partenariat-historique-entre-lagsh-centre-hospitalier-de-gerardmer\/\"},\"author\":{\"name\":\"QG\",\"@id\":\"https:\/\/vosgesinfo.fr\/gerardmerinfo\/#\/schema\/person\/db5605779a843dad16b5368f3e7613a5\"},\"headline\":\"Un partenariat \u00ab\u00a0historique\u00a0\u00bb entre l&rsquo;AGSH &#038; Le Centre Hospitalier de G\u00e9rardmer\",\"datePublished\":\"2018-10-03T15:55:50+00:00\",\"dateModified\":\"2018-10-03T15:55:50+00:00\",\"mainEntityOfPage\":{\"@id\":\"https:\/\/vosgesinfo.fr\/gerardmerinfo\/2018\/10\/partenariat-historique-entre-lagsh-centre-hospitalier-de-gerardmer\/\"},\"wordCount\":824,\"commentCount\":0,\"publisher\":{\"@id\":\"https:\/\/vosgesinfo.fr\/gerardmerinfo\/#organization\"},\"image\":{\"@id\":\"https:\/\/vosgesinfo.fr\/gerardmerinfo\/2018\/10\/partenariat-historique-entre-lagsh-centre-hospitalier-de-gerardmer\/#primaryimage\"},\"thumbnailUrl\":\"https:\/\/vosgesinfo.fr\/app\/uploads\/sites\/6\/2024\/07\/201810convention-agsh-ehpad-1.jpg\",\"keywords\":[\"AGSH\",\"ARS\",\"Centre hospitalier gerardmer\",\"ehpad l\u00e9a andr\u00e9\",\"Pierre sachot\"],\"articleSection\":[\"A la une\",\"G\u00e9rardmer\",\"Sant\u00e9\"],\"inLanguage\":\"fr-FR\",\"potentialAction\":[{\"@type\":\"CommentAction\",\"name\":\"Comment\",\"target\":[\"https:\/\/vosgesinfo.fr\/gerardmerinfo\/2018\/10\/partenariat-historique-entre-lagsh-centre-hospitalier-de-gerardmer\/#respond\"]}]},{\"@type\":\"WebPage\",\"@id\":\"https:\/\/vosgesinfo.fr\/gerardmerinfo\/2018\/10\/partenariat-historique-entre-lagsh-centre-hospitalier-de-gerardmer\/\",\"url\":\"https:\/\/vosgesinfo.fr\/gerardmerinfo\/2018\/10\/partenariat-historique-entre-lagsh-centre-hospitalier-de-gerardmer\/\",\"name\":\"Un partenariat \\\"historique\\\" entre l'AGSH & Le Centre Hospitalier de G\u00e9rardmer - Gerardmer Info\",\"isPartOf\":{\"@id\":\"https:\/\/vosgesinfo.fr\/gerardmerinfo\/#website\"},\"primaryImageOfPage\":{\"@id\":\"https:\/\/vosgesinfo.fr\/gerardmerinfo\/2018\/10\/partenariat-historique-entre-lagsh-centre-hospitalier-de-gerardmer\/#primaryimage\"},\"image\":{\"@id\":\"https:\/\/vosgesinfo.fr\/gerardmerinfo\/2018\/10\/partenariat-historique-entre-lagsh-centre-hospitalier-de-gerardmer\/#primaryimage\"},\"thumbnailUrl\":\"https:\/\/vosgesinfo.fr\/app\/uploads\/sites\/6\/2024\/07\/201810convention-agsh-ehpad-1.jpg\",\"datePublished\":\"2018-10-03T15:55:50+00:00\",\"dateModified\":\"2018-10-03T15:55:50+00:00\",\"breadcrumb\":{\"@id\":\"https:\/\/vosgesinfo.fr\/gerardmerinfo\/2018\/10\/partenariat-historique-entre-lagsh-centre-hospitalier-de-gerardmer\/#breadcrumb\"},\"inLanguage\":\"fr-FR\",\"potentialAction\":[{\"@type\":\"ReadAction\",\"target\":[\"https:\/\/vosgesinfo.fr\/gerardmerinfo\/2018\/10\/partenariat-historique-entre-lagsh-centre-hospitalier-de-gerardmer\/\"]}]},{\"@type\":\"ImageObject\",\"inLanguage\":\"fr-FR\",\"@id\":\"https:\/\/vosgesinfo.fr\/gerardmerinfo\/2018\/10\/partenariat-historique-entre-lagsh-centre-hospitalier-de-gerardmer\/#primaryimage\",\"url\":\"https:\/\/vosgesinfo.fr\/app\/uploads\/sites\/6\/2024\/07\/201810convention-agsh-ehpad-1.jpg\",\"contentUrl\":\"https:\/\/vosgesinfo.fr\/app\/uploads\/sites\/6\/2024\/07\/201810convention-agsh-ehpad-1.jpg\",\"width\":800,\"height\":600},{\"@type\":\"BreadcrumbList\",\"@id\":\"https:\/\/vosgesinfo.fr\/gerardmerinfo\/2018\/10\/partenariat-historique-entre-lagsh-centre-hospitalier-de-gerardmer\/#breadcrumb\",\"itemListElement\":[{\"@type\":\"ListItem\",\"position\":1,\"name\":\"Home\",\"item\":\"https:\/\/vosgesinfo.fr\/gerardmerinfo\/\"},{\"@type\":\"ListItem\",\"position\":2,\"name\":\"Un partenariat \u00ab\u00a0historique\u00a0\u00bb entre l&rsquo;AGSH &#038; Le Centre Hospitalier de G\u00e9rardmer\"}]},{\"@type\":\"WebSite\",\"@id\":\"https:\/\/vosgesinfo.fr\/gerardmerinfo\/#website\",\"url\":\"https:\/\/vosgesinfo.fr\/gerardmerinfo\/\",\"name\":\"Gerardmer Info\",\"description\":\"Toute l&#039;actualit\u00e9 de G\u00e9rardmer\",\"publisher\":{\"@id\":\"https:\/\/vosgesinfo.fr\/gerardmerinfo\/#organization\"},\"alternateName\":\"Toute l'actualit\u00e9 de G\u00e9rardmer\",\"potentialAction\":[{\"@type\":\"SearchAction\",\"target\":{\"@type\":\"EntryPoint\",\"urlTemplate\":\"https:\/\/vosgesinfo.fr\/gerardmerinfo\/?s={search_term_string}\"},\"query-input\":\"required name=search_term_string\"}],\"inLanguage\":\"fr-FR\"},{\"@type\":\"Organization\",\"@id\":\"https:\/\/vosgesinfo.fr\/gerardmerinfo\/#organization\",\"name\":\"Gerardmer Info\",\"url\":\"https:\/\/vosgesinfo.fr\/gerardmerinfo\/\",\"logo\":{\"@type\":\"ImageObject\",\"inLanguage\":\"fr-FR\",\"@id\":\"https:\/\/vosgesinfo.fr\/gerardmerinfo\/#\/schema\/logo\/image\/\",\"url\":\"https:\/\/vosgesinfo.fr\/app\/uploads\/sites\/6\/2023\/08\/favicon-gerardmerinfo.png\",\"contentUrl\":\"https:\/\/vosgesinfo.fr\/app\/uploads\/sites\/6\/2023\/08\/favicon-gerardmerinfo.png\",\"width\":512,\"height\":512,\"caption\":\"Gerardmer Info\"},\"image\":{\"@id\":\"https:\/\/vosgesinfo.fr\/gerardmerinfo\/#\/schema\/logo\/image\/\"},\"sameAs\":[\"https:\/\/www.facebook.com\/profile.php?id=100049475262660\",\"https:\/\/x.com\/VosgesInfo88\",\"https:\/\/www.youtube.com\/@vosgesinfo\"]},{\"@type\":\"Person\",\"@id\":\"https:\/\/vosgesinfo.fr\/gerardmerinfo\/#\/schema\/person\/db5605779a843dad16b5368f3e7613a5\",\"name\":\"QG\",\"image\":{\"@type\":\"ImageObject\",\"inLanguage\":\"fr-FR\",\"@id\":\"https:\/\/vosgesinfo.fr\/gerardmerinfo\/#\/schema\/person\/image\/\",\"url\":\"https:\/\/secure.gravatar.com\/avatar\/ea80c42c204b534408512832fde52504ecabb9706bcb6151cf6175e5b64e6793?s=96&d=mm&r=g\",\"contentUrl\":\"https:\/\/secure.gravatar.com\/avatar\/ea80c42c204b534408512832fde52504ecabb9706bcb6151cf6175e5b64e6793?s=96&d=mm&r=g\",\"caption\":\"QG\"},\"url\":\"https:\/\/vosgesinfo.fr\/gerardmerinfo\/author\/quentin88\/\"}]}<\/script>\n<!-- \/ Yoast SEO plugin. -->","yoast_head_json":{"title":"Un partenariat \"historique\" entre l'AGSH & Le Centre Hospitalier de G\u00e9rardmer - Gerardmer Info","robots":{"index":"index","follow":"follow","max-snippet":"max-snippet:-1","max-image-preview":"max-image-preview:large","max-video-preview":"max-video-preview:-1"},"canonical":"https:\/\/vosgesinfo.fr\/gerardmerinfo\/2018\/10\/partenariat-historique-entre-lagsh-centre-hospitalier-de-gerardmer\/","twitter_card":"summary_large_image","twitter_title":"Un partenariat \"historique\" entre l'AGSH & Le Centre Hospitalier de G\u00e9rardmer - Gerardmer Info","twitter_description":"Pour reprendre le terme du maire g\u00e9r\u00f4mois Stessy Speissmann, \u00e9galement pr\u00e9sident du C.A de l&rsquo;\u00e9tablissement, c&rsquo;est en effet un partenariat [&hellip;]","twitter_image":"https:\/\/vosgesinfo.fr\/app\/uploads\/sites\/6\/2024\/07\/201810convention-agsh-ehpad-1.jpg","twitter_creator":"@VosgesInfo88","twitter_site":"@VosgesInfo88","twitter_misc":{"\u00c9crit par":"QG","Dur\u00e9e de lecture estim\u00e9e":"4 minutes"},"schema":{"@context":"https:\/\/schema.org","@graph":[{"@type":"Article","@id":"https:\/\/vosgesinfo.fr\/gerardmerinfo\/2018\/10\/partenariat-historique-entre-lagsh-centre-hospitalier-de-gerardmer\/#article","isPartOf":{"@id":"https:\/\/vosgesinfo.fr\/gerardmerinfo\/2018\/10\/partenariat-historique-entre-lagsh-centre-hospitalier-de-gerardmer\/"},"author":{"name":"QG","@id":"https:\/\/vosgesinfo.fr\/gerardmerinfo\/#\/schema\/person\/db5605779a843dad16b5368f3e7613a5"},"headline":"Un partenariat \u00ab\u00a0historique\u00a0\u00bb entre l&rsquo;AGSH &#038; Le Centre Hospitalier de G\u00e9rardmer","datePublished":"2018-10-03T15:55:50+00:00","dateModified":"2018-10-03T15:55:50+00:00","mainEntityOfPage":{"@id":"https:\/\/vosgesinfo.fr\/gerardmerinfo\/2018\/10\/partenariat-historique-entre-lagsh-centre-hospitalier-de-gerardmer\/"},"wordCount":824,"commentCount":0,"publisher":{"@id":"https:\/\/vosgesinfo.fr\/gerardmerinfo\/#organization"},"image":{"@id":"https:\/\/vosgesinfo.fr\/gerardmerinfo\/2018\/10\/partenariat-historique-entre-lagsh-centre-hospitalier-de-gerardmer\/#primaryimage"},"thumbnailUrl":"https:\/\/vosgesinfo.fr\/app\/uploads\/sites\/6\/2024\/07\/201810convention-agsh-ehpad-1.jpg","keywords":["AGSH","ARS","Centre hospitalier gerardmer","ehpad l\u00e9a andr\u00e9","Pierre sachot"],"articleSection":["A la une","G\u00e9rardmer","Sant\u00e9"],"inLanguage":"fr-FR","potentialAction":[{"@type":"CommentAction","name":"Comment","target":["https:\/\/vosgesinfo.fr\/gerardmerinfo\/2018\/10\/partenariat-historique-entre-lagsh-centre-hospitalier-de-gerardmer\/#respond"]}]},{"@type":"WebPage","@id":"https:\/\/vosgesinfo.fr\/gerardmerinfo\/2018\/10\/partenariat-historique-entre-lagsh-centre-hospitalier-de-gerardmer\/","url":"https:\/\/vosgesinfo.fr\/gerardmerinfo\/2018\/10\/partenariat-historique-entre-lagsh-centre-hospitalier-de-gerardmer\/","name":"Un partenariat \"historique\" entre l'AGSH & Le Centre Hospitalier de G\u00e9rardmer - Gerardmer Info","isPartOf":{"@id":"https:\/\/vosgesinfo.fr\/gerardmerinfo\/#website"},"primaryImageOfPage":{"@id":"https:\/\/vosgesinfo.fr\/gerardmerinfo\/2018\/10\/partenariat-historique-entre-lagsh-centre-hospitalier-de-gerardmer\/#primaryimage"},"image":{"@id":"https:\/\/vosgesinfo.fr\/gerardmerinfo\/2018\/10\/partenariat-historique-entre-lagsh-centre-hospitalier-de-gerardmer\/#primaryimage"},"thumbnailUrl":"https:\/\/vosgesinfo.fr\/app\/uploads\/sites\/6\/2024\/07\/201810convention-agsh-ehpad-1.jpg","datePublished":"2018-10-03T15:55:50+00:00","dateModified":"2018-10-03T15:55:50+00:00","breadcrumb":{"@id":"https:\/\/vosgesinfo.fr\/gerardmerinfo\/2018\/10\/partenariat-historique-entre-lagsh-centre-hospitalier-de-gerardmer\/#breadcrumb"},"inLanguage":"fr-FR","potentialAction":[{"@type":"ReadAction","target":["https:\/\/vosgesinfo.fr\/gerardmerinfo\/2018\/10\/partenariat-historique-entre-lagsh-centre-hospitalier-de-gerardmer\/"]}]},{"@type":"ImageObject","inLanguage":"fr-FR","@id":"https:\/\/vosgesinfo.fr\/gerardmerinfo\/2018\/10\/partenariat-historique-entre-lagsh-centre-hospitalier-de-gerardmer\/#primaryimage","url":"https:\/\/vosgesinfo.fr\/app\/uploads\/sites\/6\/2024\/07\/201810convention-agsh-ehpad-1.jpg","contentUrl":"https:\/\/vosgesinfo.fr\/app\/uploads\/sites\/6\/2024\/07\/201810convention-agsh-ehpad-1.jpg","width":800,"height":600},{"@type":"BreadcrumbList","@id":"https:\/\/vosgesinfo.fr\/gerardmerinfo\/2018\/10\/partenariat-historique-entre-lagsh-centre-hospitalier-de-gerardmer\/#breadcrumb","itemListElement":[{"@type":"ListItem","position":1,"name":"Home","item":"https:\/\/vosgesinfo.fr\/gerardmerinfo\/"},{"@type":"ListItem","position":2,"name":"Un partenariat \u00ab\u00a0historique\u00a0\u00bb entre l&rsquo;AGSH &#038; Le Centre Hospitalier de G\u00e9rardmer"}]},{"@type":"WebSite","@id":"https:\/\/vosgesinfo.fr\/gerardmerinfo\/#website","url":"https:\/\/vosgesinfo.fr\/gerardmerinfo\/","name":"Gerardmer Info","description":"Toute l&#039;actualit\u00e9 de G\u00e9rardmer","publisher":{"@id":"https:\/\/vosgesinfo.fr\/gerardmerinfo\/#organization"},"alternateName":"Toute l'actualit\u00e9 de G\u00e9rardmer","potentialAction":[{"@type":"SearchAction","target":{"@type":"EntryPoint","urlTemplate":"https:\/\/vosgesinfo.fr\/gerardmerinfo\/?s={search_term_string}"},"query-input":"required name=search_term_string"}],"inLanguage":"fr-FR"},{"@type":"Organization","@id":"https:\/\/vosgesinfo.fr\/gerardmerinfo\/#organization","name":"Gerardmer Info","url":"https:\/\/vosgesinfo.fr\/gerardmerinfo\/","logo":{"@type":"ImageObject","inLanguage":"fr-FR","@id":"https:\/\/vosgesinfo.fr\/gerardmerinfo\/#\/schema\/logo\/image\/","url":"https:\/\/vosgesinfo.fr\/app\/uploads\/sites\/6\/2023\/08\/favicon-gerardmerinfo.png","contentUrl":"https:\/\/vosgesinfo.fr\/app\/uploads\/sites\/6\/2023\/08\/favicon-gerardmerinfo.png","width":512,"height":512,"caption":"Gerardmer Info"},"image":{"@id":"https:\/\/vosgesinfo.fr\/gerardmerinfo\/#\/schema\/logo\/image\/"},"sameAs":["https:\/\/www.facebook.com\/profile.php?id=100049475262660","https:\/\/x.com\/VosgesInfo88","https:\/\/www.youtube.com\/@vosgesinfo"]},{"@type":"Person","@id":"https:\/\/vosgesinfo.fr\/gerardmerinfo\/#\/schema\/person\/db5605779a843dad16b5368f3e7613a5","name":"QG","image":{"@type":"ImageObject","inLanguage":"fr-FR","@id":"https:\/\/vosgesinfo.fr\/gerardmerinfo\/#\/schema\/person\/image\/","url":"https:\/\/secure.gravatar.com\/avatar\/ea80c42c204b534408512832fde52504ecabb9706bcb6151cf6175e5b64e6793?s=96&d=mm&r=g","contentUrl":"https:\/\/secure.gravatar.com\/avatar\/ea80c42c204b534408512832fde52504ecabb9706bcb6151cf6175e5b64e6793?s=96&d=mm&r=g","caption":"QG"},"url":"https:\/\/vosgesinfo.fr\/gerardmerinfo\/author\/quentin88\/"}]}},"_links":{"self":[{"href":"https:\/\/vosgesinfo.fr\/gerardmerinfo\/wp-json\/wp\/v2\/posts\/37027","targetHints":{"allow":["GET"]}}],"collection":[{"href":"https:\/\/vosgesinfo.fr\/gerardmerinfo\/wp-json\/wp\/v2\/posts"}],"about":[{"href":"https:\/\/vosgesinfo.fr\/gerardmerinfo\/wp-json\/wp\/v2\/types\/post"}],"author":[{"embeddable":true,"href":"https:\/\/vosgesinfo.fr\/gerardmerinfo\/wp-json\/wp\/v2\/users\/42"}],"replies":[{"embeddable":true,"href":"https:\/\/vosgesinfo.fr\/gerardmerinfo\/wp-json\/wp\/v2\/comments?post=37027"}],"version-history":[{"count":0,"href":"https:\/\/vosgesinfo.fr\/gerardmerinfo\/wp-json\/wp\/v2\/posts\/37027\/revisions"}],"wp:featuredmedia":[{"embeddable":true,"href":"https:\/\/vosgesinfo.fr\/gerardmerinfo\/wp-json\/wp\/v2\/media\/37028"}],"wp:attachment":[{"href":"https:\/\/vosgesinfo.fr\/gerardmerinfo\/wp-json\/wp\/v2\/media?parent=37027"}],"wp:term":[{"taxonomy":"category","embeddable":true,"href":"https:\/\/vosgesinfo.fr\/gerardmerinfo\/wp-json\/wp\/v2\/categories?post=37027"},{"taxonomy":"post_tag","embeddable":true,"href":"https:\/\/vosgesinfo.fr\/gerardmerinfo\/wp-json\/wp\/v2\/tags?post=37027"}],"curies":[{"name":"wp","href":"https:\/\/api.w.org\/{rel}","templated":true}]}}