{"id":37040,"date":"2018-10-05T13:49:20","date_gmt":"2018-10-05T11:49:20","guid":{"rendered":"https:\/\/vosgesinfo.fr\/gerardmerinfo\/2018\/10\/accueil-de-loisirs-sillage-de-graines-toiles-cet-automne\/"},"modified":"2018-10-05T13:49:20","modified_gmt":"2018-10-05T11:49:20","slug":"accueil-de-loisirs-sillage-de-graines-toiles-cet-automne","status":"publish","type":"post","link":"https:\/\/vosgesinfo.fr\/gerardmerinfo\/2018\/10\/accueil-de-loisirs-sillage-de-graines-toiles-cet-automne\/","title":{"rendered":"Un accueil de loisirs dans le sillage de Graines des Toiles cet automne"},"content":{"rendered":"<h3><a href=\"\/2018\/10\/IMG_0073.jpg\"><img decoding=\"async\" class=\"aligncenter size-full wp-image-135473\" src=\"\/2018\/10\/IMG_0073.jpg\" alt=\"IMG_0073\" width=\"800\" height=\"533\" \/><\/a><\/h3>\n<h3>L&rsquo;accueil de loisirs de la MCL (ALSH) reprend du service pour les vacances de la Toussaint en profitant du festival Graines des Toiles pour faire la part belle au cin\u00e9ma.<\/h3>\n<p>Ainsi, du 22 au 26 octobre, les 6-11 ans participeront \u00e0 de nombreuses animations en lien avec le festival et constitueront un jury afin d&rsquo;\u00e9lire leur coup de c\u0153ur. Ils visionneront ainsi 4 films : <em>Capitaine Mortem, La chant de la Mer, Dilili \u00e0 Paris <\/em>et<em> La Chasse \u00e0 l&rsquo;ours<\/em>. Chaque projection sera pour eux suivie d&rsquo;un temps d&rsquo;\u00e9change et de d\u00e9bat puis d&rsquo;un vote. Les enfants remettront enfin leur prix lors de la c\u00e9r\u00e9monie programm\u00e9e le 30 octobre.<\/p>\n<p><a href=\"\/2018\/10\/24h-1.jpg\"><img decoding=\"async\" class=\"alignright wp-image-135472\" src=\"\/2018\/10\/24h-1.jpg\" alt=\"24h 1\" width=\"260\" height=\"390\" \/><\/a>Pour les ados, toujours du 22 au 26 octobre, la MCL leur proposera un stage d\u00e9di\u00e9 au cin\u00e9ma fantastique qui aura lieu \u00e0 la Pastorale et qui sera anim\u00e9 par un duo de choc compos\u00e9 de Maxime Acker et Ludovic Chopard. Au menu : un tournage de nuit le jeudi, un apport de connaissances en mati\u00e8re de tournage et de montage \u00e0 travers divers ateliers, de la manipulation de mat\u00e9riel et un entra\u00eenement en conditions presque r\u00e9elles pour les prochaines 24H des r\u00e9alisations qui auront lieu du 1er au 2 d\u00e9cembre 2018 (finale \u00e0 Paris du 22 au 24 f\u00e9vrier 2019).<\/p>\n<p>Enfin, pour la deuxi\u00e8me semaine des vacances, l&rsquo;ALSH restera dans le sillage de Graines des Toiles avec toujours des jeux, des ateliers et du cin\u00e9ma en lien avec le th\u00e8me du festival notamment, le tout sans oublier une journ\u00e9e consacr\u00e9e \u00e0 Halloween. C&rsquo;est de saison comme dirait l&rsquo;autre ! Les enfants seront encadr\u00e9s pendant les deux semaines par Pauline Luezas (directrice de l&rsquo;ALSH) ainsi que les deux animatrices H\u00e9l\u00e9na et Laura que certains habitu\u00e9s de l&rsquo;accueil de loisirs connaissent d\u00e9j\u00e0 !<\/p>\n<p><strong>Inscriptions aupr\u00e8s de la MCL sur place ou par t\u00e9l\u00e9phone. Tous les tarifs sont disponibles \u00e0 la MCL sur le d\u00e9pliant \u00e9dit\u00e9 \u00e0 cet effet. <\/strong><\/p>\n<p>Retrouvez l&rsquo;actu de la MCL :<\/p>\n<p><span style=\"color: #000080;\"><a style=\"color: #000080;\" href=\"http:\/\/mclgerardmer.fr\/\" target=\"_blank\" rel=\"noopener\">http:\/\/mclgerardmer.fr\/<\/a><\/span><\/p>\n","protected":false},"excerpt":{"rendered":"<p>L&rsquo;accueil de loisirs de la MCL (ALSH) reprend du service pour les vacances de la Toussaint en profitant du festival [&hellip;]<\/p>\n","protected":false},"author":42,"featured_media":37041,"comment_status":"open","ping_status":"open","sticky":false,"template":"","format":"standard","meta":{"footnotes":""},"categories":[20,4,25,17],"tags":[1899,537,103],"class_list":["post-37040","post","type-post","status-publish","format-standard","has-post-thumbnail","hentry","category-a-la-une","category-culture","category-gerardmer","category-vie-associative","tag-accueil-de-loisirs","tag-festival-graines-des-toiles","tag-mcl-gerardmer"],"acf":[],"yoast_head":"<!-- This site is optimized with the Yoast SEO plugin v22.5 - https:\/\/yoast.com\/wordpress\/plugins\/seo\/ -->\n<title>Un accueil de loisirs dans le sillage de Graines des Toiles cet automne - Gerardmer Info<\/title>\n<meta name=\"robots\" content=\"index, follow, max-snippet:-1, max-image-preview:large, max-video-preview:-1\" \/>\n<link rel=\"canonical\" href=\"https:\/\/vosgesinfo.fr\/gerardmerinfo\/2018\/10\/accueil-de-loisirs-sillage-de-graines-toiles-cet-automne\/\" \/>\n<meta name=\"twitter:card\" content=\"summary_large_image\" \/>\n<meta name=\"twitter:title\" content=\"Un accueil de loisirs dans le sillage de Graines des Toiles cet automne - Gerardmer Info\" \/>\n<meta name=\"twitter:description\" content=\"L&rsquo;accueil de loisirs de la MCL (ALSH) reprend du service pour les vacances de la Toussaint en profitant du festival [&hellip;]\" \/>\n<meta name=\"twitter:image\" content=\"https:\/\/vosgesinfo.fr\/app\/uploads\/sites\/6\/2024\/07\/201810img-0073.jpg\" \/>\n<meta name=\"twitter:creator\" content=\"@VosgesInfo88\" \/>\n<meta name=\"twitter:site\" content=\"@VosgesInfo88\" \/>\n<meta name=\"twitter:label1\" content=\"\u00c9crit par\" \/>\n\t<meta name=\"twitter:data1\" content=\"QG\" \/>\n\t<meta name=\"twitter:label2\" content=\"Dur\u00e9e de lecture estim\u00e9e\" \/>\n\t<meta name=\"twitter:data2\" content=\"2 minutes\" \/>\n<script type=\"application\/ld+json\" class=\"yoast-schema-graph\">{\"@context\":\"https:\/\/schema.org\",\"@graph\":[{\"@type\":\"Article\",\"@id\":\"https:\/\/vosgesinfo.fr\/gerardmerinfo\/2018\/10\/accueil-de-loisirs-sillage-de-graines-toiles-cet-automne\/#article\",\"isPartOf\":{\"@id\":\"https:\/\/vosgesinfo.fr\/gerardmerinfo\/2018\/10\/accueil-de-loisirs-sillage-de-graines-toiles-cet-automne\/\"},\"author\":{\"name\":\"QG\",\"@id\":\"https:\/\/vosgesinfo.fr\/gerardmerinfo\/#\/schema\/person\/db5605779a843dad16b5368f3e7613a5\"},\"headline\":\"Un accueil de loisirs dans le sillage de Graines des Toiles cet automne\",\"datePublished\":\"2018-10-05T11:49:20+00:00\",\"dateModified\":\"2018-10-05T11:49:20+00:00\",\"mainEntityOfPage\":{\"@id\":\"https:\/\/vosgesinfo.fr\/gerardmerinfo\/2018\/10\/accueil-de-loisirs-sillage-de-graines-toiles-cet-automne\/\"},\"wordCount\":354,\"commentCount\":0,\"publisher\":{\"@id\":\"https:\/\/vosgesinfo.fr\/gerardmerinfo\/#organization\"},\"image\":{\"@id\":\"https:\/\/vosgesinfo.fr\/gerardmerinfo\/2018\/10\/accueil-de-loisirs-sillage-de-graines-toiles-cet-automne\/#primaryimage\"},\"thumbnailUrl\":\"https:\/\/vosgesinfo.fr\/app\/uploads\/sites\/6\/2024\/07\/201810img-0073.jpg\",\"keywords\":[\"accueil de loisirs\",\"festival graines des toiles\",\"MCL G\u00e9rardmer\"],\"articleSection\":[\"A la une\",\"Culture\",\"G\u00e9rardmer\",\"Vie Associative\"],\"inLanguage\":\"fr-FR\",\"potentialAction\":[{\"@type\":\"CommentAction\",\"name\":\"Comment\",\"target\":[\"https:\/\/vosgesinfo.fr\/gerardmerinfo\/2018\/10\/accueil-de-loisirs-sillage-de-graines-toiles-cet-automne\/#respond\"]}]},{\"@type\":\"WebPage\",\"@id\":\"https:\/\/vosgesinfo.fr\/gerardmerinfo\/2018\/10\/accueil-de-loisirs-sillage-de-graines-toiles-cet-automne\/\",\"url\":\"https:\/\/vosgesinfo.fr\/gerardmerinfo\/2018\/10\/accueil-de-loisirs-sillage-de-graines-toiles-cet-automne\/\",\"name\":\"Un accueil de loisirs dans le sillage de Graines des Toiles cet automne - Gerardmer Info\",\"isPartOf\":{\"@id\":\"https:\/\/vosgesinfo.fr\/gerardmerinfo\/#website\"},\"primaryImageOfPage\":{\"@id\":\"https:\/\/vosgesinfo.fr\/gerardmerinfo\/2018\/10\/accueil-de-loisirs-sillage-de-graines-toiles-cet-automne\/#primaryimage\"},\"image\":{\"@id\":\"https:\/\/vosgesinfo.fr\/gerardmerinfo\/2018\/10\/accueil-de-loisirs-sillage-de-graines-toiles-cet-automne\/#primaryimage\"},\"thumbnailUrl\":\"https:\/\/vosgesinfo.fr\/app\/uploads\/sites\/6\/2024\/07\/201810img-0073.jpg\",\"datePublished\":\"2018-10-05T11:49:20+00:00\",\"dateModified\":\"2018-10-05T11:49:20+00:00\",\"breadcrumb\":{\"@id\":\"https:\/\/vosgesinfo.fr\/gerardmerinfo\/2018\/10\/accueil-de-loisirs-sillage-de-graines-toiles-cet-automne\/#breadcrumb\"},\"inLanguage\":\"fr-FR\",\"potentialAction\":[{\"@type\":\"ReadAction\",\"target\":[\"https:\/\/vosgesinfo.fr\/gerardmerinfo\/2018\/10\/accueil-de-loisirs-sillage-de-graines-toiles-cet-automne\/\"]}]},{\"@type\":\"ImageObject\",\"inLanguage\":\"fr-FR\",\"@id\":\"https:\/\/vosgesinfo.fr\/gerardmerinfo\/2018\/10\/accueil-de-loisirs-sillage-de-graines-toiles-cet-automne\/#primaryimage\",\"url\":\"https:\/\/vosgesinfo.fr\/app\/uploads\/sites\/6\/2024\/07\/201810img-0073.jpg\",\"contentUrl\":\"https:\/\/vosgesinfo.fr\/app\/uploads\/sites\/6\/2024\/07\/201810img-0073.jpg\",\"width\":800,\"height\":533},{\"@type\":\"BreadcrumbList\",\"@id\":\"https:\/\/vosgesinfo.fr\/gerardmerinfo\/2018\/10\/accueil-de-loisirs-sillage-de-graines-toiles-cet-automne\/#breadcrumb\",\"itemListElement\":[{\"@type\":\"ListItem\",\"position\":1,\"name\":\"Home\",\"item\":\"https:\/\/vosgesinfo.fr\/gerardmerinfo\/\"},{\"@type\":\"ListItem\",\"position\":2,\"name\":\"Un accueil de loisirs dans le sillage de Graines des Toiles cet automne\"}]},{\"@type\":\"WebSite\",\"@id\":\"https:\/\/vosgesinfo.fr\/gerardmerinfo\/#website\",\"url\":\"https:\/\/vosgesinfo.fr\/gerardmerinfo\/\",\"name\":\"Gerardmer Info\",\"description\":\"Toute l&#039;actualit\u00e9 de G\u00e9rardmer\",\"publisher\":{\"@id\":\"https:\/\/vosgesinfo.fr\/gerardmerinfo\/#organization\"},\"alternateName\":\"Toute l'actualit\u00e9 de G\u00e9rardmer\",\"potentialAction\":[{\"@type\":\"SearchAction\",\"target\":{\"@type\":\"EntryPoint\",\"urlTemplate\":\"https:\/\/vosgesinfo.fr\/gerardmerinfo\/?s={search_term_string}\"},\"query-input\":\"required name=search_term_string\"}],\"inLanguage\":\"fr-FR\"},{\"@type\":\"Organization\",\"@id\":\"https:\/\/vosgesinfo.fr\/gerardmerinfo\/#organization\",\"name\":\"Gerardmer Info\",\"url\":\"https:\/\/vosgesinfo.fr\/gerardmerinfo\/\",\"logo\":{\"@type\":\"ImageObject\",\"inLanguage\":\"fr-FR\",\"@id\":\"https:\/\/vosgesinfo.fr\/gerardmerinfo\/#\/schema\/logo\/image\/\",\"url\":\"https:\/\/vosgesinfo.fr\/app\/uploads\/sites\/6\/2023\/08\/favicon-gerardmerinfo.png\",\"contentUrl\":\"https:\/\/vosgesinfo.fr\/app\/uploads\/sites\/6\/2023\/08\/favicon-gerardmerinfo.png\",\"width\":512,\"height\":512,\"caption\":\"Gerardmer Info\"},\"image\":{\"@id\":\"https:\/\/vosgesinfo.fr\/gerardmerinfo\/#\/schema\/logo\/image\/\"},\"sameAs\":[\"https:\/\/www.facebook.com\/profile.php?id=100049475262660\",\"https:\/\/x.com\/VosgesInfo88\",\"https:\/\/www.youtube.com\/@vosgesinfo\"]},{\"@type\":\"Person\",\"@id\":\"https:\/\/vosgesinfo.fr\/gerardmerinfo\/#\/schema\/person\/db5605779a843dad16b5368f3e7613a5\",\"name\":\"QG\",\"image\":{\"@type\":\"ImageObject\",\"inLanguage\":\"fr-FR\",\"@id\":\"https:\/\/vosgesinfo.fr\/gerardmerinfo\/#\/schema\/person\/image\/\",\"url\":\"https:\/\/secure.gravatar.com\/avatar\/ea80c42c204b534408512832fde52504ecabb9706bcb6151cf6175e5b64e6793?s=96&d=mm&r=g\",\"contentUrl\":\"https:\/\/secure.gravatar.com\/avatar\/ea80c42c204b534408512832fde52504ecabb9706bcb6151cf6175e5b64e6793?s=96&d=mm&r=g\",\"caption\":\"QG\"},\"url\":\"https:\/\/vosgesinfo.fr\/gerardmerinfo\/author\/quentin88\/\"}]}<\/script>\n<!-- \/ Yoast SEO plugin. -->","yoast_head_json":{"title":"Un accueil de loisirs dans le sillage de Graines des Toiles cet automne - Gerardmer Info","robots":{"index":"index","follow":"follow","max-snippet":"max-snippet:-1","max-image-preview":"max-image-preview:large","max-video-preview":"max-video-preview:-1"},"canonical":"https:\/\/vosgesinfo.fr\/gerardmerinfo\/2018\/10\/accueil-de-loisirs-sillage-de-graines-toiles-cet-automne\/","twitter_card":"summary_large_image","twitter_title":"Un accueil de loisirs dans le sillage de Graines des Toiles cet automne - Gerardmer Info","twitter_description":"L&rsquo;accueil de loisirs de la MCL (ALSH) reprend du service pour les vacances de la Toussaint en profitant du festival [&hellip;]","twitter_image":"https:\/\/vosgesinfo.fr\/app\/uploads\/sites\/6\/2024\/07\/201810img-0073.jpg","twitter_creator":"@VosgesInfo88","twitter_site":"@VosgesInfo88","twitter_misc":{"\u00c9crit par":"QG","Dur\u00e9e de lecture estim\u00e9e":"2 minutes"},"schema":{"@context":"https:\/\/schema.org","@graph":[{"@type":"Article","@id":"https:\/\/vosgesinfo.fr\/gerardmerinfo\/2018\/10\/accueil-de-loisirs-sillage-de-graines-toiles-cet-automne\/#article","isPartOf":{"@id":"https:\/\/vosgesinfo.fr\/gerardmerinfo\/2018\/10\/accueil-de-loisirs-sillage-de-graines-toiles-cet-automne\/"},"author":{"name":"QG","@id":"https:\/\/vosgesinfo.fr\/gerardmerinfo\/#\/schema\/person\/db5605779a843dad16b5368f3e7613a5"},"headline":"Un accueil de loisirs dans le sillage de Graines des Toiles cet automne","datePublished":"2018-10-05T11:49:20+00:00","dateModified":"2018-10-05T11:49:20+00:00","mainEntityOfPage":{"@id":"https:\/\/vosgesinfo.fr\/gerardmerinfo\/2018\/10\/accueil-de-loisirs-sillage-de-graines-toiles-cet-automne\/"},"wordCount":354,"commentCount":0,"publisher":{"@id":"https:\/\/vosgesinfo.fr\/gerardmerinfo\/#organization"},"image":{"@id":"https:\/\/vosgesinfo.fr\/gerardmerinfo\/2018\/10\/accueil-de-loisirs-sillage-de-graines-toiles-cet-automne\/#primaryimage"},"thumbnailUrl":"https:\/\/vosgesinfo.fr\/app\/uploads\/sites\/6\/2024\/07\/201810img-0073.jpg","keywords":["accueil de loisirs","festival graines des toiles","MCL G\u00e9rardmer"],"articleSection":["A la une","Culture","G\u00e9rardmer","Vie Associative"],"inLanguage":"fr-FR","potentialAction":[{"@type":"CommentAction","name":"Comment","target":["https:\/\/vosgesinfo.fr\/gerardmerinfo\/2018\/10\/accueil-de-loisirs-sillage-de-graines-toiles-cet-automne\/#respond"]}]},{"@type":"WebPage","@id":"https:\/\/vosgesinfo.fr\/gerardmerinfo\/2018\/10\/accueil-de-loisirs-sillage-de-graines-toiles-cet-automne\/","url":"https:\/\/vosgesinfo.fr\/gerardmerinfo\/2018\/10\/accueil-de-loisirs-sillage-de-graines-toiles-cet-automne\/","name":"Un accueil de loisirs dans le sillage de Graines des Toiles cet automne - Gerardmer Info","isPartOf":{"@id":"https:\/\/vosgesinfo.fr\/gerardmerinfo\/#website"},"primaryImageOfPage":{"@id":"https:\/\/vosgesinfo.fr\/gerardmerinfo\/2018\/10\/accueil-de-loisirs-sillage-de-graines-toiles-cet-automne\/#primaryimage"},"image":{"@id":"https:\/\/vosgesinfo.fr\/gerardmerinfo\/2018\/10\/accueil-de-loisirs-sillage-de-graines-toiles-cet-automne\/#primaryimage"},"thumbnailUrl":"https:\/\/vosgesinfo.fr\/app\/uploads\/sites\/6\/2024\/07\/201810img-0073.jpg","datePublished":"2018-10-05T11:49:20+00:00","dateModified":"2018-10-05T11:49:20+00:00","breadcrumb":{"@id":"https:\/\/vosgesinfo.fr\/gerardmerinfo\/2018\/10\/accueil-de-loisirs-sillage-de-graines-toiles-cet-automne\/#breadcrumb"},"inLanguage":"fr-FR","potentialAction":[{"@type":"ReadAction","target":["https:\/\/vosgesinfo.fr\/gerardmerinfo\/2018\/10\/accueil-de-loisirs-sillage-de-graines-toiles-cet-automne\/"]}]},{"@type":"ImageObject","inLanguage":"fr-FR","@id":"https:\/\/vosgesinfo.fr\/gerardmerinfo\/2018\/10\/accueil-de-loisirs-sillage-de-graines-toiles-cet-automne\/#primaryimage","url":"https:\/\/vosgesinfo.fr\/app\/uploads\/sites\/6\/2024\/07\/201810img-0073.jpg","contentUrl":"https:\/\/vosgesinfo.fr\/app\/uploads\/sites\/6\/2024\/07\/201810img-0073.jpg","width":800,"height":533},{"@type":"BreadcrumbList","@id":"https:\/\/vosgesinfo.fr\/gerardmerinfo\/2018\/10\/accueil-de-loisirs-sillage-de-graines-toiles-cet-automne\/#breadcrumb","itemListElement":[{"@type":"ListItem","position":1,"name":"Home","item":"https:\/\/vosgesinfo.fr\/gerardmerinfo\/"},{"@type":"ListItem","position":2,"name":"Un accueil de loisirs dans le sillage de Graines des Toiles cet automne"}]},{"@type":"WebSite","@id":"https:\/\/vosgesinfo.fr\/gerardmerinfo\/#website","url":"https:\/\/vosgesinfo.fr\/gerardmerinfo\/","name":"Gerardmer Info","description":"Toute l&#039;actualit\u00e9 de G\u00e9rardmer","publisher":{"@id":"https:\/\/vosgesinfo.fr\/gerardmerinfo\/#organization"},"alternateName":"Toute l'actualit\u00e9 de G\u00e9rardmer","potentialAction":[{"@type":"SearchAction","target":{"@type":"EntryPoint","urlTemplate":"https:\/\/vosgesinfo.fr\/gerardmerinfo\/?s={search_term_string}"},"query-input":"required name=search_term_string"}],"inLanguage":"fr-FR"},{"@type":"Organization","@id":"https:\/\/vosgesinfo.fr\/gerardmerinfo\/#organization","name":"Gerardmer Info","url":"https:\/\/vosgesinfo.fr\/gerardmerinfo\/","logo":{"@type":"ImageObject","inLanguage":"fr-FR","@id":"https:\/\/vosgesinfo.fr\/gerardmerinfo\/#\/schema\/logo\/image\/","url":"https:\/\/vosgesinfo.fr\/app\/uploads\/sites\/6\/2023\/08\/favicon-gerardmerinfo.png","contentUrl":"https:\/\/vosgesinfo.fr\/app\/uploads\/sites\/6\/2023\/08\/favicon-gerardmerinfo.png","width":512,"height":512,"caption":"Gerardmer Info"},"image":{"@id":"https:\/\/vosgesinfo.fr\/gerardmerinfo\/#\/schema\/logo\/image\/"},"sameAs":["https:\/\/www.facebook.com\/profile.php?id=100049475262660","https:\/\/x.com\/VosgesInfo88","https:\/\/www.youtube.com\/@vosgesinfo"]},{"@type":"Person","@id":"https:\/\/vosgesinfo.fr\/gerardmerinfo\/#\/schema\/person\/db5605779a843dad16b5368f3e7613a5","name":"QG","image":{"@type":"ImageObject","inLanguage":"fr-FR","@id":"https:\/\/vosgesinfo.fr\/gerardmerinfo\/#\/schema\/person\/image\/","url":"https:\/\/secure.gravatar.com\/avatar\/ea80c42c204b534408512832fde52504ecabb9706bcb6151cf6175e5b64e6793?s=96&d=mm&r=g","contentUrl":"https:\/\/secure.gravatar.com\/avatar\/ea80c42c204b534408512832fde52504ecabb9706bcb6151cf6175e5b64e6793?s=96&d=mm&r=g","caption":"QG"},"url":"https:\/\/vosgesinfo.fr\/gerardmerinfo\/author\/quentin88\/"}]}},"_links":{"self":[{"href":"https:\/\/vosgesinfo.fr\/gerardmerinfo\/wp-json\/wp\/v2\/posts\/37040","targetHints":{"allow":["GET"]}}],"collection":[{"href":"https:\/\/vosgesinfo.fr\/gerardmerinfo\/wp-json\/wp\/v2\/posts"}],"about":[{"href":"https:\/\/vosgesinfo.fr\/gerardmerinfo\/wp-json\/wp\/v2\/types\/post"}],"author":[{"embeddable":true,"href":"https:\/\/vosgesinfo.fr\/gerardmerinfo\/wp-json\/wp\/v2\/users\/42"}],"replies":[{"embeddable":true,"href":"https:\/\/vosgesinfo.fr\/gerardmerinfo\/wp-json\/wp\/v2\/comments?post=37040"}],"version-history":[{"count":0,"href":"https:\/\/vosgesinfo.fr\/gerardmerinfo\/wp-json\/wp\/v2\/posts\/37040\/revisions"}],"wp:featuredmedia":[{"embeddable":true,"href":"https:\/\/vosgesinfo.fr\/gerardmerinfo\/wp-json\/wp\/v2\/media\/37041"}],"wp:attachment":[{"href":"https:\/\/vosgesinfo.fr\/gerardmerinfo\/wp-json\/wp\/v2\/media?parent=37040"}],"wp:term":[{"taxonomy":"category","embeddable":true,"href":"https:\/\/vosgesinfo.fr\/gerardmerinfo\/wp-json\/wp\/v2\/categories?post=37040"},{"taxonomy":"post_tag","embeddable":true,"href":"https:\/\/vosgesinfo.fr\/gerardmerinfo\/wp-json\/wp\/v2\/tags?post=37040"}],"curies":[{"name":"wp","href":"https:\/\/api.w.org\/{rel}","templated":true}]}}