{"id":37043,"date":"2018-10-04T15:05:19","date_gmt":"2018-10-04T13:05:19","guid":{"rendered":"https:\/\/vosgesinfo.fr\/gerardmerinfo\/2018\/10\/pres-de-300-retraites-manifestent-rues-depinal\/"},"modified":"2018-10-04T15:05:19","modified_gmt":"2018-10-04T13:05:19","slug":"pres-de-300-retraites-manifestent-rues-depinal","status":"publish","type":"post","link":"https:\/\/vosgesinfo.fr\/gerardmerinfo\/2018\/10\/pres-de-300-retraites-manifestent-rues-depinal\/","title":{"rendered":"Pr\u00e8s de 300 retrait\u00e9s manifestent dans les rues d\u2019Epinal"},"content":{"rendered":"<h2>Pr\u00e8s de 300 retrait\u00e9s d\u00e9filaient une nouvelle fois dans les rues de la cit\u00e9 des Images ce jeudi.\u00a0A l\u2019appel de la CFDT, ils d\u00e9noncent les mesures annonc\u00e9es par le gouvernement. Ils manifestent pour d\u00e9fendre la revalorisation des pensions des retrait\u00e9s.<\/h2>\n<p>Les retrait\u00e9s sont en col\u00e8re. Ils d\u00e9plorent les mesures annonc\u00e9es par le gouvernement et\u00a0demandent une revalorisation des pensions en fonction du co\u00fbt de la vie. Ce jeudi, les retrait\u00e9s \u00e9taient une nouvelle fois dans la rue \u00e0 Epinal. Ils sont partis en d\u00e9but d\u2019apr\u00e8s midi de la place Foch avant de d\u00e9filer en centre-ville.\u00a0Le gouvernement a d\u00e9cid\u00e9 de limiter \u00e0 0,3\u2009% la revalorisation des retraites et des allocations familiales en 2019 et\u00a02020, en dessous de l\u2019inflation attendue en 2018 (1,6\u2009%).<\/p>\n","protected":false},"excerpt":{"rendered":"<p>Pr\u00e8s de 300 retrait\u00e9s d\u00e9filaient une nouvelle fois dans les rues de la cit\u00e9 des Images ce jeudi.\u00a0A l\u2019appel de [&hellip;]<\/p>\n","protected":false},"author":42,"featured_media":37044,"comment_status":"open","ping_status":"open","sticky":false,"template":"","format":"standard","meta":{"footnotes":""},"categories":[20,18],"tags":[1972],"class_list":["post-37043","post","type-post","status-publish","format-standard","has-post-thumbnail","hentry","category-a-la-une","category-vosges","tag-cfdt-sante"],"acf":[],"yoast_head":"<!-- This site is optimized with the Yoast SEO plugin v22.5 - https:\/\/yoast.com\/wordpress\/plugins\/seo\/ -->\n<title>Pr\u00e8s de 300 retrait\u00e9s manifestent dans les rues d\u2019Epinal - Gerardmer Info<\/title>\n<meta name=\"robots\" content=\"index, follow, max-snippet:-1, max-image-preview:large, max-video-preview:-1\" \/>\n<link rel=\"canonical\" href=\"https:\/\/vosgesinfo.fr\/gerardmerinfo\/2018\/10\/pres-de-300-retraites-manifestent-rues-depinal\/\" \/>\n<meta name=\"twitter:card\" content=\"summary_large_image\" \/>\n<meta name=\"twitter:title\" content=\"Pr\u00e8s de 300 retrait\u00e9s manifestent dans les rues d\u2019Epinal - Gerardmer Info\" \/>\n<meta name=\"twitter:description\" content=\"Pr\u00e8s de 300 retrait\u00e9s d\u00e9filaient une nouvelle fois dans les rues de la cit\u00e9 des Images ce jeudi.\u00a0A l\u2019appel de [&hellip;]\" \/>\n<meta name=\"twitter:image\" content=\"https:\/\/vosgesinfo.fr\/app\/uploads\/sites\/6\/2024\/07\/201810manifestation-retraites-epinal-34.jpg\" \/>\n<meta name=\"twitter:creator\" content=\"@VosgesInfo88\" \/>\n<meta name=\"twitter:site\" content=\"@VosgesInfo88\" \/>\n<meta name=\"twitter:label1\" content=\"\u00c9crit par\" \/>\n\t<meta name=\"twitter:data1\" content=\"QG\" \/>\n\t<meta name=\"twitter:label2\" content=\"Dur\u00e9e de lecture estim\u00e9e\" \/>\n\t<meta name=\"twitter:data2\" content=\"1 minute\" \/>\n<script type=\"application\/ld+json\" class=\"yoast-schema-graph\">{\"@context\":\"https:\/\/schema.org\",\"@graph\":[{\"@type\":\"Article\",\"@id\":\"https:\/\/vosgesinfo.fr\/gerardmerinfo\/2018\/10\/pres-de-300-retraites-manifestent-rues-depinal\/#article\",\"isPartOf\":{\"@id\":\"https:\/\/vosgesinfo.fr\/gerardmerinfo\/2018\/10\/pres-de-300-retraites-manifestent-rues-depinal\/\"},\"author\":{\"name\":\"QG\",\"@id\":\"https:\/\/vosgesinfo.fr\/gerardmerinfo\/#\/schema\/person\/db5605779a843dad16b5368f3e7613a5\"},\"headline\":\"Pr\u00e8s de 300 retrait\u00e9s manifestent dans les rues d\u2019Epinal\",\"datePublished\":\"2018-10-04T13:05:19+00:00\",\"dateModified\":\"2018-10-04T13:05:19+00:00\",\"mainEntityOfPage\":{\"@id\":\"https:\/\/vosgesinfo.fr\/gerardmerinfo\/2018\/10\/pres-de-300-retraites-manifestent-rues-depinal\/\"},\"wordCount\":147,\"commentCount\":0,\"publisher\":{\"@id\":\"https:\/\/vosgesinfo.fr\/gerardmerinfo\/#organization\"},\"image\":{\"@id\":\"https:\/\/vosgesinfo.fr\/gerardmerinfo\/2018\/10\/pres-de-300-retraites-manifestent-rues-depinal\/#primaryimage\"},\"thumbnailUrl\":\"https:\/\/vosgesinfo.fr\/app\/uploads\/sites\/6\/2024\/07\/201810manifestation-retraites-epinal-34.jpg\",\"keywords\":[\"CFDT sant\u00e9\"],\"articleSection\":[\"A la une\",\"Vosges\"],\"inLanguage\":\"fr-FR\",\"potentialAction\":[{\"@type\":\"CommentAction\",\"name\":\"Comment\",\"target\":[\"https:\/\/vosgesinfo.fr\/gerardmerinfo\/2018\/10\/pres-de-300-retraites-manifestent-rues-depinal\/#respond\"]}]},{\"@type\":\"WebPage\",\"@id\":\"https:\/\/vosgesinfo.fr\/gerardmerinfo\/2018\/10\/pres-de-300-retraites-manifestent-rues-depinal\/\",\"url\":\"https:\/\/vosgesinfo.fr\/gerardmerinfo\/2018\/10\/pres-de-300-retraites-manifestent-rues-depinal\/\",\"name\":\"Pr\u00e8s de 300 retrait\u00e9s manifestent dans les rues d\u2019Epinal - Gerardmer Info\",\"isPartOf\":{\"@id\":\"https:\/\/vosgesinfo.fr\/gerardmerinfo\/#website\"},\"primaryImageOfPage\":{\"@id\":\"https:\/\/vosgesinfo.fr\/gerardmerinfo\/2018\/10\/pres-de-300-retraites-manifestent-rues-depinal\/#primaryimage\"},\"image\":{\"@id\":\"https:\/\/vosgesinfo.fr\/gerardmerinfo\/2018\/10\/pres-de-300-retraites-manifestent-rues-depinal\/#primaryimage\"},\"thumbnailUrl\":\"https:\/\/vosgesinfo.fr\/app\/uploads\/sites\/6\/2024\/07\/201810manifestation-retraites-epinal-34.jpg\",\"datePublished\":\"2018-10-04T13:05:19+00:00\",\"dateModified\":\"2018-10-04T13:05:19+00:00\",\"breadcrumb\":{\"@id\":\"https:\/\/vosgesinfo.fr\/gerardmerinfo\/2018\/10\/pres-de-300-retraites-manifestent-rues-depinal\/#breadcrumb\"},\"inLanguage\":\"fr-FR\",\"potentialAction\":[{\"@type\":\"ReadAction\",\"target\":[\"https:\/\/vosgesinfo.fr\/gerardmerinfo\/2018\/10\/pres-de-300-retraites-manifestent-rues-depinal\/\"]}]},{\"@type\":\"ImageObject\",\"inLanguage\":\"fr-FR\",\"@id\":\"https:\/\/vosgesinfo.fr\/gerardmerinfo\/2018\/10\/pres-de-300-retraites-manifestent-rues-depinal\/#primaryimage\",\"url\":\"https:\/\/vosgesinfo.fr\/app\/uploads\/sites\/6\/2024\/07\/201810manifestation-retraites-epinal-34.jpg\",\"contentUrl\":\"https:\/\/vosgesinfo.fr\/app\/uploads\/sites\/6\/2024\/07\/201810manifestation-retraites-epinal-34.jpg\",\"width\":800,\"height\":600},{\"@type\":\"BreadcrumbList\",\"@id\":\"https:\/\/vosgesinfo.fr\/gerardmerinfo\/2018\/10\/pres-de-300-retraites-manifestent-rues-depinal\/#breadcrumb\",\"itemListElement\":[{\"@type\":\"ListItem\",\"position\":1,\"name\":\"Home\",\"item\":\"https:\/\/vosgesinfo.fr\/gerardmerinfo\/\"},{\"@type\":\"ListItem\",\"position\":2,\"name\":\"Pr\u00e8s de 300 retrait\u00e9s manifestent dans les rues d\u2019Epinal\"}]},{\"@type\":\"WebSite\",\"@id\":\"https:\/\/vosgesinfo.fr\/gerardmerinfo\/#website\",\"url\":\"https:\/\/vosgesinfo.fr\/gerardmerinfo\/\",\"name\":\"Gerardmer Info\",\"description\":\"Toute l&#039;actualit\u00e9 de G\u00e9rardmer\",\"publisher\":{\"@id\":\"https:\/\/vosgesinfo.fr\/gerardmerinfo\/#organization\"},\"alternateName\":\"Toute l'actualit\u00e9 de G\u00e9rardmer\",\"potentialAction\":[{\"@type\":\"SearchAction\",\"target\":{\"@type\":\"EntryPoint\",\"urlTemplate\":\"https:\/\/vosgesinfo.fr\/gerardmerinfo\/?s={search_term_string}\"},\"query-input\":\"required name=search_term_string\"}],\"inLanguage\":\"fr-FR\"},{\"@type\":\"Organization\",\"@id\":\"https:\/\/vosgesinfo.fr\/gerardmerinfo\/#organization\",\"name\":\"Gerardmer Info\",\"url\":\"https:\/\/vosgesinfo.fr\/gerardmerinfo\/\",\"logo\":{\"@type\":\"ImageObject\",\"inLanguage\":\"fr-FR\",\"@id\":\"https:\/\/vosgesinfo.fr\/gerardmerinfo\/#\/schema\/logo\/image\/\",\"url\":\"https:\/\/vosgesinfo.fr\/app\/uploads\/sites\/6\/2023\/08\/favicon-gerardmerinfo.png\",\"contentUrl\":\"https:\/\/vosgesinfo.fr\/app\/uploads\/sites\/6\/2023\/08\/favicon-gerardmerinfo.png\",\"width\":512,\"height\":512,\"caption\":\"Gerardmer Info\"},\"image\":{\"@id\":\"https:\/\/vosgesinfo.fr\/gerardmerinfo\/#\/schema\/logo\/image\/\"},\"sameAs\":[\"https:\/\/www.facebook.com\/profile.php?id=100049475262660\",\"https:\/\/x.com\/VosgesInfo88\",\"https:\/\/www.youtube.com\/@vosgesinfo\"]},{\"@type\":\"Person\",\"@id\":\"https:\/\/vosgesinfo.fr\/gerardmerinfo\/#\/schema\/person\/db5605779a843dad16b5368f3e7613a5\",\"name\":\"QG\",\"image\":{\"@type\":\"ImageObject\",\"inLanguage\":\"fr-FR\",\"@id\":\"https:\/\/vosgesinfo.fr\/gerardmerinfo\/#\/schema\/person\/image\/\",\"url\":\"https:\/\/secure.gravatar.com\/avatar\/ea80c42c204b534408512832fde52504ecabb9706bcb6151cf6175e5b64e6793?s=96&d=mm&r=g\",\"contentUrl\":\"https:\/\/secure.gravatar.com\/avatar\/ea80c42c204b534408512832fde52504ecabb9706bcb6151cf6175e5b64e6793?s=96&d=mm&r=g\",\"caption\":\"QG\"},\"url\":\"https:\/\/vosgesinfo.fr\/gerardmerinfo\/author\/quentin88\/\"}]}<\/script>\n<!-- \/ Yoast SEO plugin. -->","yoast_head_json":{"title":"Pr\u00e8s de 300 retrait\u00e9s manifestent dans les rues d\u2019Epinal - Gerardmer Info","robots":{"index":"index","follow":"follow","max-snippet":"max-snippet:-1","max-image-preview":"max-image-preview:large","max-video-preview":"max-video-preview:-1"},"canonical":"https:\/\/vosgesinfo.fr\/gerardmerinfo\/2018\/10\/pres-de-300-retraites-manifestent-rues-depinal\/","twitter_card":"summary_large_image","twitter_title":"Pr\u00e8s de 300 retrait\u00e9s manifestent dans les rues d\u2019Epinal - Gerardmer Info","twitter_description":"Pr\u00e8s de 300 retrait\u00e9s d\u00e9filaient une nouvelle fois dans les rues de la cit\u00e9 des Images ce jeudi.\u00a0A l\u2019appel de [&hellip;]","twitter_image":"https:\/\/vosgesinfo.fr\/app\/uploads\/sites\/6\/2024\/07\/201810manifestation-retraites-epinal-34.jpg","twitter_creator":"@VosgesInfo88","twitter_site":"@VosgesInfo88","twitter_misc":{"\u00c9crit par":"QG","Dur\u00e9e de lecture estim\u00e9e":"1 minute"},"schema":{"@context":"https:\/\/schema.org","@graph":[{"@type":"Article","@id":"https:\/\/vosgesinfo.fr\/gerardmerinfo\/2018\/10\/pres-de-300-retraites-manifestent-rues-depinal\/#article","isPartOf":{"@id":"https:\/\/vosgesinfo.fr\/gerardmerinfo\/2018\/10\/pres-de-300-retraites-manifestent-rues-depinal\/"},"author":{"name":"QG","@id":"https:\/\/vosgesinfo.fr\/gerardmerinfo\/#\/schema\/person\/db5605779a843dad16b5368f3e7613a5"},"headline":"Pr\u00e8s de 300 retrait\u00e9s manifestent dans les rues d\u2019Epinal","datePublished":"2018-10-04T13:05:19+00:00","dateModified":"2018-10-04T13:05:19+00:00","mainEntityOfPage":{"@id":"https:\/\/vosgesinfo.fr\/gerardmerinfo\/2018\/10\/pres-de-300-retraites-manifestent-rues-depinal\/"},"wordCount":147,"commentCount":0,"publisher":{"@id":"https:\/\/vosgesinfo.fr\/gerardmerinfo\/#organization"},"image":{"@id":"https:\/\/vosgesinfo.fr\/gerardmerinfo\/2018\/10\/pres-de-300-retraites-manifestent-rues-depinal\/#primaryimage"},"thumbnailUrl":"https:\/\/vosgesinfo.fr\/app\/uploads\/sites\/6\/2024\/07\/201810manifestation-retraites-epinal-34.jpg","keywords":["CFDT sant\u00e9"],"articleSection":["A la une","Vosges"],"inLanguage":"fr-FR","potentialAction":[{"@type":"CommentAction","name":"Comment","target":["https:\/\/vosgesinfo.fr\/gerardmerinfo\/2018\/10\/pres-de-300-retraites-manifestent-rues-depinal\/#respond"]}]},{"@type":"WebPage","@id":"https:\/\/vosgesinfo.fr\/gerardmerinfo\/2018\/10\/pres-de-300-retraites-manifestent-rues-depinal\/","url":"https:\/\/vosgesinfo.fr\/gerardmerinfo\/2018\/10\/pres-de-300-retraites-manifestent-rues-depinal\/","name":"Pr\u00e8s de 300 retrait\u00e9s manifestent dans les rues d\u2019Epinal - Gerardmer Info","isPartOf":{"@id":"https:\/\/vosgesinfo.fr\/gerardmerinfo\/#website"},"primaryImageOfPage":{"@id":"https:\/\/vosgesinfo.fr\/gerardmerinfo\/2018\/10\/pres-de-300-retraites-manifestent-rues-depinal\/#primaryimage"},"image":{"@id":"https:\/\/vosgesinfo.fr\/gerardmerinfo\/2018\/10\/pres-de-300-retraites-manifestent-rues-depinal\/#primaryimage"},"thumbnailUrl":"https:\/\/vosgesinfo.fr\/app\/uploads\/sites\/6\/2024\/07\/201810manifestation-retraites-epinal-34.jpg","datePublished":"2018-10-04T13:05:19+00:00","dateModified":"2018-10-04T13:05:19+00:00","breadcrumb":{"@id":"https:\/\/vosgesinfo.fr\/gerardmerinfo\/2018\/10\/pres-de-300-retraites-manifestent-rues-depinal\/#breadcrumb"},"inLanguage":"fr-FR","potentialAction":[{"@type":"ReadAction","target":["https:\/\/vosgesinfo.fr\/gerardmerinfo\/2018\/10\/pres-de-300-retraites-manifestent-rues-depinal\/"]}]},{"@type":"ImageObject","inLanguage":"fr-FR","@id":"https:\/\/vosgesinfo.fr\/gerardmerinfo\/2018\/10\/pres-de-300-retraites-manifestent-rues-depinal\/#primaryimage","url":"https:\/\/vosgesinfo.fr\/app\/uploads\/sites\/6\/2024\/07\/201810manifestation-retraites-epinal-34.jpg","contentUrl":"https:\/\/vosgesinfo.fr\/app\/uploads\/sites\/6\/2024\/07\/201810manifestation-retraites-epinal-34.jpg","width":800,"height":600},{"@type":"BreadcrumbList","@id":"https:\/\/vosgesinfo.fr\/gerardmerinfo\/2018\/10\/pres-de-300-retraites-manifestent-rues-depinal\/#breadcrumb","itemListElement":[{"@type":"ListItem","position":1,"name":"Home","item":"https:\/\/vosgesinfo.fr\/gerardmerinfo\/"},{"@type":"ListItem","position":2,"name":"Pr\u00e8s de 300 retrait\u00e9s manifestent dans les rues d\u2019Epinal"}]},{"@type":"WebSite","@id":"https:\/\/vosgesinfo.fr\/gerardmerinfo\/#website","url":"https:\/\/vosgesinfo.fr\/gerardmerinfo\/","name":"Gerardmer Info","description":"Toute l&#039;actualit\u00e9 de G\u00e9rardmer","publisher":{"@id":"https:\/\/vosgesinfo.fr\/gerardmerinfo\/#organization"},"alternateName":"Toute l'actualit\u00e9 de G\u00e9rardmer","potentialAction":[{"@type":"SearchAction","target":{"@type":"EntryPoint","urlTemplate":"https:\/\/vosgesinfo.fr\/gerardmerinfo\/?s={search_term_string}"},"query-input":"required name=search_term_string"}],"inLanguage":"fr-FR"},{"@type":"Organization","@id":"https:\/\/vosgesinfo.fr\/gerardmerinfo\/#organization","name":"Gerardmer Info","url":"https:\/\/vosgesinfo.fr\/gerardmerinfo\/","logo":{"@type":"ImageObject","inLanguage":"fr-FR","@id":"https:\/\/vosgesinfo.fr\/gerardmerinfo\/#\/schema\/logo\/image\/","url":"https:\/\/vosgesinfo.fr\/app\/uploads\/sites\/6\/2023\/08\/favicon-gerardmerinfo.png","contentUrl":"https:\/\/vosgesinfo.fr\/app\/uploads\/sites\/6\/2023\/08\/favicon-gerardmerinfo.png","width":512,"height":512,"caption":"Gerardmer Info"},"image":{"@id":"https:\/\/vosgesinfo.fr\/gerardmerinfo\/#\/schema\/logo\/image\/"},"sameAs":["https:\/\/www.facebook.com\/profile.php?id=100049475262660","https:\/\/x.com\/VosgesInfo88","https:\/\/www.youtube.com\/@vosgesinfo"]},{"@type":"Person","@id":"https:\/\/vosgesinfo.fr\/gerardmerinfo\/#\/schema\/person\/db5605779a843dad16b5368f3e7613a5","name":"QG","image":{"@type":"ImageObject","inLanguage":"fr-FR","@id":"https:\/\/vosgesinfo.fr\/gerardmerinfo\/#\/schema\/person\/image\/","url":"https:\/\/secure.gravatar.com\/avatar\/ea80c42c204b534408512832fde52504ecabb9706bcb6151cf6175e5b64e6793?s=96&d=mm&r=g","contentUrl":"https:\/\/secure.gravatar.com\/avatar\/ea80c42c204b534408512832fde52504ecabb9706bcb6151cf6175e5b64e6793?s=96&d=mm&r=g","caption":"QG"},"url":"https:\/\/vosgesinfo.fr\/gerardmerinfo\/author\/quentin88\/"}]}},"_links":{"self":[{"href":"https:\/\/vosgesinfo.fr\/gerardmerinfo\/wp-json\/wp\/v2\/posts\/37043","targetHints":{"allow":["GET"]}}],"collection":[{"href":"https:\/\/vosgesinfo.fr\/gerardmerinfo\/wp-json\/wp\/v2\/posts"}],"about":[{"href":"https:\/\/vosgesinfo.fr\/gerardmerinfo\/wp-json\/wp\/v2\/types\/post"}],"author":[{"embeddable":true,"href":"https:\/\/vosgesinfo.fr\/gerardmerinfo\/wp-json\/wp\/v2\/users\/42"}],"replies":[{"embeddable":true,"href":"https:\/\/vosgesinfo.fr\/gerardmerinfo\/wp-json\/wp\/v2\/comments?post=37043"}],"version-history":[{"count":0,"href":"https:\/\/vosgesinfo.fr\/gerardmerinfo\/wp-json\/wp\/v2\/posts\/37043\/revisions"}],"wp:featuredmedia":[{"embeddable":true,"href":"https:\/\/vosgesinfo.fr\/gerardmerinfo\/wp-json\/wp\/v2\/media\/37044"}],"wp:attachment":[{"href":"https:\/\/vosgesinfo.fr\/gerardmerinfo\/wp-json\/wp\/v2\/media?parent=37043"}],"wp:term":[{"taxonomy":"category","embeddable":true,"href":"https:\/\/vosgesinfo.fr\/gerardmerinfo\/wp-json\/wp\/v2\/categories?post=37043"},{"taxonomy":"post_tag","embeddable":true,"href":"https:\/\/vosgesinfo.fr\/gerardmerinfo\/wp-json\/wp\/v2\/tags?post=37043"}],"curies":[{"name":"wp","href":"https:\/\/api.w.org\/{rel}","templated":true}]}}