{"id":37288,"date":"2018-10-20T15:34:51","date_gmt":"2018-10-20T13:34:51","guid":{"rendered":"https:\/\/vosgesinfo.fr\/gerardmerinfo\/2018\/10\/celia-tisserant-realisatrice-de-plus-a-graines-toiles\/"},"modified":"2018-10-20T15:34:51","modified_gmt":"2018-10-20T13:34:51","slug":"celia-tisserant-realisatrice-de-plus-a-graines-toiles","status":"publish","type":"post","link":"https:\/\/vosgesinfo.fr\/gerardmerinfo\/2018\/10\/celia-tisserant-realisatrice-de-plus-a-graines-toiles\/","title":{"rendered":"C\u00e9lia Tisserant : une r\u00e9alisatrice de plus \u00e0 Graines des Toiles"},"content":{"rendered":"<p><a href=\"\/2018\/10\/celia_tisserant.jpg\"><img decoding=\"async\" class=\"aligncenter size-medium wp-image-136156\" src=\"\/2018\/10\/celia_tisserant-222x255.jpg\" alt=\"celia_tisserant\" width=\"222\" height=\"255\" \/><\/a><\/p>\n<p><span style=\"font-size: 12pt;\"><b>Dans le cadre du festival du 11\u00e8me film jeune public Graines des Toiles, la MCL vous propose une projection en a<\/b><\/span><span style=\"font-size: 12pt;\"><b>vant-premi\u00e8re du film \u00ab Les ritournelles de la chouette \u00bb\u00a0<span style=\"color: #cc0000;\">suivie d&rsquo;une s\u00e9ance de d\u00e9dicace avec C\u00e9lia Tisserant, r\u00e9alisatrice.<\/span><\/b><\/span><\/p>\n<p>&nbsp;<\/p>\n<p><span style=\"font-size: 12pt;\"><a href=\"\/2018\/10\/AfficheRitournelles.jpg\"><img decoding=\"async\" class=\"alignright size-medium wp-image-136153\" src=\"\/2018\/10\/AfficheRitournelles-191x255.jpg\" alt=\"AfficheRitournelles\" width=\"191\" height=\"255\" \/><\/a><em>La Chouette du cin\u00e9ma a rassembl\u00e9 dans ce nouveau programme cinq histoires \u00e0 ritournelles. La petite fourmi qui a plein d\u2019amis, l\u2019escargot farceur d\u00e9masqu\u00e9, la sage tortue d\u2019or, l\u2019humble tailleur de pierre et le candide Basile nous invitent \u00e0 ne pas nous croire les plus forts ni les plus malins, et \u00e0 rester modestes.<\/em><\/span><\/p>\n<p><span style=\"font-size: 12pt;\"><b>A cette occasion, la r\u00e9alisatrice C\u00e9lia Tisserant sera pr\u00e9sente \u00e0 la MCL et nous pr\u00e9sentera son court m\u00e9trage \u00ab La Tortue d&rsquo;or \u00bb et proposera ensuite une s\u00e9ance de d\u00e9dicaces du livre tir\u00e9 de son film.<\/b><\/span><\/p>\n<p><span style=\"font-size: 12pt;\"><b>Vendredi 26 octobre \u00e0 14h30 \u00e0 la MCL de G\u00e9rardmer<\/b><\/span><\/p>\n<div class=\"x_moz-forward-container\"><span style=\"font-size: 12pt;\">Pr\u00e9-vente pour le film disponible \u00e0 la caisse cin\u00e9ma de la MCL.<\/span><br \/>\n<span style=\"font-size: 12pt;\"> <b>6,50\u20ac<\/b>\u00a0tarif plein &#8211;\u00a0<b>5,70\u20ac<\/b>\u00a0Adh\u00e9rents MCL &#8211;\u00a0<b>4\u20ac<\/b>\u00a0moins de 16 ans &#8211; <b>21\u20ac<\/b> Pass Festival 6 entr\u00e9es<\/span><\/div>\n<div class=\"x_moz-forward-container\"><a href=\"\/2018\/10\/Tortue_dor_2.png\"><img decoding=\"async\" class=\"aligncenter size-medium wp-image-136155\" src=\"\/2018\/10\/Tortue_dor_2-400x216.png\" alt=\"Tortue_dor_2\" width=\"400\" height=\"216\" \/><\/a><\/div>\n","protected":false},"excerpt":{"rendered":"<p>Dans le cadre du festival du 11\u00e8me film jeune public Graines des Toiles, la MCL vous propose une projection en [&hellip;]<\/p>\n","protected":false},"author":1,"featured_media":37289,"comment_status":"open","ping_status":"open","sticky":false,"template":"","format":"standard","meta":{"footnotes":""},"categories":[20,4,24],"tags":[3866,537],"class_list":["post-37288","post","type-post","status-publish","format-standard","has-post-thumbnail","hentry","category-a-la-une","category-culture","category-evenements","tag-celia-tisserant","tag-festival-graines-des-toiles"],"acf":[],"yoast_head":"<!-- This site is optimized with the Yoast SEO plugin v22.5 - https:\/\/yoast.com\/wordpress\/plugins\/seo\/ -->\n<title>C\u00e9lia Tisserant : une r\u00e9alisatrice de plus \u00e0 Graines des Toiles - Gerardmer Info<\/title>\n<meta name=\"robots\" content=\"index, follow, max-snippet:-1, max-image-preview:large, max-video-preview:-1\" \/>\n<link rel=\"canonical\" href=\"https:\/\/vosgesinfo.fr\/gerardmerinfo\/2018\/10\/celia-tisserant-realisatrice-de-plus-a-graines-toiles\/\" \/>\n<meta name=\"twitter:card\" content=\"summary_large_image\" \/>\n<meta name=\"twitter:title\" content=\"C\u00e9lia Tisserant : une r\u00e9alisatrice de plus \u00e0 Graines des Toiles - Gerardmer Info\" \/>\n<meta name=\"twitter:description\" content=\"Dans le cadre du festival du 11\u00e8me film jeune public Graines des Toiles, la MCL vous propose une projection en [&hellip;]\" \/>\n<meta name=\"twitter:image\" content=\"https:\/\/vosgesinfo.fr\/app\/uploads\/sites\/6\/2024\/07\/201810afficheritournelles.jpg\" \/>\n<meta name=\"twitter:creator\" content=\"@VosgesInfo88\" \/>\n<meta name=\"twitter:site\" content=\"@VosgesInfo88\" \/>\n<meta name=\"twitter:label1\" content=\"\u00c9crit par\" \/>\n\t<meta name=\"twitter:data1\" content=\"qs_admin\" \/>\n\t<meta name=\"twitter:label2\" content=\"Dur\u00e9e de lecture estim\u00e9e\" \/>\n\t<meta name=\"twitter:data2\" content=\"1 minute\" \/>\n<script type=\"application\/ld+json\" class=\"yoast-schema-graph\">{\"@context\":\"https:\/\/schema.org\",\"@graph\":[{\"@type\":\"Article\",\"@id\":\"https:\/\/vosgesinfo.fr\/gerardmerinfo\/2018\/10\/celia-tisserant-realisatrice-de-plus-a-graines-toiles\/#article\",\"isPartOf\":{\"@id\":\"https:\/\/vosgesinfo.fr\/gerardmerinfo\/2018\/10\/celia-tisserant-realisatrice-de-plus-a-graines-toiles\/\"},\"author\":{\"name\":\"qs_admin\",\"@id\":\"https:\/\/vosgesinfo.fr\/gerardmerinfo\/#\/schema\/person\/bc5d02d71e6932e81b6dadb7386667b1\"},\"headline\":\"C\u00e9lia Tisserant : une r\u00e9alisatrice de plus \u00e0 Graines des Toiles\",\"datePublished\":\"2018-10-20T13:34:51+00:00\",\"dateModified\":\"2018-10-20T13:34:51+00:00\",\"mainEntityOfPage\":{\"@id\":\"https:\/\/vosgesinfo.fr\/gerardmerinfo\/2018\/10\/celia-tisserant-realisatrice-de-plus-a-graines-toiles\/\"},\"wordCount\":190,\"commentCount\":0,\"publisher\":{\"@id\":\"https:\/\/vosgesinfo.fr\/gerardmerinfo\/#organization\"},\"image\":{\"@id\":\"https:\/\/vosgesinfo.fr\/gerardmerinfo\/2018\/10\/celia-tisserant-realisatrice-de-plus-a-graines-toiles\/#primaryimage\"},\"thumbnailUrl\":\"https:\/\/vosgesinfo.fr\/app\/uploads\/sites\/6\/2024\/07\/201810afficheritournelles.jpg\",\"keywords\":[\"Celia tisserant\",\"festival graines des toiles\"],\"articleSection\":[\"A la une\",\"Culture\",\"Ev\u00e8nements\"],\"inLanguage\":\"fr-FR\",\"potentialAction\":[{\"@type\":\"CommentAction\",\"name\":\"Comment\",\"target\":[\"https:\/\/vosgesinfo.fr\/gerardmerinfo\/2018\/10\/celia-tisserant-realisatrice-de-plus-a-graines-toiles\/#respond\"]}]},{\"@type\":\"WebPage\",\"@id\":\"https:\/\/vosgesinfo.fr\/gerardmerinfo\/2018\/10\/celia-tisserant-realisatrice-de-plus-a-graines-toiles\/\",\"url\":\"https:\/\/vosgesinfo.fr\/gerardmerinfo\/2018\/10\/celia-tisserant-realisatrice-de-plus-a-graines-toiles\/\",\"name\":\"C\u00e9lia Tisserant : une r\u00e9alisatrice de plus \u00e0 Graines des Toiles - Gerardmer Info\",\"isPartOf\":{\"@id\":\"https:\/\/vosgesinfo.fr\/gerardmerinfo\/#website\"},\"primaryImageOfPage\":{\"@id\":\"https:\/\/vosgesinfo.fr\/gerardmerinfo\/2018\/10\/celia-tisserant-realisatrice-de-plus-a-graines-toiles\/#primaryimage\"},\"image\":{\"@id\":\"https:\/\/vosgesinfo.fr\/gerardmerinfo\/2018\/10\/celia-tisserant-realisatrice-de-plus-a-graines-toiles\/#primaryimage\"},\"thumbnailUrl\":\"https:\/\/vosgesinfo.fr\/app\/uploads\/sites\/6\/2024\/07\/201810afficheritournelles.jpg\",\"datePublished\":\"2018-10-20T13:34:51+00:00\",\"dateModified\":\"2018-10-20T13:34:51+00:00\",\"breadcrumb\":{\"@id\":\"https:\/\/vosgesinfo.fr\/gerardmerinfo\/2018\/10\/celia-tisserant-realisatrice-de-plus-a-graines-toiles\/#breadcrumb\"},\"inLanguage\":\"fr-FR\",\"potentialAction\":[{\"@type\":\"ReadAction\",\"target\":[\"https:\/\/vosgesinfo.fr\/gerardmerinfo\/2018\/10\/celia-tisserant-realisatrice-de-plus-a-graines-toiles\/\"]}]},{\"@type\":\"ImageObject\",\"inLanguage\":\"fr-FR\",\"@id\":\"https:\/\/vosgesinfo.fr\/gerardmerinfo\/2018\/10\/celia-tisserant-realisatrice-de-plus-a-graines-toiles\/#primaryimage\",\"url\":\"https:\/\/vosgesinfo.fr\/app\/uploads\/sites\/6\/2024\/07\/201810afficheritournelles.jpg\",\"contentUrl\":\"https:\/\/vosgesinfo.fr\/app\/uploads\/sites\/6\/2024\/07\/201810afficheritournelles.jpg\",\"width\":600,\"height\":800},{\"@type\":\"BreadcrumbList\",\"@id\":\"https:\/\/vosgesinfo.fr\/gerardmerinfo\/2018\/10\/celia-tisserant-realisatrice-de-plus-a-graines-toiles\/#breadcrumb\",\"itemListElement\":[{\"@type\":\"ListItem\",\"position\":1,\"name\":\"Home\",\"item\":\"https:\/\/vosgesinfo.fr\/gerardmerinfo\/\"},{\"@type\":\"ListItem\",\"position\":2,\"name\":\"C\u00e9lia Tisserant : une r\u00e9alisatrice de plus \u00e0 Graines des Toiles\"}]},{\"@type\":\"WebSite\",\"@id\":\"https:\/\/vosgesinfo.fr\/gerardmerinfo\/#website\",\"url\":\"https:\/\/vosgesinfo.fr\/gerardmerinfo\/\",\"name\":\"Gerardmer Info\",\"description\":\"Toute l&#039;actualit\u00e9 de G\u00e9rardmer\",\"publisher\":{\"@id\":\"https:\/\/vosgesinfo.fr\/gerardmerinfo\/#organization\"},\"alternateName\":\"Toute l'actualit\u00e9 de G\u00e9rardmer\",\"potentialAction\":[{\"@type\":\"SearchAction\",\"target\":{\"@type\":\"EntryPoint\",\"urlTemplate\":\"https:\/\/vosgesinfo.fr\/gerardmerinfo\/?s={search_term_string}\"},\"query-input\":\"required name=search_term_string\"}],\"inLanguage\":\"fr-FR\"},{\"@type\":\"Organization\",\"@id\":\"https:\/\/vosgesinfo.fr\/gerardmerinfo\/#organization\",\"name\":\"Gerardmer Info\",\"url\":\"https:\/\/vosgesinfo.fr\/gerardmerinfo\/\",\"logo\":{\"@type\":\"ImageObject\",\"inLanguage\":\"fr-FR\",\"@id\":\"https:\/\/vosgesinfo.fr\/gerardmerinfo\/#\/schema\/logo\/image\/\",\"url\":\"https:\/\/vosgesinfo.fr\/app\/uploads\/sites\/6\/2023\/08\/favicon-gerardmerinfo.png\",\"contentUrl\":\"https:\/\/vosgesinfo.fr\/app\/uploads\/sites\/6\/2023\/08\/favicon-gerardmerinfo.png\",\"width\":512,\"height\":512,\"caption\":\"Gerardmer Info\"},\"image\":{\"@id\":\"https:\/\/vosgesinfo.fr\/gerardmerinfo\/#\/schema\/logo\/image\/\"},\"sameAs\":[\"https:\/\/www.facebook.com\/profile.php?id=100049475262660\",\"https:\/\/x.com\/VosgesInfo88\",\"https:\/\/www.youtube.com\/@vosgesinfo\"]},{\"@type\":\"Person\",\"@id\":\"https:\/\/vosgesinfo.fr\/gerardmerinfo\/#\/schema\/person\/bc5d02d71e6932e81b6dadb7386667b1\",\"name\":\"qs_admin\",\"image\":{\"@type\":\"ImageObject\",\"inLanguage\":\"fr-FR\",\"@id\":\"https:\/\/vosgesinfo.fr\/gerardmerinfo\/#\/schema\/person\/image\/\",\"url\":\"https:\/\/secure.gravatar.com\/avatar\/94b18ee0ed79e4a42ea2f2931277b6841a8999fc6fde214600c78057cf1fe1de?s=96&d=mm&r=g\",\"contentUrl\":\"https:\/\/secure.gravatar.com\/avatar\/94b18ee0ed79e4a42ea2f2931277b6841a8999fc6fde214600c78057cf1fe1de?s=96&d=mm&r=g\",\"caption\":\"qs_admin\"},\"sameAs\":[\"https:\/\/vosgesinfo.fr\/wp\"],\"url\":\"https:\/\/vosgesinfo.fr\/gerardmerinfo\/author\/qs_admin\/\"}]}<\/script>\n<!-- \/ Yoast SEO plugin. -->","yoast_head_json":{"title":"C\u00e9lia Tisserant : une r\u00e9alisatrice de plus \u00e0 Graines des Toiles - Gerardmer Info","robots":{"index":"index","follow":"follow","max-snippet":"max-snippet:-1","max-image-preview":"max-image-preview:large","max-video-preview":"max-video-preview:-1"},"canonical":"https:\/\/vosgesinfo.fr\/gerardmerinfo\/2018\/10\/celia-tisserant-realisatrice-de-plus-a-graines-toiles\/","twitter_card":"summary_large_image","twitter_title":"C\u00e9lia Tisserant : une r\u00e9alisatrice de plus \u00e0 Graines des Toiles - Gerardmer Info","twitter_description":"Dans le cadre du festival du 11\u00e8me film jeune public Graines des Toiles, la MCL vous propose une projection en [&hellip;]","twitter_image":"https:\/\/vosgesinfo.fr\/app\/uploads\/sites\/6\/2024\/07\/201810afficheritournelles.jpg","twitter_creator":"@VosgesInfo88","twitter_site":"@VosgesInfo88","twitter_misc":{"\u00c9crit par":"qs_admin","Dur\u00e9e de lecture estim\u00e9e":"1 minute"},"schema":{"@context":"https:\/\/schema.org","@graph":[{"@type":"Article","@id":"https:\/\/vosgesinfo.fr\/gerardmerinfo\/2018\/10\/celia-tisserant-realisatrice-de-plus-a-graines-toiles\/#article","isPartOf":{"@id":"https:\/\/vosgesinfo.fr\/gerardmerinfo\/2018\/10\/celia-tisserant-realisatrice-de-plus-a-graines-toiles\/"},"author":{"name":"qs_admin","@id":"https:\/\/vosgesinfo.fr\/gerardmerinfo\/#\/schema\/person\/bc5d02d71e6932e81b6dadb7386667b1"},"headline":"C\u00e9lia Tisserant : une r\u00e9alisatrice de plus \u00e0 Graines des Toiles","datePublished":"2018-10-20T13:34:51+00:00","dateModified":"2018-10-20T13:34:51+00:00","mainEntityOfPage":{"@id":"https:\/\/vosgesinfo.fr\/gerardmerinfo\/2018\/10\/celia-tisserant-realisatrice-de-plus-a-graines-toiles\/"},"wordCount":190,"commentCount":0,"publisher":{"@id":"https:\/\/vosgesinfo.fr\/gerardmerinfo\/#organization"},"image":{"@id":"https:\/\/vosgesinfo.fr\/gerardmerinfo\/2018\/10\/celia-tisserant-realisatrice-de-plus-a-graines-toiles\/#primaryimage"},"thumbnailUrl":"https:\/\/vosgesinfo.fr\/app\/uploads\/sites\/6\/2024\/07\/201810afficheritournelles.jpg","keywords":["Celia tisserant","festival graines des toiles"],"articleSection":["A la une","Culture","Ev\u00e8nements"],"inLanguage":"fr-FR","potentialAction":[{"@type":"CommentAction","name":"Comment","target":["https:\/\/vosgesinfo.fr\/gerardmerinfo\/2018\/10\/celia-tisserant-realisatrice-de-plus-a-graines-toiles\/#respond"]}]},{"@type":"WebPage","@id":"https:\/\/vosgesinfo.fr\/gerardmerinfo\/2018\/10\/celia-tisserant-realisatrice-de-plus-a-graines-toiles\/","url":"https:\/\/vosgesinfo.fr\/gerardmerinfo\/2018\/10\/celia-tisserant-realisatrice-de-plus-a-graines-toiles\/","name":"C\u00e9lia Tisserant : une r\u00e9alisatrice de plus \u00e0 Graines des Toiles - Gerardmer Info","isPartOf":{"@id":"https:\/\/vosgesinfo.fr\/gerardmerinfo\/#website"},"primaryImageOfPage":{"@id":"https:\/\/vosgesinfo.fr\/gerardmerinfo\/2018\/10\/celia-tisserant-realisatrice-de-plus-a-graines-toiles\/#primaryimage"},"image":{"@id":"https:\/\/vosgesinfo.fr\/gerardmerinfo\/2018\/10\/celia-tisserant-realisatrice-de-plus-a-graines-toiles\/#primaryimage"},"thumbnailUrl":"https:\/\/vosgesinfo.fr\/app\/uploads\/sites\/6\/2024\/07\/201810afficheritournelles.jpg","datePublished":"2018-10-20T13:34:51+00:00","dateModified":"2018-10-20T13:34:51+00:00","breadcrumb":{"@id":"https:\/\/vosgesinfo.fr\/gerardmerinfo\/2018\/10\/celia-tisserant-realisatrice-de-plus-a-graines-toiles\/#breadcrumb"},"inLanguage":"fr-FR","potentialAction":[{"@type":"ReadAction","target":["https:\/\/vosgesinfo.fr\/gerardmerinfo\/2018\/10\/celia-tisserant-realisatrice-de-plus-a-graines-toiles\/"]}]},{"@type":"ImageObject","inLanguage":"fr-FR","@id":"https:\/\/vosgesinfo.fr\/gerardmerinfo\/2018\/10\/celia-tisserant-realisatrice-de-plus-a-graines-toiles\/#primaryimage","url":"https:\/\/vosgesinfo.fr\/app\/uploads\/sites\/6\/2024\/07\/201810afficheritournelles.jpg","contentUrl":"https:\/\/vosgesinfo.fr\/app\/uploads\/sites\/6\/2024\/07\/201810afficheritournelles.jpg","width":600,"height":800},{"@type":"BreadcrumbList","@id":"https:\/\/vosgesinfo.fr\/gerardmerinfo\/2018\/10\/celia-tisserant-realisatrice-de-plus-a-graines-toiles\/#breadcrumb","itemListElement":[{"@type":"ListItem","position":1,"name":"Home","item":"https:\/\/vosgesinfo.fr\/gerardmerinfo\/"},{"@type":"ListItem","position":2,"name":"C\u00e9lia Tisserant : une r\u00e9alisatrice de plus \u00e0 Graines des Toiles"}]},{"@type":"WebSite","@id":"https:\/\/vosgesinfo.fr\/gerardmerinfo\/#website","url":"https:\/\/vosgesinfo.fr\/gerardmerinfo\/","name":"Gerardmer Info","description":"Toute l&#039;actualit\u00e9 de G\u00e9rardmer","publisher":{"@id":"https:\/\/vosgesinfo.fr\/gerardmerinfo\/#organization"},"alternateName":"Toute l'actualit\u00e9 de G\u00e9rardmer","potentialAction":[{"@type":"SearchAction","target":{"@type":"EntryPoint","urlTemplate":"https:\/\/vosgesinfo.fr\/gerardmerinfo\/?s={search_term_string}"},"query-input":"required name=search_term_string"}],"inLanguage":"fr-FR"},{"@type":"Organization","@id":"https:\/\/vosgesinfo.fr\/gerardmerinfo\/#organization","name":"Gerardmer Info","url":"https:\/\/vosgesinfo.fr\/gerardmerinfo\/","logo":{"@type":"ImageObject","inLanguage":"fr-FR","@id":"https:\/\/vosgesinfo.fr\/gerardmerinfo\/#\/schema\/logo\/image\/","url":"https:\/\/vosgesinfo.fr\/app\/uploads\/sites\/6\/2023\/08\/favicon-gerardmerinfo.png","contentUrl":"https:\/\/vosgesinfo.fr\/app\/uploads\/sites\/6\/2023\/08\/favicon-gerardmerinfo.png","width":512,"height":512,"caption":"Gerardmer Info"},"image":{"@id":"https:\/\/vosgesinfo.fr\/gerardmerinfo\/#\/schema\/logo\/image\/"},"sameAs":["https:\/\/www.facebook.com\/profile.php?id=100049475262660","https:\/\/x.com\/VosgesInfo88","https:\/\/www.youtube.com\/@vosgesinfo"]},{"@type":"Person","@id":"https:\/\/vosgesinfo.fr\/gerardmerinfo\/#\/schema\/person\/bc5d02d71e6932e81b6dadb7386667b1","name":"qs_admin","image":{"@type":"ImageObject","inLanguage":"fr-FR","@id":"https:\/\/vosgesinfo.fr\/gerardmerinfo\/#\/schema\/person\/image\/","url":"https:\/\/secure.gravatar.com\/avatar\/94b18ee0ed79e4a42ea2f2931277b6841a8999fc6fde214600c78057cf1fe1de?s=96&d=mm&r=g","contentUrl":"https:\/\/secure.gravatar.com\/avatar\/94b18ee0ed79e4a42ea2f2931277b6841a8999fc6fde214600c78057cf1fe1de?s=96&d=mm&r=g","caption":"qs_admin"},"sameAs":["https:\/\/vosgesinfo.fr\/wp"],"url":"https:\/\/vosgesinfo.fr\/gerardmerinfo\/author\/qs_admin\/"}]}},"_links":{"self":[{"href":"https:\/\/vosgesinfo.fr\/gerardmerinfo\/wp-json\/wp\/v2\/posts\/37288","targetHints":{"allow":["GET"]}}],"collection":[{"href":"https:\/\/vosgesinfo.fr\/gerardmerinfo\/wp-json\/wp\/v2\/posts"}],"about":[{"href":"https:\/\/vosgesinfo.fr\/gerardmerinfo\/wp-json\/wp\/v2\/types\/post"}],"author":[{"embeddable":true,"href":"https:\/\/vosgesinfo.fr\/gerardmerinfo\/wp-json\/wp\/v2\/users\/1"}],"replies":[{"embeddable":true,"href":"https:\/\/vosgesinfo.fr\/gerardmerinfo\/wp-json\/wp\/v2\/comments?post=37288"}],"version-history":[{"count":0,"href":"https:\/\/vosgesinfo.fr\/gerardmerinfo\/wp-json\/wp\/v2\/posts\/37288\/revisions"}],"wp:featuredmedia":[{"embeddable":true,"href":"https:\/\/vosgesinfo.fr\/gerardmerinfo\/wp-json\/wp\/v2\/media\/37289"}],"wp:attachment":[{"href":"https:\/\/vosgesinfo.fr\/gerardmerinfo\/wp-json\/wp\/v2\/media?parent=37288"}],"wp:term":[{"taxonomy":"category","embeddable":true,"href":"https:\/\/vosgesinfo.fr\/gerardmerinfo\/wp-json\/wp\/v2\/categories?post=37288"},{"taxonomy":"post_tag","embeddable":true,"href":"https:\/\/vosgesinfo.fr\/gerardmerinfo\/wp-json\/wp\/v2\/tags?post=37288"}],"curies":[{"name":"wp","href":"https:\/\/api.w.org\/{rel}","templated":true}]}}