{"id":37357,"date":"2018-10-20T16:42:23","date_gmt":"2018-10-20T14:42:23","guid":{"rendered":"https:\/\/vosgesinfo.fr\/gerardmerinfo\/2018\/10\/prefet-vosges-pierre-ory-prefet-neocastrien-benoit-rochas-ont-etrenne-premiere-foire-de-poussay\/"},"modified":"2018-10-20T16:42:23","modified_gmt":"2018-10-20T14:42:23","slug":"prefet-vosges-pierre-ory-prefet-neocastrien-benoit-rochas-ont-etrenne-premiere-foire-de-poussay","status":"publish","type":"post","link":"https:\/\/vosgesinfo.fr\/gerardmerinfo\/2018\/10\/prefet-vosges-pierre-ory-prefet-neocastrien-benoit-rochas-ont-etrenne-premiere-foire-de-poussay\/","title":{"rendered":"Le pr\u00e9fet des Vosges Pierre Ory et le sous-pr\u00e9fet n\u00e9ocastrien, Benoit Rochas ont \u00e9trenn\u00e9 leur premi\u00e8re foire de Poussay"},"content":{"rendered":"<p>C\u2019est dans un \u00e9pais brouillard que les derniers exposants se sont install\u00e9s et que les premiers visiteurs se sont install\u00e9s. D\u00e8s 9 h, il fallait d\u00e9j\u00e0 s\u2019armer de patience pour acc\u00e9der au champ de foire en voiture. Et les pr\u00e9visions m\u00e9t\u00e9orologiques qui annon\u00e7ait un grand soleil, laissait entrevoir que cette 420<sup>e<\/sup> \u00e9dition serait un grand cru en terme de fr\u00e9quentation avec quelque150 000 visiteurs attendus. Pour m\u00e9moire la foire agricole de Poussay, est l\u2019une des plus importantes avec 1 200 exposants et des plus anciennes, apr\u00e8s celles de Beaucroissant (Is\u00e8re) et de Lessay (Manche). D\u2019ailleurs le sous-pr\u00e9fet de Neufch\u00e2teau, Beno\u00eet Rochas, Is\u00e9rois d\u2019origine, pourra se vanter d\u00e9sormais d\u2019en conna\u00eetre deux.<\/p>\n","protected":false},"excerpt":{"rendered":"<p>C\u2019est dans un \u00e9pais brouillard que les derniers exposants se sont install\u00e9s et que les premiers visiteurs se sont install\u00e9s. [&hellip;]<\/p>\n","protected":false},"author":1,"featured_media":37358,"comment_status":"open","ping_status":"open","sticky":false,"template":"","format":"standard","meta":{"footnotes":""},"categories":[20,18],"tags":[3869],"class_list":["post-37357","post","type-post","status-publish","format-standard","has-post-thumbnail","hentry","category-a-la-une","category-vosges","tag-poussay"],"acf":[],"yoast_head":"<!-- This site is optimized with the Yoast SEO plugin v22.5 - https:\/\/yoast.com\/wordpress\/plugins\/seo\/ -->\n<title>Le pr\u00e9fet des Vosges Pierre Ory et le sous-pr\u00e9fet n\u00e9ocastrien, Benoit Rochas ont \u00e9trenn\u00e9 leur premi\u00e8re foire de Poussay - Gerardmer Info<\/title>\n<meta name=\"robots\" content=\"index, follow, max-snippet:-1, max-image-preview:large, max-video-preview:-1\" \/>\n<link rel=\"canonical\" href=\"https:\/\/vosgesinfo.fr\/gerardmerinfo\/2018\/10\/prefet-vosges-pierre-ory-prefet-neocastrien-benoit-rochas-ont-etrenne-premiere-foire-de-poussay\/\" \/>\n<meta name=\"twitter:card\" content=\"summary_large_image\" \/>\n<meta name=\"twitter:title\" content=\"Le pr\u00e9fet des Vosges Pierre Ory et le sous-pr\u00e9fet n\u00e9ocastrien, Benoit Rochas ont \u00e9trenn\u00e9 leur premi\u00e8re foire de Poussay - Gerardmer Info\" \/>\n<meta name=\"twitter:description\" content=\"C\u2019est dans un \u00e9pais brouillard que les derniers exposants se sont install\u00e9s et que les premiers visiteurs se sont install\u00e9s. [&hellip;]\" \/>\n<meta name=\"twitter:image\" content=\"https:\/\/vosgesinfo.fr\/app\/uploads\/sites\/6\/2024\/07\/201810inauguration-de-la-420e-edition-de-la-foire-de-poussay-5.jpg\" \/>\n<meta name=\"twitter:creator\" content=\"@VosgesInfo88\" \/>\n<meta name=\"twitter:site\" content=\"@VosgesInfo88\" \/>\n<meta name=\"twitter:label1\" content=\"\u00c9crit par\" \/>\n\t<meta name=\"twitter:data1\" content=\"qs_admin\" \/>\n\t<meta name=\"twitter:label2\" content=\"Dur\u00e9e de lecture estim\u00e9e\" \/>\n\t<meta name=\"twitter:data2\" content=\"1 minute\" \/>\n<script type=\"application\/ld+json\" class=\"yoast-schema-graph\">{\"@context\":\"https:\/\/schema.org\",\"@graph\":[{\"@type\":\"Article\",\"@id\":\"https:\/\/vosgesinfo.fr\/gerardmerinfo\/2018\/10\/prefet-vosges-pierre-ory-prefet-neocastrien-benoit-rochas-ont-etrenne-premiere-foire-de-poussay\/#article\",\"isPartOf\":{\"@id\":\"https:\/\/vosgesinfo.fr\/gerardmerinfo\/2018\/10\/prefet-vosges-pierre-ory-prefet-neocastrien-benoit-rochas-ont-etrenne-premiere-foire-de-poussay\/\"},\"author\":{\"name\":\"qs_admin\",\"@id\":\"https:\/\/vosgesinfo.fr\/gerardmerinfo\/#\/schema\/person\/bc5d02d71e6932e81b6dadb7386667b1\"},\"headline\":\"Le pr\u00e9fet des Vosges Pierre Ory et le sous-pr\u00e9fet n\u00e9ocastrien, Benoit Rochas ont \u00e9trenn\u00e9 leur premi\u00e8re foire de Poussay\",\"datePublished\":\"2018-10-20T14:42:23+00:00\",\"dateModified\":\"2018-10-20T14:42:23+00:00\",\"mainEntityOfPage\":{\"@id\":\"https:\/\/vosgesinfo.fr\/gerardmerinfo\/2018\/10\/prefet-vosges-pierre-ory-prefet-neocastrien-benoit-rochas-ont-etrenne-premiere-foire-de-poussay\/\"},\"wordCount\":154,\"commentCount\":0,\"publisher\":{\"@id\":\"https:\/\/vosgesinfo.fr\/gerardmerinfo\/#organization\"},\"image\":{\"@id\":\"https:\/\/vosgesinfo.fr\/gerardmerinfo\/2018\/10\/prefet-vosges-pierre-ory-prefet-neocastrien-benoit-rochas-ont-etrenne-premiere-foire-de-poussay\/#primaryimage\"},\"thumbnailUrl\":\"https:\/\/vosgesinfo.fr\/app\/uploads\/sites\/6\/2024\/07\/201810inauguration-de-la-420e-edition-de-la-foire-de-poussay-5.jpg\",\"keywords\":[\"poussay\"],\"articleSection\":[\"A la une\",\"Vosges\"],\"inLanguage\":\"fr-FR\",\"potentialAction\":[{\"@type\":\"CommentAction\",\"name\":\"Comment\",\"target\":[\"https:\/\/vosgesinfo.fr\/gerardmerinfo\/2018\/10\/prefet-vosges-pierre-ory-prefet-neocastrien-benoit-rochas-ont-etrenne-premiere-foire-de-poussay\/#respond\"]}]},{\"@type\":\"WebPage\",\"@id\":\"https:\/\/vosgesinfo.fr\/gerardmerinfo\/2018\/10\/prefet-vosges-pierre-ory-prefet-neocastrien-benoit-rochas-ont-etrenne-premiere-foire-de-poussay\/\",\"url\":\"https:\/\/vosgesinfo.fr\/gerardmerinfo\/2018\/10\/prefet-vosges-pierre-ory-prefet-neocastrien-benoit-rochas-ont-etrenne-premiere-foire-de-poussay\/\",\"name\":\"Le pr\u00e9fet des Vosges Pierre Ory et le sous-pr\u00e9fet n\u00e9ocastrien, Benoit Rochas ont \u00e9trenn\u00e9 leur premi\u00e8re foire de Poussay - Gerardmer Info\",\"isPartOf\":{\"@id\":\"https:\/\/vosgesinfo.fr\/gerardmerinfo\/#website\"},\"primaryImageOfPage\":{\"@id\":\"https:\/\/vosgesinfo.fr\/gerardmerinfo\/2018\/10\/prefet-vosges-pierre-ory-prefet-neocastrien-benoit-rochas-ont-etrenne-premiere-foire-de-poussay\/#primaryimage\"},\"image\":{\"@id\":\"https:\/\/vosgesinfo.fr\/gerardmerinfo\/2018\/10\/prefet-vosges-pierre-ory-prefet-neocastrien-benoit-rochas-ont-etrenne-premiere-foire-de-poussay\/#primaryimage\"},\"thumbnailUrl\":\"https:\/\/vosgesinfo.fr\/app\/uploads\/sites\/6\/2024\/07\/201810inauguration-de-la-420e-edition-de-la-foire-de-poussay-5.jpg\",\"datePublished\":\"2018-10-20T14:42:23+00:00\",\"dateModified\":\"2018-10-20T14:42:23+00:00\",\"breadcrumb\":{\"@id\":\"https:\/\/vosgesinfo.fr\/gerardmerinfo\/2018\/10\/prefet-vosges-pierre-ory-prefet-neocastrien-benoit-rochas-ont-etrenne-premiere-foire-de-poussay\/#breadcrumb\"},\"inLanguage\":\"fr-FR\",\"potentialAction\":[{\"@type\":\"ReadAction\",\"target\":[\"https:\/\/vosgesinfo.fr\/gerardmerinfo\/2018\/10\/prefet-vosges-pierre-ory-prefet-neocastrien-benoit-rochas-ont-etrenne-premiere-foire-de-poussay\/\"]}]},{\"@type\":\"ImageObject\",\"inLanguage\":\"fr-FR\",\"@id\":\"https:\/\/vosgesinfo.fr\/gerardmerinfo\/2018\/10\/prefet-vosges-pierre-ory-prefet-neocastrien-benoit-rochas-ont-etrenne-premiere-foire-de-poussay\/#primaryimage\",\"url\":\"https:\/\/vosgesinfo.fr\/app\/uploads\/sites\/6\/2024\/07\/201810inauguration-de-la-420e-edition-de-la-foire-de-poussay-5.jpg\",\"contentUrl\":\"https:\/\/vosgesinfo.fr\/app\/uploads\/sites\/6\/2024\/07\/201810inauguration-de-la-420e-edition-de-la-foire-de-poussay-5.jpg\",\"width\":800,\"height\":533},{\"@type\":\"BreadcrumbList\",\"@id\":\"https:\/\/vosgesinfo.fr\/gerardmerinfo\/2018\/10\/prefet-vosges-pierre-ory-prefet-neocastrien-benoit-rochas-ont-etrenne-premiere-foire-de-poussay\/#breadcrumb\",\"itemListElement\":[{\"@type\":\"ListItem\",\"position\":1,\"name\":\"Home\",\"item\":\"https:\/\/vosgesinfo.fr\/gerardmerinfo\/\"},{\"@type\":\"ListItem\",\"position\":2,\"name\":\"Le pr\u00e9fet des Vosges Pierre Ory et le sous-pr\u00e9fet n\u00e9ocastrien, Benoit Rochas ont \u00e9trenn\u00e9 leur premi\u00e8re foire de Poussay\"}]},{\"@type\":\"WebSite\",\"@id\":\"https:\/\/vosgesinfo.fr\/gerardmerinfo\/#website\",\"url\":\"https:\/\/vosgesinfo.fr\/gerardmerinfo\/\",\"name\":\"Gerardmer Info\",\"description\":\"Toute l&#039;actualit\u00e9 de G\u00e9rardmer\",\"publisher\":{\"@id\":\"https:\/\/vosgesinfo.fr\/gerardmerinfo\/#organization\"},\"alternateName\":\"Toute l'actualit\u00e9 de G\u00e9rardmer\",\"potentialAction\":[{\"@type\":\"SearchAction\",\"target\":{\"@type\":\"EntryPoint\",\"urlTemplate\":\"https:\/\/vosgesinfo.fr\/gerardmerinfo\/?s={search_term_string}\"},\"query-input\":\"required name=search_term_string\"}],\"inLanguage\":\"fr-FR\"},{\"@type\":\"Organization\",\"@id\":\"https:\/\/vosgesinfo.fr\/gerardmerinfo\/#organization\",\"name\":\"Gerardmer Info\",\"url\":\"https:\/\/vosgesinfo.fr\/gerardmerinfo\/\",\"logo\":{\"@type\":\"ImageObject\",\"inLanguage\":\"fr-FR\",\"@id\":\"https:\/\/vosgesinfo.fr\/gerardmerinfo\/#\/schema\/logo\/image\/\",\"url\":\"https:\/\/vosgesinfo.fr\/app\/uploads\/sites\/6\/2023\/08\/favicon-gerardmerinfo.png\",\"contentUrl\":\"https:\/\/vosgesinfo.fr\/app\/uploads\/sites\/6\/2023\/08\/favicon-gerardmerinfo.png\",\"width\":512,\"height\":512,\"caption\":\"Gerardmer Info\"},\"image\":{\"@id\":\"https:\/\/vosgesinfo.fr\/gerardmerinfo\/#\/schema\/logo\/image\/\"},\"sameAs\":[\"https:\/\/www.facebook.com\/profile.php?id=100049475262660\",\"https:\/\/x.com\/VosgesInfo88\",\"https:\/\/www.youtube.com\/@vosgesinfo\"]},{\"@type\":\"Person\",\"@id\":\"https:\/\/vosgesinfo.fr\/gerardmerinfo\/#\/schema\/person\/bc5d02d71e6932e81b6dadb7386667b1\",\"name\":\"qs_admin\",\"image\":{\"@type\":\"ImageObject\",\"inLanguage\":\"fr-FR\",\"@id\":\"https:\/\/vosgesinfo.fr\/gerardmerinfo\/#\/schema\/person\/image\/\",\"url\":\"https:\/\/secure.gravatar.com\/avatar\/94b18ee0ed79e4a42ea2f2931277b6841a8999fc6fde214600c78057cf1fe1de?s=96&d=mm&r=g\",\"contentUrl\":\"https:\/\/secure.gravatar.com\/avatar\/94b18ee0ed79e4a42ea2f2931277b6841a8999fc6fde214600c78057cf1fe1de?s=96&d=mm&r=g\",\"caption\":\"qs_admin\"},\"sameAs\":[\"https:\/\/vosgesinfo.fr\/wp\"],\"url\":\"https:\/\/vosgesinfo.fr\/gerardmerinfo\/author\/qs_admin\/\"}]}<\/script>\n<!-- \/ Yoast SEO plugin. -->","yoast_head_json":{"title":"Le pr\u00e9fet des Vosges Pierre Ory et le sous-pr\u00e9fet n\u00e9ocastrien, Benoit Rochas ont \u00e9trenn\u00e9 leur premi\u00e8re foire de Poussay - Gerardmer Info","robots":{"index":"index","follow":"follow","max-snippet":"max-snippet:-1","max-image-preview":"max-image-preview:large","max-video-preview":"max-video-preview:-1"},"canonical":"https:\/\/vosgesinfo.fr\/gerardmerinfo\/2018\/10\/prefet-vosges-pierre-ory-prefet-neocastrien-benoit-rochas-ont-etrenne-premiere-foire-de-poussay\/","twitter_card":"summary_large_image","twitter_title":"Le pr\u00e9fet des Vosges Pierre Ory et le sous-pr\u00e9fet n\u00e9ocastrien, Benoit Rochas ont \u00e9trenn\u00e9 leur premi\u00e8re foire de Poussay - Gerardmer Info","twitter_description":"C\u2019est dans un \u00e9pais brouillard que les derniers exposants se sont install\u00e9s et que les premiers visiteurs se sont install\u00e9s. [&hellip;]","twitter_image":"https:\/\/vosgesinfo.fr\/app\/uploads\/sites\/6\/2024\/07\/201810inauguration-de-la-420e-edition-de-la-foire-de-poussay-5.jpg","twitter_creator":"@VosgesInfo88","twitter_site":"@VosgesInfo88","twitter_misc":{"\u00c9crit par":"qs_admin","Dur\u00e9e de lecture estim\u00e9e":"1 minute"},"schema":{"@context":"https:\/\/schema.org","@graph":[{"@type":"Article","@id":"https:\/\/vosgesinfo.fr\/gerardmerinfo\/2018\/10\/prefet-vosges-pierre-ory-prefet-neocastrien-benoit-rochas-ont-etrenne-premiere-foire-de-poussay\/#article","isPartOf":{"@id":"https:\/\/vosgesinfo.fr\/gerardmerinfo\/2018\/10\/prefet-vosges-pierre-ory-prefet-neocastrien-benoit-rochas-ont-etrenne-premiere-foire-de-poussay\/"},"author":{"name":"qs_admin","@id":"https:\/\/vosgesinfo.fr\/gerardmerinfo\/#\/schema\/person\/bc5d02d71e6932e81b6dadb7386667b1"},"headline":"Le pr\u00e9fet des Vosges Pierre Ory et le sous-pr\u00e9fet n\u00e9ocastrien, Benoit Rochas ont \u00e9trenn\u00e9 leur premi\u00e8re foire de Poussay","datePublished":"2018-10-20T14:42:23+00:00","dateModified":"2018-10-20T14:42:23+00:00","mainEntityOfPage":{"@id":"https:\/\/vosgesinfo.fr\/gerardmerinfo\/2018\/10\/prefet-vosges-pierre-ory-prefet-neocastrien-benoit-rochas-ont-etrenne-premiere-foire-de-poussay\/"},"wordCount":154,"commentCount":0,"publisher":{"@id":"https:\/\/vosgesinfo.fr\/gerardmerinfo\/#organization"},"image":{"@id":"https:\/\/vosgesinfo.fr\/gerardmerinfo\/2018\/10\/prefet-vosges-pierre-ory-prefet-neocastrien-benoit-rochas-ont-etrenne-premiere-foire-de-poussay\/#primaryimage"},"thumbnailUrl":"https:\/\/vosgesinfo.fr\/app\/uploads\/sites\/6\/2024\/07\/201810inauguration-de-la-420e-edition-de-la-foire-de-poussay-5.jpg","keywords":["poussay"],"articleSection":["A la une","Vosges"],"inLanguage":"fr-FR","potentialAction":[{"@type":"CommentAction","name":"Comment","target":["https:\/\/vosgesinfo.fr\/gerardmerinfo\/2018\/10\/prefet-vosges-pierre-ory-prefet-neocastrien-benoit-rochas-ont-etrenne-premiere-foire-de-poussay\/#respond"]}]},{"@type":"WebPage","@id":"https:\/\/vosgesinfo.fr\/gerardmerinfo\/2018\/10\/prefet-vosges-pierre-ory-prefet-neocastrien-benoit-rochas-ont-etrenne-premiere-foire-de-poussay\/","url":"https:\/\/vosgesinfo.fr\/gerardmerinfo\/2018\/10\/prefet-vosges-pierre-ory-prefet-neocastrien-benoit-rochas-ont-etrenne-premiere-foire-de-poussay\/","name":"Le pr\u00e9fet des Vosges Pierre Ory et le sous-pr\u00e9fet n\u00e9ocastrien, Benoit Rochas ont \u00e9trenn\u00e9 leur premi\u00e8re foire de Poussay - Gerardmer Info","isPartOf":{"@id":"https:\/\/vosgesinfo.fr\/gerardmerinfo\/#website"},"primaryImageOfPage":{"@id":"https:\/\/vosgesinfo.fr\/gerardmerinfo\/2018\/10\/prefet-vosges-pierre-ory-prefet-neocastrien-benoit-rochas-ont-etrenne-premiere-foire-de-poussay\/#primaryimage"},"image":{"@id":"https:\/\/vosgesinfo.fr\/gerardmerinfo\/2018\/10\/prefet-vosges-pierre-ory-prefet-neocastrien-benoit-rochas-ont-etrenne-premiere-foire-de-poussay\/#primaryimage"},"thumbnailUrl":"https:\/\/vosgesinfo.fr\/app\/uploads\/sites\/6\/2024\/07\/201810inauguration-de-la-420e-edition-de-la-foire-de-poussay-5.jpg","datePublished":"2018-10-20T14:42:23+00:00","dateModified":"2018-10-20T14:42:23+00:00","breadcrumb":{"@id":"https:\/\/vosgesinfo.fr\/gerardmerinfo\/2018\/10\/prefet-vosges-pierre-ory-prefet-neocastrien-benoit-rochas-ont-etrenne-premiere-foire-de-poussay\/#breadcrumb"},"inLanguage":"fr-FR","potentialAction":[{"@type":"ReadAction","target":["https:\/\/vosgesinfo.fr\/gerardmerinfo\/2018\/10\/prefet-vosges-pierre-ory-prefet-neocastrien-benoit-rochas-ont-etrenne-premiere-foire-de-poussay\/"]}]},{"@type":"ImageObject","inLanguage":"fr-FR","@id":"https:\/\/vosgesinfo.fr\/gerardmerinfo\/2018\/10\/prefet-vosges-pierre-ory-prefet-neocastrien-benoit-rochas-ont-etrenne-premiere-foire-de-poussay\/#primaryimage","url":"https:\/\/vosgesinfo.fr\/app\/uploads\/sites\/6\/2024\/07\/201810inauguration-de-la-420e-edition-de-la-foire-de-poussay-5.jpg","contentUrl":"https:\/\/vosgesinfo.fr\/app\/uploads\/sites\/6\/2024\/07\/201810inauguration-de-la-420e-edition-de-la-foire-de-poussay-5.jpg","width":800,"height":533},{"@type":"BreadcrumbList","@id":"https:\/\/vosgesinfo.fr\/gerardmerinfo\/2018\/10\/prefet-vosges-pierre-ory-prefet-neocastrien-benoit-rochas-ont-etrenne-premiere-foire-de-poussay\/#breadcrumb","itemListElement":[{"@type":"ListItem","position":1,"name":"Home","item":"https:\/\/vosgesinfo.fr\/gerardmerinfo\/"},{"@type":"ListItem","position":2,"name":"Le pr\u00e9fet des Vosges Pierre Ory et le sous-pr\u00e9fet n\u00e9ocastrien, Benoit Rochas ont \u00e9trenn\u00e9 leur premi\u00e8re foire de Poussay"}]},{"@type":"WebSite","@id":"https:\/\/vosgesinfo.fr\/gerardmerinfo\/#website","url":"https:\/\/vosgesinfo.fr\/gerardmerinfo\/","name":"Gerardmer Info","description":"Toute l&#039;actualit\u00e9 de G\u00e9rardmer","publisher":{"@id":"https:\/\/vosgesinfo.fr\/gerardmerinfo\/#organization"},"alternateName":"Toute l'actualit\u00e9 de G\u00e9rardmer","potentialAction":[{"@type":"SearchAction","target":{"@type":"EntryPoint","urlTemplate":"https:\/\/vosgesinfo.fr\/gerardmerinfo\/?s={search_term_string}"},"query-input":"required name=search_term_string"}],"inLanguage":"fr-FR"},{"@type":"Organization","@id":"https:\/\/vosgesinfo.fr\/gerardmerinfo\/#organization","name":"Gerardmer Info","url":"https:\/\/vosgesinfo.fr\/gerardmerinfo\/","logo":{"@type":"ImageObject","inLanguage":"fr-FR","@id":"https:\/\/vosgesinfo.fr\/gerardmerinfo\/#\/schema\/logo\/image\/","url":"https:\/\/vosgesinfo.fr\/app\/uploads\/sites\/6\/2023\/08\/favicon-gerardmerinfo.png","contentUrl":"https:\/\/vosgesinfo.fr\/app\/uploads\/sites\/6\/2023\/08\/favicon-gerardmerinfo.png","width":512,"height":512,"caption":"Gerardmer Info"},"image":{"@id":"https:\/\/vosgesinfo.fr\/gerardmerinfo\/#\/schema\/logo\/image\/"},"sameAs":["https:\/\/www.facebook.com\/profile.php?id=100049475262660","https:\/\/x.com\/VosgesInfo88","https:\/\/www.youtube.com\/@vosgesinfo"]},{"@type":"Person","@id":"https:\/\/vosgesinfo.fr\/gerardmerinfo\/#\/schema\/person\/bc5d02d71e6932e81b6dadb7386667b1","name":"qs_admin","image":{"@type":"ImageObject","inLanguage":"fr-FR","@id":"https:\/\/vosgesinfo.fr\/gerardmerinfo\/#\/schema\/person\/image\/","url":"https:\/\/secure.gravatar.com\/avatar\/94b18ee0ed79e4a42ea2f2931277b6841a8999fc6fde214600c78057cf1fe1de?s=96&d=mm&r=g","contentUrl":"https:\/\/secure.gravatar.com\/avatar\/94b18ee0ed79e4a42ea2f2931277b6841a8999fc6fde214600c78057cf1fe1de?s=96&d=mm&r=g","caption":"qs_admin"},"sameAs":["https:\/\/vosgesinfo.fr\/wp"],"url":"https:\/\/vosgesinfo.fr\/gerardmerinfo\/author\/qs_admin\/"}]}},"_links":{"self":[{"href":"https:\/\/vosgesinfo.fr\/gerardmerinfo\/wp-json\/wp\/v2\/posts\/37357","targetHints":{"allow":["GET"]}}],"collection":[{"href":"https:\/\/vosgesinfo.fr\/gerardmerinfo\/wp-json\/wp\/v2\/posts"}],"about":[{"href":"https:\/\/vosgesinfo.fr\/gerardmerinfo\/wp-json\/wp\/v2\/types\/post"}],"author":[{"embeddable":true,"href":"https:\/\/vosgesinfo.fr\/gerardmerinfo\/wp-json\/wp\/v2\/users\/1"}],"replies":[{"embeddable":true,"href":"https:\/\/vosgesinfo.fr\/gerardmerinfo\/wp-json\/wp\/v2\/comments?post=37357"}],"version-history":[{"count":0,"href":"https:\/\/vosgesinfo.fr\/gerardmerinfo\/wp-json\/wp\/v2\/posts\/37357\/revisions"}],"wp:featuredmedia":[{"embeddable":true,"href":"https:\/\/vosgesinfo.fr\/gerardmerinfo\/wp-json\/wp\/v2\/media\/37358"}],"wp:attachment":[{"href":"https:\/\/vosgesinfo.fr\/gerardmerinfo\/wp-json\/wp\/v2\/media?parent=37357"}],"wp:term":[{"taxonomy":"category","embeddable":true,"href":"https:\/\/vosgesinfo.fr\/gerardmerinfo\/wp-json\/wp\/v2\/categories?post=37357"},{"taxonomy":"post_tag","embeddable":true,"href":"https:\/\/vosgesinfo.fr\/gerardmerinfo\/wp-json\/wp\/v2\/tags?post=37357"}],"curies":[{"name":"wp","href":"https:\/\/api.w.org\/{rel}","templated":true}]}}