{"id":37653,"date":"2018-11-14T16:12:14","date_gmt":"2018-11-14T15:12:14","guid":{"rendered":"https:\/\/vosgesinfo.fr\/gerardmerinfo\/2018\/11\/cafe-sciences-tourisme-transitions\/"},"modified":"2018-11-14T16:12:14","modified_gmt":"2018-11-14T15:12:14","slug":"cafe-sciences-tourisme-transitions","status":"publish","type":"post","link":"https:\/\/vosgesinfo.fr\/gerardmerinfo\/2018\/11\/cafe-sciences-tourisme-transitions\/","title":{"rendered":"CAF\u00c9 des SCIENCES \u201cTourisme et transitions\u201d"},"content":{"rendered":"<h3><span style=\"font-size: 12pt;\">Le jeudi 15 novembre, l&rsquo;association Les Petits D\u00e9brouillards Grand Est et le Quai Alpha \u00e0 \u00c9pinal organisent un Caf\u00e9-sciences sur le th\u00e8me \u201cTourisme et transitions\u201d. Cette rencontre se d\u00e9roulera \u00e0 l\u2019h\u00f4tel-restaurant La R\u00e9serve \u00e0 G\u00e9rardmer, de 15h \u00e0 17h.<\/span><\/h3>\n<p>L\u2019acc\u00e8s est libre et gratuit.<br \/>\n<a href=\"\/2018\/11\/CCI-Vosges-logo.jpg\"><img decoding=\"async\" class=\"alignright size-medium wp-image-137002\" src=\"\/2018\/11\/CCI-Vosges-logo-255x255.jpg\" alt=\"CCI Vosges logo\" width=\"255\" height=\"255\" \/><\/a>Le secteur du tourisme dans les Vosges est en transformation. Les transitions \u00e9cologiques, num\u00e9riques et sociales seront abord\u00e9es afin de d\u00e9crypter les d\u00e9fis \u00e0 relever. Comment le tourisme peut-il \u00e9voluer pour r\u00e9pondre aux enjeux de demain ?<br \/>\nD\u00e9roul\u00e9 de l\u2019\u00e9v\u00e9nement Nous souhaitons interpeller les professionnels vosgiens sur l\u2019opportunit\u00e9 de dynamiser l\u2019activit\u00e9 \u00e9conomique des Vosges par le tourisme. Il s\u2019agira d\u2019identifier et de comprendre les transitions \u00e0 l\u2019oeuvre dans nos soci\u00e9t\u00e9s : la place exponentielle que prennent les outils num\u00e9riques dans nos vies, le dernier rapport du GIEC sur le r\u00e9chauffement climatique, la pr\u00e9servation des espaces naturelles\u2026 Comment ces transitions peuvent pr\u00e9figurer le tourisme de demain dans les Vosges ?<br \/>\nAvec la participation de Manuel LEMBKE, charg\u00e9 de mission territorial Conservateur de la R\u00e9serve Naturelle Nationale de Tanet Gazon du Faing Et le t\u00e9moignage de Vincent VLES, Professeur d\u2019am\u00e9nagement et d\u2019urbanisme de l\u2019Universit\u00e9 de Toulouse, sp\u00e9cialiste des stations touristiques et du tourisme dans les espaces naturels prot\u00e9g\u00e9s<\/p>\n<p><strong>Qui sommes-nous ?<\/strong><br \/>\nLes Petits D\u00e9brouillards du Grand Est sont une association d\u2019\u00e9ducation populaire qui a pour objectif d\u2019accompagner les citoyens dans le d\u00e9veloppement de leur esprit critique par l\u2019aiguisement de leur curiosit\u00e9 et la d\u00e9marche scientifique.<\/p>\n<p><a href=\"\/2018\/11\/Quai-Alpha-epinal-logo.jpg\"><img decoding=\"async\" class=\"alignright wp-image-137003\" src=\"\/2018\/11\/Quai-Alpha-epinal-logo-361x255.jpg\" alt=\"Quai Alpha epinal logo\" width=\"261\" height=\"184\" \/><\/a>Ce Caf\u00e9 des sciences entre dans une s\u00e9rie d\u2019\u00e9v\u00e9nements ayant pour finalit\u00e9 de pr\u00e9figurer la mise en place d\u2019un p\u00f4le e-tourisme dans les Vosges.<br \/>\nhttps:\/\/www.quai-alpha.com\/etourisme<\/p>\n<p><strong>Qu&rsquo;est-ce qu&rsquo;un Caf\u00e9 des<\/strong><br \/>\n<strong>sciences ?<\/strong><br \/>\nSur un sujet d&rsquo;actualit\u00e9, Les Petits<br \/>\nD\u00e9brouillards vous proposent de<br \/>\nchanger de lunettes, de porter un<br \/>\npoint de vue nouveau, diff\u00e9rent et<br \/>\nde le confronter, de partager des<br \/>\nconnaissances et des questions, de<br \/>\ndiffuser des savoirs, des<br \/>\ninterrogations, d&rsquo;exprimer ses<br \/>\ndoutes.<br \/>\nParce que Les Petits D\u00e9brouillards<br \/>\nont \u00e0 coeur de favoriser la<br \/>\nrencontre entre les experts, les<br \/>\npassionn\u00e9s et les curieux.<\/p>\n<p>&nbsp;<\/p>\n","protected":false},"excerpt":{"rendered":"<p>Le jeudi 15 novembre, l&rsquo;association Les Petits D\u00e9brouillards Grand Est et le Quai Alpha \u00e0 \u00c9pinal organisent un Caf\u00e9-sciences sur [&hellip;]<\/p>\n","protected":false},"author":1,"featured_media":37654,"comment_status":"open","ping_status":"open","sticky":false,"template":"","format":"standard","meta":{"footnotes":""},"categories":[20,18],"tags":[3882,3883],"class_list":["post-37653","post","type-post","status-publish","format-standard","has-post-thumbnail","hentry","category-a-la-une","category-vosges","tag-cci-vosges","tag-quai-alpha"],"acf":[],"yoast_head":"<!-- This site is optimized with the Yoast SEO plugin v22.5 - https:\/\/yoast.com\/wordpress\/plugins\/seo\/ -->\n<title>CAF\u00c9 des SCIENCES \u201cTourisme et transitions\u201d - Gerardmer Info<\/title>\n<meta name=\"robots\" content=\"index, follow, max-snippet:-1, max-image-preview:large, max-video-preview:-1\" \/>\n<link rel=\"canonical\" href=\"https:\/\/vosgesinfo.fr\/gerardmerinfo\/2018\/11\/cafe-sciences-tourisme-transitions\/\" \/>\n<meta name=\"twitter:card\" content=\"summary_large_image\" \/>\n<meta name=\"twitter:title\" content=\"CAF\u00c9 des SCIENCES \u201cTourisme et transitions\u201d - Gerardmer Info\" \/>\n<meta name=\"twitter:description\" content=\"Le jeudi 15 novembre, l&rsquo;association Les Petits D\u00e9brouillards Grand Est et le Quai Alpha \u00e0 \u00c9pinal organisent un Caf\u00e9-sciences sur [&hellip;]\" \/>\n<meta name=\"twitter:image\" content=\"https:\/\/vosgesinfo.fr\/app\/uploads\/sites\/6\/2024\/07\/201811cci-vosges-logo.jpg\" \/>\n<meta name=\"twitter:creator\" content=\"@VosgesInfo88\" \/>\n<meta name=\"twitter:site\" content=\"@VosgesInfo88\" \/>\n<meta name=\"twitter:label1\" content=\"\u00c9crit par\" \/>\n\t<meta name=\"twitter:data1\" content=\"qs_admin\" \/>\n\t<meta name=\"twitter:label2\" content=\"Dur\u00e9e de lecture estim\u00e9e\" \/>\n\t<meta name=\"twitter:data2\" content=\"2 minutes\" \/>\n<script type=\"application\/ld+json\" class=\"yoast-schema-graph\">{\"@context\":\"https:\/\/schema.org\",\"@graph\":[{\"@type\":\"Article\",\"@id\":\"https:\/\/vosgesinfo.fr\/gerardmerinfo\/2018\/11\/cafe-sciences-tourisme-transitions\/#article\",\"isPartOf\":{\"@id\":\"https:\/\/vosgesinfo.fr\/gerardmerinfo\/2018\/11\/cafe-sciences-tourisme-transitions\/\"},\"author\":{\"name\":\"qs_admin\",\"@id\":\"https:\/\/vosgesinfo.fr\/gerardmerinfo\/#\/schema\/person\/bc5d02d71e6932e81b6dadb7386667b1\"},\"headline\":\"CAF\u00c9 des SCIENCES \u201cTourisme et transitions\u201d\",\"datePublished\":\"2018-11-14T15:12:14+00:00\",\"dateModified\":\"2018-11-14T15:12:14+00:00\",\"mainEntityOfPage\":{\"@id\":\"https:\/\/vosgesinfo.fr\/gerardmerinfo\/2018\/11\/cafe-sciences-tourisme-transitions\/\"},\"wordCount\":386,\"commentCount\":0,\"publisher\":{\"@id\":\"https:\/\/vosgesinfo.fr\/gerardmerinfo\/#organization\"},\"image\":{\"@id\":\"https:\/\/vosgesinfo.fr\/gerardmerinfo\/2018\/11\/cafe-sciences-tourisme-transitions\/#primaryimage\"},\"thumbnailUrl\":\"https:\/\/vosgesinfo.fr\/app\/uploads\/sites\/6\/2024\/07\/201811cci-vosges-logo.jpg\",\"keywords\":[\"CCI Vosges\",\"quai alpha\"],\"articleSection\":[\"A la une\",\"Vosges\"],\"inLanguage\":\"fr-FR\",\"potentialAction\":[{\"@type\":\"CommentAction\",\"name\":\"Comment\",\"target\":[\"https:\/\/vosgesinfo.fr\/gerardmerinfo\/2018\/11\/cafe-sciences-tourisme-transitions\/#respond\"]}]},{\"@type\":\"WebPage\",\"@id\":\"https:\/\/vosgesinfo.fr\/gerardmerinfo\/2018\/11\/cafe-sciences-tourisme-transitions\/\",\"url\":\"https:\/\/vosgesinfo.fr\/gerardmerinfo\/2018\/11\/cafe-sciences-tourisme-transitions\/\",\"name\":\"CAF\u00c9 des SCIENCES \u201cTourisme et transitions\u201d - Gerardmer Info\",\"isPartOf\":{\"@id\":\"https:\/\/vosgesinfo.fr\/gerardmerinfo\/#website\"},\"primaryImageOfPage\":{\"@id\":\"https:\/\/vosgesinfo.fr\/gerardmerinfo\/2018\/11\/cafe-sciences-tourisme-transitions\/#primaryimage\"},\"image\":{\"@id\":\"https:\/\/vosgesinfo.fr\/gerardmerinfo\/2018\/11\/cafe-sciences-tourisme-transitions\/#primaryimage\"},\"thumbnailUrl\":\"https:\/\/vosgesinfo.fr\/app\/uploads\/sites\/6\/2024\/07\/201811cci-vosges-logo.jpg\",\"datePublished\":\"2018-11-14T15:12:14+00:00\",\"dateModified\":\"2018-11-14T15:12:14+00:00\",\"breadcrumb\":{\"@id\":\"https:\/\/vosgesinfo.fr\/gerardmerinfo\/2018\/11\/cafe-sciences-tourisme-transitions\/#breadcrumb\"},\"inLanguage\":\"fr-FR\",\"potentialAction\":[{\"@type\":\"ReadAction\",\"target\":[\"https:\/\/vosgesinfo.fr\/gerardmerinfo\/2018\/11\/cafe-sciences-tourisme-transitions\/\"]}]},{\"@type\":\"ImageObject\",\"inLanguage\":\"fr-FR\",\"@id\":\"https:\/\/vosgesinfo.fr\/gerardmerinfo\/2018\/11\/cafe-sciences-tourisme-transitions\/#primaryimage\",\"url\":\"https:\/\/vosgesinfo.fr\/app\/uploads\/sites\/6\/2024\/07\/201811cci-vosges-logo.jpg\",\"contentUrl\":\"https:\/\/vosgesinfo.fr\/app\/uploads\/sites\/6\/2024\/07\/201811cci-vosges-logo.jpg\",\"width\":300,\"height\":300},{\"@type\":\"BreadcrumbList\",\"@id\":\"https:\/\/vosgesinfo.fr\/gerardmerinfo\/2018\/11\/cafe-sciences-tourisme-transitions\/#breadcrumb\",\"itemListElement\":[{\"@type\":\"ListItem\",\"position\":1,\"name\":\"Home\",\"item\":\"https:\/\/vosgesinfo.fr\/gerardmerinfo\/\"},{\"@type\":\"ListItem\",\"position\":2,\"name\":\"CAF\u00c9 des SCIENCES \u201cTourisme et transitions\u201d\"}]},{\"@type\":\"WebSite\",\"@id\":\"https:\/\/vosgesinfo.fr\/gerardmerinfo\/#website\",\"url\":\"https:\/\/vosgesinfo.fr\/gerardmerinfo\/\",\"name\":\"Gerardmer Info\",\"description\":\"Toute l&#039;actualit\u00e9 de G\u00e9rardmer\",\"publisher\":{\"@id\":\"https:\/\/vosgesinfo.fr\/gerardmerinfo\/#organization\"},\"alternateName\":\"Toute l'actualit\u00e9 de G\u00e9rardmer\",\"potentialAction\":[{\"@type\":\"SearchAction\",\"target\":{\"@type\":\"EntryPoint\",\"urlTemplate\":\"https:\/\/vosgesinfo.fr\/gerardmerinfo\/?s={search_term_string}\"},\"query-input\":\"required name=search_term_string\"}],\"inLanguage\":\"fr-FR\"},{\"@type\":\"Organization\",\"@id\":\"https:\/\/vosgesinfo.fr\/gerardmerinfo\/#organization\",\"name\":\"Gerardmer Info\",\"url\":\"https:\/\/vosgesinfo.fr\/gerardmerinfo\/\",\"logo\":{\"@type\":\"ImageObject\",\"inLanguage\":\"fr-FR\",\"@id\":\"https:\/\/vosgesinfo.fr\/gerardmerinfo\/#\/schema\/logo\/image\/\",\"url\":\"https:\/\/vosgesinfo.fr\/app\/uploads\/sites\/6\/2023\/08\/favicon-gerardmerinfo.png\",\"contentUrl\":\"https:\/\/vosgesinfo.fr\/app\/uploads\/sites\/6\/2023\/08\/favicon-gerardmerinfo.png\",\"width\":512,\"height\":512,\"caption\":\"Gerardmer Info\"},\"image\":{\"@id\":\"https:\/\/vosgesinfo.fr\/gerardmerinfo\/#\/schema\/logo\/image\/\"},\"sameAs\":[\"https:\/\/www.facebook.com\/profile.php?id=100049475262660\",\"https:\/\/x.com\/VosgesInfo88\",\"https:\/\/www.youtube.com\/@vosgesinfo\"]},{\"@type\":\"Person\",\"@id\":\"https:\/\/vosgesinfo.fr\/gerardmerinfo\/#\/schema\/person\/bc5d02d71e6932e81b6dadb7386667b1\",\"name\":\"qs_admin\",\"image\":{\"@type\":\"ImageObject\",\"inLanguage\":\"fr-FR\",\"@id\":\"https:\/\/vosgesinfo.fr\/gerardmerinfo\/#\/schema\/person\/image\/\",\"url\":\"https:\/\/secure.gravatar.com\/avatar\/94b18ee0ed79e4a42ea2f2931277b6841a8999fc6fde214600c78057cf1fe1de?s=96&d=mm&r=g\",\"contentUrl\":\"https:\/\/secure.gravatar.com\/avatar\/94b18ee0ed79e4a42ea2f2931277b6841a8999fc6fde214600c78057cf1fe1de?s=96&d=mm&r=g\",\"caption\":\"qs_admin\"},\"sameAs\":[\"https:\/\/vosgesinfo.fr\/wp\"],\"url\":\"https:\/\/vosgesinfo.fr\/gerardmerinfo\/author\/qs_admin\/\"}]}<\/script>\n<!-- \/ Yoast SEO plugin. -->","yoast_head_json":{"title":"CAF\u00c9 des SCIENCES \u201cTourisme et transitions\u201d - Gerardmer Info","robots":{"index":"index","follow":"follow","max-snippet":"max-snippet:-1","max-image-preview":"max-image-preview:large","max-video-preview":"max-video-preview:-1"},"canonical":"https:\/\/vosgesinfo.fr\/gerardmerinfo\/2018\/11\/cafe-sciences-tourisme-transitions\/","twitter_card":"summary_large_image","twitter_title":"CAF\u00c9 des SCIENCES \u201cTourisme et transitions\u201d - Gerardmer Info","twitter_description":"Le jeudi 15 novembre, l&rsquo;association Les Petits D\u00e9brouillards Grand Est et le Quai Alpha \u00e0 \u00c9pinal organisent un Caf\u00e9-sciences sur [&hellip;]","twitter_image":"https:\/\/vosgesinfo.fr\/app\/uploads\/sites\/6\/2024\/07\/201811cci-vosges-logo.jpg","twitter_creator":"@VosgesInfo88","twitter_site":"@VosgesInfo88","twitter_misc":{"\u00c9crit par":"qs_admin","Dur\u00e9e de lecture estim\u00e9e":"2 minutes"},"schema":{"@context":"https:\/\/schema.org","@graph":[{"@type":"Article","@id":"https:\/\/vosgesinfo.fr\/gerardmerinfo\/2018\/11\/cafe-sciences-tourisme-transitions\/#article","isPartOf":{"@id":"https:\/\/vosgesinfo.fr\/gerardmerinfo\/2018\/11\/cafe-sciences-tourisme-transitions\/"},"author":{"name":"qs_admin","@id":"https:\/\/vosgesinfo.fr\/gerardmerinfo\/#\/schema\/person\/bc5d02d71e6932e81b6dadb7386667b1"},"headline":"CAF\u00c9 des SCIENCES \u201cTourisme et transitions\u201d","datePublished":"2018-11-14T15:12:14+00:00","dateModified":"2018-11-14T15:12:14+00:00","mainEntityOfPage":{"@id":"https:\/\/vosgesinfo.fr\/gerardmerinfo\/2018\/11\/cafe-sciences-tourisme-transitions\/"},"wordCount":386,"commentCount":0,"publisher":{"@id":"https:\/\/vosgesinfo.fr\/gerardmerinfo\/#organization"},"image":{"@id":"https:\/\/vosgesinfo.fr\/gerardmerinfo\/2018\/11\/cafe-sciences-tourisme-transitions\/#primaryimage"},"thumbnailUrl":"https:\/\/vosgesinfo.fr\/app\/uploads\/sites\/6\/2024\/07\/201811cci-vosges-logo.jpg","keywords":["CCI Vosges","quai alpha"],"articleSection":["A la une","Vosges"],"inLanguage":"fr-FR","potentialAction":[{"@type":"CommentAction","name":"Comment","target":["https:\/\/vosgesinfo.fr\/gerardmerinfo\/2018\/11\/cafe-sciences-tourisme-transitions\/#respond"]}]},{"@type":"WebPage","@id":"https:\/\/vosgesinfo.fr\/gerardmerinfo\/2018\/11\/cafe-sciences-tourisme-transitions\/","url":"https:\/\/vosgesinfo.fr\/gerardmerinfo\/2018\/11\/cafe-sciences-tourisme-transitions\/","name":"CAF\u00c9 des SCIENCES \u201cTourisme et transitions\u201d - Gerardmer Info","isPartOf":{"@id":"https:\/\/vosgesinfo.fr\/gerardmerinfo\/#website"},"primaryImageOfPage":{"@id":"https:\/\/vosgesinfo.fr\/gerardmerinfo\/2018\/11\/cafe-sciences-tourisme-transitions\/#primaryimage"},"image":{"@id":"https:\/\/vosgesinfo.fr\/gerardmerinfo\/2018\/11\/cafe-sciences-tourisme-transitions\/#primaryimage"},"thumbnailUrl":"https:\/\/vosgesinfo.fr\/app\/uploads\/sites\/6\/2024\/07\/201811cci-vosges-logo.jpg","datePublished":"2018-11-14T15:12:14+00:00","dateModified":"2018-11-14T15:12:14+00:00","breadcrumb":{"@id":"https:\/\/vosgesinfo.fr\/gerardmerinfo\/2018\/11\/cafe-sciences-tourisme-transitions\/#breadcrumb"},"inLanguage":"fr-FR","potentialAction":[{"@type":"ReadAction","target":["https:\/\/vosgesinfo.fr\/gerardmerinfo\/2018\/11\/cafe-sciences-tourisme-transitions\/"]}]},{"@type":"ImageObject","inLanguage":"fr-FR","@id":"https:\/\/vosgesinfo.fr\/gerardmerinfo\/2018\/11\/cafe-sciences-tourisme-transitions\/#primaryimage","url":"https:\/\/vosgesinfo.fr\/app\/uploads\/sites\/6\/2024\/07\/201811cci-vosges-logo.jpg","contentUrl":"https:\/\/vosgesinfo.fr\/app\/uploads\/sites\/6\/2024\/07\/201811cci-vosges-logo.jpg","width":300,"height":300},{"@type":"BreadcrumbList","@id":"https:\/\/vosgesinfo.fr\/gerardmerinfo\/2018\/11\/cafe-sciences-tourisme-transitions\/#breadcrumb","itemListElement":[{"@type":"ListItem","position":1,"name":"Home","item":"https:\/\/vosgesinfo.fr\/gerardmerinfo\/"},{"@type":"ListItem","position":2,"name":"CAF\u00c9 des SCIENCES \u201cTourisme et transitions\u201d"}]},{"@type":"WebSite","@id":"https:\/\/vosgesinfo.fr\/gerardmerinfo\/#website","url":"https:\/\/vosgesinfo.fr\/gerardmerinfo\/","name":"Gerardmer Info","description":"Toute l&#039;actualit\u00e9 de G\u00e9rardmer","publisher":{"@id":"https:\/\/vosgesinfo.fr\/gerardmerinfo\/#organization"},"alternateName":"Toute l'actualit\u00e9 de G\u00e9rardmer","potentialAction":[{"@type":"SearchAction","target":{"@type":"EntryPoint","urlTemplate":"https:\/\/vosgesinfo.fr\/gerardmerinfo\/?s={search_term_string}"},"query-input":"required name=search_term_string"}],"inLanguage":"fr-FR"},{"@type":"Organization","@id":"https:\/\/vosgesinfo.fr\/gerardmerinfo\/#organization","name":"Gerardmer Info","url":"https:\/\/vosgesinfo.fr\/gerardmerinfo\/","logo":{"@type":"ImageObject","inLanguage":"fr-FR","@id":"https:\/\/vosgesinfo.fr\/gerardmerinfo\/#\/schema\/logo\/image\/","url":"https:\/\/vosgesinfo.fr\/app\/uploads\/sites\/6\/2023\/08\/favicon-gerardmerinfo.png","contentUrl":"https:\/\/vosgesinfo.fr\/app\/uploads\/sites\/6\/2023\/08\/favicon-gerardmerinfo.png","width":512,"height":512,"caption":"Gerardmer Info"},"image":{"@id":"https:\/\/vosgesinfo.fr\/gerardmerinfo\/#\/schema\/logo\/image\/"},"sameAs":["https:\/\/www.facebook.com\/profile.php?id=100049475262660","https:\/\/x.com\/VosgesInfo88","https:\/\/www.youtube.com\/@vosgesinfo"]},{"@type":"Person","@id":"https:\/\/vosgesinfo.fr\/gerardmerinfo\/#\/schema\/person\/bc5d02d71e6932e81b6dadb7386667b1","name":"qs_admin","image":{"@type":"ImageObject","inLanguage":"fr-FR","@id":"https:\/\/vosgesinfo.fr\/gerardmerinfo\/#\/schema\/person\/image\/","url":"https:\/\/secure.gravatar.com\/avatar\/94b18ee0ed79e4a42ea2f2931277b6841a8999fc6fde214600c78057cf1fe1de?s=96&d=mm&r=g","contentUrl":"https:\/\/secure.gravatar.com\/avatar\/94b18ee0ed79e4a42ea2f2931277b6841a8999fc6fde214600c78057cf1fe1de?s=96&d=mm&r=g","caption":"qs_admin"},"sameAs":["https:\/\/vosgesinfo.fr\/wp"],"url":"https:\/\/vosgesinfo.fr\/gerardmerinfo\/author\/qs_admin\/"}]}},"_links":{"self":[{"href":"https:\/\/vosgesinfo.fr\/gerardmerinfo\/wp-json\/wp\/v2\/posts\/37653","targetHints":{"allow":["GET"]}}],"collection":[{"href":"https:\/\/vosgesinfo.fr\/gerardmerinfo\/wp-json\/wp\/v2\/posts"}],"about":[{"href":"https:\/\/vosgesinfo.fr\/gerardmerinfo\/wp-json\/wp\/v2\/types\/post"}],"author":[{"embeddable":true,"href":"https:\/\/vosgesinfo.fr\/gerardmerinfo\/wp-json\/wp\/v2\/users\/1"}],"replies":[{"embeddable":true,"href":"https:\/\/vosgesinfo.fr\/gerardmerinfo\/wp-json\/wp\/v2\/comments?post=37653"}],"version-history":[{"count":0,"href":"https:\/\/vosgesinfo.fr\/gerardmerinfo\/wp-json\/wp\/v2\/posts\/37653\/revisions"}],"wp:featuredmedia":[{"embeddable":true,"href":"https:\/\/vosgesinfo.fr\/gerardmerinfo\/wp-json\/wp\/v2\/media\/37654"}],"wp:attachment":[{"href":"https:\/\/vosgesinfo.fr\/gerardmerinfo\/wp-json\/wp\/v2\/media?parent=37653"}],"wp:term":[{"taxonomy":"category","embeddable":true,"href":"https:\/\/vosgesinfo.fr\/gerardmerinfo\/wp-json\/wp\/v2\/categories?post=37653"},{"taxonomy":"post_tag","embeddable":true,"href":"https:\/\/vosgesinfo.fr\/gerardmerinfo\/wp-json\/wp\/v2\/tags?post=37653"}],"curies":[{"name":"wp","href":"https:\/\/api.w.org\/{rel}","templated":true}]}}