{"id":37686,"date":"2018-11-23T12:45:13","date_gmt":"2018-11-23T11:45:13","guid":{"rendered":"https:\/\/vosgesinfo.fr\/gerardmerinfo\/2018\/11\/5eme-edition-24h-realisations-realisez-court-metrage-fantastique-temps-record\/"},"modified":"2018-11-23T12:45:13","modified_gmt":"2018-11-23T11:45:13","slug":"5eme-edition-24h-realisations-realisez-court-metrage-fantastique-temps-record","status":"publish","type":"post","link":"https:\/\/vosgesinfo.fr\/gerardmerinfo\/2018\/11\/5eme-edition-24h-realisations-realisez-court-metrage-fantastique-temps-record\/","title":{"rendered":"5\u00e8me \u00e9dition des 24h des R\u00e9alisations : il est encore temps de vous inscrire !"},"content":{"rendered":"\n<h3><span style=\"color: #000000; font-size: 14pt;\"><span style=\"font-family: Times New Roman, serif;\">La MCL de G\u00e9rardmer vous propose de participer \u00e0 la 5<b>\u00e8me \u00e9dition des 24h des R\u00e9alisations <\/b>qui aura lieu du samedi 01 d\u00e9cembre au dimanche 02 d\u00e9cembre 2018 :<\/span><\/span><\/h3>\n<p><span style=\"color: #000000; font-size: 14pt;\"><span style=\"font-family: Times New Roman, serif;\">Les 24heures des R\u00e9alisations vous proposent de vous confronter \u00e0 la r\u00e9alisation d&rsquo;un court-m\u00e9trage dans une ambiance conviviale et en 24h chrono. En partenariat avec le 26\u00e8me Festival International du Film Fantastique et les 24H des R\u00e9alisations organis\u00e9es par la F\u00e9d\u00e9ration Fran\u00e7aise des MJC, la MCL de G\u00e9rardmer accueille les passionn\u00e9s de cin\u00e9ma pour ce challenge intense.<\/span><\/span><\/p>\n<p><span style=\"color: #000000; font-size: 14pt;\"><span style=\"font-family: Times New Roman, serif;\"><b>Vous aurez 24 heures pour r\u00e9aliser un film sur un th\u00e8me fantastique tir\u00e9 au sort le jour m\u00eame.<\/b><\/span><\/span><\/p>\n<p><span style=\"color: #000000; font-size: 14pt;\"><span style=\"font-family: Times New Roman, serif;\">Les \u00e9quipes seront compos\u00e9es au maximum de 5 personnes, \u00e2g\u00e9es entre 15 et 26 ans.<b>Les courts-m\u00e9trages seront d\u00e9partag\u00e9s par un jury de professionnels du cin\u00e9ma, le dimanche 02 d\u00e9cembre \u00e0 12h. Le jury d\u00e9cernera ce jour-l\u00e0 le prix coup de c\u0153ur de cette quatri\u00e8me \u00e9dition. L&rsquo;\u00e9quipe gagnante concourra \u00e0 Paris pour l&rsquo;\u00e9dition nationale des 24H des R\u00e9alisations les 22, 23 et 24 f\u00e9vrier 2019 (h\u00e9bergement et transport pris en charge).<\/b><\/span><\/span><\/p>\n<p><span style=\"color: #000000; font-size: 14pt;\"><span style=\"font-family: Times New Roman, serif;\">Une projection gratuite et ouverte \u00e0 tous aura lieu en f\u00e9vrier 2019 (jour \u00e0 d\u00e9finir) dans le cadre du <b>Festival International du Film Fantastique de G\u00e9rardmer !<\/b><\/span><\/span><\/p>\n<p><span style=\"color: #000000; font-size: 14pt;\"><span style=\"font-family: Times New Roman, serif;\">Vous \u00eates fan de cin\u00e9ma? Vous avez envie de vivre une aventure exceptionnelle avec votre \u00e9quipe ? Alors les 24h des R\u00e9alisations sont pour vous !<\/span><\/span><\/p>\n<p><span style=\"font-size: 14pt;\"><span style=\"color: #000000;\"><span style=\"font-family: Times New Roman, serif;\">Inscriptions jusqu&rsquo;au 27 novembre 2018.<\/span><\/span><span style=\"color: #000000;\"><span style=\"font-family: Times New Roman, serif;\">\u00a0<\/span><\/span><span style=\"color: #000000;\"><span style=\"font-family: Times New Roman, serif;\">Pour plus de renseignements et inscriptions :\u00a0<a title=\"Appeler avec Hangouts\" href=\"https:\/\/www.google.com\/search?client=firefox-b&amp;ei=QMnZW8PmCI3QaKeJr6gD&amp;q=mcl+de+g%C3%A9rardmer&amp;oq=mcl+de+g%C3%A9rardmer&amp;gs_l=psy-ab.3..0j0i22i30k1l2.2049418.2052557.0.2052842.16.16.0.0.0.0.186.1613.6j9.15.0....0...1.1.64.psy-ab..1.15.1606...0i131k1j35i39k1j0i203k1.0.Gdf6rfRVBh4#\" target=\"_blank\" rel=\"noopener noreferrer\" data-auth=\"NotApplicable\">03 29 63 11 96<\/a>\u00a0 <a href=\"mailto:contactmcl.gerardmer@orange.fr\" target=\"_blank\" rel=\"noopener noreferrer\" data-auth=\"NotApplicable\">contactmcl.gerardmer@orange.fr<\/a><\/span><\/span><span style=\"color: #000000;\"><span style=\"font-family: Times New Roman, serif;\"><wbr \/>\u00a0 ou\u00a0 <a href=\"mailto:maxime.acker@gmail.com\" target=\"_blank\" rel=\"noopener noreferrer\" data-auth=\"NotApplicable\">maxime.acker@gmail.com<\/a> <\/span><\/span><span style=\"color: #000000;\"><span style=\"font-family: Times New Roman, serif;\">R\u00e8glement en PJ et \u00e0 retrouver sur notre site internet\u00a0<a href=\"http:\/\/mclgerardmer.fr\/\" target=\"_blank\" rel=\"noopener noreferrer\" data-auth=\"NotApplicable\">mclgerardmer.fr<\/a><\/span><\/span><\/span><\/p>\n<p>T\u00e9l\u00e9chargement ici : <span style=\"color: #000080;\"><a style=\"color: #000080;\" href=\"\/2018\/11\/24heures2019.pdf\">24heures 2019<\/a><\/span><\/p>\n<p>&nbsp;<\/p>\n","protected":false},"excerpt":{"rendered":"<p>La MCL de G\u00e9rardmer vous propose de participer \u00e0 la 5\u00e8me \u00e9dition des 24h des R\u00e9alisations qui aura lieu du [&hellip;]<\/p>\n","protected":false},"author":1,"featured_media":37687,"comment_status":"open","ping_status":"open","sticky":false,"template":"","format":"standard","meta":{"footnotes":""},"categories":[20,4,25,18],"tags":[2733,103],"class_list":["post-37686","post","type-post","status-publish","format-standard","has-post-thumbnail","hentry","category-a-la-une","category-culture","category-gerardmer","category-vosges","tag-24h-des-realisations","tag-mcl-gerardmer"],"acf":[],"yoast_head":"<!-- This site is optimized with the Yoast SEO plugin v22.5 - https:\/\/yoast.com\/wordpress\/plugins\/seo\/ -->\n<title>5\u00e8me \u00e9dition des 24h des R\u00e9alisations : il est encore temps de vous inscrire ! - Gerardmer Info<\/title>\n<meta name=\"robots\" content=\"index, follow, max-snippet:-1, max-image-preview:large, max-video-preview:-1\" \/>\n<link rel=\"canonical\" href=\"https:\/\/vosgesinfo.fr\/gerardmerinfo\/2018\/11\/5eme-edition-24h-realisations-realisez-court-metrage-fantastique-temps-record\/\" \/>\n<meta name=\"twitter:card\" content=\"summary_large_image\" \/>\n<meta name=\"twitter:title\" content=\"5\u00e8me \u00e9dition des 24h des R\u00e9alisations : il est encore temps de vous inscrire ! - Gerardmer Info\" \/>\n<meta name=\"twitter:description\" content=\"La MCL de G\u00e9rardmer vous propose de participer \u00e0 la 5\u00e8me \u00e9dition des 24h des R\u00e9alisations qui aura lieu du [&hellip;]\" \/>\n<meta name=\"twitter:image\" content=\"https:\/\/vosgesinfo.fr\/app\/uploads\/sites\/6\/2024\/07\/20160224h-paris-2-2.jpg\" \/>\n<meta name=\"twitter:creator\" content=\"@VosgesInfo88\" \/>\n<meta name=\"twitter:site\" content=\"@VosgesInfo88\" \/>\n<meta name=\"twitter:label1\" content=\"\u00c9crit par\" \/>\n\t<meta name=\"twitter:data1\" content=\"qs_admin\" \/>\n\t<meta name=\"twitter:label2\" content=\"Dur\u00e9e de lecture estim\u00e9e\" \/>\n\t<meta name=\"twitter:data2\" content=\"1 minute\" \/>\n<script type=\"application\/ld+json\" class=\"yoast-schema-graph\">{\"@context\":\"https:\/\/schema.org\",\"@graph\":[{\"@type\":\"Article\",\"@id\":\"https:\/\/vosgesinfo.fr\/gerardmerinfo\/2018\/11\/5eme-edition-24h-realisations-realisez-court-metrage-fantastique-temps-record\/#article\",\"isPartOf\":{\"@id\":\"https:\/\/vosgesinfo.fr\/gerardmerinfo\/2018\/11\/5eme-edition-24h-realisations-realisez-court-metrage-fantastique-temps-record\/\"},\"author\":{\"name\":\"qs_admin\",\"@id\":\"https:\/\/vosgesinfo.fr\/gerardmerinfo\/#\/schema\/person\/bc5d02d71e6932e81b6dadb7386667b1\"},\"headline\":\"5\u00e8me \u00e9dition des 24h des R\u00e9alisations : il est encore temps de vous inscrire !\",\"datePublished\":\"2018-11-23T11:45:13+00:00\",\"dateModified\":\"2018-11-23T11:45:13+00:00\",\"mainEntityOfPage\":{\"@id\":\"https:\/\/vosgesinfo.fr\/gerardmerinfo\/2018\/11\/5eme-edition-24h-realisations-realisez-court-metrage-fantastique-temps-record\/\"},\"wordCount\":306,\"commentCount\":0,\"publisher\":{\"@id\":\"https:\/\/vosgesinfo.fr\/gerardmerinfo\/#organization\"},\"image\":{\"@id\":\"https:\/\/vosgesinfo.fr\/gerardmerinfo\/2018\/11\/5eme-edition-24h-realisations-realisez-court-metrage-fantastique-temps-record\/#primaryimage\"},\"thumbnailUrl\":\"https:\/\/vosgesinfo.fr\/app\/uploads\/sites\/6\/2024\/07\/20160224h-paris-2-2.jpg\",\"keywords\":[\"24H des r\u00e9alisations\",\"MCL G\u00e9rardmer\"],\"articleSection\":[\"A la une\",\"Culture\",\"G\u00e9rardmer\",\"Vosges\"],\"inLanguage\":\"fr-FR\",\"potentialAction\":[{\"@type\":\"CommentAction\",\"name\":\"Comment\",\"target\":[\"https:\/\/vosgesinfo.fr\/gerardmerinfo\/2018\/11\/5eme-edition-24h-realisations-realisez-court-metrage-fantastique-temps-record\/#respond\"]}]},{\"@type\":\"WebPage\",\"@id\":\"https:\/\/vosgesinfo.fr\/gerardmerinfo\/2018\/11\/5eme-edition-24h-realisations-realisez-court-metrage-fantastique-temps-record\/\",\"url\":\"https:\/\/vosgesinfo.fr\/gerardmerinfo\/2018\/11\/5eme-edition-24h-realisations-realisez-court-metrage-fantastique-temps-record\/\",\"name\":\"5\u00e8me \u00e9dition des 24h des R\u00e9alisations : il est encore temps de vous inscrire ! - Gerardmer Info\",\"isPartOf\":{\"@id\":\"https:\/\/vosgesinfo.fr\/gerardmerinfo\/#website\"},\"primaryImageOfPage\":{\"@id\":\"https:\/\/vosgesinfo.fr\/gerardmerinfo\/2018\/11\/5eme-edition-24h-realisations-realisez-court-metrage-fantastique-temps-record\/#primaryimage\"},\"image\":{\"@id\":\"https:\/\/vosgesinfo.fr\/gerardmerinfo\/2018\/11\/5eme-edition-24h-realisations-realisez-court-metrage-fantastique-temps-record\/#primaryimage\"},\"thumbnailUrl\":\"https:\/\/vosgesinfo.fr\/app\/uploads\/sites\/6\/2024\/07\/20160224h-paris-2-2.jpg\",\"datePublished\":\"2018-11-23T11:45:13+00:00\",\"dateModified\":\"2018-11-23T11:45:13+00:00\",\"breadcrumb\":{\"@id\":\"https:\/\/vosgesinfo.fr\/gerardmerinfo\/2018\/11\/5eme-edition-24h-realisations-realisez-court-metrage-fantastique-temps-record\/#breadcrumb\"},\"inLanguage\":\"fr-FR\",\"potentialAction\":[{\"@type\":\"ReadAction\",\"target\":[\"https:\/\/vosgesinfo.fr\/gerardmerinfo\/2018\/11\/5eme-edition-24h-realisations-realisez-court-metrage-fantastique-temps-record\/\"]}]},{\"@type\":\"ImageObject\",\"inLanguage\":\"fr-FR\",\"@id\":\"https:\/\/vosgesinfo.fr\/gerardmerinfo\/2018\/11\/5eme-edition-24h-realisations-realisez-court-metrage-fantastique-temps-record\/#primaryimage\",\"url\":\"https:\/\/vosgesinfo.fr\/app\/uploads\/sites\/6\/2024\/07\/20160224h-paris-2-2.jpg\",\"contentUrl\":\"https:\/\/vosgesinfo.fr\/app\/uploads\/sites\/6\/2024\/07\/20160224h-paris-2-2.jpg\",\"width\":1080,\"height\":720},{\"@type\":\"BreadcrumbList\",\"@id\":\"https:\/\/vosgesinfo.fr\/gerardmerinfo\/2018\/11\/5eme-edition-24h-realisations-realisez-court-metrage-fantastique-temps-record\/#breadcrumb\",\"itemListElement\":[{\"@type\":\"ListItem\",\"position\":1,\"name\":\"Home\",\"item\":\"https:\/\/vosgesinfo.fr\/gerardmerinfo\/\"},{\"@type\":\"ListItem\",\"position\":2,\"name\":\"5\u00e8me \u00e9dition des 24h des R\u00e9alisations : il est encore temps de vous inscrire !\"}]},{\"@type\":\"WebSite\",\"@id\":\"https:\/\/vosgesinfo.fr\/gerardmerinfo\/#website\",\"url\":\"https:\/\/vosgesinfo.fr\/gerardmerinfo\/\",\"name\":\"Gerardmer Info\",\"description\":\"Toute l&#039;actualit\u00e9 de G\u00e9rardmer\",\"publisher\":{\"@id\":\"https:\/\/vosgesinfo.fr\/gerardmerinfo\/#organization\"},\"alternateName\":\"Toute l'actualit\u00e9 de G\u00e9rardmer\",\"potentialAction\":[{\"@type\":\"SearchAction\",\"target\":{\"@type\":\"EntryPoint\",\"urlTemplate\":\"https:\/\/vosgesinfo.fr\/gerardmerinfo\/?s={search_term_string}\"},\"query-input\":\"required name=search_term_string\"}],\"inLanguage\":\"fr-FR\"},{\"@type\":\"Organization\",\"@id\":\"https:\/\/vosgesinfo.fr\/gerardmerinfo\/#organization\",\"name\":\"Gerardmer Info\",\"url\":\"https:\/\/vosgesinfo.fr\/gerardmerinfo\/\",\"logo\":{\"@type\":\"ImageObject\",\"inLanguage\":\"fr-FR\",\"@id\":\"https:\/\/vosgesinfo.fr\/gerardmerinfo\/#\/schema\/logo\/image\/\",\"url\":\"https:\/\/vosgesinfo.fr\/app\/uploads\/sites\/6\/2023\/08\/favicon-gerardmerinfo.png\",\"contentUrl\":\"https:\/\/vosgesinfo.fr\/app\/uploads\/sites\/6\/2023\/08\/favicon-gerardmerinfo.png\",\"width\":512,\"height\":512,\"caption\":\"Gerardmer Info\"},\"image\":{\"@id\":\"https:\/\/vosgesinfo.fr\/gerardmerinfo\/#\/schema\/logo\/image\/\"},\"sameAs\":[\"https:\/\/www.facebook.com\/profile.php?id=100049475262660\",\"https:\/\/x.com\/VosgesInfo88\",\"https:\/\/www.youtube.com\/@vosgesinfo\"]},{\"@type\":\"Person\",\"@id\":\"https:\/\/vosgesinfo.fr\/gerardmerinfo\/#\/schema\/person\/bc5d02d71e6932e81b6dadb7386667b1\",\"name\":\"qs_admin\",\"image\":{\"@type\":\"ImageObject\",\"inLanguage\":\"fr-FR\",\"@id\":\"https:\/\/vosgesinfo.fr\/gerardmerinfo\/#\/schema\/person\/image\/\",\"url\":\"https:\/\/secure.gravatar.com\/avatar\/94b18ee0ed79e4a42ea2f2931277b6841a8999fc6fde214600c78057cf1fe1de?s=96&d=mm&r=g\",\"contentUrl\":\"https:\/\/secure.gravatar.com\/avatar\/94b18ee0ed79e4a42ea2f2931277b6841a8999fc6fde214600c78057cf1fe1de?s=96&d=mm&r=g\",\"caption\":\"qs_admin\"},\"sameAs\":[\"https:\/\/vosgesinfo.fr\/wp\"],\"url\":\"https:\/\/vosgesinfo.fr\/gerardmerinfo\/author\/qs_admin\/\"}]}<\/script>\n<!-- \/ Yoast SEO plugin. -->","yoast_head_json":{"title":"5\u00e8me \u00e9dition des 24h des R\u00e9alisations : il est encore temps de vous inscrire ! - Gerardmer Info","robots":{"index":"index","follow":"follow","max-snippet":"max-snippet:-1","max-image-preview":"max-image-preview:large","max-video-preview":"max-video-preview:-1"},"canonical":"https:\/\/vosgesinfo.fr\/gerardmerinfo\/2018\/11\/5eme-edition-24h-realisations-realisez-court-metrage-fantastique-temps-record\/","twitter_card":"summary_large_image","twitter_title":"5\u00e8me \u00e9dition des 24h des R\u00e9alisations : il est encore temps de vous inscrire ! - Gerardmer Info","twitter_description":"La MCL de G\u00e9rardmer vous propose de participer \u00e0 la 5\u00e8me \u00e9dition des 24h des R\u00e9alisations qui aura lieu du [&hellip;]","twitter_image":"https:\/\/vosgesinfo.fr\/app\/uploads\/sites\/6\/2024\/07\/20160224h-paris-2-2.jpg","twitter_creator":"@VosgesInfo88","twitter_site":"@VosgesInfo88","twitter_misc":{"\u00c9crit par":"qs_admin","Dur\u00e9e de lecture estim\u00e9e":"1 minute"},"schema":{"@context":"https:\/\/schema.org","@graph":[{"@type":"Article","@id":"https:\/\/vosgesinfo.fr\/gerardmerinfo\/2018\/11\/5eme-edition-24h-realisations-realisez-court-metrage-fantastique-temps-record\/#article","isPartOf":{"@id":"https:\/\/vosgesinfo.fr\/gerardmerinfo\/2018\/11\/5eme-edition-24h-realisations-realisez-court-metrage-fantastique-temps-record\/"},"author":{"name":"qs_admin","@id":"https:\/\/vosgesinfo.fr\/gerardmerinfo\/#\/schema\/person\/bc5d02d71e6932e81b6dadb7386667b1"},"headline":"5\u00e8me \u00e9dition des 24h des R\u00e9alisations : il est encore temps de vous inscrire !","datePublished":"2018-11-23T11:45:13+00:00","dateModified":"2018-11-23T11:45:13+00:00","mainEntityOfPage":{"@id":"https:\/\/vosgesinfo.fr\/gerardmerinfo\/2018\/11\/5eme-edition-24h-realisations-realisez-court-metrage-fantastique-temps-record\/"},"wordCount":306,"commentCount":0,"publisher":{"@id":"https:\/\/vosgesinfo.fr\/gerardmerinfo\/#organization"},"image":{"@id":"https:\/\/vosgesinfo.fr\/gerardmerinfo\/2018\/11\/5eme-edition-24h-realisations-realisez-court-metrage-fantastique-temps-record\/#primaryimage"},"thumbnailUrl":"https:\/\/vosgesinfo.fr\/app\/uploads\/sites\/6\/2024\/07\/20160224h-paris-2-2.jpg","keywords":["24H des r\u00e9alisations","MCL G\u00e9rardmer"],"articleSection":["A la une","Culture","G\u00e9rardmer","Vosges"],"inLanguage":"fr-FR","potentialAction":[{"@type":"CommentAction","name":"Comment","target":["https:\/\/vosgesinfo.fr\/gerardmerinfo\/2018\/11\/5eme-edition-24h-realisations-realisez-court-metrage-fantastique-temps-record\/#respond"]}]},{"@type":"WebPage","@id":"https:\/\/vosgesinfo.fr\/gerardmerinfo\/2018\/11\/5eme-edition-24h-realisations-realisez-court-metrage-fantastique-temps-record\/","url":"https:\/\/vosgesinfo.fr\/gerardmerinfo\/2018\/11\/5eme-edition-24h-realisations-realisez-court-metrage-fantastique-temps-record\/","name":"5\u00e8me \u00e9dition des 24h des R\u00e9alisations : il est encore temps de vous inscrire ! - Gerardmer Info","isPartOf":{"@id":"https:\/\/vosgesinfo.fr\/gerardmerinfo\/#website"},"primaryImageOfPage":{"@id":"https:\/\/vosgesinfo.fr\/gerardmerinfo\/2018\/11\/5eme-edition-24h-realisations-realisez-court-metrage-fantastique-temps-record\/#primaryimage"},"image":{"@id":"https:\/\/vosgesinfo.fr\/gerardmerinfo\/2018\/11\/5eme-edition-24h-realisations-realisez-court-metrage-fantastique-temps-record\/#primaryimage"},"thumbnailUrl":"https:\/\/vosgesinfo.fr\/app\/uploads\/sites\/6\/2024\/07\/20160224h-paris-2-2.jpg","datePublished":"2018-11-23T11:45:13+00:00","dateModified":"2018-11-23T11:45:13+00:00","breadcrumb":{"@id":"https:\/\/vosgesinfo.fr\/gerardmerinfo\/2018\/11\/5eme-edition-24h-realisations-realisez-court-metrage-fantastique-temps-record\/#breadcrumb"},"inLanguage":"fr-FR","potentialAction":[{"@type":"ReadAction","target":["https:\/\/vosgesinfo.fr\/gerardmerinfo\/2018\/11\/5eme-edition-24h-realisations-realisez-court-metrage-fantastique-temps-record\/"]}]},{"@type":"ImageObject","inLanguage":"fr-FR","@id":"https:\/\/vosgesinfo.fr\/gerardmerinfo\/2018\/11\/5eme-edition-24h-realisations-realisez-court-metrage-fantastique-temps-record\/#primaryimage","url":"https:\/\/vosgesinfo.fr\/app\/uploads\/sites\/6\/2024\/07\/20160224h-paris-2-2.jpg","contentUrl":"https:\/\/vosgesinfo.fr\/app\/uploads\/sites\/6\/2024\/07\/20160224h-paris-2-2.jpg","width":1080,"height":720},{"@type":"BreadcrumbList","@id":"https:\/\/vosgesinfo.fr\/gerardmerinfo\/2018\/11\/5eme-edition-24h-realisations-realisez-court-metrage-fantastique-temps-record\/#breadcrumb","itemListElement":[{"@type":"ListItem","position":1,"name":"Home","item":"https:\/\/vosgesinfo.fr\/gerardmerinfo\/"},{"@type":"ListItem","position":2,"name":"5\u00e8me \u00e9dition des 24h des R\u00e9alisations : il est encore temps de vous inscrire !"}]},{"@type":"WebSite","@id":"https:\/\/vosgesinfo.fr\/gerardmerinfo\/#website","url":"https:\/\/vosgesinfo.fr\/gerardmerinfo\/","name":"Gerardmer Info","description":"Toute l&#039;actualit\u00e9 de G\u00e9rardmer","publisher":{"@id":"https:\/\/vosgesinfo.fr\/gerardmerinfo\/#organization"},"alternateName":"Toute l'actualit\u00e9 de G\u00e9rardmer","potentialAction":[{"@type":"SearchAction","target":{"@type":"EntryPoint","urlTemplate":"https:\/\/vosgesinfo.fr\/gerardmerinfo\/?s={search_term_string}"},"query-input":"required name=search_term_string"}],"inLanguage":"fr-FR"},{"@type":"Organization","@id":"https:\/\/vosgesinfo.fr\/gerardmerinfo\/#organization","name":"Gerardmer Info","url":"https:\/\/vosgesinfo.fr\/gerardmerinfo\/","logo":{"@type":"ImageObject","inLanguage":"fr-FR","@id":"https:\/\/vosgesinfo.fr\/gerardmerinfo\/#\/schema\/logo\/image\/","url":"https:\/\/vosgesinfo.fr\/app\/uploads\/sites\/6\/2023\/08\/favicon-gerardmerinfo.png","contentUrl":"https:\/\/vosgesinfo.fr\/app\/uploads\/sites\/6\/2023\/08\/favicon-gerardmerinfo.png","width":512,"height":512,"caption":"Gerardmer Info"},"image":{"@id":"https:\/\/vosgesinfo.fr\/gerardmerinfo\/#\/schema\/logo\/image\/"},"sameAs":["https:\/\/www.facebook.com\/profile.php?id=100049475262660","https:\/\/x.com\/VosgesInfo88","https:\/\/www.youtube.com\/@vosgesinfo"]},{"@type":"Person","@id":"https:\/\/vosgesinfo.fr\/gerardmerinfo\/#\/schema\/person\/bc5d02d71e6932e81b6dadb7386667b1","name":"qs_admin","image":{"@type":"ImageObject","inLanguage":"fr-FR","@id":"https:\/\/vosgesinfo.fr\/gerardmerinfo\/#\/schema\/person\/image\/","url":"https:\/\/secure.gravatar.com\/avatar\/94b18ee0ed79e4a42ea2f2931277b6841a8999fc6fde214600c78057cf1fe1de?s=96&d=mm&r=g","contentUrl":"https:\/\/secure.gravatar.com\/avatar\/94b18ee0ed79e4a42ea2f2931277b6841a8999fc6fde214600c78057cf1fe1de?s=96&d=mm&r=g","caption":"qs_admin"},"sameAs":["https:\/\/vosgesinfo.fr\/wp"],"url":"https:\/\/vosgesinfo.fr\/gerardmerinfo\/author\/qs_admin\/"}]}},"_links":{"self":[{"href":"https:\/\/vosgesinfo.fr\/gerardmerinfo\/wp-json\/wp\/v2\/posts\/37686","targetHints":{"allow":["GET"]}}],"collection":[{"href":"https:\/\/vosgesinfo.fr\/gerardmerinfo\/wp-json\/wp\/v2\/posts"}],"about":[{"href":"https:\/\/vosgesinfo.fr\/gerardmerinfo\/wp-json\/wp\/v2\/types\/post"}],"author":[{"embeddable":true,"href":"https:\/\/vosgesinfo.fr\/gerardmerinfo\/wp-json\/wp\/v2\/users\/1"}],"replies":[{"embeddable":true,"href":"https:\/\/vosgesinfo.fr\/gerardmerinfo\/wp-json\/wp\/v2\/comments?post=37686"}],"version-history":[{"count":0,"href":"https:\/\/vosgesinfo.fr\/gerardmerinfo\/wp-json\/wp\/v2\/posts\/37686\/revisions"}],"wp:featuredmedia":[{"embeddable":true,"href":"https:\/\/vosgesinfo.fr\/gerardmerinfo\/wp-json\/wp\/v2\/media\/37687"}],"wp:attachment":[{"href":"https:\/\/vosgesinfo.fr\/gerardmerinfo\/wp-json\/wp\/v2\/media?parent=37686"}],"wp:term":[{"taxonomy":"category","embeddable":true,"href":"https:\/\/vosgesinfo.fr\/gerardmerinfo\/wp-json\/wp\/v2\/categories?post=37686"},{"taxonomy":"post_tag","embeddable":true,"href":"https:\/\/vosgesinfo.fr\/gerardmerinfo\/wp-json\/wp\/v2\/tags?post=37686"}],"curies":[{"name":"wp","href":"https:\/\/api.w.org\/{rel}","templated":true}]}}