{"id":37721,"date":"2018-11-09T18:55:01","date_gmt":"2018-11-09T17:55:01","guid":{"rendered":"https:\/\/vosgesinfo.fr\/gerardmerinfo\/2018\/11\/centenaire-de-grande-guerre-club-cartophile-geromois\/"},"modified":"2018-11-09T18:55:01","modified_gmt":"2018-11-09T17:55:01","slug":"centenaire-de-grande-guerre-club-cartophile-geromois","status":"publish","type":"post","link":"https:\/\/vosgesinfo.fr\/gerardmerinfo\/2018\/11\/centenaire-de-grande-guerre-club-cartophile-geromois\/","title":{"rendered":"Le Centenaire de la Grande Guerre vu par le Club Cartophile G\u00e9r\u00f4mois"},"content":{"rendered":"<p><a href=\"\/2018\/11\/Gilles-Durand-Patrick-M\u00e9ny-du-club-cartophile-g\u00e9r\u00f4mois.jpg\"><img decoding=\"async\" class=\"aligncenter size-full wp-image-137244\" src=\"\/2018\/11\/Gilles-Durand-Patrick-M\u00e9ny-du-club-cartophile-g\u00e9r\u00f4mois.jpg\" alt=\"Gilles Durand &amp; Patrick M\u00e9ny du club cartophile g\u00e9r\u00f4mois\" width=\"800\" height=\"600\" \/><\/a><\/p>\n<p>\u00ab\u00a0Un centenaire est toujours un anniversaire sp\u00e9cial, mais quand il s&rsquo;agit de l\u2019Armistice de la Grande Guerre, c&rsquo;est un \u00e9v\u00e9nement majeur. Dans cette perspective, le moment \u00e9tait venu d&rsquo;aborder d&rsquo;une mani\u00e8re s\u00e9rieuse et document\u00e9e de faits incontestables un sujet d\u2019apparence infime : \u00ab\u00a0le service de sant\u00e9 \u00e0 G\u00e9rardmer\u00a0\u00bb pendant 1914\/1918.<\/p>\n<p>Cette th\u00e9matique, tr\u00e8s m\u00e9connue du grand public, m\u00e9rite pourtant un int\u00e9r\u00eat soutenu en raison du caract\u00e8re novateur de l&rsquo;\u00e9tude : la r\u00e9f\u00e9rence \u00e0 l&rsquo;action vitale des soignants au milieu et au service des combattants. C&rsquo;est ainsi qu&rsquo;une vision historique visant une analyse pertinente a permis de pr\u00e9senter la vie \u00e0 G\u00e9rardmer de Claudius REGAUD, l&rsquo;un des grands pionniers de la radioth\u00e9rapie qui a d&rsquo;ailleurs r\u00e9cemment donn\u00e9 son nom au centre hospitalier g\u00e9r\u00f4mois.<\/p>\n<p>Les r\u00e9cits racont\u00e9s par ceux qui ont v\u00e9cu les combats ont une valeur essentielle pour l&rsquo;historien et ils sont nombreux dans ce livre. La v\u00e9rit\u00e9 va \u00e9merger de la lecture d&rsquo;archives in\u00e9dites ou devenues accessibles depuis peu. Citons en premier lieu les journaux des marches &amp; Op\u00e9rations qui relatent les \u00e9v\u00e9nements v\u00e9cus par les diff\u00e9rentes unit\u00e9s militaires. Ces donn\u00e9es pr\u00e9cieuses sont en fait des documents irrempla\u00e7ables.<\/p>\n<p>Le livre s&rsquo;attache \u00e0 souligner la formidable mobilisation des infirmi\u00e8res volontaires de la Croix Rouge Fran\u00e7aise qui se d\u00e9vou\u00e8rent aupr\u00e8s des bless\u00e9s. Il \u00e9voque pleinement le r\u00f4le bien ignor\u00e9 des Sections Sanitaires Automobiles Anglaises pr\u00e9sentes dans les Hautes Vosges avec G\u00e9rardmer comme noyau central. C&rsquo;est l&rsquo;occasion de rendre hommage \u00e0 ces pr\u00e9cieux auxiliaires qui s&rsquo;acharn\u00e8rent \u00e0 transporter quelques 45 000 bless\u00e9s dans les h\u00f4pitaux g\u00e9r\u00f4mois.<\/p>\n<p>Le lecteur trouvera dans cet ouvrage un ensemble iconographique d&rsquo;une exceptionnelle richesse. Cet expos\u00e9 pratique fait de mesure dans le jugement et abondamment illustr\u00e9 plaira \u00e0 quiconque veut se rafra\u00eechir une d\u00e9faillante m\u00e9moire ou jeter un regard neuf sur G\u00e9rardmer pendant la Grande Guerre.\u00a0\u00bb<\/p>\n<p><strong>Pour le Club Cartophile G\u00e9r\u00f4mois,<\/strong><\/p>\n<p><strong>Gilles Durand<\/strong><\/p>\n<p>Ouvrage disponibles dans les librairies locales et aupr\u00e8s des membres du club Gilles Durand (T\u00e9l. 03 29 63 29 25) et Patrick M\u00e9ny (T\u00e9l. 03 29 63 30 89).<\/p>\n","protected":false},"excerpt":{"rendered":"<p>\u00ab\u00a0Un centenaire est toujours un anniversaire sp\u00e9cial, mais quand il s&rsquo;agit de l\u2019Armistice de la Grande Guerre, c&rsquo;est un \u00e9v\u00e9nement [&hellip;]<\/p>\n","protected":false},"author":1,"featured_media":37722,"comment_status":"open","ping_status":"open","sticky":false,"template":"","format":"standard","meta":{"footnotes":""},"categories":[20,4,25,64],"tags":[2095],"class_list":["post-37721","post","type-post","status-publish","format-standard","has-post-thumbnail","hentry","category-a-la-une","category-culture","category-gerardmer","category-litterature","tag-club-cartophile"],"acf":[],"yoast_head":"<!-- This site is optimized with the Yoast SEO plugin v22.5 - https:\/\/yoast.com\/wordpress\/plugins\/seo\/ -->\n<title>Le Centenaire de la Grande Guerre vu par le Club Cartophile G\u00e9r\u00f4mois - Gerardmer Info<\/title>\n<meta name=\"robots\" content=\"index, follow, max-snippet:-1, max-image-preview:large, max-video-preview:-1\" \/>\n<link rel=\"canonical\" href=\"https:\/\/vosgesinfo.fr\/gerardmerinfo\/2018\/11\/centenaire-de-grande-guerre-club-cartophile-geromois\/\" \/>\n<meta name=\"twitter:card\" content=\"summary_large_image\" \/>\n<meta name=\"twitter:title\" content=\"Le Centenaire de la Grande Guerre vu par le Club Cartophile G\u00e9r\u00f4mois - Gerardmer Info\" \/>\n<meta name=\"twitter:description\" content=\"\u00ab\u00a0Un centenaire est toujours un anniversaire sp\u00e9cial, mais quand il s&rsquo;agit de l\u2019Armistice de la Grande Guerre, c&rsquo;est un \u00e9v\u00e9nement [&hellip;]\" \/>\n<meta name=\"twitter:image\" content=\"https:\/\/vosgesinfo.fr\/app\/uploads\/sites\/6\/2024\/07\/201811gilles-durand-patrick-meny-du-club-cartophile-geromois.jpg\" \/>\n<meta name=\"twitter:creator\" content=\"@VosgesInfo88\" \/>\n<meta name=\"twitter:site\" content=\"@VosgesInfo88\" \/>\n<meta name=\"twitter:label1\" content=\"\u00c9crit par\" \/>\n\t<meta name=\"twitter:data1\" content=\"qs_admin\" \/>\n\t<meta name=\"twitter:label2\" content=\"Dur\u00e9e de lecture estim\u00e9e\" \/>\n\t<meta name=\"twitter:data2\" content=\"2 minutes\" \/>\n<script type=\"application\/ld+json\" class=\"yoast-schema-graph\">{\"@context\":\"https:\/\/schema.org\",\"@graph\":[{\"@type\":\"Article\",\"@id\":\"https:\/\/vosgesinfo.fr\/gerardmerinfo\/2018\/11\/centenaire-de-grande-guerre-club-cartophile-geromois\/#article\",\"isPartOf\":{\"@id\":\"https:\/\/vosgesinfo.fr\/gerardmerinfo\/2018\/11\/centenaire-de-grande-guerre-club-cartophile-geromois\/\"},\"author\":{\"name\":\"qs_admin\",\"@id\":\"https:\/\/vosgesinfo.fr\/gerardmerinfo\/#\/schema\/person\/bc5d02d71e6932e81b6dadb7386667b1\"},\"headline\":\"Le Centenaire de la Grande Guerre vu par le Club Cartophile G\u00e9r\u00f4mois\",\"datePublished\":\"2018-11-09T17:55:01+00:00\",\"dateModified\":\"2018-11-09T17:55:01+00:00\",\"mainEntityOfPage\":{\"@id\":\"https:\/\/vosgesinfo.fr\/gerardmerinfo\/2018\/11\/centenaire-de-grande-guerre-club-cartophile-geromois\/\"},\"wordCount\":403,\"commentCount\":0,\"publisher\":{\"@id\":\"https:\/\/vosgesinfo.fr\/gerardmerinfo\/#organization\"},\"image\":{\"@id\":\"https:\/\/vosgesinfo.fr\/gerardmerinfo\/2018\/11\/centenaire-de-grande-guerre-club-cartophile-geromois\/#primaryimage\"},\"thumbnailUrl\":\"https:\/\/vosgesinfo.fr\/app\/uploads\/sites\/6\/2024\/07\/201811gilles-durand-patrick-meny-du-club-cartophile-geromois.jpg\",\"keywords\":[\"club cartophile\"],\"articleSection\":[\"A la une\",\"Culture\",\"G\u00e9rardmer\",\"Litt\u00e9rature\"],\"inLanguage\":\"fr-FR\",\"potentialAction\":[{\"@type\":\"CommentAction\",\"name\":\"Comment\",\"target\":[\"https:\/\/vosgesinfo.fr\/gerardmerinfo\/2018\/11\/centenaire-de-grande-guerre-club-cartophile-geromois\/#respond\"]}]},{\"@type\":\"WebPage\",\"@id\":\"https:\/\/vosgesinfo.fr\/gerardmerinfo\/2018\/11\/centenaire-de-grande-guerre-club-cartophile-geromois\/\",\"url\":\"https:\/\/vosgesinfo.fr\/gerardmerinfo\/2018\/11\/centenaire-de-grande-guerre-club-cartophile-geromois\/\",\"name\":\"Le Centenaire de la Grande Guerre vu par le Club Cartophile G\u00e9r\u00f4mois - Gerardmer Info\",\"isPartOf\":{\"@id\":\"https:\/\/vosgesinfo.fr\/gerardmerinfo\/#website\"},\"primaryImageOfPage\":{\"@id\":\"https:\/\/vosgesinfo.fr\/gerardmerinfo\/2018\/11\/centenaire-de-grande-guerre-club-cartophile-geromois\/#primaryimage\"},\"image\":{\"@id\":\"https:\/\/vosgesinfo.fr\/gerardmerinfo\/2018\/11\/centenaire-de-grande-guerre-club-cartophile-geromois\/#primaryimage\"},\"thumbnailUrl\":\"https:\/\/vosgesinfo.fr\/app\/uploads\/sites\/6\/2024\/07\/201811gilles-durand-patrick-meny-du-club-cartophile-geromois.jpg\",\"datePublished\":\"2018-11-09T17:55:01+00:00\",\"dateModified\":\"2018-11-09T17:55:01+00:00\",\"breadcrumb\":{\"@id\":\"https:\/\/vosgesinfo.fr\/gerardmerinfo\/2018\/11\/centenaire-de-grande-guerre-club-cartophile-geromois\/#breadcrumb\"},\"inLanguage\":\"fr-FR\",\"potentialAction\":[{\"@type\":\"ReadAction\",\"target\":[\"https:\/\/vosgesinfo.fr\/gerardmerinfo\/2018\/11\/centenaire-de-grande-guerre-club-cartophile-geromois\/\"]}]},{\"@type\":\"ImageObject\",\"inLanguage\":\"fr-FR\",\"@id\":\"https:\/\/vosgesinfo.fr\/gerardmerinfo\/2018\/11\/centenaire-de-grande-guerre-club-cartophile-geromois\/#primaryimage\",\"url\":\"https:\/\/vosgesinfo.fr\/app\/uploads\/sites\/6\/2024\/07\/201811gilles-durand-patrick-meny-du-club-cartophile-geromois.jpg\",\"contentUrl\":\"https:\/\/vosgesinfo.fr\/app\/uploads\/sites\/6\/2024\/07\/201811gilles-durand-patrick-meny-du-club-cartophile-geromois.jpg\",\"width\":800,\"height\":600},{\"@type\":\"BreadcrumbList\",\"@id\":\"https:\/\/vosgesinfo.fr\/gerardmerinfo\/2018\/11\/centenaire-de-grande-guerre-club-cartophile-geromois\/#breadcrumb\",\"itemListElement\":[{\"@type\":\"ListItem\",\"position\":1,\"name\":\"Home\",\"item\":\"https:\/\/vosgesinfo.fr\/gerardmerinfo\/\"},{\"@type\":\"ListItem\",\"position\":2,\"name\":\"Le Centenaire de la Grande Guerre vu par le Club Cartophile G\u00e9r\u00f4mois\"}]},{\"@type\":\"WebSite\",\"@id\":\"https:\/\/vosgesinfo.fr\/gerardmerinfo\/#website\",\"url\":\"https:\/\/vosgesinfo.fr\/gerardmerinfo\/\",\"name\":\"Gerardmer Info\",\"description\":\"Toute l&#039;actualit\u00e9 de G\u00e9rardmer\",\"publisher\":{\"@id\":\"https:\/\/vosgesinfo.fr\/gerardmerinfo\/#organization\"},\"alternateName\":\"Toute l'actualit\u00e9 de G\u00e9rardmer\",\"potentialAction\":[{\"@type\":\"SearchAction\",\"target\":{\"@type\":\"EntryPoint\",\"urlTemplate\":\"https:\/\/vosgesinfo.fr\/gerardmerinfo\/?s={search_term_string}\"},\"query-input\":\"required name=search_term_string\"}],\"inLanguage\":\"fr-FR\"},{\"@type\":\"Organization\",\"@id\":\"https:\/\/vosgesinfo.fr\/gerardmerinfo\/#organization\",\"name\":\"Gerardmer Info\",\"url\":\"https:\/\/vosgesinfo.fr\/gerardmerinfo\/\",\"logo\":{\"@type\":\"ImageObject\",\"inLanguage\":\"fr-FR\",\"@id\":\"https:\/\/vosgesinfo.fr\/gerardmerinfo\/#\/schema\/logo\/image\/\",\"url\":\"https:\/\/vosgesinfo.fr\/app\/uploads\/sites\/6\/2023\/08\/favicon-gerardmerinfo.png\",\"contentUrl\":\"https:\/\/vosgesinfo.fr\/app\/uploads\/sites\/6\/2023\/08\/favicon-gerardmerinfo.png\",\"width\":512,\"height\":512,\"caption\":\"Gerardmer Info\"},\"image\":{\"@id\":\"https:\/\/vosgesinfo.fr\/gerardmerinfo\/#\/schema\/logo\/image\/\"},\"sameAs\":[\"https:\/\/www.facebook.com\/profile.php?id=100049475262660\",\"https:\/\/x.com\/VosgesInfo88\",\"https:\/\/www.youtube.com\/@vosgesinfo\"]},{\"@type\":\"Person\",\"@id\":\"https:\/\/vosgesinfo.fr\/gerardmerinfo\/#\/schema\/person\/bc5d02d71e6932e81b6dadb7386667b1\",\"name\":\"qs_admin\",\"image\":{\"@type\":\"ImageObject\",\"inLanguage\":\"fr-FR\",\"@id\":\"https:\/\/vosgesinfo.fr\/gerardmerinfo\/#\/schema\/person\/image\/\",\"url\":\"https:\/\/secure.gravatar.com\/avatar\/94b18ee0ed79e4a42ea2f2931277b6841a8999fc6fde214600c78057cf1fe1de?s=96&d=mm&r=g\",\"contentUrl\":\"https:\/\/secure.gravatar.com\/avatar\/94b18ee0ed79e4a42ea2f2931277b6841a8999fc6fde214600c78057cf1fe1de?s=96&d=mm&r=g\",\"caption\":\"qs_admin\"},\"sameAs\":[\"https:\/\/vosgesinfo.fr\/wp\"],\"url\":\"https:\/\/vosgesinfo.fr\/gerardmerinfo\/author\/qs_admin\/\"}]}<\/script>\n<!-- \/ Yoast SEO plugin. -->","yoast_head_json":{"title":"Le Centenaire de la Grande Guerre vu par le Club Cartophile G\u00e9r\u00f4mois - Gerardmer Info","robots":{"index":"index","follow":"follow","max-snippet":"max-snippet:-1","max-image-preview":"max-image-preview:large","max-video-preview":"max-video-preview:-1"},"canonical":"https:\/\/vosgesinfo.fr\/gerardmerinfo\/2018\/11\/centenaire-de-grande-guerre-club-cartophile-geromois\/","twitter_card":"summary_large_image","twitter_title":"Le Centenaire de la Grande Guerre vu par le Club Cartophile G\u00e9r\u00f4mois - Gerardmer Info","twitter_description":"\u00ab\u00a0Un centenaire est toujours un anniversaire sp\u00e9cial, mais quand il s&rsquo;agit de l\u2019Armistice de la Grande Guerre, c&rsquo;est un \u00e9v\u00e9nement [&hellip;]","twitter_image":"https:\/\/vosgesinfo.fr\/app\/uploads\/sites\/6\/2024\/07\/201811gilles-durand-patrick-meny-du-club-cartophile-geromois.jpg","twitter_creator":"@VosgesInfo88","twitter_site":"@VosgesInfo88","twitter_misc":{"\u00c9crit par":"qs_admin","Dur\u00e9e de lecture estim\u00e9e":"2 minutes"},"schema":{"@context":"https:\/\/schema.org","@graph":[{"@type":"Article","@id":"https:\/\/vosgesinfo.fr\/gerardmerinfo\/2018\/11\/centenaire-de-grande-guerre-club-cartophile-geromois\/#article","isPartOf":{"@id":"https:\/\/vosgesinfo.fr\/gerardmerinfo\/2018\/11\/centenaire-de-grande-guerre-club-cartophile-geromois\/"},"author":{"name":"qs_admin","@id":"https:\/\/vosgesinfo.fr\/gerardmerinfo\/#\/schema\/person\/bc5d02d71e6932e81b6dadb7386667b1"},"headline":"Le Centenaire de la Grande Guerre vu par le Club Cartophile G\u00e9r\u00f4mois","datePublished":"2018-11-09T17:55:01+00:00","dateModified":"2018-11-09T17:55:01+00:00","mainEntityOfPage":{"@id":"https:\/\/vosgesinfo.fr\/gerardmerinfo\/2018\/11\/centenaire-de-grande-guerre-club-cartophile-geromois\/"},"wordCount":403,"commentCount":0,"publisher":{"@id":"https:\/\/vosgesinfo.fr\/gerardmerinfo\/#organization"},"image":{"@id":"https:\/\/vosgesinfo.fr\/gerardmerinfo\/2018\/11\/centenaire-de-grande-guerre-club-cartophile-geromois\/#primaryimage"},"thumbnailUrl":"https:\/\/vosgesinfo.fr\/app\/uploads\/sites\/6\/2024\/07\/201811gilles-durand-patrick-meny-du-club-cartophile-geromois.jpg","keywords":["club cartophile"],"articleSection":["A la une","Culture","G\u00e9rardmer","Litt\u00e9rature"],"inLanguage":"fr-FR","potentialAction":[{"@type":"CommentAction","name":"Comment","target":["https:\/\/vosgesinfo.fr\/gerardmerinfo\/2018\/11\/centenaire-de-grande-guerre-club-cartophile-geromois\/#respond"]}]},{"@type":"WebPage","@id":"https:\/\/vosgesinfo.fr\/gerardmerinfo\/2018\/11\/centenaire-de-grande-guerre-club-cartophile-geromois\/","url":"https:\/\/vosgesinfo.fr\/gerardmerinfo\/2018\/11\/centenaire-de-grande-guerre-club-cartophile-geromois\/","name":"Le Centenaire de la Grande Guerre vu par le Club Cartophile G\u00e9r\u00f4mois - Gerardmer Info","isPartOf":{"@id":"https:\/\/vosgesinfo.fr\/gerardmerinfo\/#website"},"primaryImageOfPage":{"@id":"https:\/\/vosgesinfo.fr\/gerardmerinfo\/2018\/11\/centenaire-de-grande-guerre-club-cartophile-geromois\/#primaryimage"},"image":{"@id":"https:\/\/vosgesinfo.fr\/gerardmerinfo\/2018\/11\/centenaire-de-grande-guerre-club-cartophile-geromois\/#primaryimage"},"thumbnailUrl":"https:\/\/vosgesinfo.fr\/app\/uploads\/sites\/6\/2024\/07\/201811gilles-durand-patrick-meny-du-club-cartophile-geromois.jpg","datePublished":"2018-11-09T17:55:01+00:00","dateModified":"2018-11-09T17:55:01+00:00","breadcrumb":{"@id":"https:\/\/vosgesinfo.fr\/gerardmerinfo\/2018\/11\/centenaire-de-grande-guerre-club-cartophile-geromois\/#breadcrumb"},"inLanguage":"fr-FR","potentialAction":[{"@type":"ReadAction","target":["https:\/\/vosgesinfo.fr\/gerardmerinfo\/2018\/11\/centenaire-de-grande-guerre-club-cartophile-geromois\/"]}]},{"@type":"ImageObject","inLanguage":"fr-FR","@id":"https:\/\/vosgesinfo.fr\/gerardmerinfo\/2018\/11\/centenaire-de-grande-guerre-club-cartophile-geromois\/#primaryimage","url":"https:\/\/vosgesinfo.fr\/app\/uploads\/sites\/6\/2024\/07\/201811gilles-durand-patrick-meny-du-club-cartophile-geromois.jpg","contentUrl":"https:\/\/vosgesinfo.fr\/app\/uploads\/sites\/6\/2024\/07\/201811gilles-durand-patrick-meny-du-club-cartophile-geromois.jpg","width":800,"height":600},{"@type":"BreadcrumbList","@id":"https:\/\/vosgesinfo.fr\/gerardmerinfo\/2018\/11\/centenaire-de-grande-guerre-club-cartophile-geromois\/#breadcrumb","itemListElement":[{"@type":"ListItem","position":1,"name":"Home","item":"https:\/\/vosgesinfo.fr\/gerardmerinfo\/"},{"@type":"ListItem","position":2,"name":"Le Centenaire de la Grande Guerre vu par le Club Cartophile G\u00e9r\u00f4mois"}]},{"@type":"WebSite","@id":"https:\/\/vosgesinfo.fr\/gerardmerinfo\/#website","url":"https:\/\/vosgesinfo.fr\/gerardmerinfo\/","name":"Gerardmer Info","description":"Toute l&#039;actualit\u00e9 de G\u00e9rardmer","publisher":{"@id":"https:\/\/vosgesinfo.fr\/gerardmerinfo\/#organization"},"alternateName":"Toute l'actualit\u00e9 de G\u00e9rardmer","potentialAction":[{"@type":"SearchAction","target":{"@type":"EntryPoint","urlTemplate":"https:\/\/vosgesinfo.fr\/gerardmerinfo\/?s={search_term_string}"},"query-input":"required name=search_term_string"}],"inLanguage":"fr-FR"},{"@type":"Organization","@id":"https:\/\/vosgesinfo.fr\/gerardmerinfo\/#organization","name":"Gerardmer Info","url":"https:\/\/vosgesinfo.fr\/gerardmerinfo\/","logo":{"@type":"ImageObject","inLanguage":"fr-FR","@id":"https:\/\/vosgesinfo.fr\/gerardmerinfo\/#\/schema\/logo\/image\/","url":"https:\/\/vosgesinfo.fr\/app\/uploads\/sites\/6\/2023\/08\/favicon-gerardmerinfo.png","contentUrl":"https:\/\/vosgesinfo.fr\/app\/uploads\/sites\/6\/2023\/08\/favicon-gerardmerinfo.png","width":512,"height":512,"caption":"Gerardmer Info"},"image":{"@id":"https:\/\/vosgesinfo.fr\/gerardmerinfo\/#\/schema\/logo\/image\/"},"sameAs":["https:\/\/www.facebook.com\/profile.php?id=100049475262660","https:\/\/x.com\/VosgesInfo88","https:\/\/www.youtube.com\/@vosgesinfo"]},{"@type":"Person","@id":"https:\/\/vosgesinfo.fr\/gerardmerinfo\/#\/schema\/person\/bc5d02d71e6932e81b6dadb7386667b1","name":"qs_admin","image":{"@type":"ImageObject","inLanguage":"fr-FR","@id":"https:\/\/vosgesinfo.fr\/gerardmerinfo\/#\/schema\/person\/image\/","url":"https:\/\/secure.gravatar.com\/avatar\/94b18ee0ed79e4a42ea2f2931277b6841a8999fc6fde214600c78057cf1fe1de?s=96&d=mm&r=g","contentUrl":"https:\/\/secure.gravatar.com\/avatar\/94b18ee0ed79e4a42ea2f2931277b6841a8999fc6fde214600c78057cf1fe1de?s=96&d=mm&r=g","caption":"qs_admin"},"sameAs":["https:\/\/vosgesinfo.fr\/wp"],"url":"https:\/\/vosgesinfo.fr\/gerardmerinfo\/author\/qs_admin\/"}]}},"_links":{"self":[{"href":"https:\/\/vosgesinfo.fr\/gerardmerinfo\/wp-json\/wp\/v2\/posts\/37721","targetHints":{"allow":["GET"]}}],"collection":[{"href":"https:\/\/vosgesinfo.fr\/gerardmerinfo\/wp-json\/wp\/v2\/posts"}],"about":[{"href":"https:\/\/vosgesinfo.fr\/gerardmerinfo\/wp-json\/wp\/v2\/types\/post"}],"author":[{"embeddable":true,"href":"https:\/\/vosgesinfo.fr\/gerardmerinfo\/wp-json\/wp\/v2\/users\/1"}],"replies":[{"embeddable":true,"href":"https:\/\/vosgesinfo.fr\/gerardmerinfo\/wp-json\/wp\/v2\/comments?post=37721"}],"version-history":[{"count":0,"href":"https:\/\/vosgesinfo.fr\/gerardmerinfo\/wp-json\/wp\/v2\/posts\/37721\/revisions"}],"wp:featuredmedia":[{"embeddable":true,"href":"https:\/\/vosgesinfo.fr\/gerardmerinfo\/wp-json\/wp\/v2\/media\/37722"}],"wp:attachment":[{"href":"https:\/\/vosgesinfo.fr\/gerardmerinfo\/wp-json\/wp\/v2\/media?parent=37721"}],"wp:term":[{"taxonomy":"category","embeddable":true,"href":"https:\/\/vosgesinfo.fr\/gerardmerinfo\/wp-json\/wp\/v2\/categories?post=37721"},{"taxonomy":"post_tag","embeddable":true,"href":"https:\/\/vosgesinfo.fr\/gerardmerinfo\/wp-json\/wp\/v2\/tags?post=37721"}],"curies":[{"name":"wp","href":"https:\/\/api.w.org\/{rel}","templated":true}]}}