{"id":37742,"date":"2018-11-09T22:03:17","date_gmt":"2018-11-09T21:03:17","guid":{"rendered":"https:\/\/vosgesinfo.fr\/gerardmerinfo\/2018\/11\/jacquard-francais-celebre-130-ans-de-savoir-faire-dexception\/"},"modified":"2018-11-09T22:03:17","modified_gmt":"2018-11-09T21:03:17","slug":"jacquard-francais-celebre-130-ans-de-savoir-faire-dexception","status":"publish","type":"post","link":"https:\/\/vosgesinfo.fr\/gerardmerinfo\/2018\/11\/jacquard-francais-celebre-130-ans-de-savoir-faire-dexception\/","title":{"rendered":"Le Jacquard Fran\u00e7ais c\u00e9l\u00e8bre 130 ans de savoir-faire d&rsquo;exception"},"content":{"rendered":"\n<p><strong>Cette ann\u00e9e, le Jacquard Fran\u00e7ais c\u00e9l\u00e8bre 130 ans de savoir-faire d&rsquo;exception. A cette occasion, fait exceptionnel, la maison g\u00e9r\u00f4moise ouvrait les portes de ses ateliers avant le cocktail d\u00eenatoire organis\u00e9 sp\u00e9cialement \u00e0 l&rsquo;attention de ses partenaires et salari\u00e9s.<\/strong><\/p>\n<div id=\"attachment_137259\" style=\"width: 410px\" class=\"wp-caption alignright\"><a href=\"\/2018\/11\/Beatrice-Brandt130-jacquard-fran\u00e7ais-1.jpg\"><img decoding=\"async\" aria-describedby=\"caption-attachment-137259\" class=\"size-medium wp-image-137259\" src=\"\/2018\/11\/Beatrice-Brandt130-jacquard-fran\u00e7ais-1-400x225.jpg\" alt=\"B\u00e9atrice Brandt\" width=\"400\" height=\"225\" \/><\/a><p id=\"caption-attachment-137259\" class=\"wp-caption-text\"><span style=\"color: #000080;\">B\u00e9atrice Brandt<\/span><\/p><\/div>\n<p>Et c&rsquo;est avec un sourire de circonstance que la directrice g\u00e9n\u00e9rale du Jacquard Fran\u00e7ais B\u00e9atrice Brandt accueillait les invit\u00e9s \u00e0 cet anniversaire. Elle qui a pris ses fonctions il y a deux ans maintenant avec entre autre pour objectif de \u00ab\u00a0<em>d\u00e9poussi\u00e9rer un peu la marque, de l&rsquo;ancrer dans son temps<\/em>\u00a0\u00bb , d&rsquo;en faire une association unique et raffin\u00e9e de classicisme et de modernisme. Pour cela, la manufacture cr\u00e9\u00e9e en 1888 par Nathan L\u00e9vy dont elle portait alors le nom souhaite d\u00e9sormais avoir une approche \u00ab\u00a0<em>un peu plus lifestyle\u00a0\u00bb <\/em>et c&rsquo;est dans cet esprit qu&rsquo;elle propose quelques produits connexes, qui \u00e9largissent l&rsquo;univers du Jacquard Fran\u00e7ais. Des produits estampill\u00e9s arts de vivre, des accessoires haute gamme comme des plateaux en bouleau, des planches \u00e0 d\u00e9couper, des dessous de verre, des tabliers avec lien en cuir etc&#8230;<\/p>\n<p>La Jacquard Fran\u00e7ais peut sublimer votre quotidien et vous accompagner toute la journ\u00e9e ou presque, que ce soit \u00e0 l&rsquo;heure des repas ou de la toilette, mais \u00e0 l\u2019exception faite du coucher. En effet, comme le pr\u00e9cise B\u00e9atrice Brandt, la manufacture textile ne fait pas de linge de lit. Ou plut\u00f4t ne fait plus, car historiquement, elle en produisait dans ses premi\u00e8res heures et ce type de linge a m\u00eame contribu\u00e9 \u00e0 faire grandir sa r\u00e9putation. Il est donc envisageable de voir draps et autres taies d&rsquo;oreiller ressurgir des ateliers un jour. Mais une chose est s\u00fbre, il faudra \u00eatre patient, car les 54 m\u00e9tiers \u00e0 tisser sont d\u00e9j\u00e0 bien occup\u00e9s. Rappelons que le Jacquard Fran\u00e7ais cr\u00e9e plus de 20 mod\u00e8les et 60 harmonies de couleurs par an et propose environ 1 millier de r\u00e9f\u00e9rences par saison (printemps\/\u00e9t\u00e9 et automne\/hiver). De plus, la quasi totalit\u00e9 de ses cr\u00e9ations est tiss\u00e9e en France, \u00e0 l&rsquo;exception des serviettes de bain.<\/p>\n<p><a href=\"\/2018\/11\/130-ans-jacquard-fran\u00e7ais-3.jpg\"><img decoding=\"async\" class=\"alignleft size-medium wp-image-137253\" src=\"\/2018\/11\/130-ans-jacquard-fran\u00e7ais-3-400x225.jpg\" alt=\"130 ans jacquard fran\u00e7ais (3)\" width=\"400\" height=\"225\" \/><\/a>La maison fait \u00e9galement du sur mesure avec parfois des commandes un peu sp\u00e9ciales : 20 000 \u20ac de nappes pour un roi d&rsquo;Afrique, ou une nappe de 600 m\u00e8tres de long pour un poids de 60 kg&#8230; Livraison sur palette obligatoire ! LA VPC tourne bien elle aussi et le Jacquard Fran\u00e7ais compte plus de 1 500 revendeurs dans le monde dont 400 en France, avec quelques boutiques embl\u00e9matiques comme celle de la rue Bonaparte \u00e0 Paris, le tout pour un chiffre d&rsquo;affaire de 14 millions d&rsquo;Euros. Le luxe \u00e0 la fran\u00e7aise a toujours la cote ! \u00ab\u00a0<em>Nous avons \u00e9galement plusieurs op\u00e9rations avec monoprix dont une sur un th\u00e8me de No\u00ebl, nous avons produit une nappe avec un de leurs motifs et elle sera disponible uniquement dans les enseignes Monoprix<\/em>\u00a0\u00bb explique B\u00e9atrice Brandt. Le supermarch\u00e9 qui, dans le cadre d&rsquo;une op\u00e9ration <em>patrimoine fran\u00e7ais<\/em> cette fois, proposera \u00e9galement une s\u00e9lection de produits de la fameuse marque g\u00e9r\u00f4moise.<\/p>\n<p>Cela tombe d&rsquo;ailleurs \u00e0 point nomm\u00e9 puisque le Jacquard Fran\u00e7ais d\u00e9tient le label Entreprise du Patrimoine Vivant d\u00e9livr\u00e9 par le minist\u00e8re de l&rsquo;industrie.\u00a0 Un concept de patrimoine, de savoir-faire \u00e0 la fran\u00e7aise auquel tient cet ambassadeur du beau linge qui continue \u00e0 innover et \u00e0 investir. On a ainsi pu assister \u00e0 la naissance du nid d&rsquo;abeille double face au printemps, et la maison vient d&rsquo;investir dans un immense et flambant neuf bobinoir. Ce dernier va consid\u00e9rablement limiter les pertes en permettant d&rsquo;avoir toujours la bonne quantit\u00e9 de fil pour un mod\u00e8le. \u00ab\u00a0<em>Et c&rsquo;est important \u00e9galement pour les salari\u00e9s de voir que leur entreprise se porte bien, continue d&rsquo;investir et d&rsquo;avancer<\/em>\u00a0\u00bb ajoute B\u00e9atrice Brandt. Le Jacquard Fran\u00e7ais compte aujourd&rsquo;hui 120 salari\u00e9s, dont 75 sur le site de G\u00e9rardmer. Un personnel qu&rsquo;il va falloir \u00eatre en mesure de renouveler, sachant que, depuis plusieurs ann\u00e9es, le recrutement n&rsquo;est pas ais\u00e9 dans le secteur du textile&#8230;<\/p>\n<p><a href=\"\/2018\/11\/130-jacquard-fran\u00e7ais-3.jpg\"><img decoding=\"async\" class=\"alignright size-medium wp-image-137255\" src=\"\/2018\/11\/130-jacquard-fran\u00e7ais-3-400x225.jpg\" alt=\"130 jacquard fran\u00e7ais (3)\" width=\"400\" height=\"225\" \/><\/a>Actuellement, 10 postes sont \u00e0 pourvoir : \u00ab\u00a0<em>Nous recherchons notamment des tisserands, des noueurs, des visiteurs de pi\u00e8ce (contr\u00f4le qualit\u00e9) et un informaticien. Nous sommes pr\u00eats \u00e0 les former et \u00e0 les accompagner car pour la plupart, ce sont des postes qui n\u00e9cessitent environ 6 mois de formation. C&rsquo;est d&rsquo;ailleurs pour cela que l&rsquo;int\u00e9rim n&rsquo;est pas une solution pour nous, \u00e0 part peut-\u00eatre pour l&rsquo;informatique<\/em>\u00a0\u00bb pr\u00e9cise la chef d&rsquo;entreprise. (&#8230;) Et la rel\u00e8ve n&rsquo;est pas assur\u00e9e alors que la maison g\u00e9r\u00f4moise estime qu&rsquo;elle devra changer environ 30% de son personnel en 3 ans quand les enfants du baby boom partiront en retraite. Le textile est pourtant une industrie en bonne sant\u00e9, \u00e0 l&rsquo;image du Jacquard Fran\u00e7ais qui innove et qui exporte (50% du chiffre d&rsquo;affaire) pour reprendre les mots de B\u00e9atrice Brandt. \u00ab\u00a0<em>Il faut attirer des jeunes \u00e0 la recherche d&rsquo;un travail stable<\/em>\u00a0\u00bb conclue-t-elle sur le sujet. D&rsquo;o\u00f9 cette n\u00e9cessit\u00e9 de d\u00e9poussi\u00e9rer l&rsquo;image du Jacquard en particulier et du textile en g\u00e9n\u00e9ral, que ce soit pour la client\u00e8le comme pour les futurs salari\u00e9s. Et personne n&rsquo;a dit que \u00e7a serait simple comme un coup de fil !<\/p>\n","protected":false},"excerpt":{"rendered":"<p>Cette ann\u00e9e, le Jacquard Fran\u00e7ais c\u00e9l\u00e8bre 130 ans de savoir-faire d&rsquo;exception. A cette occasion, fait exceptionnel, la maison g\u00e9r\u00f4moise ouvrait [&hellip;]<\/p>\n","protected":false},"author":42,"featured_media":37743,"comment_status":"open","ping_status":"open","sticky":false,"template":"","format":"standard","meta":{"footnotes":""},"categories":[20,5,25],"tags":[22],"class_list":["post-37742","post","type-post","status-publish","format-standard","has-post-thumbnail","hentry","category-a-la-une","category-economie","category-gerardmer","tag-jacquard-francais"],"acf":[],"yoast_head":"<!-- This site is optimized with the Yoast SEO plugin v22.5 - https:\/\/yoast.com\/wordpress\/plugins\/seo\/ -->\n<title>Le Jacquard Fran\u00e7ais c\u00e9l\u00e8bre 130 ans de savoir-faire d&#039;exception - Gerardmer Info<\/title>\n<meta name=\"robots\" content=\"index, follow, max-snippet:-1, max-image-preview:large, max-video-preview:-1\" \/>\n<link rel=\"canonical\" href=\"https:\/\/vosgesinfo.fr\/gerardmerinfo\/2018\/11\/jacquard-francais-celebre-130-ans-de-savoir-faire-dexception\/\" \/>\n<meta name=\"twitter:card\" content=\"summary_large_image\" \/>\n<meta name=\"twitter:title\" content=\"Le Jacquard Fran\u00e7ais c\u00e9l\u00e8bre 130 ans de savoir-faire d&#039;exception - Gerardmer Info\" \/>\n<meta name=\"twitter:description\" content=\"Cette ann\u00e9e, le Jacquard Fran\u00e7ais c\u00e9l\u00e8bre 130 ans de savoir-faire d&rsquo;exception. A cette occasion, fait exceptionnel, la maison g\u00e9r\u00f4moise ouvrait [&hellip;]\" \/>\n<meta name=\"twitter:image\" content=\"https:\/\/vosgesinfo.fr\/app\/uploads\/sites\/6\/2024\/07\/201811130-jacquard-francais-4.jpg\" \/>\n<meta name=\"twitter:creator\" content=\"@VosgesInfo88\" \/>\n<meta name=\"twitter:site\" content=\"@VosgesInfo88\" \/>\n<meta name=\"twitter:label1\" content=\"\u00c9crit par\" \/>\n\t<meta name=\"twitter:data1\" content=\"QG\" \/>\n\t<meta name=\"twitter:label2\" content=\"Dur\u00e9e de lecture estim\u00e9e\" \/>\n\t<meta name=\"twitter:data2\" content=\"4 minutes\" \/>\n<script type=\"application\/ld+json\" class=\"yoast-schema-graph\">{\"@context\":\"https:\/\/schema.org\",\"@graph\":[{\"@type\":\"Article\",\"@id\":\"https:\/\/vosgesinfo.fr\/gerardmerinfo\/2018\/11\/jacquard-francais-celebre-130-ans-de-savoir-faire-dexception\/#article\",\"isPartOf\":{\"@id\":\"https:\/\/vosgesinfo.fr\/gerardmerinfo\/2018\/11\/jacquard-francais-celebre-130-ans-de-savoir-faire-dexception\/\"},\"author\":{\"name\":\"QG\",\"@id\":\"https:\/\/vosgesinfo.fr\/gerardmerinfo\/#\/schema\/person\/db5605779a843dad16b5368f3e7613a5\"},\"headline\":\"Le Jacquard Fran\u00e7ais c\u00e9l\u00e8bre 130 ans de savoir-faire d&rsquo;exception\",\"datePublished\":\"2018-11-09T21:03:17+00:00\",\"dateModified\":\"2018-11-09T21:03:17+00:00\",\"mainEntityOfPage\":{\"@id\":\"https:\/\/vosgesinfo.fr\/gerardmerinfo\/2018\/11\/jacquard-francais-celebre-130-ans-de-savoir-faire-dexception\/\"},\"wordCount\":942,\"commentCount\":0,\"publisher\":{\"@id\":\"https:\/\/vosgesinfo.fr\/gerardmerinfo\/#organization\"},\"image\":{\"@id\":\"https:\/\/vosgesinfo.fr\/gerardmerinfo\/2018\/11\/jacquard-francais-celebre-130-ans-de-savoir-faire-dexception\/#primaryimage\"},\"thumbnailUrl\":\"https:\/\/vosgesinfo.fr\/app\/uploads\/sites\/6\/2024\/07\/201811130-jacquard-francais-4.jpg\",\"keywords\":[\"jacquard fran\u00e7ais\"],\"articleSection\":[\"A la une\",\"\u00c9conomie\",\"G\u00e9rardmer\"],\"inLanguage\":\"fr-FR\",\"potentialAction\":[{\"@type\":\"CommentAction\",\"name\":\"Comment\",\"target\":[\"https:\/\/vosgesinfo.fr\/gerardmerinfo\/2018\/11\/jacquard-francais-celebre-130-ans-de-savoir-faire-dexception\/#respond\"]}]},{\"@type\":\"WebPage\",\"@id\":\"https:\/\/vosgesinfo.fr\/gerardmerinfo\/2018\/11\/jacquard-francais-celebre-130-ans-de-savoir-faire-dexception\/\",\"url\":\"https:\/\/vosgesinfo.fr\/gerardmerinfo\/2018\/11\/jacquard-francais-celebre-130-ans-de-savoir-faire-dexception\/\",\"name\":\"Le Jacquard Fran\u00e7ais c\u00e9l\u00e8bre 130 ans de savoir-faire d'exception - Gerardmer Info\",\"isPartOf\":{\"@id\":\"https:\/\/vosgesinfo.fr\/gerardmerinfo\/#website\"},\"primaryImageOfPage\":{\"@id\":\"https:\/\/vosgesinfo.fr\/gerardmerinfo\/2018\/11\/jacquard-francais-celebre-130-ans-de-savoir-faire-dexception\/#primaryimage\"},\"image\":{\"@id\":\"https:\/\/vosgesinfo.fr\/gerardmerinfo\/2018\/11\/jacquard-francais-celebre-130-ans-de-savoir-faire-dexception\/#primaryimage\"},\"thumbnailUrl\":\"https:\/\/vosgesinfo.fr\/app\/uploads\/sites\/6\/2024\/07\/201811130-jacquard-francais-4.jpg\",\"datePublished\":\"2018-11-09T21:03:17+00:00\",\"dateModified\":\"2018-11-09T21:03:17+00:00\",\"breadcrumb\":{\"@id\":\"https:\/\/vosgesinfo.fr\/gerardmerinfo\/2018\/11\/jacquard-francais-celebre-130-ans-de-savoir-faire-dexception\/#breadcrumb\"},\"inLanguage\":\"fr-FR\",\"potentialAction\":[{\"@type\":\"ReadAction\",\"target\":[\"https:\/\/vosgesinfo.fr\/gerardmerinfo\/2018\/11\/jacquard-francais-celebre-130-ans-de-savoir-faire-dexception\/\"]}]},{\"@type\":\"ImageObject\",\"inLanguage\":\"fr-FR\",\"@id\":\"https:\/\/vosgesinfo.fr\/gerardmerinfo\/2018\/11\/jacquard-francais-celebre-130-ans-de-savoir-faire-dexception\/#primaryimage\",\"url\":\"https:\/\/vosgesinfo.fr\/app\/uploads\/sites\/6\/2024\/07\/201811130-jacquard-francais-4.jpg\",\"contentUrl\":\"https:\/\/vosgesinfo.fr\/app\/uploads\/sites\/6\/2024\/07\/201811130-jacquard-francais-4.jpg\",\"width\":800,\"height\":450},{\"@type\":\"BreadcrumbList\",\"@id\":\"https:\/\/vosgesinfo.fr\/gerardmerinfo\/2018\/11\/jacquard-francais-celebre-130-ans-de-savoir-faire-dexception\/#breadcrumb\",\"itemListElement\":[{\"@type\":\"ListItem\",\"position\":1,\"name\":\"Home\",\"item\":\"https:\/\/vosgesinfo.fr\/gerardmerinfo\/\"},{\"@type\":\"ListItem\",\"position\":2,\"name\":\"Le Jacquard Fran\u00e7ais c\u00e9l\u00e8bre 130 ans de savoir-faire d&rsquo;exception\"}]},{\"@type\":\"WebSite\",\"@id\":\"https:\/\/vosgesinfo.fr\/gerardmerinfo\/#website\",\"url\":\"https:\/\/vosgesinfo.fr\/gerardmerinfo\/\",\"name\":\"Gerardmer Info\",\"description\":\"Toute l&#039;actualit\u00e9 de G\u00e9rardmer\",\"publisher\":{\"@id\":\"https:\/\/vosgesinfo.fr\/gerardmerinfo\/#organization\"},\"alternateName\":\"Toute l'actualit\u00e9 de G\u00e9rardmer\",\"potentialAction\":[{\"@type\":\"SearchAction\",\"target\":{\"@type\":\"EntryPoint\",\"urlTemplate\":\"https:\/\/vosgesinfo.fr\/gerardmerinfo\/?s={search_term_string}\"},\"query-input\":\"required name=search_term_string\"}],\"inLanguage\":\"fr-FR\"},{\"@type\":\"Organization\",\"@id\":\"https:\/\/vosgesinfo.fr\/gerardmerinfo\/#organization\",\"name\":\"Gerardmer Info\",\"url\":\"https:\/\/vosgesinfo.fr\/gerardmerinfo\/\",\"logo\":{\"@type\":\"ImageObject\",\"inLanguage\":\"fr-FR\",\"@id\":\"https:\/\/vosgesinfo.fr\/gerardmerinfo\/#\/schema\/logo\/image\/\",\"url\":\"https:\/\/vosgesinfo.fr\/app\/uploads\/sites\/6\/2023\/08\/favicon-gerardmerinfo.png\",\"contentUrl\":\"https:\/\/vosgesinfo.fr\/app\/uploads\/sites\/6\/2023\/08\/favicon-gerardmerinfo.png\",\"width\":512,\"height\":512,\"caption\":\"Gerardmer Info\"},\"image\":{\"@id\":\"https:\/\/vosgesinfo.fr\/gerardmerinfo\/#\/schema\/logo\/image\/\"},\"sameAs\":[\"https:\/\/www.facebook.com\/profile.php?id=100049475262660\",\"https:\/\/x.com\/VosgesInfo88\",\"https:\/\/www.youtube.com\/@vosgesinfo\"]},{\"@type\":\"Person\",\"@id\":\"https:\/\/vosgesinfo.fr\/gerardmerinfo\/#\/schema\/person\/db5605779a843dad16b5368f3e7613a5\",\"name\":\"QG\",\"image\":{\"@type\":\"ImageObject\",\"inLanguage\":\"fr-FR\",\"@id\":\"https:\/\/vosgesinfo.fr\/gerardmerinfo\/#\/schema\/person\/image\/\",\"url\":\"https:\/\/secure.gravatar.com\/avatar\/ea80c42c204b534408512832fde52504ecabb9706bcb6151cf6175e5b64e6793?s=96&d=mm&r=g\",\"contentUrl\":\"https:\/\/secure.gravatar.com\/avatar\/ea80c42c204b534408512832fde52504ecabb9706bcb6151cf6175e5b64e6793?s=96&d=mm&r=g\",\"caption\":\"QG\"},\"url\":\"https:\/\/vosgesinfo.fr\/gerardmerinfo\/author\/quentin88\/\"}]}<\/script>\n<!-- \/ Yoast SEO plugin. -->","yoast_head_json":{"title":"Le Jacquard Fran\u00e7ais c\u00e9l\u00e8bre 130 ans de savoir-faire d'exception - Gerardmer Info","robots":{"index":"index","follow":"follow","max-snippet":"max-snippet:-1","max-image-preview":"max-image-preview:large","max-video-preview":"max-video-preview:-1"},"canonical":"https:\/\/vosgesinfo.fr\/gerardmerinfo\/2018\/11\/jacquard-francais-celebre-130-ans-de-savoir-faire-dexception\/","twitter_card":"summary_large_image","twitter_title":"Le Jacquard Fran\u00e7ais c\u00e9l\u00e8bre 130 ans de savoir-faire d'exception - Gerardmer Info","twitter_description":"Cette ann\u00e9e, le Jacquard Fran\u00e7ais c\u00e9l\u00e8bre 130 ans de savoir-faire d&rsquo;exception. A cette occasion, fait exceptionnel, la maison g\u00e9r\u00f4moise ouvrait [&hellip;]","twitter_image":"https:\/\/vosgesinfo.fr\/app\/uploads\/sites\/6\/2024\/07\/201811130-jacquard-francais-4.jpg","twitter_creator":"@VosgesInfo88","twitter_site":"@VosgesInfo88","twitter_misc":{"\u00c9crit par":"QG","Dur\u00e9e de lecture estim\u00e9e":"4 minutes"},"schema":{"@context":"https:\/\/schema.org","@graph":[{"@type":"Article","@id":"https:\/\/vosgesinfo.fr\/gerardmerinfo\/2018\/11\/jacquard-francais-celebre-130-ans-de-savoir-faire-dexception\/#article","isPartOf":{"@id":"https:\/\/vosgesinfo.fr\/gerardmerinfo\/2018\/11\/jacquard-francais-celebre-130-ans-de-savoir-faire-dexception\/"},"author":{"name":"QG","@id":"https:\/\/vosgesinfo.fr\/gerardmerinfo\/#\/schema\/person\/db5605779a843dad16b5368f3e7613a5"},"headline":"Le Jacquard Fran\u00e7ais c\u00e9l\u00e8bre 130 ans de savoir-faire d&rsquo;exception","datePublished":"2018-11-09T21:03:17+00:00","dateModified":"2018-11-09T21:03:17+00:00","mainEntityOfPage":{"@id":"https:\/\/vosgesinfo.fr\/gerardmerinfo\/2018\/11\/jacquard-francais-celebre-130-ans-de-savoir-faire-dexception\/"},"wordCount":942,"commentCount":0,"publisher":{"@id":"https:\/\/vosgesinfo.fr\/gerardmerinfo\/#organization"},"image":{"@id":"https:\/\/vosgesinfo.fr\/gerardmerinfo\/2018\/11\/jacquard-francais-celebre-130-ans-de-savoir-faire-dexception\/#primaryimage"},"thumbnailUrl":"https:\/\/vosgesinfo.fr\/app\/uploads\/sites\/6\/2024\/07\/201811130-jacquard-francais-4.jpg","keywords":["jacquard fran\u00e7ais"],"articleSection":["A la une","\u00c9conomie","G\u00e9rardmer"],"inLanguage":"fr-FR","potentialAction":[{"@type":"CommentAction","name":"Comment","target":["https:\/\/vosgesinfo.fr\/gerardmerinfo\/2018\/11\/jacquard-francais-celebre-130-ans-de-savoir-faire-dexception\/#respond"]}]},{"@type":"WebPage","@id":"https:\/\/vosgesinfo.fr\/gerardmerinfo\/2018\/11\/jacquard-francais-celebre-130-ans-de-savoir-faire-dexception\/","url":"https:\/\/vosgesinfo.fr\/gerardmerinfo\/2018\/11\/jacquard-francais-celebre-130-ans-de-savoir-faire-dexception\/","name":"Le Jacquard Fran\u00e7ais c\u00e9l\u00e8bre 130 ans de savoir-faire d'exception - Gerardmer Info","isPartOf":{"@id":"https:\/\/vosgesinfo.fr\/gerardmerinfo\/#website"},"primaryImageOfPage":{"@id":"https:\/\/vosgesinfo.fr\/gerardmerinfo\/2018\/11\/jacquard-francais-celebre-130-ans-de-savoir-faire-dexception\/#primaryimage"},"image":{"@id":"https:\/\/vosgesinfo.fr\/gerardmerinfo\/2018\/11\/jacquard-francais-celebre-130-ans-de-savoir-faire-dexception\/#primaryimage"},"thumbnailUrl":"https:\/\/vosgesinfo.fr\/app\/uploads\/sites\/6\/2024\/07\/201811130-jacquard-francais-4.jpg","datePublished":"2018-11-09T21:03:17+00:00","dateModified":"2018-11-09T21:03:17+00:00","breadcrumb":{"@id":"https:\/\/vosgesinfo.fr\/gerardmerinfo\/2018\/11\/jacquard-francais-celebre-130-ans-de-savoir-faire-dexception\/#breadcrumb"},"inLanguage":"fr-FR","potentialAction":[{"@type":"ReadAction","target":["https:\/\/vosgesinfo.fr\/gerardmerinfo\/2018\/11\/jacquard-francais-celebre-130-ans-de-savoir-faire-dexception\/"]}]},{"@type":"ImageObject","inLanguage":"fr-FR","@id":"https:\/\/vosgesinfo.fr\/gerardmerinfo\/2018\/11\/jacquard-francais-celebre-130-ans-de-savoir-faire-dexception\/#primaryimage","url":"https:\/\/vosgesinfo.fr\/app\/uploads\/sites\/6\/2024\/07\/201811130-jacquard-francais-4.jpg","contentUrl":"https:\/\/vosgesinfo.fr\/app\/uploads\/sites\/6\/2024\/07\/201811130-jacquard-francais-4.jpg","width":800,"height":450},{"@type":"BreadcrumbList","@id":"https:\/\/vosgesinfo.fr\/gerardmerinfo\/2018\/11\/jacquard-francais-celebre-130-ans-de-savoir-faire-dexception\/#breadcrumb","itemListElement":[{"@type":"ListItem","position":1,"name":"Home","item":"https:\/\/vosgesinfo.fr\/gerardmerinfo\/"},{"@type":"ListItem","position":2,"name":"Le Jacquard Fran\u00e7ais c\u00e9l\u00e8bre 130 ans de savoir-faire d&rsquo;exception"}]},{"@type":"WebSite","@id":"https:\/\/vosgesinfo.fr\/gerardmerinfo\/#website","url":"https:\/\/vosgesinfo.fr\/gerardmerinfo\/","name":"Gerardmer Info","description":"Toute l&#039;actualit\u00e9 de G\u00e9rardmer","publisher":{"@id":"https:\/\/vosgesinfo.fr\/gerardmerinfo\/#organization"},"alternateName":"Toute l'actualit\u00e9 de G\u00e9rardmer","potentialAction":[{"@type":"SearchAction","target":{"@type":"EntryPoint","urlTemplate":"https:\/\/vosgesinfo.fr\/gerardmerinfo\/?s={search_term_string}"},"query-input":"required name=search_term_string"}],"inLanguage":"fr-FR"},{"@type":"Organization","@id":"https:\/\/vosgesinfo.fr\/gerardmerinfo\/#organization","name":"Gerardmer Info","url":"https:\/\/vosgesinfo.fr\/gerardmerinfo\/","logo":{"@type":"ImageObject","inLanguage":"fr-FR","@id":"https:\/\/vosgesinfo.fr\/gerardmerinfo\/#\/schema\/logo\/image\/","url":"https:\/\/vosgesinfo.fr\/app\/uploads\/sites\/6\/2023\/08\/favicon-gerardmerinfo.png","contentUrl":"https:\/\/vosgesinfo.fr\/app\/uploads\/sites\/6\/2023\/08\/favicon-gerardmerinfo.png","width":512,"height":512,"caption":"Gerardmer Info"},"image":{"@id":"https:\/\/vosgesinfo.fr\/gerardmerinfo\/#\/schema\/logo\/image\/"},"sameAs":["https:\/\/www.facebook.com\/profile.php?id=100049475262660","https:\/\/x.com\/VosgesInfo88","https:\/\/www.youtube.com\/@vosgesinfo"]},{"@type":"Person","@id":"https:\/\/vosgesinfo.fr\/gerardmerinfo\/#\/schema\/person\/db5605779a843dad16b5368f3e7613a5","name":"QG","image":{"@type":"ImageObject","inLanguage":"fr-FR","@id":"https:\/\/vosgesinfo.fr\/gerardmerinfo\/#\/schema\/person\/image\/","url":"https:\/\/secure.gravatar.com\/avatar\/ea80c42c204b534408512832fde52504ecabb9706bcb6151cf6175e5b64e6793?s=96&d=mm&r=g","contentUrl":"https:\/\/secure.gravatar.com\/avatar\/ea80c42c204b534408512832fde52504ecabb9706bcb6151cf6175e5b64e6793?s=96&d=mm&r=g","caption":"QG"},"url":"https:\/\/vosgesinfo.fr\/gerardmerinfo\/author\/quentin88\/"}]}},"_links":{"self":[{"href":"https:\/\/vosgesinfo.fr\/gerardmerinfo\/wp-json\/wp\/v2\/posts\/37742","targetHints":{"allow":["GET"]}}],"collection":[{"href":"https:\/\/vosgesinfo.fr\/gerardmerinfo\/wp-json\/wp\/v2\/posts"}],"about":[{"href":"https:\/\/vosgesinfo.fr\/gerardmerinfo\/wp-json\/wp\/v2\/types\/post"}],"author":[{"embeddable":true,"href":"https:\/\/vosgesinfo.fr\/gerardmerinfo\/wp-json\/wp\/v2\/users\/42"}],"replies":[{"embeddable":true,"href":"https:\/\/vosgesinfo.fr\/gerardmerinfo\/wp-json\/wp\/v2\/comments?post=37742"}],"version-history":[{"count":0,"href":"https:\/\/vosgesinfo.fr\/gerardmerinfo\/wp-json\/wp\/v2\/posts\/37742\/revisions"}],"wp:featuredmedia":[{"embeddable":true,"href":"https:\/\/vosgesinfo.fr\/gerardmerinfo\/wp-json\/wp\/v2\/media\/37743"}],"wp:attachment":[{"href":"https:\/\/vosgesinfo.fr\/gerardmerinfo\/wp-json\/wp\/v2\/media?parent=37742"}],"wp:term":[{"taxonomy":"category","embeddable":true,"href":"https:\/\/vosgesinfo.fr\/gerardmerinfo\/wp-json\/wp\/v2\/categories?post=37742"},{"taxonomy":"post_tag","embeddable":true,"href":"https:\/\/vosgesinfo.fr\/gerardmerinfo\/wp-json\/wp\/v2\/tags?post=37742"}],"curies":[{"name":"wp","href":"https:\/\/api.w.org\/{rel}","templated":true}]}}