{"id":37760,"date":"2018-11-10T17:08:31","date_gmt":"2018-11-10T16:08:31","guid":{"rendered":"https:\/\/vosgesinfo.fr\/gerardmerinfo\/2018\/11\/lycee-chardin-defilera-salon-de-gourmandise\/"},"modified":"2018-11-10T17:08:31","modified_gmt":"2018-11-10T16:08:31","slug":"lycee-chardin-defilera-salon-de-gourmandise","status":"publish","type":"post","link":"https:\/\/vosgesinfo.fr\/gerardmerinfo\/2018\/11\/lycee-chardin-defilera-salon-de-gourmandise\/","title":{"rendered":"Le lyc\u00e9e Chardin d\u00e9filera au Salon de la Gourmandise"},"content":{"rendered":"\n<h3>\u00ab\u00a0La Panimeli\u00e8re Chardin\u00a0\u00bb prend forme sous l&rsquo;impulsion d&rsquo;un groupe d&rsquo;\u00e9l\u00e8ves du lyc\u00e9e g\u00e9r\u00f4mois qui participeront ainsi au d\u00e9fil\u00e9 de robes gourmandes programm\u00e9 le week-end prochain.<\/h3>\n<p>En vue de participer au grand d\u00e9fil\u00e9 du Salon de la Gourmandise, des Vins &amp; des Arts de la Table qui aura lieu les 17 et 18 novembre prochain \u00e0 \u00c9pinal (lire notre article<span style=\"color: #000080;\"> <a style=\"color: #000080;\" href=\"http:\/\/epinalinfos.fr\/2018\/11\/salon-de-gourmandise-vins-arts-de-table-a-epinal\/?fbclid=IwAR0dUwFhbbQsMxpI_ABU48cCwF8tUTjoJP9EfUGR8g811lxoPB6-A5iRQK8\" target=\"_blank\" rel=\"noopener\">ICI<\/a><\/span>), deux classes de terminales BAC pro boulangerie-p\u00e2tisserie du lyc\u00e9e Jean-Baptiste Sim\u00e9on Chardin travaillent sur un projet original et ambitieux. En effet, la vingtaine d&rsquo;\u00e9l\u00e8ves impliqu\u00e9s sont actuellement en train de mettre la derni\u00e8re touche \u00e0 la robe qu&rsquo;ils ont imagin\u00e9 sp\u00e9cialement pour l&rsquo;occasion avec pour th\u00e8me le pain, aliment incontournable de la gastronomie fran\u00e7aise.<\/p>\n<div id=\"attachment_137290\" style=\"width: 410px\" class=\"wp-caption alignright\"><a href=\"\/2018\/11\/panimeli\u00e8re-Chardin-robe-3.jpg\"><img decoding=\"async\" aria-describedby=\"caption-attachment-137290\" class=\"size-medium wp-image-137290\" src=\"\/2018\/11\/panimeli\u00e8re-Chardin-robe-3-400x225.jpg\" alt=\"Manon et El\u00e9ana d\u00e9fileront au Salon de la Gourmandise.\" width=\"400\" height=\"225\" \/><\/a><p id=\"caption-attachment-137290\" class=\"wp-caption-text\"><span style=\"color: #000080;\">Manon et El\u00e9ana d\u00e9fileront au Salon de la Gourmandise.<\/span><\/p><\/div>\n<p>Lanc\u00e9 dans le cadre des courts d&rsquo;Arts Appliqu\u00e9s de Luc Riegel, ce projet se caract\u00e9rise notamment par son aspect inter-disciplinaire et transversal puisqu&rsquo;il fait \u00e9galement appel au savoir-faire des enseignants de boulangerie-p\u00e2tisserie S\u00e9bastien Louis et Michel Tassin. Un texte de pr\u00e9sentation sp\u00e9cifique de la robe et de la d\u00e9marche des \u00e9l\u00e8ves sera \u00e9galement \u00e9labor\u00e9 en cours de lettres. Mais en attendant le jour J qui verra 4 \u00e9l\u00e8ves du lyc\u00e9e d\u00e9filer (2 le samedi et 2 le dimanche) sur le podium du salon, il reste encore du pain sur la planche ! Il faut par exemple choisir les d\u00e9corations r\u00e9alis\u00e9es en p\u00e2te morte et color\u00e9e naturellement \u00e0 l&rsquo;aide d&rsquo;\u00e9pices. \u00c9voquant l&rsquo;univers du pain ainsi que la nature, elles compl\u00e9teront une s\u00e9lection de pains particuli\u00e8rement divers et vari\u00e9s de part leur forme et leur composition.<\/p>\n<p>L&rsquo;ensemble sera ensuite fix\u00e9 sur de la toile de jute et pos\u00e9e sur la robe d&rsquo;inspiration moderne et dont la partie couture a \u00e9t\u00e9 r\u00e9alis\u00e9e par le p\u00e8re d&rsquo;une \u00e9l\u00e8ve. D&rsquo;autres accessoires en p\u00e2tes mortes viendront agr\u00e9menter l&rsquo;ensemble de la tenue et plus encore : ayant le souci du d\u00e9tail, les \u00e9l\u00e8ves et leurs enseignants ont enfin pr\u00e9vu de porter une certaine attention \u00e0 la chevelure des 4 mod\u00e8les qui d\u00e9fileront. Les jeunes femmes arboreront une coiffure effet \u00ab\u00a0\u00e9pi de bl\u00e9\u00a0\u00bb qui incorporera d&rsquo;ailleurs de v\u00e9ritables \u00e9pis. De plus, la s\u0153ur d&rsquo;une \u00e9l\u00e8ve sera pr\u00e9sente afin de conseiller les \u00e9l\u00e8ves en mati\u00e8re d&rsquo;esth\u00e9tique. Alors si vous faites un petit tour du c\u00f4t\u00e9 du Salon de la Gourmandise, arrangez-vous pour \u00eatre pr\u00e9sent lors des d\u00e9fil\u00e9s pr\u00e9vus le samedi et le dimanche matin de 11 h 00 \u00e0 11 h 30 ainsi que le samedi apr\u00e8s-midi de 16 h 30 \u00e0 17 h 00.<\/p>\n","protected":false},"excerpt":{"rendered":"<p>\u00ab\u00a0La Panimeli\u00e8re Chardin\u00a0\u00bb prend forme sous l&rsquo;impulsion d&rsquo;un groupe d&rsquo;\u00e9l\u00e8ves du lyc\u00e9e g\u00e9r\u00f4mois qui participeront ainsi au d\u00e9fil\u00e9 de robes [&hellip;]<\/p>\n","protected":false},"author":42,"featured_media":37761,"comment_status":"open","ping_status":"open","sticky":false,"template":"","format":"standard","meta":{"footnotes":""},"categories":[20,25,18],"tags":[343,653],"class_list":["post-37760","post","type-post","status-publish","format-standard","has-post-thumbnail","hentry","category-a-la-une","category-gerardmer","category-vosges","tag-lycee-jean-baptiste-simeon-chardin","tag-salon-de-la-gourmandise"],"acf":[],"yoast_head":"<!-- This site is optimized with the Yoast SEO plugin v22.5 - https:\/\/yoast.com\/wordpress\/plugins\/seo\/ -->\n<title>Le lyc\u00e9e Chardin d\u00e9filera au Salon de la Gourmandise - Gerardmer Info<\/title>\n<meta name=\"robots\" content=\"index, follow, max-snippet:-1, max-image-preview:large, max-video-preview:-1\" \/>\n<link rel=\"canonical\" href=\"https:\/\/vosgesinfo.fr\/gerardmerinfo\/2018\/11\/lycee-chardin-defilera-salon-de-gourmandise\/\" \/>\n<meta name=\"twitter:card\" content=\"summary_large_image\" \/>\n<meta name=\"twitter:title\" content=\"Le lyc\u00e9e Chardin d\u00e9filera au Salon de la Gourmandise - Gerardmer Info\" \/>\n<meta name=\"twitter:description\" content=\"\u00ab\u00a0La Panimeli\u00e8re Chardin\u00a0\u00bb prend forme sous l&rsquo;impulsion d&rsquo;un groupe d&rsquo;\u00e9l\u00e8ves du lyc\u00e9e g\u00e9r\u00f4mois qui participeront ainsi au d\u00e9fil\u00e9 de robes [&hellip;]\" \/>\n<meta name=\"twitter:image\" content=\"https:\/\/vosgesinfo.fr\/app\/uploads\/sites\/6\/2024\/07\/201811panimeliere-chardin-robe-4.jpg\" \/>\n<meta name=\"twitter:creator\" content=\"@VosgesInfo88\" \/>\n<meta name=\"twitter:site\" content=\"@VosgesInfo88\" \/>\n<meta name=\"twitter:label1\" content=\"\u00c9crit par\" \/>\n\t<meta name=\"twitter:data1\" content=\"QG\" \/>\n\t<meta name=\"twitter:label2\" content=\"Dur\u00e9e de lecture estim\u00e9e\" \/>\n\t<meta name=\"twitter:data2\" content=\"2 minutes\" \/>\n<script type=\"application\/ld+json\" class=\"yoast-schema-graph\">{\"@context\":\"https:\/\/schema.org\",\"@graph\":[{\"@type\":\"Article\",\"@id\":\"https:\/\/vosgesinfo.fr\/gerardmerinfo\/2018\/11\/lycee-chardin-defilera-salon-de-gourmandise\/#article\",\"isPartOf\":{\"@id\":\"https:\/\/vosgesinfo.fr\/gerardmerinfo\/2018\/11\/lycee-chardin-defilera-salon-de-gourmandise\/\"},\"author\":{\"name\":\"QG\",\"@id\":\"https:\/\/vosgesinfo.fr\/gerardmerinfo\/#\/schema\/person\/db5605779a843dad16b5368f3e7613a5\"},\"headline\":\"Le lyc\u00e9e Chardin d\u00e9filera au Salon de la Gourmandise\",\"datePublished\":\"2018-11-10T16:08:31+00:00\",\"dateModified\":\"2018-11-10T16:08:31+00:00\",\"mainEntityOfPage\":{\"@id\":\"https:\/\/vosgesinfo.fr\/gerardmerinfo\/2018\/11\/lycee-chardin-defilera-salon-de-gourmandise\/\"},\"wordCount\":496,\"commentCount\":0,\"publisher\":{\"@id\":\"https:\/\/vosgesinfo.fr\/gerardmerinfo\/#organization\"},\"image\":{\"@id\":\"https:\/\/vosgesinfo.fr\/gerardmerinfo\/2018\/11\/lycee-chardin-defilera-salon-de-gourmandise\/#primaryimage\"},\"thumbnailUrl\":\"https:\/\/vosgesinfo.fr\/app\/uploads\/sites\/6\/2024\/07\/201811panimeliere-chardin-robe-4.jpg\",\"keywords\":[\"lyc\u00e9e jean-baptiste sim\u00e9on chardin\",\"salon de la gourmandise\"],\"articleSection\":[\"A la une\",\"G\u00e9rardmer\",\"Vosges\"],\"inLanguage\":\"fr-FR\",\"potentialAction\":[{\"@type\":\"CommentAction\",\"name\":\"Comment\",\"target\":[\"https:\/\/vosgesinfo.fr\/gerardmerinfo\/2018\/11\/lycee-chardin-defilera-salon-de-gourmandise\/#respond\"]}]},{\"@type\":\"WebPage\",\"@id\":\"https:\/\/vosgesinfo.fr\/gerardmerinfo\/2018\/11\/lycee-chardin-defilera-salon-de-gourmandise\/\",\"url\":\"https:\/\/vosgesinfo.fr\/gerardmerinfo\/2018\/11\/lycee-chardin-defilera-salon-de-gourmandise\/\",\"name\":\"Le lyc\u00e9e Chardin d\u00e9filera au Salon de la Gourmandise - Gerardmer Info\",\"isPartOf\":{\"@id\":\"https:\/\/vosgesinfo.fr\/gerardmerinfo\/#website\"},\"primaryImageOfPage\":{\"@id\":\"https:\/\/vosgesinfo.fr\/gerardmerinfo\/2018\/11\/lycee-chardin-defilera-salon-de-gourmandise\/#primaryimage\"},\"image\":{\"@id\":\"https:\/\/vosgesinfo.fr\/gerardmerinfo\/2018\/11\/lycee-chardin-defilera-salon-de-gourmandise\/#primaryimage\"},\"thumbnailUrl\":\"https:\/\/vosgesinfo.fr\/app\/uploads\/sites\/6\/2024\/07\/201811panimeliere-chardin-robe-4.jpg\",\"datePublished\":\"2018-11-10T16:08:31+00:00\",\"dateModified\":\"2018-11-10T16:08:31+00:00\",\"breadcrumb\":{\"@id\":\"https:\/\/vosgesinfo.fr\/gerardmerinfo\/2018\/11\/lycee-chardin-defilera-salon-de-gourmandise\/#breadcrumb\"},\"inLanguage\":\"fr-FR\",\"potentialAction\":[{\"@type\":\"ReadAction\",\"target\":[\"https:\/\/vosgesinfo.fr\/gerardmerinfo\/2018\/11\/lycee-chardin-defilera-salon-de-gourmandise\/\"]}]},{\"@type\":\"ImageObject\",\"inLanguage\":\"fr-FR\",\"@id\":\"https:\/\/vosgesinfo.fr\/gerardmerinfo\/2018\/11\/lycee-chardin-defilera-salon-de-gourmandise\/#primaryimage\",\"url\":\"https:\/\/vosgesinfo.fr\/app\/uploads\/sites\/6\/2024\/07\/201811panimeliere-chardin-robe-4.jpg\",\"contentUrl\":\"https:\/\/vosgesinfo.fr\/app\/uploads\/sites\/6\/2024\/07\/201811panimeliere-chardin-robe-4.jpg\",\"width\":800,\"height\":450},{\"@type\":\"BreadcrumbList\",\"@id\":\"https:\/\/vosgesinfo.fr\/gerardmerinfo\/2018\/11\/lycee-chardin-defilera-salon-de-gourmandise\/#breadcrumb\",\"itemListElement\":[{\"@type\":\"ListItem\",\"position\":1,\"name\":\"Home\",\"item\":\"https:\/\/vosgesinfo.fr\/gerardmerinfo\/\"},{\"@type\":\"ListItem\",\"position\":2,\"name\":\"Le lyc\u00e9e Chardin d\u00e9filera au Salon de la Gourmandise\"}]},{\"@type\":\"WebSite\",\"@id\":\"https:\/\/vosgesinfo.fr\/gerardmerinfo\/#website\",\"url\":\"https:\/\/vosgesinfo.fr\/gerardmerinfo\/\",\"name\":\"Gerardmer Info\",\"description\":\"Toute l&#039;actualit\u00e9 de G\u00e9rardmer\",\"publisher\":{\"@id\":\"https:\/\/vosgesinfo.fr\/gerardmerinfo\/#organization\"},\"alternateName\":\"Toute l'actualit\u00e9 de G\u00e9rardmer\",\"potentialAction\":[{\"@type\":\"SearchAction\",\"target\":{\"@type\":\"EntryPoint\",\"urlTemplate\":\"https:\/\/vosgesinfo.fr\/gerardmerinfo\/?s={search_term_string}\"},\"query-input\":\"required name=search_term_string\"}],\"inLanguage\":\"fr-FR\"},{\"@type\":\"Organization\",\"@id\":\"https:\/\/vosgesinfo.fr\/gerardmerinfo\/#organization\",\"name\":\"Gerardmer Info\",\"url\":\"https:\/\/vosgesinfo.fr\/gerardmerinfo\/\",\"logo\":{\"@type\":\"ImageObject\",\"inLanguage\":\"fr-FR\",\"@id\":\"https:\/\/vosgesinfo.fr\/gerardmerinfo\/#\/schema\/logo\/image\/\",\"url\":\"https:\/\/vosgesinfo.fr\/app\/uploads\/sites\/6\/2023\/08\/favicon-gerardmerinfo.png\",\"contentUrl\":\"https:\/\/vosgesinfo.fr\/app\/uploads\/sites\/6\/2023\/08\/favicon-gerardmerinfo.png\",\"width\":512,\"height\":512,\"caption\":\"Gerardmer Info\"},\"image\":{\"@id\":\"https:\/\/vosgesinfo.fr\/gerardmerinfo\/#\/schema\/logo\/image\/\"},\"sameAs\":[\"https:\/\/www.facebook.com\/profile.php?id=100049475262660\",\"https:\/\/x.com\/VosgesInfo88\",\"https:\/\/www.youtube.com\/@vosgesinfo\"]},{\"@type\":\"Person\",\"@id\":\"https:\/\/vosgesinfo.fr\/gerardmerinfo\/#\/schema\/person\/db5605779a843dad16b5368f3e7613a5\",\"name\":\"QG\",\"image\":{\"@type\":\"ImageObject\",\"inLanguage\":\"fr-FR\",\"@id\":\"https:\/\/vosgesinfo.fr\/gerardmerinfo\/#\/schema\/person\/image\/\",\"url\":\"https:\/\/secure.gravatar.com\/avatar\/ea80c42c204b534408512832fde52504ecabb9706bcb6151cf6175e5b64e6793?s=96&d=mm&r=g\",\"contentUrl\":\"https:\/\/secure.gravatar.com\/avatar\/ea80c42c204b534408512832fde52504ecabb9706bcb6151cf6175e5b64e6793?s=96&d=mm&r=g\",\"caption\":\"QG\"},\"url\":\"https:\/\/vosgesinfo.fr\/gerardmerinfo\/author\/quentin88\/\"}]}<\/script>\n<!-- \/ Yoast SEO plugin. -->","yoast_head_json":{"title":"Le lyc\u00e9e Chardin d\u00e9filera au Salon de la Gourmandise - Gerardmer Info","robots":{"index":"index","follow":"follow","max-snippet":"max-snippet:-1","max-image-preview":"max-image-preview:large","max-video-preview":"max-video-preview:-1"},"canonical":"https:\/\/vosgesinfo.fr\/gerardmerinfo\/2018\/11\/lycee-chardin-defilera-salon-de-gourmandise\/","twitter_card":"summary_large_image","twitter_title":"Le lyc\u00e9e Chardin d\u00e9filera au Salon de la Gourmandise - Gerardmer Info","twitter_description":"\u00ab\u00a0La Panimeli\u00e8re Chardin\u00a0\u00bb prend forme sous l&rsquo;impulsion d&rsquo;un groupe d&rsquo;\u00e9l\u00e8ves du lyc\u00e9e g\u00e9r\u00f4mois qui participeront ainsi au d\u00e9fil\u00e9 de robes [&hellip;]","twitter_image":"https:\/\/vosgesinfo.fr\/app\/uploads\/sites\/6\/2024\/07\/201811panimeliere-chardin-robe-4.jpg","twitter_creator":"@VosgesInfo88","twitter_site":"@VosgesInfo88","twitter_misc":{"\u00c9crit par":"QG","Dur\u00e9e de lecture estim\u00e9e":"2 minutes"},"schema":{"@context":"https:\/\/schema.org","@graph":[{"@type":"Article","@id":"https:\/\/vosgesinfo.fr\/gerardmerinfo\/2018\/11\/lycee-chardin-defilera-salon-de-gourmandise\/#article","isPartOf":{"@id":"https:\/\/vosgesinfo.fr\/gerardmerinfo\/2018\/11\/lycee-chardin-defilera-salon-de-gourmandise\/"},"author":{"name":"QG","@id":"https:\/\/vosgesinfo.fr\/gerardmerinfo\/#\/schema\/person\/db5605779a843dad16b5368f3e7613a5"},"headline":"Le lyc\u00e9e Chardin d\u00e9filera au Salon de la Gourmandise","datePublished":"2018-11-10T16:08:31+00:00","dateModified":"2018-11-10T16:08:31+00:00","mainEntityOfPage":{"@id":"https:\/\/vosgesinfo.fr\/gerardmerinfo\/2018\/11\/lycee-chardin-defilera-salon-de-gourmandise\/"},"wordCount":496,"commentCount":0,"publisher":{"@id":"https:\/\/vosgesinfo.fr\/gerardmerinfo\/#organization"},"image":{"@id":"https:\/\/vosgesinfo.fr\/gerardmerinfo\/2018\/11\/lycee-chardin-defilera-salon-de-gourmandise\/#primaryimage"},"thumbnailUrl":"https:\/\/vosgesinfo.fr\/app\/uploads\/sites\/6\/2024\/07\/201811panimeliere-chardin-robe-4.jpg","keywords":["lyc\u00e9e jean-baptiste sim\u00e9on chardin","salon de la gourmandise"],"articleSection":["A la une","G\u00e9rardmer","Vosges"],"inLanguage":"fr-FR","potentialAction":[{"@type":"CommentAction","name":"Comment","target":["https:\/\/vosgesinfo.fr\/gerardmerinfo\/2018\/11\/lycee-chardin-defilera-salon-de-gourmandise\/#respond"]}]},{"@type":"WebPage","@id":"https:\/\/vosgesinfo.fr\/gerardmerinfo\/2018\/11\/lycee-chardin-defilera-salon-de-gourmandise\/","url":"https:\/\/vosgesinfo.fr\/gerardmerinfo\/2018\/11\/lycee-chardin-defilera-salon-de-gourmandise\/","name":"Le lyc\u00e9e Chardin d\u00e9filera au Salon de la Gourmandise - Gerardmer Info","isPartOf":{"@id":"https:\/\/vosgesinfo.fr\/gerardmerinfo\/#website"},"primaryImageOfPage":{"@id":"https:\/\/vosgesinfo.fr\/gerardmerinfo\/2018\/11\/lycee-chardin-defilera-salon-de-gourmandise\/#primaryimage"},"image":{"@id":"https:\/\/vosgesinfo.fr\/gerardmerinfo\/2018\/11\/lycee-chardin-defilera-salon-de-gourmandise\/#primaryimage"},"thumbnailUrl":"https:\/\/vosgesinfo.fr\/app\/uploads\/sites\/6\/2024\/07\/201811panimeliere-chardin-robe-4.jpg","datePublished":"2018-11-10T16:08:31+00:00","dateModified":"2018-11-10T16:08:31+00:00","breadcrumb":{"@id":"https:\/\/vosgesinfo.fr\/gerardmerinfo\/2018\/11\/lycee-chardin-defilera-salon-de-gourmandise\/#breadcrumb"},"inLanguage":"fr-FR","potentialAction":[{"@type":"ReadAction","target":["https:\/\/vosgesinfo.fr\/gerardmerinfo\/2018\/11\/lycee-chardin-defilera-salon-de-gourmandise\/"]}]},{"@type":"ImageObject","inLanguage":"fr-FR","@id":"https:\/\/vosgesinfo.fr\/gerardmerinfo\/2018\/11\/lycee-chardin-defilera-salon-de-gourmandise\/#primaryimage","url":"https:\/\/vosgesinfo.fr\/app\/uploads\/sites\/6\/2024\/07\/201811panimeliere-chardin-robe-4.jpg","contentUrl":"https:\/\/vosgesinfo.fr\/app\/uploads\/sites\/6\/2024\/07\/201811panimeliere-chardin-robe-4.jpg","width":800,"height":450},{"@type":"BreadcrumbList","@id":"https:\/\/vosgesinfo.fr\/gerardmerinfo\/2018\/11\/lycee-chardin-defilera-salon-de-gourmandise\/#breadcrumb","itemListElement":[{"@type":"ListItem","position":1,"name":"Home","item":"https:\/\/vosgesinfo.fr\/gerardmerinfo\/"},{"@type":"ListItem","position":2,"name":"Le lyc\u00e9e Chardin d\u00e9filera au Salon de la Gourmandise"}]},{"@type":"WebSite","@id":"https:\/\/vosgesinfo.fr\/gerardmerinfo\/#website","url":"https:\/\/vosgesinfo.fr\/gerardmerinfo\/","name":"Gerardmer Info","description":"Toute l&#039;actualit\u00e9 de G\u00e9rardmer","publisher":{"@id":"https:\/\/vosgesinfo.fr\/gerardmerinfo\/#organization"},"alternateName":"Toute l'actualit\u00e9 de G\u00e9rardmer","potentialAction":[{"@type":"SearchAction","target":{"@type":"EntryPoint","urlTemplate":"https:\/\/vosgesinfo.fr\/gerardmerinfo\/?s={search_term_string}"},"query-input":"required name=search_term_string"}],"inLanguage":"fr-FR"},{"@type":"Organization","@id":"https:\/\/vosgesinfo.fr\/gerardmerinfo\/#organization","name":"Gerardmer Info","url":"https:\/\/vosgesinfo.fr\/gerardmerinfo\/","logo":{"@type":"ImageObject","inLanguage":"fr-FR","@id":"https:\/\/vosgesinfo.fr\/gerardmerinfo\/#\/schema\/logo\/image\/","url":"https:\/\/vosgesinfo.fr\/app\/uploads\/sites\/6\/2023\/08\/favicon-gerardmerinfo.png","contentUrl":"https:\/\/vosgesinfo.fr\/app\/uploads\/sites\/6\/2023\/08\/favicon-gerardmerinfo.png","width":512,"height":512,"caption":"Gerardmer Info"},"image":{"@id":"https:\/\/vosgesinfo.fr\/gerardmerinfo\/#\/schema\/logo\/image\/"},"sameAs":["https:\/\/www.facebook.com\/profile.php?id=100049475262660","https:\/\/x.com\/VosgesInfo88","https:\/\/www.youtube.com\/@vosgesinfo"]},{"@type":"Person","@id":"https:\/\/vosgesinfo.fr\/gerardmerinfo\/#\/schema\/person\/db5605779a843dad16b5368f3e7613a5","name":"QG","image":{"@type":"ImageObject","inLanguage":"fr-FR","@id":"https:\/\/vosgesinfo.fr\/gerardmerinfo\/#\/schema\/person\/image\/","url":"https:\/\/secure.gravatar.com\/avatar\/ea80c42c204b534408512832fde52504ecabb9706bcb6151cf6175e5b64e6793?s=96&d=mm&r=g","contentUrl":"https:\/\/secure.gravatar.com\/avatar\/ea80c42c204b534408512832fde52504ecabb9706bcb6151cf6175e5b64e6793?s=96&d=mm&r=g","caption":"QG"},"url":"https:\/\/vosgesinfo.fr\/gerardmerinfo\/author\/quentin88\/"}]}},"_links":{"self":[{"href":"https:\/\/vosgesinfo.fr\/gerardmerinfo\/wp-json\/wp\/v2\/posts\/37760","targetHints":{"allow":["GET"]}}],"collection":[{"href":"https:\/\/vosgesinfo.fr\/gerardmerinfo\/wp-json\/wp\/v2\/posts"}],"about":[{"href":"https:\/\/vosgesinfo.fr\/gerardmerinfo\/wp-json\/wp\/v2\/types\/post"}],"author":[{"embeddable":true,"href":"https:\/\/vosgesinfo.fr\/gerardmerinfo\/wp-json\/wp\/v2\/users\/42"}],"replies":[{"embeddable":true,"href":"https:\/\/vosgesinfo.fr\/gerardmerinfo\/wp-json\/wp\/v2\/comments?post=37760"}],"version-history":[{"count":0,"href":"https:\/\/vosgesinfo.fr\/gerardmerinfo\/wp-json\/wp\/v2\/posts\/37760\/revisions"}],"wp:featuredmedia":[{"embeddable":true,"href":"https:\/\/vosgesinfo.fr\/gerardmerinfo\/wp-json\/wp\/v2\/media\/37761"}],"wp:attachment":[{"href":"https:\/\/vosgesinfo.fr\/gerardmerinfo\/wp-json\/wp\/v2\/media?parent=37760"}],"wp:term":[{"taxonomy":"category","embeddable":true,"href":"https:\/\/vosgesinfo.fr\/gerardmerinfo\/wp-json\/wp\/v2\/categories?post=37760"},{"taxonomy":"post_tag","embeddable":true,"href":"https:\/\/vosgesinfo.fr\/gerardmerinfo\/wp-json\/wp\/v2\/tags?post=37760"}],"curies":[{"name":"wp","href":"https:\/\/api.w.org\/{rel}","templated":true}]}}