{"id":37776,"date":"2018-11-10T17:16:09","date_gmt":"2018-11-10T16:16:09","guid":{"rendered":"https:\/\/vosgesinfo.fr\/gerardmerinfo\/2018\/11\/contre-collage-eau-forte-diaspora-neuf-trois\/"},"modified":"2018-11-10T17:16:09","modified_gmt":"2018-11-10T16:16:09","slug":"contre-collage-eau-forte-diaspora-neuf-trois","status":"publish","type":"post","link":"https:\/\/vosgesinfo.fr\/gerardmerinfo\/2018\/11\/contre-collage-eau-forte-diaspora-neuf-trois\/","title":{"rendered":"Contre-collage, eau forte &#038; diaspora du neuf trois"},"content":{"rendered":"<p><a href=\"\/2018\/11\/Bernard-mallet-MCL-g\u00e9rardmer-2.jpg\"><img decoding=\"async\" class=\"aligncenter size-full wp-image-137315\" src=\"\/2018\/11\/Bernard-mallet-MCL-g\u00e9rardmer-2.jpg\" alt=\"Bernard mallet MCL g\u00e9rardmer (2)\" width=\"800\" height=\"450\" \/><\/a><\/p>\n<h3><span style=\"font-size: 12pt;\">Graine des Toiles s&rsquo;en est all\u00e9 et la saison des expositions se poursuit \u00e0 la galerie de la MCL qui accueille d\u00e9sormais Bernard Mallet, artiste originaire de Montreuil (93).<\/span><\/h3>\n<p>Et comment ce nouvel exposant est-il arriv\u00e9 \u00e0 la galerie de la MCL ? La connexion s&rsquo;est faite car il rend r\u00e9guli\u00e8rement visite \u00e0 ses amis de Montreuil d\u00e9sormais install\u00e9s en Perle des Vosges : \u00ab\u00a0<em>Nous \u00e9tions \u00e0 l&rsquo;\u00e9poque une groupe de jeunes de 17 ans anim\u00e9s par un Vosgien d&rsquo;origine qui nous a emmen\u00e9s \u00e0 Xonrupt pour faire du ski. Certains sont retourn\u00e9s dans le secteur et s&rsquo;y sont m\u00eame install\u00e9s, comme Michel et Mich\u00e8le Gr\u00fcner ou encore Lydie et Lionel Guillemain<\/em>\u00a0\u00bb pr\u00e9cise Bernard Mallet. Le groupe existe donc encore et se retrouve r\u00e9guli\u00e8rement, que ce soit \u00e0 G\u00e9rardmer, Paris ou ailleurs, l\u00e0 o\u00f9 certains ont achet\u00e9 une maison ou se sont install\u00e9s. C&rsquo;est un peu la diaspora du neuf trois.<\/p>\n<div id=\"attachment_137318\" style=\"width: 410px\" class=\"wp-caption alignright\"><a href=\"\/2018\/11\/Bernard-mallet-MCL-g\u00e9rardmer-1.jpg\"><img decoding=\"async\" aria-describedby=\"caption-attachment-137318\" class=\"size-medium wp-image-137318\" src=\"\/2018\/11\/Bernard-mallet-MCL-g\u00e9rardmer-1-400x225.jpg\" alt=\"Le proc\u00e9d\u00e9 en plusieurs \u00e9tapes...\" width=\"400\" height=\"225\" \/><\/a><p id=\"caption-attachment-137318\" class=\"wp-caption-text\">Le proc\u00e9d\u00e9 en plusieurs \u00e9tapes avec notamment \u00e0 gauche la plaque de cuivre&#8230;<\/p><\/div>\n<p>De passage \u00e0 G\u00e9rardmer, Bernard Mallet a donc install\u00e9 son exposition et accueilli les visiteurs lors du traditionnel vernissage qui a eu lieu vendredi soir. Ce dernier a ainsi pu pr\u00e9senter ses \u0153uvres et notamment la technique qu&rsquo;il a acquis puis d\u00e9velopp\u00e9, \u00e0 savoir la gravure sur contre-collage avec plaque de fer enduite. Un proc\u00e9d\u00e9 original, qui a acquis ses lettres de noblesse avec Rembrandt, et qui se d\u00e9cline en plusieurs \u00e9tapes. La premi\u00e8re consiste \u00e0 pr\u00e9parer la plaque m\u00e9tallique, en cuivre pr\u00e9cis\u00e9ment, en la recouvrant d&rsquo;un vernis puis en utilisant un mordant chimique pour obtenir un tirage par la suite. Puis Bernard pr\u00e9pare un fond de papier color\u00e9 \u00e0 base d&rsquo;images de revues auxquelles il donne une patine et une texture particuli\u00e8re gr\u00e2ce \u00e0 divers proc\u00e9d\u00e9s. La plaque est ensuite encr\u00e9e et mise sous presse avec le fond de papier pour cr\u00e9er le produit fini.<\/p>\n<p>Le r\u00e9sultat est particuli\u00e8rement fin, raffin\u00e9, et original. Bernard Mallet est l&rsquo;un des rares \u00e0 utiliser cette technique et il y a ajout\u00e9 un contour noir sur certaines de ses estampes qui rappelle un n\u00e9gatif de clich\u00e9. Il s&rsquo;inspire en effet pour certaines de ses cr\u00e9ations de photographies anciennes dans lesquelles il recherche et isole des personnages en arri\u00e8re-plan afin de les transposer dans ses cr\u00e9ations. Il faut dire que ce retrait\u00e9 du Minist\u00e8re des Finances avait commenc\u00e9 \u00e0 s&rsquo;int\u00e9resser \u00e0 la gravure classique depuis 1975. Retrait\u00e9 depuis 2005, il a donc eu le temps d&rsquo;explorer la question, de s&rsquo;approprier par la suite le proc\u00e9d\u00e9 de contre-collage et de gravure \u00e0 l&rsquo;eau forte. Nous n&rsquo;en dirons pas plus, il ne vous reste plus qu&rsquo;\u00e0 filer du c\u00f4t\u00e9 de la MCL pour appr\u00e9cier son travail !<\/p>\n","protected":false},"excerpt":{"rendered":"<p>Graine des Toiles s&rsquo;en est all\u00e9 et la saison des expositions se poursuit \u00e0 la galerie de la MCL qui [&hellip;]<\/p>\n","protected":false},"author":42,"featured_media":37777,"comment_status":"open","ping_status":"open","sticky":false,"template":"","format":"standard","meta":{"footnotes":""},"categories":[20,4],"tags":[3894,103],"class_list":["post-37776","post","type-post","status-publish","format-standard","has-post-thumbnail","hentry","category-a-la-une","category-culture","tag-bernard-mallet","tag-mcl-gerardmer"],"acf":[],"yoast_head":"<!-- This site is optimized with the Yoast SEO plugin v22.5 - https:\/\/yoast.com\/wordpress\/plugins\/seo\/ -->\n<title>Contre-collage, eau forte &amp; diaspora du neuf trois - Gerardmer Info<\/title>\n<meta name=\"robots\" content=\"index, follow, max-snippet:-1, max-image-preview:large, max-video-preview:-1\" \/>\n<link rel=\"canonical\" href=\"https:\/\/vosgesinfo.fr\/gerardmerinfo\/2018\/11\/contre-collage-eau-forte-diaspora-neuf-trois\/\" \/>\n<meta name=\"twitter:card\" content=\"summary_large_image\" \/>\n<meta name=\"twitter:title\" content=\"Contre-collage, eau forte &amp; diaspora du neuf trois - Gerardmer Info\" \/>\n<meta name=\"twitter:description\" content=\"Graine des Toiles s&rsquo;en est all\u00e9 et la saison des expositions se poursuit \u00e0 la galerie de la MCL qui [&hellip;]\" \/>\n<meta name=\"twitter:image\" content=\"https:\/\/vosgesinfo.fr\/app\/uploads\/sites\/6\/2024\/07\/201811bernard-mallet-mcl-gerardmer-2.jpg\" \/>\n<meta name=\"twitter:creator\" content=\"@VosgesInfo88\" \/>\n<meta name=\"twitter:site\" content=\"@VosgesInfo88\" \/>\n<meta name=\"twitter:label1\" content=\"\u00c9crit par\" \/>\n\t<meta name=\"twitter:data1\" content=\"QG\" \/>\n\t<meta name=\"twitter:label2\" content=\"Dur\u00e9e de lecture estim\u00e9e\" \/>\n\t<meta name=\"twitter:data2\" content=\"2 minutes\" \/>\n<script type=\"application\/ld+json\" class=\"yoast-schema-graph\">{\"@context\":\"https:\/\/schema.org\",\"@graph\":[{\"@type\":\"Article\",\"@id\":\"https:\/\/vosgesinfo.fr\/gerardmerinfo\/2018\/11\/contre-collage-eau-forte-diaspora-neuf-trois\/#article\",\"isPartOf\":{\"@id\":\"https:\/\/vosgesinfo.fr\/gerardmerinfo\/2018\/11\/contre-collage-eau-forte-diaspora-neuf-trois\/\"},\"author\":{\"name\":\"QG\",\"@id\":\"https:\/\/vosgesinfo.fr\/gerardmerinfo\/#\/schema\/person\/db5605779a843dad16b5368f3e7613a5\"},\"headline\":\"Contre-collage, eau forte &#038; diaspora du neuf trois\",\"datePublished\":\"2018-11-10T16:16:09+00:00\",\"dateModified\":\"2018-11-10T16:16:09+00:00\",\"mainEntityOfPage\":{\"@id\":\"https:\/\/vosgesinfo.fr\/gerardmerinfo\/2018\/11\/contre-collage-eau-forte-diaspora-neuf-trois\/\"},\"wordCount\":498,\"commentCount\":0,\"publisher\":{\"@id\":\"https:\/\/vosgesinfo.fr\/gerardmerinfo\/#organization\"},\"image\":{\"@id\":\"https:\/\/vosgesinfo.fr\/gerardmerinfo\/2018\/11\/contre-collage-eau-forte-diaspora-neuf-trois\/#primaryimage\"},\"thumbnailUrl\":\"https:\/\/vosgesinfo.fr\/app\/uploads\/sites\/6\/2024\/07\/201811bernard-mallet-mcl-gerardmer-2.jpg\",\"keywords\":[\"Bernard Mallet\",\"MCL G\u00e9rardmer\"],\"articleSection\":[\"A la une\",\"Culture\"],\"inLanguage\":\"fr-FR\",\"potentialAction\":[{\"@type\":\"CommentAction\",\"name\":\"Comment\",\"target\":[\"https:\/\/vosgesinfo.fr\/gerardmerinfo\/2018\/11\/contre-collage-eau-forte-diaspora-neuf-trois\/#respond\"]}]},{\"@type\":\"WebPage\",\"@id\":\"https:\/\/vosgesinfo.fr\/gerardmerinfo\/2018\/11\/contre-collage-eau-forte-diaspora-neuf-trois\/\",\"url\":\"https:\/\/vosgesinfo.fr\/gerardmerinfo\/2018\/11\/contre-collage-eau-forte-diaspora-neuf-trois\/\",\"name\":\"Contre-collage, eau forte & diaspora du neuf trois - Gerardmer Info\",\"isPartOf\":{\"@id\":\"https:\/\/vosgesinfo.fr\/gerardmerinfo\/#website\"},\"primaryImageOfPage\":{\"@id\":\"https:\/\/vosgesinfo.fr\/gerardmerinfo\/2018\/11\/contre-collage-eau-forte-diaspora-neuf-trois\/#primaryimage\"},\"image\":{\"@id\":\"https:\/\/vosgesinfo.fr\/gerardmerinfo\/2018\/11\/contre-collage-eau-forte-diaspora-neuf-trois\/#primaryimage\"},\"thumbnailUrl\":\"https:\/\/vosgesinfo.fr\/app\/uploads\/sites\/6\/2024\/07\/201811bernard-mallet-mcl-gerardmer-2.jpg\",\"datePublished\":\"2018-11-10T16:16:09+00:00\",\"dateModified\":\"2018-11-10T16:16:09+00:00\",\"breadcrumb\":{\"@id\":\"https:\/\/vosgesinfo.fr\/gerardmerinfo\/2018\/11\/contre-collage-eau-forte-diaspora-neuf-trois\/#breadcrumb\"},\"inLanguage\":\"fr-FR\",\"potentialAction\":[{\"@type\":\"ReadAction\",\"target\":[\"https:\/\/vosgesinfo.fr\/gerardmerinfo\/2018\/11\/contre-collage-eau-forte-diaspora-neuf-trois\/\"]}]},{\"@type\":\"ImageObject\",\"inLanguage\":\"fr-FR\",\"@id\":\"https:\/\/vosgesinfo.fr\/gerardmerinfo\/2018\/11\/contre-collage-eau-forte-diaspora-neuf-trois\/#primaryimage\",\"url\":\"https:\/\/vosgesinfo.fr\/app\/uploads\/sites\/6\/2024\/07\/201811bernard-mallet-mcl-gerardmer-2.jpg\",\"contentUrl\":\"https:\/\/vosgesinfo.fr\/app\/uploads\/sites\/6\/2024\/07\/201811bernard-mallet-mcl-gerardmer-2.jpg\",\"width\":800,\"height\":450},{\"@type\":\"BreadcrumbList\",\"@id\":\"https:\/\/vosgesinfo.fr\/gerardmerinfo\/2018\/11\/contre-collage-eau-forte-diaspora-neuf-trois\/#breadcrumb\",\"itemListElement\":[{\"@type\":\"ListItem\",\"position\":1,\"name\":\"Home\",\"item\":\"https:\/\/vosgesinfo.fr\/gerardmerinfo\/\"},{\"@type\":\"ListItem\",\"position\":2,\"name\":\"Contre-collage, eau forte &#038; diaspora du neuf trois\"}]},{\"@type\":\"WebSite\",\"@id\":\"https:\/\/vosgesinfo.fr\/gerardmerinfo\/#website\",\"url\":\"https:\/\/vosgesinfo.fr\/gerardmerinfo\/\",\"name\":\"Gerardmer Info\",\"description\":\"Toute l&#039;actualit\u00e9 de G\u00e9rardmer\",\"publisher\":{\"@id\":\"https:\/\/vosgesinfo.fr\/gerardmerinfo\/#organization\"},\"alternateName\":\"Toute l'actualit\u00e9 de G\u00e9rardmer\",\"potentialAction\":[{\"@type\":\"SearchAction\",\"target\":{\"@type\":\"EntryPoint\",\"urlTemplate\":\"https:\/\/vosgesinfo.fr\/gerardmerinfo\/?s={search_term_string}\"},\"query-input\":\"required name=search_term_string\"}],\"inLanguage\":\"fr-FR\"},{\"@type\":\"Organization\",\"@id\":\"https:\/\/vosgesinfo.fr\/gerardmerinfo\/#organization\",\"name\":\"Gerardmer Info\",\"url\":\"https:\/\/vosgesinfo.fr\/gerardmerinfo\/\",\"logo\":{\"@type\":\"ImageObject\",\"inLanguage\":\"fr-FR\",\"@id\":\"https:\/\/vosgesinfo.fr\/gerardmerinfo\/#\/schema\/logo\/image\/\",\"url\":\"https:\/\/vosgesinfo.fr\/app\/uploads\/sites\/6\/2023\/08\/favicon-gerardmerinfo.png\",\"contentUrl\":\"https:\/\/vosgesinfo.fr\/app\/uploads\/sites\/6\/2023\/08\/favicon-gerardmerinfo.png\",\"width\":512,\"height\":512,\"caption\":\"Gerardmer Info\"},\"image\":{\"@id\":\"https:\/\/vosgesinfo.fr\/gerardmerinfo\/#\/schema\/logo\/image\/\"},\"sameAs\":[\"https:\/\/www.facebook.com\/profile.php?id=100049475262660\",\"https:\/\/x.com\/VosgesInfo88\",\"https:\/\/www.youtube.com\/@vosgesinfo\"]},{\"@type\":\"Person\",\"@id\":\"https:\/\/vosgesinfo.fr\/gerardmerinfo\/#\/schema\/person\/db5605779a843dad16b5368f3e7613a5\",\"name\":\"QG\",\"image\":{\"@type\":\"ImageObject\",\"inLanguage\":\"fr-FR\",\"@id\":\"https:\/\/vosgesinfo.fr\/gerardmerinfo\/#\/schema\/person\/image\/\",\"url\":\"https:\/\/secure.gravatar.com\/avatar\/ea80c42c204b534408512832fde52504ecabb9706bcb6151cf6175e5b64e6793?s=96&d=mm&r=g\",\"contentUrl\":\"https:\/\/secure.gravatar.com\/avatar\/ea80c42c204b534408512832fde52504ecabb9706bcb6151cf6175e5b64e6793?s=96&d=mm&r=g\",\"caption\":\"QG\"},\"url\":\"https:\/\/vosgesinfo.fr\/gerardmerinfo\/author\/quentin88\/\"}]}<\/script>\n<!-- \/ Yoast SEO plugin. -->","yoast_head_json":{"title":"Contre-collage, eau forte & diaspora du neuf trois - Gerardmer Info","robots":{"index":"index","follow":"follow","max-snippet":"max-snippet:-1","max-image-preview":"max-image-preview:large","max-video-preview":"max-video-preview:-1"},"canonical":"https:\/\/vosgesinfo.fr\/gerardmerinfo\/2018\/11\/contre-collage-eau-forte-diaspora-neuf-trois\/","twitter_card":"summary_large_image","twitter_title":"Contre-collage, eau forte & diaspora du neuf trois - Gerardmer Info","twitter_description":"Graine des Toiles s&rsquo;en est all\u00e9 et la saison des expositions se poursuit \u00e0 la galerie de la MCL qui [&hellip;]","twitter_image":"https:\/\/vosgesinfo.fr\/app\/uploads\/sites\/6\/2024\/07\/201811bernard-mallet-mcl-gerardmer-2.jpg","twitter_creator":"@VosgesInfo88","twitter_site":"@VosgesInfo88","twitter_misc":{"\u00c9crit par":"QG","Dur\u00e9e de lecture estim\u00e9e":"2 minutes"},"schema":{"@context":"https:\/\/schema.org","@graph":[{"@type":"Article","@id":"https:\/\/vosgesinfo.fr\/gerardmerinfo\/2018\/11\/contre-collage-eau-forte-diaspora-neuf-trois\/#article","isPartOf":{"@id":"https:\/\/vosgesinfo.fr\/gerardmerinfo\/2018\/11\/contre-collage-eau-forte-diaspora-neuf-trois\/"},"author":{"name":"QG","@id":"https:\/\/vosgesinfo.fr\/gerardmerinfo\/#\/schema\/person\/db5605779a843dad16b5368f3e7613a5"},"headline":"Contre-collage, eau forte &#038; diaspora du neuf trois","datePublished":"2018-11-10T16:16:09+00:00","dateModified":"2018-11-10T16:16:09+00:00","mainEntityOfPage":{"@id":"https:\/\/vosgesinfo.fr\/gerardmerinfo\/2018\/11\/contre-collage-eau-forte-diaspora-neuf-trois\/"},"wordCount":498,"commentCount":0,"publisher":{"@id":"https:\/\/vosgesinfo.fr\/gerardmerinfo\/#organization"},"image":{"@id":"https:\/\/vosgesinfo.fr\/gerardmerinfo\/2018\/11\/contre-collage-eau-forte-diaspora-neuf-trois\/#primaryimage"},"thumbnailUrl":"https:\/\/vosgesinfo.fr\/app\/uploads\/sites\/6\/2024\/07\/201811bernard-mallet-mcl-gerardmer-2.jpg","keywords":["Bernard Mallet","MCL G\u00e9rardmer"],"articleSection":["A la une","Culture"],"inLanguage":"fr-FR","potentialAction":[{"@type":"CommentAction","name":"Comment","target":["https:\/\/vosgesinfo.fr\/gerardmerinfo\/2018\/11\/contre-collage-eau-forte-diaspora-neuf-trois\/#respond"]}]},{"@type":"WebPage","@id":"https:\/\/vosgesinfo.fr\/gerardmerinfo\/2018\/11\/contre-collage-eau-forte-diaspora-neuf-trois\/","url":"https:\/\/vosgesinfo.fr\/gerardmerinfo\/2018\/11\/contre-collage-eau-forte-diaspora-neuf-trois\/","name":"Contre-collage, eau forte & diaspora du neuf trois - Gerardmer Info","isPartOf":{"@id":"https:\/\/vosgesinfo.fr\/gerardmerinfo\/#website"},"primaryImageOfPage":{"@id":"https:\/\/vosgesinfo.fr\/gerardmerinfo\/2018\/11\/contre-collage-eau-forte-diaspora-neuf-trois\/#primaryimage"},"image":{"@id":"https:\/\/vosgesinfo.fr\/gerardmerinfo\/2018\/11\/contre-collage-eau-forte-diaspora-neuf-trois\/#primaryimage"},"thumbnailUrl":"https:\/\/vosgesinfo.fr\/app\/uploads\/sites\/6\/2024\/07\/201811bernard-mallet-mcl-gerardmer-2.jpg","datePublished":"2018-11-10T16:16:09+00:00","dateModified":"2018-11-10T16:16:09+00:00","breadcrumb":{"@id":"https:\/\/vosgesinfo.fr\/gerardmerinfo\/2018\/11\/contre-collage-eau-forte-diaspora-neuf-trois\/#breadcrumb"},"inLanguage":"fr-FR","potentialAction":[{"@type":"ReadAction","target":["https:\/\/vosgesinfo.fr\/gerardmerinfo\/2018\/11\/contre-collage-eau-forte-diaspora-neuf-trois\/"]}]},{"@type":"ImageObject","inLanguage":"fr-FR","@id":"https:\/\/vosgesinfo.fr\/gerardmerinfo\/2018\/11\/contre-collage-eau-forte-diaspora-neuf-trois\/#primaryimage","url":"https:\/\/vosgesinfo.fr\/app\/uploads\/sites\/6\/2024\/07\/201811bernard-mallet-mcl-gerardmer-2.jpg","contentUrl":"https:\/\/vosgesinfo.fr\/app\/uploads\/sites\/6\/2024\/07\/201811bernard-mallet-mcl-gerardmer-2.jpg","width":800,"height":450},{"@type":"BreadcrumbList","@id":"https:\/\/vosgesinfo.fr\/gerardmerinfo\/2018\/11\/contre-collage-eau-forte-diaspora-neuf-trois\/#breadcrumb","itemListElement":[{"@type":"ListItem","position":1,"name":"Home","item":"https:\/\/vosgesinfo.fr\/gerardmerinfo\/"},{"@type":"ListItem","position":2,"name":"Contre-collage, eau forte &#038; diaspora du neuf trois"}]},{"@type":"WebSite","@id":"https:\/\/vosgesinfo.fr\/gerardmerinfo\/#website","url":"https:\/\/vosgesinfo.fr\/gerardmerinfo\/","name":"Gerardmer Info","description":"Toute l&#039;actualit\u00e9 de G\u00e9rardmer","publisher":{"@id":"https:\/\/vosgesinfo.fr\/gerardmerinfo\/#organization"},"alternateName":"Toute l'actualit\u00e9 de G\u00e9rardmer","potentialAction":[{"@type":"SearchAction","target":{"@type":"EntryPoint","urlTemplate":"https:\/\/vosgesinfo.fr\/gerardmerinfo\/?s={search_term_string}"},"query-input":"required name=search_term_string"}],"inLanguage":"fr-FR"},{"@type":"Organization","@id":"https:\/\/vosgesinfo.fr\/gerardmerinfo\/#organization","name":"Gerardmer Info","url":"https:\/\/vosgesinfo.fr\/gerardmerinfo\/","logo":{"@type":"ImageObject","inLanguage":"fr-FR","@id":"https:\/\/vosgesinfo.fr\/gerardmerinfo\/#\/schema\/logo\/image\/","url":"https:\/\/vosgesinfo.fr\/app\/uploads\/sites\/6\/2023\/08\/favicon-gerardmerinfo.png","contentUrl":"https:\/\/vosgesinfo.fr\/app\/uploads\/sites\/6\/2023\/08\/favicon-gerardmerinfo.png","width":512,"height":512,"caption":"Gerardmer Info"},"image":{"@id":"https:\/\/vosgesinfo.fr\/gerardmerinfo\/#\/schema\/logo\/image\/"},"sameAs":["https:\/\/www.facebook.com\/profile.php?id=100049475262660","https:\/\/x.com\/VosgesInfo88","https:\/\/www.youtube.com\/@vosgesinfo"]},{"@type":"Person","@id":"https:\/\/vosgesinfo.fr\/gerardmerinfo\/#\/schema\/person\/db5605779a843dad16b5368f3e7613a5","name":"QG","image":{"@type":"ImageObject","inLanguage":"fr-FR","@id":"https:\/\/vosgesinfo.fr\/gerardmerinfo\/#\/schema\/person\/image\/","url":"https:\/\/secure.gravatar.com\/avatar\/ea80c42c204b534408512832fde52504ecabb9706bcb6151cf6175e5b64e6793?s=96&d=mm&r=g","contentUrl":"https:\/\/secure.gravatar.com\/avatar\/ea80c42c204b534408512832fde52504ecabb9706bcb6151cf6175e5b64e6793?s=96&d=mm&r=g","caption":"QG"},"url":"https:\/\/vosgesinfo.fr\/gerardmerinfo\/author\/quentin88\/"}]}},"_links":{"self":[{"href":"https:\/\/vosgesinfo.fr\/gerardmerinfo\/wp-json\/wp\/v2\/posts\/37776","targetHints":{"allow":["GET"]}}],"collection":[{"href":"https:\/\/vosgesinfo.fr\/gerardmerinfo\/wp-json\/wp\/v2\/posts"}],"about":[{"href":"https:\/\/vosgesinfo.fr\/gerardmerinfo\/wp-json\/wp\/v2\/types\/post"}],"author":[{"embeddable":true,"href":"https:\/\/vosgesinfo.fr\/gerardmerinfo\/wp-json\/wp\/v2\/users\/42"}],"replies":[{"embeddable":true,"href":"https:\/\/vosgesinfo.fr\/gerardmerinfo\/wp-json\/wp\/v2\/comments?post=37776"}],"version-history":[{"count":0,"href":"https:\/\/vosgesinfo.fr\/gerardmerinfo\/wp-json\/wp\/v2\/posts\/37776\/revisions"}],"wp:featuredmedia":[{"embeddable":true,"href":"https:\/\/vosgesinfo.fr\/gerardmerinfo\/wp-json\/wp\/v2\/media\/37777"}],"wp:attachment":[{"href":"https:\/\/vosgesinfo.fr\/gerardmerinfo\/wp-json\/wp\/v2\/media?parent=37776"}],"wp:term":[{"taxonomy":"category","embeddable":true,"href":"https:\/\/vosgesinfo.fr\/gerardmerinfo\/wp-json\/wp\/v2\/categories?post=37776"},{"taxonomy":"post_tag","embeddable":true,"href":"https:\/\/vosgesinfo.fr\/gerardmerinfo\/wp-json\/wp\/v2\/tags?post=37776"}],"curies":[{"name":"wp","href":"https:\/\/api.w.org\/{rel}","templated":true}]}}