{"id":37796,"date":"2018-11-11T16:36:10","date_gmt":"2018-11-11T15:36:10","guid":{"rendered":"https:\/\/vosgesinfo.fr\/gerardmerinfo\/2018\/11\/pierre-camatte-revient-89-jours-de-detention\/"},"modified":"2018-11-11T16:36:10","modified_gmt":"2018-11-11T15:36:10","slug":"pierre-camatte-revient-89-jours-de-detention","status":"publish","type":"post","link":"https:\/\/vosgesinfo.fr\/gerardmerinfo\/2018\/11\/pierre-camatte-revient-89-jours-de-detention\/","title":{"rendered":"Pierre Camatte revient sur 89 jours de d\u00e9tention"},"content":{"rendered":"<div>\n\n<p><strong>Jeudi soir, l&rsquo;ex otage au Mali Pierre CAMATTE \u00e9tait l&rsquo;invit\u00e9 du LIONS Club de G\u00e9rardmer-Bruy\u00e8res \u00e0 l&rsquo;occasion d&rsquo;une soir\u00e9e \u00e0 la MCL o\u00f9 il a pu raconter avec beaucoup d\u2019\u00e9motion ses 89 jours de d\u00e9tention.<\/strong><\/p>\n<div id=\"attachment_137359\" style=\"width: 188px\" class=\"wp-caption alignright\"><a href=\"\/2018\/11\/Camatte-Mali-MCL-2.jpg\"><img decoding=\"async\" aria-describedby=\"caption-attachment-137359\" class=\"wp-image-137359 size-medium\" src=\"\/2018\/11\/Camatte-Mali-MCL-2-178x255.jpg\" alt=\"Camatte Mali MCL (2)\" width=\"178\" height=\"255\" \/><\/a><p id=\"caption-attachment-137359\" class=\"wp-caption-text\">CALENDRIER CONFECTIONNE PAR PIERRE CAMATTE- POUR SE SITUER DANS LE TEMPS : UN N\u0152UD R\u00c9ALIS\u00c9 CHAQUE JOUR DANS UNE CORDELETTE DE SA COUVERTURE<\/p><\/div>\n<p class=\"x_MsoNormal\">Enlev\u00e9 dans la nuit du 25 Novembre 2009 par AQMI (Al-Qa\u00efda au Maghreb Islamique), il a \u00e9t\u00e9 lib\u00e9r\u00e9 le 25 F\u00e9vrier 2010 apr\u00e8s \u00e9change par les autorit\u00e9s de Bamako de 4 djihadistes r\u00e9clam\u00e9s par les ravisseurs. Pierre Camatte s\u00e9journait \u00e0 M\u00e9naka \u00a0au nord du Mali lors de son enl\u00e8vement. B\u00e9n\u00e9vole dans diff\u00e9rentes associations dont celle du Jumelage G\u00e9rardmer-Tidarmene, le Vosgien\u00a0 s\u2019\u00e9tait rapproch\u00e9 d\u2019 ICARE, une ONG engag\u00e9e dans la lutte contre le paludisme. Il \u00e9tait alors au Mali pour faire pousser l\u2019Artemisia annua (Armoise annuelle), une plante d\u2019origine chinoise aux vertus th\u00e9rapeutiques contre le paludisme, une v\u00e9ritable alternative aux m\u00e9dicaments souvent trop chers.<\/p>\n<p class=\"x_MsoNormal\">Pierre Camatte est revenu sur ses conditions de d\u00e9tention \u00a0\u00e9prouvantes, \u00a0avec une chaleur qui pouvait atteindre 45\u00b0, des conditions sanitaires pr\u00e9caires, que ce soit pour l\u2019eau, la nourriture ou l\u2019hygi\u00e8ne de mani\u00e8re g\u00e9n\u00e9rale. \u00a0Des repas compos\u00e9s de pain cuit dans le sable, de riz ou de p\u00e2tes, parfois du lait, toujours une eau glauque tir\u00e9e des puits du d\u00e9sert, et conserv\u00e9e dans des f\u00fbts d\u2019essence, et la m\u00eame eau pour se laver seulement 3 ou 4 fois en 3 mois\u00a0! Il a \u00e9galement port\u00e9 les m\u00eames v\u00eatements pendant toute la p\u00e9riode de d\u00e9tention : djellaba, pantalon et ch\u00e8che.<\/p>\n<p>Le cauchemar a dur\u00e9 89 jours marqu\u00e9s sur un calendrier de fortune fait d\u2019une corde avec un n\u0153ud par jour. Une prison \u00e0 ciel ouvert entre les dunes du Sahara avec changement de campement tous les 10 \u00e0 15 jours sans jamais savoir o\u00f9 il est, des d\u00e9placements de quelques centaines de kilom\u00e8tres et une fois un trajet long de 3 jours, interminables.. Une exp\u00e9rience forc\u00e9ment marquante qu&rsquo;il a partag\u00e9 avec un public attentif et parfois m\u00eame fascin\u00e9 par cette histoire que les personnes pr\u00e9sentes ne sont pas pr\u00eates d&rsquo;oublier !<\/p>\n<\/div>\n<div><\/div>\n","protected":false},"excerpt":{"rendered":"<p>Jeudi soir, l&rsquo;ex otage au Mali Pierre CAMATTE \u00e9tait l&rsquo;invit\u00e9 du LIONS Club de G\u00e9rardmer-Bruy\u00e8res \u00e0 l&rsquo;occasion d&rsquo;une soir\u00e9e \u00e0 [&hellip;]<\/p>\n","protected":false},"author":1,"featured_media":37797,"comment_status":"open","ping_status":"open","sticky":false,"template":"","format":"standard","meta":{"footnotes":""},"categories":[20,4],"tags":[446,3874],"class_list":["post-37796","post","type-post","status-publish","format-standard","has-post-thumbnail","hentry","category-a-la-une","category-culture","tag-lions-club","tag-pierre-camatte"],"acf":[],"yoast_head":"<!-- This site is optimized with the Yoast SEO plugin v22.5 - https:\/\/yoast.com\/wordpress\/plugins\/seo\/ -->\n<title>Pierre Camatte revient sur 89 jours de d\u00e9tention - Gerardmer Info<\/title>\n<meta name=\"robots\" content=\"index, follow, max-snippet:-1, max-image-preview:large, max-video-preview:-1\" \/>\n<link rel=\"canonical\" href=\"https:\/\/vosgesinfo.fr\/gerardmerinfo\/2018\/11\/pierre-camatte-revient-89-jours-de-detention\/\" \/>\n<meta name=\"twitter:card\" content=\"summary_large_image\" \/>\n<meta name=\"twitter:title\" content=\"Pierre Camatte revient sur 89 jours de d\u00e9tention - Gerardmer Info\" \/>\n<meta name=\"twitter:description\" content=\"Jeudi soir, l&rsquo;ex otage au Mali Pierre CAMATTE \u00e9tait l&rsquo;invit\u00e9 du LIONS Club de G\u00e9rardmer-Bruy\u00e8res \u00e0 l&rsquo;occasion d&rsquo;une soir\u00e9e \u00e0 [&hellip;]\" \/>\n<meta name=\"twitter:image\" content=\"https:\/\/vosgesinfo.fr\/app\/uploads\/sites\/6\/2024\/07\/201811camatte-mali-mcl-1.jpg\" \/>\n<meta name=\"twitter:creator\" content=\"@VosgesInfo88\" \/>\n<meta name=\"twitter:site\" content=\"@VosgesInfo88\" \/>\n<meta name=\"twitter:label1\" content=\"\u00c9crit par\" \/>\n\t<meta name=\"twitter:data1\" content=\"qs_admin\" \/>\n\t<meta name=\"twitter:label2\" content=\"Dur\u00e9e de lecture estim\u00e9e\" \/>\n\t<meta name=\"twitter:data2\" content=\"2 minutes\" \/>\n<script type=\"application\/ld+json\" class=\"yoast-schema-graph\">{\"@context\":\"https:\/\/schema.org\",\"@graph\":[{\"@type\":\"Article\",\"@id\":\"https:\/\/vosgesinfo.fr\/gerardmerinfo\/2018\/11\/pierre-camatte-revient-89-jours-de-detention\/#article\",\"isPartOf\":{\"@id\":\"https:\/\/vosgesinfo.fr\/gerardmerinfo\/2018\/11\/pierre-camatte-revient-89-jours-de-detention\/\"},\"author\":{\"name\":\"qs_admin\",\"@id\":\"https:\/\/vosgesinfo.fr\/gerardmerinfo\/#\/schema\/person\/bc5d02d71e6932e81b6dadb7386667b1\"},\"headline\":\"Pierre Camatte revient sur 89 jours de d\u00e9tention\",\"datePublished\":\"2018-11-11T15:36:10+00:00\",\"dateModified\":\"2018-11-11T15:36:10+00:00\",\"mainEntityOfPage\":{\"@id\":\"https:\/\/vosgesinfo.fr\/gerardmerinfo\/2018\/11\/pierre-camatte-revient-89-jours-de-detention\/\"},\"wordCount\":418,\"commentCount\":0,\"publisher\":{\"@id\":\"https:\/\/vosgesinfo.fr\/gerardmerinfo\/#organization\"},\"image\":{\"@id\":\"https:\/\/vosgesinfo.fr\/gerardmerinfo\/2018\/11\/pierre-camatte-revient-89-jours-de-detention\/#primaryimage\"},\"thumbnailUrl\":\"https:\/\/vosgesinfo.fr\/app\/uploads\/sites\/6\/2024\/07\/201811camatte-mali-mcl-1.jpg\",\"keywords\":[\"Lions club\",\"Pierre Camatte\"],\"articleSection\":[\"A la une\",\"Culture\"],\"inLanguage\":\"fr-FR\",\"potentialAction\":[{\"@type\":\"CommentAction\",\"name\":\"Comment\",\"target\":[\"https:\/\/vosgesinfo.fr\/gerardmerinfo\/2018\/11\/pierre-camatte-revient-89-jours-de-detention\/#respond\"]}]},{\"@type\":\"WebPage\",\"@id\":\"https:\/\/vosgesinfo.fr\/gerardmerinfo\/2018\/11\/pierre-camatte-revient-89-jours-de-detention\/\",\"url\":\"https:\/\/vosgesinfo.fr\/gerardmerinfo\/2018\/11\/pierre-camatte-revient-89-jours-de-detention\/\",\"name\":\"Pierre Camatte revient sur 89 jours de d\u00e9tention - Gerardmer Info\",\"isPartOf\":{\"@id\":\"https:\/\/vosgesinfo.fr\/gerardmerinfo\/#website\"},\"primaryImageOfPage\":{\"@id\":\"https:\/\/vosgesinfo.fr\/gerardmerinfo\/2018\/11\/pierre-camatte-revient-89-jours-de-detention\/#primaryimage\"},\"image\":{\"@id\":\"https:\/\/vosgesinfo.fr\/gerardmerinfo\/2018\/11\/pierre-camatte-revient-89-jours-de-detention\/#primaryimage\"},\"thumbnailUrl\":\"https:\/\/vosgesinfo.fr\/app\/uploads\/sites\/6\/2024\/07\/201811camatte-mali-mcl-1.jpg\",\"datePublished\":\"2018-11-11T15:36:10+00:00\",\"dateModified\":\"2018-11-11T15:36:10+00:00\",\"breadcrumb\":{\"@id\":\"https:\/\/vosgesinfo.fr\/gerardmerinfo\/2018\/11\/pierre-camatte-revient-89-jours-de-detention\/#breadcrumb\"},\"inLanguage\":\"fr-FR\",\"potentialAction\":[{\"@type\":\"ReadAction\",\"target\":[\"https:\/\/vosgesinfo.fr\/gerardmerinfo\/2018\/11\/pierre-camatte-revient-89-jours-de-detention\/\"]}]},{\"@type\":\"ImageObject\",\"inLanguage\":\"fr-FR\",\"@id\":\"https:\/\/vosgesinfo.fr\/gerardmerinfo\/2018\/11\/pierre-camatte-revient-89-jours-de-detention\/#primaryimage\",\"url\":\"https:\/\/vosgesinfo.fr\/app\/uploads\/sites\/6\/2024\/07\/201811camatte-mali-mcl-1.jpg\",\"contentUrl\":\"https:\/\/vosgesinfo.fr\/app\/uploads\/sites\/6\/2024\/07\/201811camatte-mali-mcl-1.jpg\",\"width\":800,\"height\":607},{\"@type\":\"BreadcrumbList\",\"@id\":\"https:\/\/vosgesinfo.fr\/gerardmerinfo\/2018\/11\/pierre-camatte-revient-89-jours-de-detention\/#breadcrumb\",\"itemListElement\":[{\"@type\":\"ListItem\",\"position\":1,\"name\":\"Home\",\"item\":\"https:\/\/vosgesinfo.fr\/gerardmerinfo\/\"},{\"@type\":\"ListItem\",\"position\":2,\"name\":\"Pierre Camatte revient sur 89 jours de d\u00e9tention\"}]},{\"@type\":\"WebSite\",\"@id\":\"https:\/\/vosgesinfo.fr\/gerardmerinfo\/#website\",\"url\":\"https:\/\/vosgesinfo.fr\/gerardmerinfo\/\",\"name\":\"Gerardmer Info\",\"description\":\"Toute l&#039;actualit\u00e9 de G\u00e9rardmer\",\"publisher\":{\"@id\":\"https:\/\/vosgesinfo.fr\/gerardmerinfo\/#organization\"},\"alternateName\":\"Toute l'actualit\u00e9 de G\u00e9rardmer\",\"potentialAction\":[{\"@type\":\"SearchAction\",\"target\":{\"@type\":\"EntryPoint\",\"urlTemplate\":\"https:\/\/vosgesinfo.fr\/gerardmerinfo\/?s={search_term_string}\"},\"query-input\":\"required name=search_term_string\"}],\"inLanguage\":\"fr-FR\"},{\"@type\":\"Organization\",\"@id\":\"https:\/\/vosgesinfo.fr\/gerardmerinfo\/#organization\",\"name\":\"Gerardmer Info\",\"url\":\"https:\/\/vosgesinfo.fr\/gerardmerinfo\/\",\"logo\":{\"@type\":\"ImageObject\",\"inLanguage\":\"fr-FR\",\"@id\":\"https:\/\/vosgesinfo.fr\/gerardmerinfo\/#\/schema\/logo\/image\/\",\"url\":\"https:\/\/vosgesinfo.fr\/app\/uploads\/sites\/6\/2023\/08\/favicon-gerardmerinfo.png\",\"contentUrl\":\"https:\/\/vosgesinfo.fr\/app\/uploads\/sites\/6\/2023\/08\/favicon-gerardmerinfo.png\",\"width\":512,\"height\":512,\"caption\":\"Gerardmer Info\"},\"image\":{\"@id\":\"https:\/\/vosgesinfo.fr\/gerardmerinfo\/#\/schema\/logo\/image\/\"},\"sameAs\":[\"https:\/\/www.facebook.com\/profile.php?id=100049475262660\",\"https:\/\/x.com\/VosgesInfo88\",\"https:\/\/www.youtube.com\/@vosgesinfo\"]},{\"@type\":\"Person\",\"@id\":\"https:\/\/vosgesinfo.fr\/gerardmerinfo\/#\/schema\/person\/bc5d02d71e6932e81b6dadb7386667b1\",\"name\":\"qs_admin\",\"image\":{\"@type\":\"ImageObject\",\"inLanguage\":\"fr-FR\",\"@id\":\"https:\/\/vosgesinfo.fr\/gerardmerinfo\/#\/schema\/person\/image\/\",\"url\":\"https:\/\/secure.gravatar.com\/avatar\/94b18ee0ed79e4a42ea2f2931277b6841a8999fc6fde214600c78057cf1fe1de?s=96&d=mm&r=g\",\"contentUrl\":\"https:\/\/secure.gravatar.com\/avatar\/94b18ee0ed79e4a42ea2f2931277b6841a8999fc6fde214600c78057cf1fe1de?s=96&d=mm&r=g\",\"caption\":\"qs_admin\"},\"sameAs\":[\"https:\/\/vosgesinfo.fr\/wp\"],\"url\":\"https:\/\/vosgesinfo.fr\/gerardmerinfo\/author\/qs_admin\/\"}]}<\/script>\n<!-- \/ Yoast SEO plugin. -->","yoast_head_json":{"title":"Pierre Camatte revient sur 89 jours de d\u00e9tention - Gerardmer Info","robots":{"index":"index","follow":"follow","max-snippet":"max-snippet:-1","max-image-preview":"max-image-preview:large","max-video-preview":"max-video-preview:-1"},"canonical":"https:\/\/vosgesinfo.fr\/gerardmerinfo\/2018\/11\/pierre-camatte-revient-89-jours-de-detention\/","twitter_card":"summary_large_image","twitter_title":"Pierre Camatte revient sur 89 jours de d\u00e9tention - Gerardmer Info","twitter_description":"Jeudi soir, l&rsquo;ex otage au Mali Pierre CAMATTE \u00e9tait l&rsquo;invit\u00e9 du LIONS Club de G\u00e9rardmer-Bruy\u00e8res \u00e0 l&rsquo;occasion d&rsquo;une soir\u00e9e \u00e0 [&hellip;]","twitter_image":"https:\/\/vosgesinfo.fr\/app\/uploads\/sites\/6\/2024\/07\/201811camatte-mali-mcl-1.jpg","twitter_creator":"@VosgesInfo88","twitter_site":"@VosgesInfo88","twitter_misc":{"\u00c9crit par":"qs_admin","Dur\u00e9e de lecture estim\u00e9e":"2 minutes"},"schema":{"@context":"https:\/\/schema.org","@graph":[{"@type":"Article","@id":"https:\/\/vosgesinfo.fr\/gerardmerinfo\/2018\/11\/pierre-camatte-revient-89-jours-de-detention\/#article","isPartOf":{"@id":"https:\/\/vosgesinfo.fr\/gerardmerinfo\/2018\/11\/pierre-camatte-revient-89-jours-de-detention\/"},"author":{"name":"qs_admin","@id":"https:\/\/vosgesinfo.fr\/gerardmerinfo\/#\/schema\/person\/bc5d02d71e6932e81b6dadb7386667b1"},"headline":"Pierre Camatte revient sur 89 jours de d\u00e9tention","datePublished":"2018-11-11T15:36:10+00:00","dateModified":"2018-11-11T15:36:10+00:00","mainEntityOfPage":{"@id":"https:\/\/vosgesinfo.fr\/gerardmerinfo\/2018\/11\/pierre-camatte-revient-89-jours-de-detention\/"},"wordCount":418,"commentCount":0,"publisher":{"@id":"https:\/\/vosgesinfo.fr\/gerardmerinfo\/#organization"},"image":{"@id":"https:\/\/vosgesinfo.fr\/gerardmerinfo\/2018\/11\/pierre-camatte-revient-89-jours-de-detention\/#primaryimage"},"thumbnailUrl":"https:\/\/vosgesinfo.fr\/app\/uploads\/sites\/6\/2024\/07\/201811camatte-mali-mcl-1.jpg","keywords":["Lions club","Pierre Camatte"],"articleSection":["A la une","Culture"],"inLanguage":"fr-FR","potentialAction":[{"@type":"CommentAction","name":"Comment","target":["https:\/\/vosgesinfo.fr\/gerardmerinfo\/2018\/11\/pierre-camatte-revient-89-jours-de-detention\/#respond"]}]},{"@type":"WebPage","@id":"https:\/\/vosgesinfo.fr\/gerardmerinfo\/2018\/11\/pierre-camatte-revient-89-jours-de-detention\/","url":"https:\/\/vosgesinfo.fr\/gerardmerinfo\/2018\/11\/pierre-camatte-revient-89-jours-de-detention\/","name":"Pierre Camatte revient sur 89 jours de d\u00e9tention - Gerardmer Info","isPartOf":{"@id":"https:\/\/vosgesinfo.fr\/gerardmerinfo\/#website"},"primaryImageOfPage":{"@id":"https:\/\/vosgesinfo.fr\/gerardmerinfo\/2018\/11\/pierre-camatte-revient-89-jours-de-detention\/#primaryimage"},"image":{"@id":"https:\/\/vosgesinfo.fr\/gerardmerinfo\/2018\/11\/pierre-camatte-revient-89-jours-de-detention\/#primaryimage"},"thumbnailUrl":"https:\/\/vosgesinfo.fr\/app\/uploads\/sites\/6\/2024\/07\/201811camatte-mali-mcl-1.jpg","datePublished":"2018-11-11T15:36:10+00:00","dateModified":"2018-11-11T15:36:10+00:00","breadcrumb":{"@id":"https:\/\/vosgesinfo.fr\/gerardmerinfo\/2018\/11\/pierre-camatte-revient-89-jours-de-detention\/#breadcrumb"},"inLanguage":"fr-FR","potentialAction":[{"@type":"ReadAction","target":["https:\/\/vosgesinfo.fr\/gerardmerinfo\/2018\/11\/pierre-camatte-revient-89-jours-de-detention\/"]}]},{"@type":"ImageObject","inLanguage":"fr-FR","@id":"https:\/\/vosgesinfo.fr\/gerardmerinfo\/2018\/11\/pierre-camatte-revient-89-jours-de-detention\/#primaryimage","url":"https:\/\/vosgesinfo.fr\/app\/uploads\/sites\/6\/2024\/07\/201811camatte-mali-mcl-1.jpg","contentUrl":"https:\/\/vosgesinfo.fr\/app\/uploads\/sites\/6\/2024\/07\/201811camatte-mali-mcl-1.jpg","width":800,"height":607},{"@type":"BreadcrumbList","@id":"https:\/\/vosgesinfo.fr\/gerardmerinfo\/2018\/11\/pierre-camatte-revient-89-jours-de-detention\/#breadcrumb","itemListElement":[{"@type":"ListItem","position":1,"name":"Home","item":"https:\/\/vosgesinfo.fr\/gerardmerinfo\/"},{"@type":"ListItem","position":2,"name":"Pierre Camatte revient sur 89 jours de d\u00e9tention"}]},{"@type":"WebSite","@id":"https:\/\/vosgesinfo.fr\/gerardmerinfo\/#website","url":"https:\/\/vosgesinfo.fr\/gerardmerinfo\/","name":"Gerardmer Info","description":"Toute l&#039;actualit\u00e9 de G\u00e9rardmer","publisher":{"@id":"https:\/\/vosgesinfo.fr\/gerardmerinfo\/#organization"},"alternateName":"Toute l'actualit\u00e9 de G\u00e9rardmer","potentialAction":[{"@type":"SearchAction","target":{"@type":"EntryPoint","urlTemplate":"https:\/\/vosgesinfo.fr\/gerardmerinfo\/?s={search_term_string}"},"query-input":"required name=search_term_string"}],"inLanguage":"fr-FR"},{"@type":"Organization","@id":"https:\/\/vosgesinfo.fr\/gerardmerinfo\/#organization","name":"Gerardmer Info","url":"https:\/\/vosgesinfo.fr\/gerardmerinfo\/","logo":{"@type":"ImageObject","inLanguage":"fr-FR","@id":"https:\/\/vosgesinfo.fr\/gerardmerinfo\/#\/schema\/logo\/image\/","url":"https:\/\/vosgesinfo.fr\/app\/uploads\/sites\/6\/2023\/08\/favicon-gerardmerinfo.png","contentUrl":"https:\/\/vosgesinfo.fr\/app\/uploads\/sites\/6\/2023\/08\/favicon-gerardmerinfo.png","width":512,"height":512,"caption":"Gerardmer Info"},"image":{"@id":"https:\/\/vosgesinfo.fr\/gerardmerinfo\/#\/schema\/logo\/image\/"},"sameAs":["https:\/\/www.facebook.com\/profile.php?id=100049475262660","https:\/\/x.com\/VosgesInfo88","https:\/\/www.youtube.com\/@vosgesinfo"]},{"@type":"Person","@id":"https:\/\/vosgesinfo.fr\/gerardmerinfo\/#\/schema\/person\/bc5d02d71e6932e81b6dadb7386667b1","name":"qs_admin","image":{"@type":"ImageObject","inLanguage":"fr-FR","@id":"https:\/\/vosgesinfo.fr\/gerardmerinfo\/#\/schema\/person\/image\/","url":"https:\/\/secure.gravatar.com\/avatar\/94b18ee0ed79e4a42ea2f2931277b6841a8999fc6fde214600c78057cf1fe1de?s=96&d=mm&r=g","contentUrl":"https:\/\/secure.gravatar.com\/avatar\/94b18ee0ed79e4a42ea2f2931277b6841a8999fc6fde214600c78057cf1fe1de?s=96&d=mm&r=g","caption":"qs_admin"},"sameAs":["https:\/\/vosgesinfo.fr\/wp"],"url":"https:\/\/vosgesinfo.fr\/gerardmerinfo\/author\/qs_admin\/"}]}},"_links":{"self":[{"href":"https:\/\/vosgesinfo.fr\/gerardmerinfo\/wp-json\/wp\/v2\/posts\/37796","targetHints":{"allow":["GET"]}}],"collection":[{"href":"https:\/\/vosgesinfo.fr\/gerardmerinfo\/wp-json\/wp\/v2\/posts"}],"about":[{"href":"https:\/\/vosgesinfo.fr\/gerardmerinfo\/wp-json\/wp\/v2\/types\/post"}],"author":[{"embeddable":true,"href":"https:\/\/vosgesinfo.fr\/gerardmerinfo\/wp-json\/wp\/v2\/users\/1"}],"replies":[{"embeddable":true,"href":"https:\/\/vosgesinfo.fr\/gerardmerinfo\/wp-json\/wp\/v2\/comments?post=37796"}],"version-history":[{"count":0,"href":"https:\/\/vosgesinfo.fr\/gerardmerinfo\/wp-json\/wp\/v2\/posts\/37796\/revisions"}],"wp:featuredmedia":[{"embeddable":true,"href":"https:\/\/vosgesinfo.fr\/gerardmerinfo\/wp-json\/wp\/v2\/media\/37797"}],"wp:attachment":[{"href":"https:\/\/vosgesinfo.fr\/gerardmerinfo\/wp-json\/wp\/v2\/media?parent=37796"}],"wp:term":[{"taxonomy":"category","embeddable":true,"href":"https:\/\/vosgesinfo.fr\/gerardmerinfo\/wp-json\/wp\/v2\/categories?post=37796"},{"taxonomy":"post_tag","embeddable":true,"href":"https:\/\/vosgesinfo.fr\/gerardmerinfo\/wp-json\/wp\/v2\/tags?post=37796"}],"curies":[{"name":"wp","href":"https:\/\/api.w.org\/{rel}","templated":true}]}}