{"id":37803,"date":"2018-11-11T14:13:04","date_gmt":"2018-11-11T13:13:04","guid":{"rendered":"https:\/\/vosgesinfo.fr\/gerardmerinfo\/2018\/11\/ceremonie-de-larmistice-commemorer-victoire-celebrer-paix\/"},"modified":"2018-11-11T14:13:04","modified_gmt":"2018-11-11T13:13:04","slug":"ceremonie-de-larmistice-commemorer-victoire-celebrer-paix","status":"publish","type":"post","link":"https:\/\/vosgesinfo.fr\/gerardmerinfo\/2018\/11\/ceremonie-de-larmistice-commemorer-victoire-celebrer-paix\/","title":{"rendered":"C\u00e9r\u00e9monie de l&rsquo;armistice : \u00ab\u00a0Comm\u00e9morer la victoire et c\u00e9l\u00e9brer la paix\u00a0\u00bb"},"content":{"rendered":"<p><a href=\"\/2018\/11\/11-novembre-xonrupt-3.jpg\"><img decoding=\"async\" class=\"aligncenter size-full wp-image-137368\" src=\"\/2018\/11\/11-novembre-xonrupt-3.jpg\" alt=\"11 novembre xonrupt (3)\" width=\"800\" height=\"450\" \/><\/a><\/p>\n<h3>Il y avait foule \u00e0 Xonrupt-Longemer en ce dimanche matin o\u00f9, comme un peu partout en France, l&rsquo;on c\u00e9l\u00e9brait la fin de la Grande Guerre tout en rendant hommage \u00e0 tous ceux qui se sont battus pour leur pays, qui ont perdu la vie sur le front, qui ont souffert de ce conflit.<\/h3>\n<p>Sur la place principale de la commune, autour du monument aux morts, de nombreux citoyens s&rsquo;\u00e9taient donc r\u00e9unis pour participer \u00e0 cette c\u00e9r\u00e9monie orchestr\u00e9e par le maire Michel Bertrand, accompagn\u00e9 des repr\u00e9sentants des associations patriotiques et leurs portes drapeaux, mais aussi des sapeurs pompiers, des Gendarmes du PGN, des Sonneurs de la Vall\u00e9e des Lacs ou encore des \u00e9lus du conseil municipal des jeunes. Des enfants qui ont particip\u00e9 aux traditionnels d\u00e9p\u00f4ts de gerbes et \u00e0 la lecture des morts pour la France dont les noms figurent sur le monument ainsi que la st\u00e8le. Quant au message du pr\u00e9sident, c&rsquo;est le maire xonrup\u00e9en lui-m\u00eame qui en fait la lecture avant de rappeler l&rsquo;importance de comm\u00e9morer la victoire, et surtout de c\u00e9l\u00e9brer la paix, si pr\u00e9cieuse.<\/p>\n\n","protected":false},"excerpt":{"rendered":"<p>Il y avait foule \u00e0 Xonrupt-Longemer en ce dimanche matin o\u00f9, comme un peu partout en France, l&rsquo;on c\u00e9l\u00e9brait la [&hellip;]<\/p>\n","protected":false},"author":42,"featured_media":37804,"comment_status":"open","ping_status":"open","sticky":false,"template":"","format":"standard","meta":{"footnotes":""},"categories":[20,25,42,40],"tags":[709],"class_list":["post-37803","post","type-post","status-publish","format-standard","has-post-thumbnail","hentry","category-a-la-une","category-gerardmer","category-xonrupt-longemer","category-xonrupt-liezey","tag-11-novembre"],"acf":[],"yoast_head":"<!-- This site is optimized with the Yoast SEO plugin v22.5 - https:\/\/yoast.com\/wordpress\/plugins\/seo\/ -->\n<title>C\u00e9r\u00e9monie de l&#039;armistice : &quot;Comm\u00e9morer la victoire et c\u00e9l\u00e9brer la paix&quot; - Gerardmer Info<\/title>\n<meta name=\"robots\" content=\"index, follow, max-snippet:-1, max-image-preview:large, max-video-preview:-1\" \/>\n<link rel=\"canonical\" href=\"https:\/\/vosgesinfo.fr\/gerardmerinfo\/2018\/11\/ceremonie-de-larmistice-commemorer-victoire-celebrer-paix\/\" \/>\n<meta name=\"twitter:card\" content=\"summary_large_image\" \/>\n<meta name=\"twitter:title\" content=\"C\u00e9r\u00e9monie de l&#039;armistice : &quot;Comm\u00e9morer la victoire et c\u00e9l\u00e9brer la paix&quot; - Gerardmer Info\" \/>\n<meta name=\"twitter:description\" content=\"Il y avait foule \u00e0 Xonrupt-Longemer en ce dimanche matin o\u00f9, comme un peu partout en France, l&rsquo;on c\u00e9l\u00e9brait la [&hellip;]\" \/>\n<meta name=\"twitter:image\" content=\"https:\/\/vosgesinfo.fr\/app\/uploads\/sites\/6\/2024\/07\/20181111-novembre-xonrupt-3.jpg\" \/>\n<meta name=\"twitter:creator\" content=\"@VosgesInfo88\" \/>\n<meta name=\"twitter:site\" content=\"@VosgesInfo88\" \/>\n<meta name=\"twitter:label1\" content=\"\u00c9crit par\" \/>\n\t<meta name=\"twitter:data1\" content=\"QG\" \/>\n\t<meta name=\"twitter:label2\" content=\"Dur\u00e9e de lecture estim\u00e9e\" \/>\n\t<meta name=\"twitter:data2\" content=\"1 minute\" \/>\n<script type=\"application\/ld+json\" class=\"yoast-schema-graph\">{\"@context\":\"https:\/\/schema.org\",\"@graph\":[{\"@type\":\"Article\",\"@id\":\"https:\/\/vosgesinfo.fr\/gerardmerinfo\/2018\/11\/ceremonie-de-larmistice-commemorer-victoire-celebrer-paix\/#article\",\"isPartOf\":{\"@id\":\"https:\/\/vosgesinfo.fr\/gerardmerinfo\/2018\/11\/ceremonie-de-larmistice-commemorer-victoire-celebrer-paix\/\"},\"author\":{\"name\":\"QG\",\"@id\":\"https:\/\/vosgesinfo.fr\/gerardmerinfo\/#\/schema\/person\/db5605779a843dad16b5368f3e7613a5\"},\"headline\":\"C\u00e9r\u00e9monie de l&rsquo;armistice : \u00ab\u00a0Comm\u00e9morer la victoire et c\u00e9l\u00e9brer la paix\u00a0\u00bb\",\"datePublished\":\"2018-11-11T13:13:04+00:00\",\"dateModified\":\"2018-11-11T13:13:04+00:00\",\"mainEntityOfPage\":{\"@id\":\"https:\/\/vosgesinfo.fr\/gerardmerinfo\/2018\/11\/ceremonie-de-larmistice-commemorer-victoire-celebrer-paix\/\"},\"wordCount\":223,\"commentCount\":0,\"publisher\":{\"@id\":\"https:\/\/vosgesinfo.fr\/gerardmerinfo\/#organization\"},\"image\":{\"@id\":\"https:\/\/vosgesinfo.fr\/gerardmerinfo\/2018\/11\/ceremonie-de-larmistice-commemorer-victoire-celebrer-paix\/#primaryimage\"},\"thumbnailUrl\":\"https:\/\/vosgesinfo.fr\/app\/uploads\/sites\/6\/2024\/07\/20181111-novembre-xonrupt-3.jpg\",\"keywords\":[\"11 novembre\"],\"articleSection\":[\"A la une\",\"G\u00e9rardmer\",\"Xonrupt-Longemer\",\"Xonrupt\/Liezey\"],\"inLanguage\":\"fr-FR\",\"potentialAction\":[{\"@type\":\"CommentAction\",\"name\":\"Comment\",\"target\":[\"https:\/\/vosgesinfo.fr\/gerardmerinfo\/2018\/11\/ceremonie-de-larmistice-commemorer-victoire-celebrer-paix\/#respond\"]}]},{\"@type\":\"WebPage\",\"@id\":\"https:\/\/vosgesinfo.fr\/gerardmerinfo\/2018\/11\/ceremonie-de-larmistice-commemorer-victoire-celebrer-paix\/\",\"url\":\"https:\/\/vosgesinfo.fr\/gerardmerinfo\/2018\/11\/ceremonie-de-larmistice-commemorer-victoire-celebrer-paix\/\",\"name\":\"C\u00e9r\u00e9monie de l'armistice : \\\"Comm\u00e9morer la victoire et c\u00e9l\u00e9brer la paix\\\" - Gerardmer Info\",\"isPartOf\":{\"@id\":\"https:\/\/vosgesinfo.fr\/gerardmerinfo\/#website\"},\"primaryImageOfPage\":{\"@id\":\"https:\/\/vosgesinfo.fr\/gerardmerinfo\/2018\/11\/ceremonie-de-larmistice-commemorer-victoire-celebrer-paix\/#primaryimage\"},\"image\":{\"@id\":\"https:\/\/vosgesinfo.fr\/gerardmerinfo\/2018\/11\/ceremonie-de-larmistice-commemorer-victoire-celebrer-paix\/#primaryimage\"},\"thumbnailUrl\":\"https:\/\/vosgesinfo.fr\/app\/uploads\/sites\/6\/2024\/07\/20181111-novembre-xonrupt-3.jpg\",\"datePublished\":\"2018-11-11T13:13:04+00:00\",\"dateModified\":\"2018-11-11T13:13:04+00:00\",\"breadcrumb\":{\"@id\":\"https:\/\/vosgesinfo.fr\/gerardmerinfo\/2018\/11\/ceremonie-de-larmistice-commemorer-victoire-celebrer-paix\/#breadcrumb\"},\"inLanguage\":\"fr-FR\",\"potentialAction\":[{\"@type\":\"ReadAction\",\"target\":[\"https:\/\/vosgesinfo.fr\/gerardmerinfo\/2018\/11\/ceremonie-de-larmistice-commemorer-victoire-celebrer-paix\/\"]}]},{\"@type\":\"ImageObject\",\"inLanguage\":\"fr-FR\",\"@id\":\"https:\/\/vosgesinfo.fr\/gerardmerinfo\/2018\/11\/ceremonie-de-larmistice-commemorer-victoire-celebrer-paix\/#primaryimage\",\"url\":\"https:\/\/vosgesinfo.fr\/app\/uploads\/sites\/6\/2024\/07\/20181111-novembre-xonrupt-3.jpg\",\"contentUrl\":\"https:\/\/vosgesinfo.fr\/app\/uploads\/sites\/6\/2024\/07\/20181111-novembre-xonrupt-3.jpg\",\"width\":800,\"height\":450},{\"@type\":\"BreadcrumbList\",\"@id\":\"https:\/\/vosgesinfo.fr\/gerardmerinfo\/2018\/11\/ceremonie-de-larmistice-commemorer-victoire-celebrer-paix\/#breadcrumb\",\"itemListElement\":[{\"@type\":\"ListItem\",\"position\":1,\"name\":\"Home\",\"item\":\"https:\/\/vosgesinfo.fr\/gerardmerinfo\/\"},{\"@type\":\"ListItem\",\"position\":2,\"name\":\"C\u00e9r\u00e9monie de l&rsquo;armistice : \u00ab\u00a0Comm\u00e9morer la victoire et c\u00e9l\u00e9brer la paix\u00a0\u00bb\"}]},{\"@type\":\"WebSite\",\"@id\":\"https:\/\/vosgesinfo.fr\/gerardmerinfo\/#website\",\"url\":\"https:\/\/vosgesinfo.fr\/gerardmerinfo\/\",\"name\":\"Gerardmer Info\",\"description\":\"Toute l&#039;actualit\u00e9 de G\u00e9rardmer\",\"publisher\":{\"@id\":\"https:\/\/vosgesinfo.fr\/gerardmerinfo\/#organization\"},\"alternateName\":\"Toute l'actualit\u00e9 de G\u00e9rardmer\",\"potentialAction\":[{\"@type\":\"SearchAction\",\"target\":{\"@type\":\"EntryPoint\",\"urlTemplate\":\"https:\/\/vosgesinfo.fr\/gerardmerinfo\/?s={search_term_string}\"},\"query-input\":\"required name=search_term_string\"}],\"inLanguage\":\"fr-FR\"},{\"@type\":\"Organization\",\"@id\":\"https:\/\/vosgesinfo.fr\/gerardmerinfo\/#organization\",\"name\":\"Gerardmer Info\",\"url\":\"https:\/\/vosgesinfo.fr\/gerardmerinfo\/\",\"logo\":{\"@type\":\"ImageObject\",\"inLanguage\":\"fr-FR\",\"@id\":\"https:\/\/vosgesinfo.fr\/gerardmerinfo\/#\/schema\/logo\/image\/\",\"url\":\"https:\/\/vosgesinfo.fr\/app\/uploads\/sites\/6\/2023\/08\/favicon-gerardmerinfo.png\",\"contentUrl\":\"https:\/\/vosgesinfo.fr\/app\/uploads\/sites\/6\/2023\/08\/favicon-gerardmerinfo.png\",\"width\":512,\"height\":512,\"caption\":\"Gerardmer Info\"},\"image\":{\"@id\":\"https:\/\/vosgesinfo.fr\/gerardmerinfo\/#\/schema\/logo\/image\/\"},\"sameAs\":[\"https:\/\/www.facebook.com\/profile.php?id=100049475262660\",\"https:\/\/x.com\/VosgesInfo88\",\"https:\/\/www.youtube.com\/@vosgesinfo\"]},{\"@type\":\"Person\",\"@id\":\"https:\/\/vosgesinfo.fr\/gerardmerinfo\/#\/schema\/person\/db5605779a843dad16b5368f3e7613a5\",\"name\":\"QG\",\"image\":{\"@type\":\"ImageObject\",\"inLanguage\":\"fr-FR\",\"@id\":\"https:\/\/vosgesinfo.fr\/gerardmerinfo\/#\/schema\/person\/image\/\",\"url\":\"https:\/\/secure.gravatar.com\/avatar\/ea80c42c204b534408512832fde52504ecabb9706bcb6151cf6175e5b64e6793?s=96&d=mm&r=g\",\"contentUrl\":\"https:\/\/secure.gravatar.com\/avatar\/ea80c42c204b534408512832fde52504ecabb9706bcb6151cf6175e5b64e6793?s=96&d=mm&r=g\",\"caption\":\"QG\"},\"url\":\"https:\/\/vosgesinfo.fr\/gerardmerinfo\/author\/quentin88\/\"}]}<\/script>\n<!-- \/ Yoast SEO plugin. -->","yoast_head_json":{"title":"C\u00e9r\u00e9monie de l'armistice : \"Comm\u00e9morer la victoire et c\u00e9l\u00e9brer la paix\" - Gerardmer Info","robots":{"index":"index","follow":"follow","max-snippet":"max-snippet:-1","max-image-preview":"max-image-preview:large","max-video-preview":"max-video-preview:-1"},"canonical":"https:\/\/vosgesinfo.fr\/gerardmerinfo\/2018\/11\/ceremonie-de-larmistice-commemorer-victoire-celebrer-paix\/","twitter_card":"summary_large_image","twitter_title":"C\u00e9r\u00e9monie de l'armistice : \"Comm\u00e9morer la victoire et c\u00e9l\u00e9brer la paix\" - Gerardmer Info","twitter_description":"Il y avait foule \u00e0 Xonrupt-Longemer en ce dimanche matin o\u00f9, comme un peu partout en France, l&rsquo;on c\u00e9l\u00e9brait la [&hellip;]","twitter_image":"https:\/\/vosgesinfo.fr\/app\/uploads\/sites\/6\/2024\/07\/20181111-novembre-xonrupt-3.jpg","twitter_creator":"@VosgesInfo88","twitter_site":"@VosgesInfo88","twitter_misc":{"\u00c9crit par":"QG","Dur\u00e9e de lecture estim\u00e9e":"1 minute"},"schema":{"@context":"https:\/\/schema.org","@graph":[{"@type":"Article","@id":"https:\/\/vosgesinfo.fr\/gerardmerinfo\/2018\/11\/ceremonie-de-larmistice-commemorer-victoire-celebrer-paix\/#article","isPartOf":{"@id":"https:\/\/vosgesinfo.fr\/gerardmerinfo\/2018\/11\/ceremonie-de-larmistice-commemorer-victoire-celebrer-paix\/"},"author":{"name":"QG","@id":"https:\/\/vosgesinfo.fr\/gerardmerinfo\/#\/schema\/person\/db5605779a843dad16b5368f3e7613a5"},"headline":"C\u00e9r\u00e9monie de l&rsquo;armistice : \u00ab\u00a0Comm\u00e9morer la victoire et c\u00e9l\u00e9brer la paix\u00a0\u00bb","datePublished":"2018-11-11T13:13:04+00:00","dateModified":"2018-11-11T13:13:04+00:00","mainEntityOfPage":{"@id":"https:\/\/vosgesinfo.fr\/gerardmerinfo\/2018\/11\/ceremonie-de-larmistice-commemorer-victoire-celebrer-paix\/"},"wordCount":223,"commentCount":0,"publisher":{"@id":"https:\/\/vosgesinfo.fr\/gerardmerinfo\/#organization"},"image":{"@id":"https:\/\/vosgesinfo.fr\/gerardmerinfo\/2018\/11\/ceremonie-de-larmistice-commemorer-victoire-celebrer-paix\/#primaryimage"},"thumbnailUrl":"https:\/\/vosgesinfo.fr\/app\/uploads\/sites\/6\/2024\/07\/20181111-novembre-xonrupt-3.jpg","keywords":["11 novembre"],"articleSection":["A la une","G\u00e9rardmer","Xonrupt-Longemer","Xonrupt\/Liezey"],"inLanguage":"fr-FR","potentialAction":[{"@type":"CommentAction","name":"Comment","target":["https:\/\/vosgesinfo.fr\/gerardmerinfo\/2018\/11\/ceremonie-de-larmistice-commemorer-victoire-celebrer-paix\/#respond"]}]},{"@type":"WebPage","@id":"https:\/\/vosgesinfo.fr\/gerardmerinfo\/2018\/11\/ceremonie-de-larmistice-commemorer-victoire-celebrer-paix\/","url":"https:\/\/vosgesinfo.fr\/gerardmerinfo\/2018\/11\/ceremonie-de-larmistice-commemorer-victoire-celebrer-paix\/","name":"C\u00e9r\u00e9monie de l'armistice : \"Comm\u00e9morer la victoire et c\u00e9l\u00e9brer la paix\" - Gerardmer Info","isPartOf":{"@id":"https:\/\/vosgesinfo.fr\/gerardmerinfo\/#website"},"primaryImageOfPage":{"@id":"https:\/\/vosgesinfo.fr\/gerardmerinfo\/2018\/11\/ceremonie-de-larmistice-commemorer-victoire-celebrer-paix\/#primaryimage"},"image":{"@id":"https:\/\/vosgesinfo.fr\/gerardmerinfo\/2018\/11\/ceremonie-de-larmistice-commemorer-victoire-celebrer-paix\/#primaryimage"},"thumbnailUrl":"https:\/\/vosgesinfo.fr\/app\/uploads\/sites\/6\/2024\/07\/20181111-novembre-xonrupt-3.jpg","datePublished":"2018-11-11T13:13:04+00:00","dateModified":"2018-11-11T13:13:04+00:00","breadcrumb":{"@id":"https:\/\/vosgesinfo.fr\/gerardmerinfo\/2018\/11\/ceremonie-de-larmistice-commemorer-victoire-celebrer-paix\/#breadcrumb"},"inLanguage":"fr-FR","potentialAction":[{"@type":"ReadAction","target":["https:\/\/vosgesinfo.fr\/gerardmerinfo\/2018\/11\/ceremonie-de-larmistice-commemorer-victoire-celebrer-paix\/"]}]},{"@type":"ImageObject","inLanguage":"fr-FR","@id":"https:\/\/vosgesinfo.fr\/gerardmerinfo\/2018\/11\/ceremonie-de-larmistice-commemorer-victoire-celebrer-paix\/#primaryimage","url":"https:\/\/vosgesinfo.fr\/app\/uploads\/sites\/6\/2024\/07\/20181111-novembre-xonrupt-3.jpg","contentUrl":"https:\/\/vosgesinfo.fr\/app\/uploads\/sites\/6\/2024\/07\/20181111-novembre-xonrupt-3.jpg","width":800,"height":450},{"@type":"BreadcrumbList","@id":"https:\/\/vosgesinfo.fr\/gerardmerinfo\/2018\/11\/ceremonie-de-larmistice-commemorer-victoire-celebrer-paix\/#breadcrumb","itemListElement":[{"@type":"ListItem","position":1,"name":"Home","item":"https:\/\/vosgesinfo.fr\/gerardmerinfo\/"},{"@type":"ListItem","position":2,"name":"C\u00e9r\u00e9monie de l&rsquo;armistice : \u00ab\u00a0Comm\u00e9morer la victoire et c\u00e9l\u00e9brer la paix\u00a0\u00bb"}]},{"@type":"WebSite","@id":"https:\/\/vosgesinfo.fr\/gerardmerinfo\/#website","url":"https:\/\/vosgesinfo.fr\/gerardmerinfo\/","name":"Gerardmer Info","description":"Toute l&#039;actualit\u00e9 de G\u00e9rardmer","publisher":{"@id":"https:\/\/vosgesinfo.fr\/gerardmerinfo\/#organization"},"alternateName":"Toute l'actualit\u00e9 de G\u00e9rardmer","potentialAction":[{"@type":"SearchAction","target":{"@type":"EntryPoint","urlTemplate":"https:\/\/vosgesinfo.fr\/gerardmerinfo\/?s={search_term_string}"},"query-input":"required name=search_term_string"}],"inLanguage":"fr-FR"},{"@type":"Organization","@id":"https:\/\/vosgesinfo.fr\/gerardmerinfo\/#organization","name":"Gerardmer Info","url":"https:\/\/vosgesinfo.fr\/gerardmerinfo\/","logo":{"@type":"ImageObject","inLanguage":"fr-FR","@id":"https:\/\/vosgesinfo.fr\/gerardmerinfo\/#\/schema\/logo\/image\/","url":"https:\/\/vosgesinfo.fr\/app\/uploads\/sites\/6\/2023\/08\/favicon-gerardmerinfo.png","contentUrl":"https:\/\/vosgesinfo.fr\/app\/uploads\/sites\/6\/2023\/08\/favicon-gerardmerinfo.png","width":512,"height":512,"caption":"Gerardmer Info"},"image":{"@id":"https:\/\/vosgesinfo.fr\/gerardmerinfo\/#\/schema\/logo\/image\/"},"sameAs":["https:\/\/www.facebook.com\/profile.php?id=100049475262660","https:\/\/x.com\/VosgesInfo88","https:\/\/www.youtube.com\/@vosgesinfo"]},{"@type":"Person","@id":"https:\/\/vosgesinfo.fr\/gerardmerinfo\/#\/schema\/person\/db5605779a843dad16b5368f3e7613a5","name":"QG","image":{"@type":"ImageObject","inLanguage":"fr-FR","@id":"https:\/\/vosgesinfo.fr\/gerardmerinfo\/#\/schema\/person\/image\/","url":"https:\/\/secure.gravatar.com\/avatar\/ea80c42c204b534408512832fde52504ecabb9706bcb6151cf6175e5b64e6793?s=96&d=mm&r=g","contentUrl":"https:\/\/secure.gravatar.com\/avatar\/ea80c42c204b534408512832fde52504ecabb9706bcb6151cf6175e5b64e6793?s=96&d=mm&r=g","caption":"QG"},"url":"https:\/\/vosgesinfo.fr\/gerardmerinfo\/author\/quentin88\/"}]}},"_links":{"self":[{"href":"https:\/\/vosgesinfo.fr\/gerardmerinfo\/wp-json\/wp\/v2\/posts\/37803","targetHints":{"allow":["GET"]}}],"collection":[{"href":"https:\/\/vosgesinfo.fr\/gerardmerinfo\/wp-json\/wp\/v2\/posts"}],"about":[{"href":"https:\/\/vosgesinfo.fr\/gerardmerinfo\/wp-json\/wp\/v2\/types\/post"}],"author":[{"embeddable":true,"href":"https:\/\/vosgesinfo.fr\/gerardmerinfo\/wp-json\/wp\/v2\/users\/42"}],"replies":[{"embeddable":true,"href":"https:\/\/vosgesinfo.fr\/gerardmerinfo\/wp-json\/wp\/v2\/comments?post=37803"}],"version-history":[{"count":0,"href":"https:\/\/vosgesinfo.fr\/gerardmerinfo\/wp-json\/wp\/v2\/posts\/37803\/revisions"}],"wp:featuredmedia":[{"embeddable":true,"href":"https:\/\/vosgesinfo.fr\/gerardmerinfo\/wp-json\/wp\/v2\/media\/37804"}],"wp:attachment":[{"href":"https:\/\/vosgesinfo.fr\/gerardmerinfo\/wp-json\/wp\/v2\/media?parent=37803"}],"wp:term":[{"taxonomy":"category","embeddable":true,"href":"https:\/\/vosgesinfo.fr\/gerardmerinfo\/wp-json\/wp\/v2\/categories?post=37803"},{"taxonomy":"post_tag","embeddable":true,"href":"https:\/\/vosgesinfo.fr\/gerardmerinfo\/wp-json\/wp\/v2\/tags?post=37803"}],"curies":[{"name":"wp","href":"https:\/\/api.w.org\/{rel}","templated":true}]}}