{"id":37817,"date":"2018-11-12T16:30:14","date_gmt":"2018-11-12T15:30:14","guid":{"rendered":"https:\/\/vosgesinfo.fr\/gerardmerinfo\/2018\/11\/volley-ca-passe-juniors-coupe-de-france\/"},"modified":"2018-11-12T16:30:14","modified_gmt":"2018-11-12T15:30:14","slug":"volley-ca-passe-juniors-coupe-de-france","status":"publish","type":"post","link":"https:\/\/vosgesinfo.fr\/gerardmerinfo\/2018\/11\/volley-ca-passe-juniors-coupe-de-france\/","title":{"rendered":"Volley : \u00e7a passe pour les juniors en coupe de France"},"content":{"rendered":"<p><a href=\"\/2018\/09\/juniors-gar\u00e7ons-asg-volley-2018-2019.jpg\"><img decoding=\"async\" class=\"aligncenter size-full wp-image-135202\" src=\"\/2018\/09\/juniors-gar\u00e7ons-asg-volley-2018-2019.jpg\" alt=\"juniors gar\u00e7ons asg volley 2018-2019\" width=\"800\" height=\"450\" \/><\/a><br \/>\n<span style=\"font-family: arial, helvetica, sans-serif;\">\u200bCe dimanche, les juniors de l&rsquo;AS G\u00e9rardmer Volley recevaient dans le cadre de la coupe de France. Une triangulaire dans laquelle les adversaires \u00e9taient Strasbourg\u00a0et Sennecy. Malgr\u00e9 une d\u00e9faite contre ces derniers dans un match sans enjeu, la victoire contre Strasbourg deux sets \u00e0 0 permet aux G\u00e9r\u00f4mois de continuer l&rsquo;aventure. Apr\u00e8s un premier tour \u00e0 Dijon avec deux victoires, un deuxi\u00e8me tour \u00e0 domicile, les jeunes loups de l&rsquo;ASG attendent le tirage au sort du troisi\u00e8me tour pour poursuivre dans cette comp\u00e9tition, autant pour y briller que pour continuer \u00e0 pr\u00e9parer le championnat r\u00e9gional dans lequel ils restent invaincus.<br \/>\nPlus t\u00f4t dans le week-end, les minimes gar\u00e7ons et filles avaient perdu leurs rencontres, tandis que du c\u00f4t\u00e9 des seniors r\u00e9gionaux, premi\u00e8re d\u00e9faite pour les gar\u00e7ons contre Saverne et une nouvelle victoire pour les filles contre Verdun 3 sets \u00e0 2.\u00a0<\/span><\/p>\n<p>&nbsp;<\/p>\n<p><strong>Les derniers r\u00e9sultats :<\/strong><\/p>\n<p>L&rsquo;\u00e9quipe loisir 1 s&rsquo;incline \u00e0 Bruy\u00e9res 3 sets \u00e0 0<\/p>\n<p>L&rsquo;\u00e9quipe loisir 2 s&rsquo;incline \u00e9galement 3 sets \u00e0 1 devant l&rsquo;\u00e9quipe Professions de sant\u00e9<\/p>\n<p>En M15 Filles, les G\u00e9r\u00f4moises s&rsquo;inclinent\u00a0pour leurs 2 Matchs \u00a02 sets \u00e0 0 Devant Troyes 25\/16\u00a0 25\/18 et 2 sets \u00e0 0 face \u00e0 Pont \u00e0 Mousson 25\/11\u00a0 25\/09<\/p>\n<p>2 d\u00e9faites \u00e9galement pour les M15 Gar\u00e7ons contre le SAS \u00c9pinal\u00a0 25\/11\u00a0 25\/07 et face \u00e0 ST Di\u00e9 25\/16\u00a0 25\/11<\/p>\n<p>La R2 Gar\u00e7ons s&rsquo;incline \u00e0 Saverne 3 sets \u00e0 0\u00a0 25\/16\u00a0 25\/23\u00a0 25\/21<\/p>\n<p>La R2 Filles\u00a0 s&rsquo;impose face \u00e0 Verdun 3 sets \u00e0 2\u00a0\u00a0 25\/21\u00a0 12\/25 25\/14\u00a0 27\/29 15\/07<\/p>\n<p>Pour le 2\u00e8me tour de la coupe de France M20 Gar\u00e7ons les G\u00e9r\u00f4mois s&rsquo;imposent 2 sets \u00e0 0 contre Strasbourg 26\/24\u00a0 25\/20 et s&rsquo;inclinent devant le VB Sennerey 2 sets \u00e0 0\u00a0 25\/18\u00a0 25\/14 et<\/p>\n<p>se qualifient\u00a0pour le prochain tour.<\/p>\n<p>&nbsp;<\/p>\n<p><strong>Les matchs de cette semaine :<\/strong><\/p>\n<p>&nbsp;<\/p>\n<p>Mardi : d\u00e9placement de l&rsquo;\u00e9quipe loisir 2 \u00e0 Remiremont<\/p>\n<p>Mercredi : l&rsquo;\u00e9quipe 1 Accueille le CAM \u00c9pinal<\/p>\n<p>Samedi 17 novembre \u00e0 la Halle des sports \u00e0 20 h 30 : l&rsquo;\u00e9quipe de R2 accueille ST Di\u00e9<\/p>\n<p>Dimanche 18 : d\u00e9placement de la N3 \u00e0 Kingersheim<\/p>\n","protected":false},"excerpt":{"rendered":"<p>\u200bCe dimanche, les juniors de l&rsquo;AS G\u00e9rardmer Volley recevaient dans le cadre de la coupe de France. Une triangulaire dans [&hellip;]<\/p>\n","protected":false},"author":42,"featured_media":37818,"comment_status":"open","ping_status":"open","sticky":false,"template":"","format":"standard","meta":{"footnotes":""},"categories":[20,25,14],"tags":[119],"class_list":["post-37817","post","type-post","status-publish","format-standard","has-post-thumbnail","hentry","category-a-la-une","category-gerardmer","category-sport","tag-asg-volley"],"acf":[],"yoast_head":"<!-- This site is optimized with the Yoast SEO plugin v22.5 - https:\/\/yoast.com\/wordpress\/plugins\/seo\/ -->\n<title>Volley : \u00e7a passe pour les juniors en coupe de France - Gerardmer Info<\/title>\n<meta name=\"robots\" content=\"index, follow, max-snippet:-1, max-image-preview:large, max-video-preview:-1\" \/>\n<link rel=\"canonical\" href=\"https:\/\/vosgesinfo.fr\/gerardmerinfo\/2018\/11\/volley-ca-passe-juniors-coupe-de-france\/\" \/>\n<meta name=\"twitter:card\" content=\"summary_large_image\" \/>\n<meta name=\"twitter:title\" content=\"Volley : \u00e7a passe pour les juniors en coupe de France - Gerardmer Info\" \/>\n<meta name=\"twitter:description\" content=\"\u200bCe dimanche, les juniors de l&rsquo;AS G\u00e9rardmer Volley recevaient dans le cadre de la coupe de France. Une triangulaire dans [&hellip;]\" \/>\n<meta name=\"twitter:image\" content=\"https:\/\/vosgesinfo.fr\/app\/uploads\/sites\/6\/2024\/07\/201809juniors-garcons-asg-volley-2018-2019-1.jpg\" \/>\n<meta name=\"twitter:creator\" content=\"@VosgesInfo88\" \/>\n<meta name=\"twitter:site\" content=\"@VosgesInfo88\" \/>\n<meta name=\"twitter:label1\" content=\"\u00c9crit par\" \/>\n\t<meta name=\"twitter:data1\" content=\"QG\" \/>\n\t<meta name=\"twitter:label2\" content=\"Dur\u00e9e de lecture estim\u00e9e\" \/>\n\t<meta name=\"twitter:data2\" content=\"2 minutes\" \/>\n<script type=\"application\/ld+json\" class=\"yoast-schema-graph\">{\"@context\":\"https:\/\/schema.org\",\"@graph\":[{\"@type\":\"Article\",\"@id\":\"https:\/\/vosgesinfo.fr\/gerardmerinfo\/2018\/11\/volley-ca-passe-juniors-coupe-de-france\/#article\",\"isPartOf\":{\"@id\":\"https:\/\/vosgesinfo.fr\/gerardmerinfo\/2018\/11\/volley-ca-passe-juniors-coupe-de-france\/\"},\"author\":{\"name\":\"QG\",\"@id\":\"https:\/\/vosgesinfo.fr\/gerardmerinfo\/#\/schema\/person\/db5605779a843dad16b5368f3e7613a5\"},\"headline\":\"Volley : \u00e7a passe pour les juniors en coupe de France\",\"datePublished\":\"2018-11-12T15:30:14+00:00\",\"dateModified\":\"2018-11-12T15:30:14+00:00\",\"mainEntityOfPage\":{\"@id\":\"https:\/\/vosgesinfo.fr\/gerardmerinfo\/2018\/11\/volley-ca-passe-juniors-coupe-de-france\/\"},\"wordCount\":321,\"commentCount\":0,\"publisher\":{\"@id\":\"https:\/\/vosgesinfo.fr\/gerardmerinfo\/#organization\"},\"image\":{\"@id\":\"https:\/\/vosgesinfo.fr\/gerardmerinfo\/2018\/11\/volley-ca-passe-juniors-coupe-de-france\/#primaryimage\"},\"thumbnailUrl\":\"https:\/\/vosgesinfo.fr\/app\/uploads\/sites\/6\/2024\/07\/201809juniors-garcons-asg-volley-2018-2019-1.jpg\",\"keywords\":[\"ASG volley\"],\"articleSection\":[\"A la une\",\"G\u00e9rardmer\",\"Sport\"],\"inLanguage\":\"fr-FR\",\"potentialAction\":[{\"@type\":\"CommentAction\",\"name\":\"Comment\",\"target\":[\"https:\/\/vosgesinfo.fr\/gerardmerinfo\/2018\/11\/volley-ca-passe-juniors-coupe-de-france\/#respond\"]}]},{\"@type\":\"WebPage\",\"@id\":\"https:\/\/vosgesinfo.fr\/gerardmerinfo\/2018\/11\/volley-ca-passe-juniors-coupe-de-france\/\",\"url\":\"https:\/\/vosgesinfo.fr\/gerardmerinfo\/2018\/11\/volley-ca-passe-juniors-coupe-de-france\/\",\"name\":\"Volley : \u00e7a passe pour les juniors en coupe de France - Gerardmer Info\",\"isPartOf\":{\"@id\":\"https:\/\/vosgesinfo.fr\/gerardmerinfo\/#website\"},\"primaryImageOfPage\":{\"@id\":\"https:\/\/vosgesinfo.fr\/gerardmerinfo\/2018\/11\/volley-ca-passe-juniors-coupe-de-france\/#primaryimage\"},\"image\":{\"@id\":\"https:\/\/vosgesinfo.fr\/gerardmerinfo\/2018\/11\/volley-ca-passe-juniors-coupe-de-france\/#primaryimage\"},\"thumbnailUrl\":\"https:\/\/vosgesinfo.fr\/app\/uploads\/sites\/6\/2024\/07\/201809juniors-garcons-asg-volley-2018-2019-1.jpg\",\"datePublished\":\"2018-11-12T15:30:14+00:00\",\"dateModified\":\"2018-11-12T15:30:14+00:00\",\"breadcrumb\":{\"@id\":\"https:\/\/vosgesinfo.fr\/gerardmerinfo\/2018\/11\/volley-ca-passe-juniors-coupe-de-france\/#breadcrumb\"},\"inLanguage\":\"fr-FR\",\"potentialAction\":[{\"@type\":\"ReadAction\",\"target\":[\"https:\/\/vosgesinfo.fr\/gerardmerinfo\/2018\/11\/volley-ca-passe-juniors-coupe-de-france\/\"]}]},{\"@type\":\"ImageObject\",\"inLanguage\":\"fr-FR\",\"@id\":\"https:\/\/vosgesinfo.fr\/gerardmerinfo\/2018\/11\/volley-ca-passe-juniors-coupe-de-france\/#primaryimage\",\"url\":\"https:\/\/vosgesinfo.fr\/app\/uploads\/sites\/6\/2024\/07\/201809juniors-garcons-asg-volley-2018-2019-1.jpg\",\"contentUrl\":\"https:\/\/vosgesinfo.fr\/app\/uploads\/sites\/6\/2024\/07\/201809juniors-garcons-asg-volley-2018-2019-1.jpg\",\"width\":800,\"height\":450},{\"@type\":\"BreadcrumbList\",\"@id\":\"https:\/\/vosgesinfo.fr\/gerardmerinfo\/2018\/11\/volley-ca-passe-juniors-coupe-de-france\/#breadcrumb\",\"itemListElement\":[{\"@type\":\"ListItem\",\"position\":1,\"name\":\"Home\",\"item\":\"https:\/\/vosgesinfo.fr\/gerardmerinfo\/\"},{\"@type\":\"ListItem\",\"position\":2,\"name\":\"Volley : \u00e7a passe pour les juniors en coupe de France\"}]},{\"@type\":\"WebSite\",\"@id\":\"https:\/\/vosgesinfo.fr\/gerardmerinfo\/#website\",\"url\":\"https:\/\/vosgesinfo.fr\/gerardmerinfo\/\",\"name\":\"Gerardmer Info\",\"description\":\"Toute l&#039;actualit\u00e9 de G\u00e9rardmer\",\"publisher\":{\"@id\":\"https:\/\/vosgesinfo.fr\/gerardmerinfo\/#organization\"},\"alternateName\":\"Toute l'actualit\u00e9 de G\u00e9rardmer\",\"potentialAction\":[{\"@type\":\"SearchAction\",\"target\":{\"@type\":\"EntryPoint\",\"urlTemplate\":\"https:\/\/vosgesinfo.fr\/gerardmerinfo\/?s={search_term_string}\"},\"query-input\":\"required name=search_term_string\"}],\"inLanguage\":\"fr-FR\"},{\"@type\":\"Organization\",\"@id\":\"https:\/\/vosgesinfo.fr\/gerardmerinfo\/#organization\",\"name\":\"Gerardmer Info\",\"url\":\"https:\/\/vosgesinfo.fr\/gerardmerinfo\/\",\"logo\":{\"@type\":\"ImageObject\",\"inLanguage\":\"fr-FR\",\"@id\":\"https:\/\/vosgesinfo.fr\/gerardmerinfo\/#\/schema\/logo\/image\/\",\"url\":\"https:\/\/vosgesinfo.fr\/app\/uploads\/sites\/6\/2023\/08\/favicon-gerardmerinfo.png\",\"contentUrl\":\"https:\/\/vosgesinfo.fr\/app\/uploads\/sites\/6\/2023\/08\/favicon-gerardmerinfo.png\",\"width\":512,\"height\":512,\"caption\":\"Gerardmer Info\"},\"image\":{\"@id\":\"https:\/\/vosgesinfo.fr\/gerardmerinfo\/#\/schema\/logo\/image\/\"},\"sameAs\":[\"https:\/\/www.facebook.com\/profile.php?id=100049475262660\",\"https:\/\/x.com\/VosgesInfo88\",\"https:\/\/www.youtube.com\/@vosgesinfo\"]},{\"@type\":\"Person\",\"@id\":\"https:\/\/vosgesinfo.fr\/gerardmerinfo\/#\/schema\/person\/db5605779a843dad16b5368f3e7613a5\",\"name\":\"QG\",\"image\":{\"@type\":\"ImageObject\",\"inLanguage\":\"fr-FR\",\"@id\":\"https:\/\/vosgesinfo.fr\/gerardmerinfo\/#\/schema\/person\/image\/\",\"url\":\"https:\/\/secure.gravatar.com\/avatar\/ea80c42c204b534408512832fde52504ecabb9706bcb6151cf6175e5b64e6793?s=96&d=mm&r=g\",\"contentUrl\":\"https:\/\/secure.gravatar.com\/avatar\/ea80c42c204b534408512832fde52504ecabb9706bcb6151cf6175e5b64e6793?s=96&d=mm&r=g\",\"caption\":\"QG\"},\"url\":\"https:\/\/vosgesinfo.fr\/gerardmerinfo\/author\/quentin88\/\"}]}<\/script>\n<!-- \/ Yoast SEO plugin. -->","yoast_head_json":{"title":"Volley : \u00e7a passe pour les juniors en coupe de France - Gerardmer Info","robots":{"index":"index","follow":"follow","max-snippet":"max-snippet:-1","max-image-preview":"max-image-preview:large","max-video-preview":"max-video-preview:-1"},"canonical":"https:\/\/vosgesinfo.fr\/gerardmerinfo\/2018\/11\/volley-ca-passe-juniors-coupe-de-france\/","twitter_card":"summary_large_image","twitter_title":"Volley : \u00e7a passe pour les juniors en coupe de France - Gerardmer Info","twitter_description":"\u200bCe dimanche, les juniors de l&rsquo;AS G\u00e9rardmer Volley recevaient dans le cadre de la coupe de France. Une triangulaire dans [&hellip;]","twitter_image":"https:\/\/vosgesinfo.fr\/app\/uploads\/sites\/6\/2024\/07\/201809juniors-garcons-asg-volley-2018-2019-1.jpg","twitter_creator":"@VosgesInfo88","twitter_site":"@VosgesInfo88","twitter_misc":{"\u00c9crit par":"QG","Dur\u00e9e de lecture estim\u00e9e":"2 minutes"},"schema":{"@context":"https:\/\/schema.org","@graph":[{"@type":"Article","@id":"https:\/\/vosgesinfo.fr\/gerardmerinfo\/2018\/11\/volley-ca-passe-juniors-coupe-de-france\/#article","isPartOf":{"@id":"https:\/\/vosgesinfo.fr\/gerardmerinfo\/2018\/11\/volley-ca-passe-juniors-coupe-de-france\/"},"author":{"name":"QG","@id":"https:\/\/vosgesinfo.fr\/gerardmerinfo\/#\/schema\/person\/db5605779a843dad16b5368f3e7613a5"},"headline":"Volley : \u00e7a passe pour les juniors en coupe de France","datePublished":"2018-11-12T15:30:14+00:00","dateModified":"2018-11-12T15:30:14+00:00","mainEntityOfPage":{"@id":"https:\/\/vosgesinfo.fr\/gerardmerinfo\/2018\/11\/volley-ca-passe-juniors-coupe-de-france\/"},"wordCount":321,"commentCount":0,"publisher":{"@id":"https:\/\/vosgesinfo.fr\/gerardmerinfo\/#organization"},"image":{"@id":"https:\/\/vosgesinfo.fr\/gerardmerinfo\/2018\/11\/volley-ca-passe-juniors-coupe-de-france\/#primaryimage"},"thumbnailUrl":"https:\/\/vosgesinfo.fr\/app\/uploads\/sites\/6\/2024\/07\/201809juniors-garcons-asg-volley-2018-2019-1.jpg","keywords":["ASG volley"],"articleSection":["A la une","G\u00e9rardmer","Sport"],"inLanguage":"fr-FR","potentialAction":[{"@type":"CommentAction","name":"Comment","target":["https:\/\/vosgesinfo.fr\/gerardmerinfo\/2018\/11\/volley-ca-passe-juniors-coupe-de-france\/#respond"]}]},{"@type":"WebPage","@id":"https:\/\/vosgesinfo.fr\/gerardmerinfo\/2018\/11\/volley-ca-passe-juniors-coupe-de-france\/","url":"https:\/\/vosgesinfo.fr\/gerardmerinfo\/2018\/11\/volley-ca-passe-juniors-coupe-de-france\/","name":"Volley : \u00e7a passe pour les juniors en coupe de France - Gerardmer Info","isPartOf":{"@id":"https:\/\/vosgesinfo.fr\/gerardmerinfo\/#website"},"primaryImageOfPage":{"@id":"https:\/\/vosgesinfo.fr\/gerardmerinfo\/2018\/11\/volley-ca-passe-juniors-coupe-de-france\/#primaryimage"},"image":{"@id":"https:\/\/vosgesinfo.fr\/gerardmerinfo\/2018\/11\/volley-ca-passe-juniors-coupe-de-france\/#primaryimage"},"thumbnailUrl":"https:\/\/vosgesinfo.fr\/app\/uploads\/sites\/6\/2024\/07\/201809juniors-garcons-asg-volley-2018-2019-1.jpg","datePublished":"2018-11-12T15:30:14+00:00","dateModified":"2018-11-12T15:30:14+00:00","breadcrumb":{"@id":"https:\/\/vosgesinfo.fr\/gerardmerinfo\/2018\/11\/volley-ca-passe-juniors-coupe-de-france\/#breadcrumb"},"inLanguage":"fr-FR","potentialAction":[{"@type":"ReadAction","target":["https:\/\/vosgesinfo.fr\/gerardmerinfo\/2018\/11\/volley-ca-passe-juniors-coupe-de-france\/"]}]},{"@type":"ImageObject","inLanguage":"fr-FR","@id":"https:\/\/vosgesinfo.fr\/gerardmerinfo\/2018\/11\/volley-ca-passe-juniors-coupe-de-france\/#primaryimage","url":"https:\/\/vosgesinfo.fr\/app\/uploads\/sites\/6\/2024\/07\/201809juniors-garcons-asg-volley-2018-2019-1.jpg","contentUrl":"https:\/\/vosgesinfo.fr\/app\/uploads\/sites\/6\/2024\/07\/201809juniors-garcons-asg-volley-2018-2019-1.jpg","width":800,"height":450},{"@type":"BreadcrumbList","@id":"https:\/\/vosgesinfo.fr\/gerardmerinfo\/2018\/11\/volley-ca-passe-juniors-coupe-de-france\/#breadcrumb","itemListElement":[{"@type":"ListItem","position":1,"name":"Home","item":"https:\/\/vosgesinfo.fr\/gerardmerinfo\/"},{"@type":"ListItem","position":2,"name":"Volley : \u00e7a passe pour les juniors en coupe de France"}]},{"@type":"WebSite","@id":"https:\/\/vosgesinfo.fr\/gerardmerinfo\/#website","url":"https:\/\/vosgesinfo.fr\/gerardmerinfo\/","name":"Gerardmer Info","description":"Toute l&#039;actualit\u00e9 de G\u00e9rardmer","publisher":{"@id":"https:\/\/vosgesinfo.fr\/gerardmerinfo\/#organization"},"alternateName":"Toute l'actualit\u00e9 de G\u00e9rardmer","potentialAction":[{"@type":"SearchAction","target":{"@type":"EntryPoint","urlTemplate":"https:\/\/vosgesinfo.fr\/gerardmerinfo\/?s={search_term_string}"},"query-input":"required name=search_term_string"}],"inLanguage":"fr-FR"},{"@type":"Organization","@id":"https:\/\/vosgesinfo.fr\/gerardmerinfo\/#organization","name":"Gerardmer Info","url":"https:\/\/vosgesinfo.fr\/gerardmerinfo\/","logo":{"@type":"ImageObject","inLanguage":"fr-FR","@id":"https:\/\/vosgesinfo.fr\/gerardmerinfo\/#\/schema\/logo\/image\/","url":"https:\/\/vosgesinfo.fr\/app\/uploads\/sites\/6\/2023\/08\/favicon-gerardmerinfo.png","contentUrl":"https:\/\/vosgesinfo.fr\/app\/uploads\/sites\/6\/2023\/08\/favicon-gerardmerinfo.png","width":512,"height":512,"caption":"Gerardmer Info"},"image":{"@id":"https:\/\/vosgesinfo.fr\/gerardmerinfo\/#\/schema\/logo\/image\/"},"sameAs":["https:\/\/www.facebook.com\/profile.php?id=100049475262660","https:\/\/x.com\/VosgesInfo88","https:\/\/www.youtube.com\/@vosgesinfo"]},{"@type":"Person","@id":"https:\/\/vosgesinfo.fr\/gerardmerinfo\/#\/schema\/person\/db5605779a843dad16b5368f3e7613a5","name":"QG","image":{"@type":"ImageObject","inLanguage":"fr-FR","@id":"https:\/\/vosgesinfo.fr\/gerardmerinfo\/#\/schema\/person\/image\/","url":"https:\/\/secure.gravatar.com\/avatar\/ea80c42c204b534408512832fde52504ecabb9706bcb6151cf6175e5b64e6793?s=96&d=mm&r=g","contentUrl":"https:\/\/secure.gravatar.com\/avatar\/ea80c42c204b534408512832fde52504ecabb9706bcb6151cf6175e5b64e6793?s=96&d=mm&r=g","caption":"QG"},"url":"https:\/\/vosgesinfo.fr\/gerardmerinfo\/author\/quentin88\/"}]}},"_links":{"self":[{"href":"https:\/\/vosgesinfo.fr\/gerardmerinfo\/wp-json\/wp\/v2\/posts\/37817","targetHints":{"allow":["GET"]}}],"collection":[{"href":"https:\/\/vosgesinfo.fr\/gerardmerinfo\/wp-json\/wp\/v2\/posts"}],"about":[{"href":"https:\/\/vosgesinfo.fr\/gerardmerinfo\/wp-json\/wp\/v2\/types\/post"}],"author":[{"embeddable":true,"href":"https:\/\/vosgesinfo.fr\/gerardmerinfo\/wp-json\/wp\/v2\/users\/42"}],"replies":[{"embeddable":true,"href":"https:\/\/vosgesinfo.fr\/gerardmerinfo\/wp-json\/wp\/v2\/comments?post=37817"}],"version-history":[{"count":0,"href":"https:\/\/vosgesinfo.fr\/gerardmerinfo\/wp-json\/wp\/v2\/posts\/37817\/revisions"}],"wp:featuredmedia":[{"embeddable":true,"href":"https:\/\/vosgesinfo.fr\/gerardmerinfo\/wp-json\/wp\/v2\/media\/37818"}],"wp:attachment":[{"href":"https:\/\/vosgesinfo.fr\/gerardmerinfo\/wp-json\/wp\/v2\/media?parent=37817"}],"wp:term":[{"taxonomy":"category","embeddable":true,"href":"https:\/\/vosgesinfo.fr\/gerardmerinfo\/wp-json\/wp\/v2\/categories?post=37817"},{"taxonomy":"post_tag","embeddable":true,"href":"https:\/\/vosgesinfo.fr\/gerardmerinfo\/wp-json\/wp\/v2\/tags?post=37817"}],"curies":[{"name":"wp","href":"https:\/\/api.w.org\/{rel}","templated":true}]}}