{"id":37821,"date":"2018-11-12T09:05:07","date_gmt":"2018-11-12T08:05:07","guid":{"rendered":"https:\/\/vosgesinfo.fr\/gerardmerinfo\/2018\/11\/licencie-vosgien-ukhelfen-abdennasser-remporte-13e-foulees-vosges\/"},"modified":"2018-11-12T09:05:07","modified_gmt":"2018-11-12T08:05:07","slug":"licencie-vosgien-ukhelfen-abdennasser-remporte-13e-foulees-vosges","status":"publish","type":"post","link":"https:\/\/vosgesinfo.fr\/gerardmerinfo\/2018\/11\/licencie-vosgien-ukhelfen-abdennasser-remporte-13e-foulees-vosges\/","title":{"rendered":"Le licenci\u00e9 vosgien Ukhelfen Abdennasser (AVEC) remporte les 13e Foul\u00e9es Vosges"},"content":{"rendered":"<p>Le pr\u00e9sident de la section d\u2019athl\u00e9tisme de Vittel, Francis Tomaselli, esp\u00e9rait du soleil et pas moins de 450 participants pour la 13<sup>e<\/sup> \u00e9dition des Foul\u00e9es Vosges et la premi\u00e8re pour le club thermal, en terme d\u2019organisation, car le comit\u00e9 des Vosges d\u2019athl\u00e9tisme s\u2019est d\u00e9sengag\u00e9 de cette comp\u00e9tition, pourtant qualificative pour les championnats de France. Ses v\u0153ux ont \u00e9t\u00e9 exauc\u00e9s puisque c\u2019est 451 participants, dont 70 inscriptions sur place, qui ont pris part \u00e0 l\u2019\u00e9preuve reine des 10 km, et que le soleil \u00e9tait au rendez-vous, alors qu\u2019il avait plu la veille et toute la nuit.<\/p>\n<p>Ce sont les plus jeunes athl\u00e8tes qui ont ouvert les hostilit\u00e9s sur la distance de 1 000 m\u00e8tres. Tout d\u2019abord les filles n\u00e9es entre 2008 et 2012, o\u00f9 elles \u00e9taient plus d\u2019une quarantaine \u00e0 prendre le d\u00e9part, et celle qui a domin\u00e9 de bout en bout, est la Mirecurtienne Lorine Oudard (AVEC) qui a devanc\u00e9 sa camarade Apolline Neugnot et la jeune triathl\u00e8te vittelloise, Ana\u00e9 Caviezel-Larri\u00e8re, qui compl\u00e9tait le podium. Chez les gar\u00e7ons, ils \u00e9taient quarante-huit au d\u00e9part et l\u2019arriv\u00e9e fut beaucoup plus disput\u00e9e, mais le premier \u00e0 franchir la lign\u00e9 d\u2019arriv\u00e9e, \u00e9tait Nathan Thouvenin qui devan\u00e7ait d\u2019une foul\u00e9e, C\u00e9dric Costille, puis Maxime Bezot.<\/p>\n","protected":false},"excerpt":{"rendered":"<p>Le pr\u00e9sident de la section d\u2019athl\u00e9tisme de Vittel, Francis Tomaselli, esp\u00e9rait du soleil et pas moins de 450 participants pour [&hellip;]<\/p>\n","protected":false},"author":1,"featured_media":37822,"comment_status":"open","ping_status":"open","sticky":false,"template":"","format":"standard","meta":{"footnotes":""},"categories":[20,14,18],"tags":[3895,2284],"class_list":["post-37821","post","type-post","status-publish","format-standard","has-post-thumbnail","hentry","category-a-la-une","category-sport","category-vosges","tag-foulees-vosges","tag-vittel"],"acf":[],"yoast_head":"<!-- This site is optimized with the Yoast SEO plugin v22.5 - https:\/\/yoast.com\/wordpress\/plugins\/seo\/ -->\n<title>Le licenci\u00e9 vosgien Ukhelfen Abdennasser (AVEC) remporte les 13e Foul\u00e9es Vosges - Gerardmer Info<\/title>\n<meta name=\"robots\" content=\"index, follow, max-snippet:-1, max-image-preview:large, max-video-preview:-1\" \/>\n<link rel=\"canonical\" href=\"https:\/\/vosgesinfo.fr\/gerardmerinfo\/2018\/11\/licencie-vosgien-ukhelfen-abdennasser-remporte-13e-foulees-vosges\/\" \/>\n<meta name=\"twitter:card\" content=\"summary_large_image\" \/>\n<meta name=\"twitter:title\" content=\"Le licenci\u00e9 vosgien Ukhelfen Abdennasser (AVEC) remporte les 13e Foul\u00e9es Vosges - Gerardmer Info\" \/>\n<meta name=\"twitter:description\" content=\"Le pr\u00e9sident de la section d\u2019athl\u00e9tisme de Vittel, Francis Tomaselli, esp\u00e9rait du soleil et pas moins de 450 participants pour [&hellip;]\" \/>\n<meta name=\"twitter:image\" content=\"https:\/\/vosgesinfo.fr\/app\/uploads\/sites\/6\/2024\/07\/201811foulees.jpg\" \/>\n<meta name=\"twitter:creator\" content=\"@VosgesInfo88\" \/>\n<meta name=\"twitter:site\" content=\"@VosgesInfo88\" \/>\n<meta name=\"twitter:label1\" content=\"\u00c9crit par\" \/>\n\t<meta name=\"twitter:data1\" content=\"qs_admin\" \/>\n\t<meta name=\"twitter:label2\" content=\"Dur\u00e9e de lecture estim\u00e9e\" \/>\n\t<meta name=\"twitter:data2\" content=\"1 minute\" \/>\n<script type=\"application\/ld+json\" class=\"yoast-schema-graph\">{\"@context\":\"https:\/\/schema.org\",\"@graph\":[{\"@type\":\"Article\",\"@id\":\"https:\/\/vosgesinfo.fr\/gerardmerinfo\/2018\/11\/licencie-vosgien-ukhelfen-abdennasser-remporte-13e-foulees-vosges\/#article\",\"isPartOf\":{\"@id\":\"https:\/\/vosgesinfo.fr\/gerardmerinfo\/2018\/11\/licencie-vosgien-ukhelfen-abdennasser-remporte-13e-foulees-vosges\/\"},\"author\":{\"name\":\"qs_admin\",\"@id\":\"https:\/\/vosgesinfo.fr\/gerardmerinfo\/#\/schema\/person\/bc5d02d71e6932e81b6dadb7386667b1\"},\"headline\":\"Le licenci\u00e9 vosgien Ukhelfen Abdennasser (AVEC) remporte les 13e Foul\u00e9es Vosges\",\"datePublished\":\"2018-11-12T08:05:07+00:00\",\"dateModified\":\"2018-11-12T08:05:07+00:00\",\"mainEntityOfPage\":{\"@id\":\"https:\/\/vosgesinfo.fr\/gerardmerinfo\/2018\/11\/licencie-vosgien-ukhelfen-abdennasser-remporte-13e-foulees-vosges\/\"},\"wordCount\":238,\"commentCount\":0,\"publisher\":{\"@id\":\"https:\/\/vosgesinfo.fr\/gerardmerinfo\/#organization\"},\"image\":{\"@id\":\"https:\/\/vosgesinfo.fr\/gerardmerinfo\/2018\/11\/licencie-vosgien-ukhelfen-abdennasser-remporte-13e-foulees-vosges\/#primaryimage\"},\"thumbnailUrl\":\"https:\/\/vosgesinfo.fr\/app\/uploads\/sites\/6\/2024\/07\/201811foulees.jpg\",\"keywords\":[\"Foul\u00e9es Vosges\",\"vittel\"],\"articleSection\":[\"A la une\",\"Sport\",\"Vosges\"],\"inLanguage\":\"fr-FR\",\"potentialAction\":[{\"@type\":\"CommentAction\",\"name\":\"Comment\",\"target\":[\"https:\/\/vosgesinfo.fr\/gerardmerinfo\/2018\/11\/licencie-vosgien-ukhelfen-abdennasser-remporte-13e-foulees-vosges\/#respond\"]}]},{\"@type\":\"WebPage\",\"@id\":\"https:\/\/vosgesinfo.fr\/gerardmerinfo\/2018\/11\/licencie-vosgien-ukhelfen-abdennasser-remporte-13e-foulees-vosges\/\",\"url\":\"https:\/\/vosgesinfo.fr\/gerardmerinfo\/2018\/11\/licencie-vosgien-ukhelfen-abdennasser-remporte-13e-foulees-vosges\/\",\"name\":\"Le licenci\u00e9 vosgien Ukhelfen Abdennasser (AVEC) remporte les 13e Foul\u00e9es Vosges - Gerardmer Info\",\"isPartOf\":{\"@id\":\"https:\/\/vosgesinfo.fr\/gerardmerinfo\/#website\"},\"primaryImageOfPage\":{\"@id\":\"https:\/\/vosgesinfo.fr\/gerardmerinfo\/2018\/11\/licencie-vosgien-ukhelfen-abdennasser-remporte-13e-foulees-vosges\/#primaryimage\"},\"image\":{\"@id\":\"https:\/\/vosgesinfo.fr\/gerardmerinfo\/2018\/11\/licencie-vosgien-ukhelfen-abdennasser-remporte-13e-foulees-vosges\/#primaryimage\"},\"thumbnailUrl\":\"https:\/\/vosgesinfo.fr\/app\/uploads\/sites\/6\/2024\/07\/201811foulees.jpg\",\"datePublished\":\"2018-11-12T08:05:07+00:00\",\"dateModified\":\"2018-11-12T08:05:07+00:00\",\"breadcrumb\":{\"@id\":\"https:\/\/vosgesinfo.fr\/gerardmerinfo\/2018\/11\/licencie-vosgien-ukhelfen-abdennasser-remporte-13e-foulees-vosges\/#breadcrumb\"},\"inLanguage\":\"fr-FR\",\"potentialAction\":[{\"@type\":\"ReadAction\",\"target\":[\"https:\/\/vosgesinfo.fr\/gerardmerinfo\/2018\/11\/licencie-vosgien-ukhelfen-abdennasser-remporte-13e-foulees-vosges\/\"]}]},{\"@type\":\"ImageObject\",\"inLanguage\":\"fr-FR\",\"@id\":\"https:\/\/vosgesinfo.fr\/gerardmerinfo\/2018\/11\/licencie-vosgien-ukhelfen-abdennasser-remporte-13e-foulees-vosges\/#primaryimage\",\"url\":\"https:\/\/vosgesinfo.fr\/app\/uploads\/sites\/6\/2024\/07\/201811foulees.jpg\",\"contentUrl\":\"https:\/\/vosgesinfo.fr\/app\/uploads\/sites\/6\/2024\/07\/201811foulees.jpg\",\"width\":800,\"height\":533},{\"@type\":\"BreadcrumbList\",\"@id\":\"https:\/\/vosgesinfo.fr\/gerardmerinfo\/2018\/11\/licencie-vosgien-ukhelfen-abdennasser-remporte-13e-foulees-vosges\/#breadcrumb\",\"itemListElement\":[{\"@type\":\"ListItem\",\"position\":1,\"name\":\"Home\",\"item\":\"https:\/\/vosgesinfo.fr\/gerardmerinfo\/\"},{\"@type\":\"ListItem\",\"position\":2,\"name\":\"Le licenci\u00e9 vosgien Ukhelfen Abdennasser (AVEC) remporte les 13e Foul\u00e9es Vosges\"}]},{\"@type\":\"WebSite\",\"@id\":\"https:\/\/vosgesinfo.fr\/gerardmerinfo\/#website\",\"url\":\"https:\/\/vosgesinfo.fr\/gerardmerinfo\/\",\"name\":\"Gerardmer Info\",\"description\":\"Toute l&#039;actualit\u00e9 de G\u00e9rardmer\",\"publisher\":{\"@id\":\"https:\/\/vosgesinfo.fr\/gerardmerinfo\/#organization\"},\"alternateName\":\"Toute l'actualit\u00e9 de G\u00e9rardmer\",\"potentialAction\":[{\"@type\":\"SearchAction\",\"target\":{\"@type\":\"EntryPoint\",\"urlTemplate\":\"https:\/\/vosgesinfo.fr\/gerardmerinfo\/?s={search_term_string}\"},\"query-input\":\"required name=search_term_string\"}],\"inLanguage\":\"fr-FR\"},{\"@type\":\"Organization\",\"@id\":\"https:\/\/vosgesinfo.fr\/gerardmerinfo\/#organization\",\"name\":\"Gerardmer Info\",\"url\":\"https:\/\/vosgesinfo.fr\/gerardmerinfo\/\",\"logo\":{\"@type\":\"ImageObject\",\"inLanguage\":\"fr-FR\",\"@id\":\"https:\/\/vosgesinfo.fr\/gerardmerinfo\/#\/schema\/logo\/image\/\",\"url\":\"https:\/\/vosgesinfo.fr\/app\/uploads\/sites\/6\/2023\/08\/favicon-gerardmerinfo.png\",\"contentUrl\":\"https:\/\/vosgesinfo.fr\/app\/uploads\/sites\/6\/2023\/08\/favicon-gerardmerinfo.png\",\"width\":512,\"height\":512,\"caption\":\"Gerardmer Info\"},\"image\":{\"@id\":\"https:\/\/vosgesinfo.fr\/gerardmerinfo\/#\/schema\/logo\/image\/\"},\"sameAs\":[\"https:\/\/www.facebook.com\/profile.php?id=100049475262660\",\"https:\/\/x.com\/VosgesInfo88\",\"https:\/\/www.youtube.com\/@vosgesinfo\"]},{\"@type\":\"Person\",\"@id\":\"https:\/\/vosgesinfo.fr\/gerardmerinfo\/#\/schema\/person\/bc5d02d71e6932e81b6dadb7386667b1\",\"name\":\"qs_admin\",\"image\":{\"@type\":\"ImageObject\",\"inLanguage\":\"fr-FR\",\"@id\":\"https:\/\/vosgesinfo.fr\/gerardmerinfo\/#\/schema\/person\/image\/\",\"url\":\"https:\/\/secure.gravatar.com\/avatar\/94b18ee0ed79e4a42ea2f2931277b6841a8999fc6fde214600c78057cf1fe1de?s=96&d=mm&r=g\",\"contentUrl\":\"https:\/\/secure.gravatar.com\/avatar\/94b18ee0ed79e4a42ea2f2931277b6841a8999fc6fde214600c78057cf1fe1de?s=96&d=mm&r=g\",\"caption\":\"qs_admin\"},\"sameAs\":[\"https:\/\/vosgesinfo.fr\/wp\"],\"url\":\"https:\/\/vosgesinfo.fr\/gerardmerinfo\/author\/qs_admin\/\"}]}<\/script>\n<!-- \/ Yoast SEO plugin. -->","yoast_head_json":{"title":"Le licenci\u00e9 vosgien Ukhelfen Abdennasser (AVEC) remporte les 13e Foul\u00e9es Vosges - Gerardmer Info","robots":{"index":"index","follow":"follow","max-snippet":"max-snippet:-1","max-image-preview":"max-image-preview:large","max-video-preview":"max-video-preview:-1"},"canonical":"https:\/\/vosgesinfo.fr\/gerardmerinfo\/2018\/11\/licencie-vosgien-ukhelfen-abdennasser-remporte-13e-foulees-vosges\/","twitter_card":"summary_large_image","twitter_title":"Le licenci\u00e9 vosgien Ukhelfen Abdennasser (AVEC) remporte les 13e Foul\u00e9es Vosges - Gerardmer Info","twitter_description":"Le pr\u00e9sident de la section d\u2019athl\u00e9tisme de Vittel, Francis Tomaselli, esp\u00e9rait du soleil et pas moins de 450 participants pour [&hellip;]","twitter_image":"https:\/\/vosgesinfo.fr\/app\/uploads\/sites\/6\/2024\/07\/201811foulees.jpg","twitter_creator":"@VosgesInfo88","twitter_site":"@VosgesInfo88","twitter_misc":{"\u00c9crit par":"qs_admin","Dur\u00e9e de lecture estim\u00e9e":"1 minute"},"schema":{"@context":"https:\/\/schema.org","@graph":[{"@type":"Article","@id":"https:\/\/vosgesinfo.fr\/gerardmerinfo\/2018\/11\/licencie-vosgien-ukhelfen-abdennasser-remporte-13e-foulees-vosges\/#article","isPartOf":{"@id":"https:\/\/vosgesinfo.fr\/gerardmerinfo\/2018\/11\/licencie-vosgien-ukhelfen-abdennasser-remporte-13e-foulees-vosges\/"},"author":{"name":"qs_admin","@id":"https:\/\/vosgesinfo.fr\/gerardmerinfo\/#\/schema\/person\/bc5d02d71e6932e81b6dadb7386667b1"},"headline":"Le licenci\u00e9 vosgien Ukhelfen Abdennasser (AVEC) remporte les 13e Foul\u00e9es Vosges","datePublished":"2018-11-12T08:05:07+00:00","dateModified":"2018-11-12T08:05:07+00:00","mainEntityOfPage":{"@id":"https:\/\/vosgesinfo.fr\/gerardmerinfo\/2018\/11\/licencie-vosgien-ukhelfen-abdennasser-remporte-13e-foulees-vosges\/"},"wordCount":238,"commentCount":0,"publisher":{"@id":"https:\/\/vosgesinfo.fr\/gerardmerinfo\/#organization"},"image":{"@id":"https:\/\/vosgesinfo.fr\/gerardmerinfo\/2018\/11\/licencie-vosgien-ukhelfen-abdennasser-remporte-13e-foulees-vosges\/#primaryimage"},"thumbnailUrl":"https:\/\/vosgesinfo.fr\/app\/uploads\/sites\/6\/2024\/07\/201811foulees.jpg","keywords":["Foul\u00e9es Vosges","vittel"],"articleSection":["A la une","Sport","Vosges"],"inLanguage":"fr-FR","potentialAction":[{"@type":"CommentAction","name":"Comment","target":["https:\/\/vosgesinfo.fr\/gerardmerinfo\/2018\/11\/licencie-vosgien-ukhelfen-abdennasser-remporte-13e-foulees-vosges\/#respond"]}]},{"@type":"WebPage","@id":"https:\/\/vosgesinfo.fr\/gerardmerinfo\/2018\/11\/licencie-vosgien-ukhelfen-abdennasser-remporte-13e-foulees-vosges\/","url":"https:\/\/vosgesinfo.fr\/gerardmerinfo\/2018\/11\/licencie-vosgien-ukhelfen-abdennasser-remporte-13e-foulees-vosges\/","name":"Le licenci\u00e9 vosgien Ukhelfen Abdennasser (AVEC) remporte les 13e Foul\u00e9es Vosges - Gerardmer Info","isPartOf":{"@id":"https:\/\/vosgesinfo.fr\/gerardmerinfo\/#website"},"primaryImageOfPage":{"@id":"https:\/\/vosgesinfo.fr\/gerardmerinfo\/2018\/11\/licencie-vosgien-ukhelfen-abdennasser-remporte-13e-foulees-vosges\/#primaryimage"},"image":{"@id":"https:\/\/vosgesinfo.fr\/gerardmerinfo\/2018\/11\/licencie-vosgien-ukhelfen-abdennasser-remporte-13e-foulees-vosges\/#primaryimage"},"thumbnailUrl":"https:\/\/vosgesinfo.fr\/app\/uploads\/sites\/6\/2024\/07\/201811foulees.jpg","datePublished":"2018-11-12T08:05:07+00:00","dateModified":"2018-11-12T08:05:07+00:00","breadcrumb":{"@id":"https:\/\/vosgesinfo.fr\/gerardmerinfo\/2018\/11\/licencie-vosgien-ukhelfen-abdennasser-remporte-13e-foulees-vosges\/#breadcrumb"},"inLanguage":"fr-FR","potentialAction":[{"@type":"ReadAction","target":["https:\/\/vosgesinfo.fr\/gerardmerinfo\/2018\/11\/licencie-vosgien-ukhelfen-abdennasser-remporte-13e-foulees-vosges\/"]}]},{"@type":"ImageObject","inLanguage":"fr-FR","@id":"https:\/\/vosgesinfo.fr\/gerardmerinfo\/2018\/11\/licencie-vosgien-ukhelfen-abdennasser-remporte-13e-foulees-vosges\/#primaryimage","url":"https:\/\/vosgesinfo.fr\/app\/uploads\/sites\/6\/2024\/07\/201811foulees.jpg","contentUrl":"https:\/\/vosgesinfo.fr\/app\/uploads\/sites\/6\/2024\/07\/201811foulees.jpg","width":800,"height":533},{"@type":"BreadcrumbList","@id":"https:\/\/vosgesinfo.fr\/gerardmerinfo\/2018\/11\/licencie-vosgien-ukhelfen-abdennasser-remporte-13e-foulees-vosges\/#breadcrumb","itemListElement":[{"@type":"ListItem","position":1,"name":"Home","item":"https:\/\/vosgesinfo.fr\/gerardmerinfo\/"},{"@type":"ListItem","position":2,"name":"Le licenci\u00e9 vosgien Ukhelfen Abdennasser (AVEC) remporte les 13e Foul\u00e9es Vosges"}]},{"@type":"WebSite","@id":"https:\/\/vosgesinfo.fr\/gerardmerinfo\/#website","url":"https:\/\/vosgesinfo.fr\/gerardmerinfo\/","name":"Gerardmer Info","description":"Toute l&#039;actualit\u00e9 de G\u00e9rardmer","publisher":{"@id":"https:\/\/vosgesinfo.fr\/gerardmerinfo\/#organization"},"alternateName":"Toute l'actualit\u00e9 de G\u00e9rardmer","potentialAction":[{"@type":"SearchAction","target":{"@type":"EntryPoint","urlTemplate":"https:\/\/vosgesinfo.fr\/gerardmerinfo\/?s={search_term_string}"},"query-input":"required name=search_term_string"}],"inLanguage":"fr-FR"},{"@type":"Organization","@id":"https:\/\/vosgesinfo.fr\/gerardmerinfo\/#organization","name":"Gerardmer Info","url":"https:\/\/vosgesinfo.fr\/gerardmerinfo\/","logo":{"@type":"ImageObject","inLanguage":"fr-FR","@id":"https:\/\/vosgesinfo.fr\/gerardmerinfo\/#\/schema\/logo\/image\/","url":"https:\/\/vosgesinfo.fr\/app\/uploads\/sites\/6\/2023\/08\/favicon-gerardmerinfo.png","contentUrl":"https:\/\/vosgesinfo.fr\/app\/uploads\/sites\/6\/2023\/08\/favicon-gerardmerinfo.png","width":512,"height":512,"caption":"Gerardmer Info"},"image":{"@id":"https:\/\/vosgesinfo.fr\/gerardmerinfo\/#\/schema\/logo\/image\/"},"sameAs":["https:\/\/www.facebook.com\/profile.php?id=100049475262660","https:\/\/x.com\/VosgesInfo88","https:\/\/www.youtube.com\/@vosgesinfo"]},{"@type":"Person","@id":"https:\/\/vosgesinfo.fr\/gerardmerinfo\/#\/schema\/person\/bc5d02d71e6932e81b6dadb7386667b1","name":"qs_admin","image":{"@type":"ImageObject","inLanguage":"fr-FR","@id":"https:\/\/vosgesinfo.fr\/gerardmerinfo\/#\/schema\/person\/image\/","url":"https:\/\/secure.gravatar.com\/avatar\/94b18ee0ed79e4a42ea2f2931277b6841a8999fc6fde214600c78057cf1fe1de?s=96&d=mm&r=g","contentUrl":"https:\/\/secure.gravatar.com\/avatar\/94b18ee0ed79e4a42ea2f2931277b6841a8999fc6fde214600c78057cf1fe1de?s=96&d=mm&r=g","caption":"qs_admin"},"sameAs":["https:\/\/vosgesinfo.fr\/wp"],"url":"https:\/\/vosgesinfo.fr\/gerardmerinfo\/author\/qs_admin\/"}]}},"_links":{"self":[{"href":"https:\/\/vosgesinfo.fr\/gerardmerinfo\/wp-json\/wp\/v2\/posts\/37821","targetHints":{"allow":["GET"]}}],"collection":[{"href":"https:\/\/vosgesinfo.fr\/gerardmerinfo\/wp-json\/wp\/v2\/posts"}],"about":[{"href":"https:\/\/vosgesinfo.fr\/gerardmerinfo\/wp-json\/wp\/v2\/types\/post"}],"author":[{"embeddable":true,"href":"https:\/\/vosgesinfo.fr\/gerardmerinfo\/wp-json\/wp\/v2\/users\/1"}],"replies":[{"embeddable":true,"href":"https:\/\/vosgesinfo.fr\/gerardmerinfo\/wp-json\/wp\/v2\/comments?post=37821"}],"version-history":[{"count":0,"href":"https:\/\/vosgesinfo.fr\/gerardmerinfo\/wp-json\/wp\/v2\/posts\/37821\/revisions"}],"wp:featuredmedia":[{"embeddable":true,"href":"https:\/\/vosgesinfo.fr\/gerardmerinfo\/wp-json\/wp\/v2\/media\/37822"}],"wp:attachment":[{"href":"https:\/\/vosgesinfo.fr\/gerardmerinfo\/wp-json\/wp\/v2\/media?parent=37821"}],"wp:term":[{"taxonomy":"category","embeddable":true,"href":"https:\/\/vosgesinfo.fr\/gerardmerinfo\/wp-json\/wp\/v2\/categories?post=37821"},{"taxonomy":"post_tag","embeddable":true,"href":"https:\/\/vosgesinfo.fr\/gerardmerinfo\/wp-json\/wp\/v2\/tags?post=37821"}],"curies":[{"name":"wp","href":"https:\/\/api.w.org\/{rel}","templated":true}]}}