{"id":37836,"date":"2018-11-19T16:27:02","date_gmt":"2018-11-19T15:27:02","guid":{"rendered":"https:\/\/vosgesinfo.fr\/gerardmerinfo\/2018\/11\/concert-sucre-on-cuisine-mouchenillaraigneefourmi\/"},"modified":"2018-11-19T16:27:02","modified_gmt":"2018-11-19T15:27:02","slug":"concert-sucre-on-cuisine-mouchenillaraigneefourmi","status":"publish","type":"post","link":"https:\/\/vosgesinfo.fr\/gerardmerinfo\/2018\/11\/concert-sucre-on-cuisine-mouchenillaraigneefourmi\/","title":{"rendered":"Concert sucr\u00e9 &#8211; on cuisine avec la Mouchenillaraign\u00e9efourmi ?"},"content":{"rendered":"<h3><span style=\"font-size: 12pt;\"><b>Le samedi 24 novembre prochain, la m\u00e9diath\u00e8que de G\u00e9rardmer vous propose un \u00ab\u00a0concert sucr\u00e9\u00a0\u00bb en compagnie de Thierry R\u00e9ocreux.<br \/>\n<\/b><\/span><\/h3>\n<div><span style=\"font-size: 12pt;\"><br \/>\n<\/span><\/div>\n<div>\n<p><span style=\"font-size: 12pt;\"><a href=\"\/2018\/11\/concert-sucr\u00e9.jpg\"><img decoding=\"async\" class=\"alignright wp-image-137448 size-medium\" src=\"\/2018\/11\/concert-sucr\u00e9-275x255.jpg\" alt=\"concert sucr\u00e9\" width=\"275\" height=\"255\" \/><\/a>Artiste musicien Lyonnais, Thierry R\u00e9ocreux a sorti son dernier album \u00ab\u00a0Je cuisine avec R\u00e9o et la Mouchenillaraign\u00e9efourmi\u00a0\u00bb chez Harmonia Mundi, et rencontre les enfants pour des concerts sucr\u00e9s !<\/span><\/p>\n<p><span style=\"font-size: 12pt;\">Pour son album, Thierry a imagin\u00e9 et mis au point \u00ab\u00a0Le concert sucr\u00e9\u00a0\u00bb qui consiste \u00e0 r\u00e9aliser (ou faire r\u00e9aliser) les recettes de l&rsquo;album par les participants (enfants et adultes) en la pr\u00e9sence d&rsquo;un Chef en m\u00eame temps que se joue la musique&#8230; Habill\u00e9 d&rsquo;une toque et d&rsquo;un tablier \u00e0 l&rsquo;effigie du personnage de l&rsquo;album, il anime votre apr\u00e8s-midi pour le plus grand plaisir de vos enfants (et des parents !).<\/span><\/p>\n<p><span style=\"font-size: 12pt;\">Mais qui est la Mouchenillaraign\u00e9efourmi ?<br \/>\n<\/span><\/p>\n<p><span style=\"font-size: 12pt;\">C&rsquo;est un personnage cr\u00e9\u00e9 de toutes pi\u00e8ces qui s&rsquo;anime au gr\u00e9 des chansons&#8230; Dans les deux premiers albums, elle nous emm\u00e8ne \u00e0 la d\u00e9couverte de ses compagnons, des instruments de musique\u00a0et quelques animaux avec en toile de fond le monde magique des enfants.<\/span><\/p>\n<\/div>\n<div><\/div>\n<div>\n<p><span style=\"font-size: 12pt;\">Samedi 24 novembre 2018 \u00e0 17h<\/span><\/p>\n<div><span style=\"font-size: 12pt;\">Entr\u00e9e libre &#8211; places limit\u00e9es<\/span><\/div>\n<div><span style=\"font-size: 12pt;\">A partir de 3 ans<\/span><\/div>\n<\/div>\n","protected":false},"excerpt":{"rendered":"<p>Le samedi 24 novembre prochain, la m\u00e9diath\u00e8que de G\u00e9rardmer vous propose un \u00ab\u00a0concert sucr\u00e9\u00a0\u00bb en compagnie de Thierry R\u00e9ocreux. Artiste [&hellip;]<\/p>\n","protected":false},"author":1,"featured_media":37837,"comment_status":"open","ping_status":"open","sticky":false,"template":"","format":"standard","meta":{"footnotes":""},"categories":[20,4,25],"tags":[153],"class_list":["post-37836","post","type-post","status-publish","format-standard","has-post-thumbnail","hentry","category-a-la-une","category-culture","category-gerardmer","tag-mediatheque-du-tilleul"],"acf":[],"yoast_head":"<!-- This site is optimized with the Yoast SEO plugin v22.5 - https:\/\/yoast.com\/wordpress\/plugins\/seo\/ -->\n<title>Concert sucr\u00e9 - on cuisine avec la Mouchenillaraign\u00e9efourmi ? - Gerardmer Info<\/title>\n<meta name=\"robots\" content=\"index, follow, max-snippet:-1, max-image-preview:large, max-video-preview:-1\" \/>\n<link rel=\"canonical\" href=\"https:\/\/vosgesinfo.fr\/gerardmerinfo\/2018\/11\/concert-sucre-on-cuisine-mouchenillaraigneefourmi\/\" \/>\n<meta name=\"twitter:card\" content=\"summary_large_image\" \/>\n<meta name=\"twitter:title\" content=\"Concert sucr\u00e9 - on cuisine avec la Mouchenillaraign\u00e9efourmi ? - Gerardmer Info\" \/>\n<meta name=\"twitter:description\" content=\"Le samedi 24 novembre prochain, la m\u00e9diath\u00e8que de G\u00e9rardmer vous propose un \u00ab\u00a0concert sucr\u00e9\u00a0\u00bb en compagnie de Thierry R\u00e9ocreux. Artiste [&hellip;]\" \/>\n<meta name=\"twitter:image\" content=\"https:\/\/vosgesinfo.fr\/app\/uploads\/sites\/6\/2024\/07\/201811concert-sucre.jpg\" \/>\n<meta name=\"twitter:creator\" content=\"@VosgesInfo88\" \/>\n<meta name=\"twitter:site\" content=\"@VosgesInfo88\" \/>\n<meta name=\"twitter:label1\" content=\"\u00c9crit par\" \/>\n\t<meta name=\"twitter:data1\" content=\"qs_admin\" \/>\n\t<meta name=\"twitter:label2\" content=\"Dur\u00e9e de lecture estim\u00e9e\" \/>\n\t<meta name=\"twitter:data2\" content=\"1 minute\" \/>\n<script type=\"application\/ld+json\" class=\"yoast-schema-graph\">{\"@context\":\"https:\/\/schema.org\",\"@graph\":[{\"@type\":\"Article\",\"@id\":\"https:\/\/vosgesinfo.fr\/gerardmerinfo\/2018\/11\/concert-sucre-on-cuisine-mouchenillaraigneefourmi\/#article\",\"isPartOf\":{\"@id\":\"https:\/\/vosgesinfo.fr\/gerardmerinfo\/2018\/11\/concert-sucre-on-cuisine-mouchenillaraigneefourmi\/\"},\"author\":{\"name\":\"qs_admin\",\"@id\":\"https:\/\/vosgesinfo.fr\/gerardmerinfo\/#\/schema\/person\/bc5d02d71e6932e81b6dadb7386667b1\"},\"headline\":\"Concert sucr\u00e9 &#8211; on cuisine avec la Mouchenillaraign\u00e9efourmi ?\",\"datePublished\":\"2018-11-19T15:27:02+00:00\",\"dateModified\":\"2018-11-19T15:27:02+00:00\",\"mainEntityOfPage\":{\"@id\":\"https:\/\/vosgesinfo.fr\/gerardmerinfo\/2018\/11\/concert-sucre-on-cuisine-mouchenillaraigneefourmi\/\"},\"wordCount\":210,\"commentCount\":0,\"publisher\":{\"@id\":\"https:\/\/vosgesinfo.fr\/gerardmerinfo\/#organization\"},\"image\":{\"@id\":\"https:\/\/vosgesinfo.fr\/gerardmerinfo\/2018\/11\/concert-sucre-on-cuisine-mouchenillaraigneefourmi\/#primaryimage\"},\"thumbnailUrl\":\"https:\/\/vosgesinfo.fr\/app\/uploads\/sites\/6\/2024\/07\/201811concert-sucre.jpg\",\"keywords\":[\"m\u00e9diath\u00e8que du tilleul\"],\"articleSection\":[\"A la une\",\"Culture\",\"G\u00e9rardmer\"],\"inLanguage\":\"fr-FR\",\"potentialAction\":[{\"@type\":\"CommentAction\",\"name\":\"Comment\",\"target\":[\"https:\/\/vosgesinfo.fr\/gerardmerinfo\/2018\/11\/concert-sucre-on-cuisine-mouchenillaraigneefourmi\/#respond\"]}]},{\"@type\":\"WebPage\",\"@id\":\"https:\/\/vosgesinfo.fr\/gerardmerinfo\/2018\/11\/concert-sucre-on-cuisine-mouchenillaraigneefourmi\/\",\"url\":\"https:\/\/vosgesinfo.fr\/gerardmerinfo\/2018\/11\/concert-sucre-on-cuisine-mouchenillaraigneefourmi\/\",\"name\":\"Concert sucr\u00e9 - on cuisine avec la Mouchenillaraign\u00e9efourmi ? - Gerardmer Info\",\"isPartOf\":{\"@id\":\"https:\/\/vosgesinfo.fr\/gerardmerinfo\/#website\"},\"primaryImageOfPage\":{\"@id\":\"https:\/\/vosgesinfo.fr\/gerardmerinfo\/2018\/11\/concert-sucre-on-cuisine-mouchenillaraigneefourmi\/#primaryimage\"},\"image\":{\"@id\":\"https:\/\/vosgesinfo.fr\/gerardmerinfo\/2018\/11\/concert-sucre-on-cuisine-mouchenillaraigneefourmi\/#primaryimage\"},\"thumbnailUrl\":\"https:\/\/vosgesinfo.fr\/app\/uploads\/sites\/6\/2024\/07\/201811concert-sucre.jpg\",\"datePublished\":\"2018-11-19T15:27:02+00:00\",\"dateModified\":\"2018-11-19T15:27:02+00:00\",\"breadcrumb\":{\"@id\":\"https:\/\/vosgesinfo.fr\/gerardmerinfo\/2018\/11\/concert-sucre-on-cuisine-mouchenillaraigneefourmi\/#breadcrumb\"},\"inLanguage\":\"fr-FR\",\"potentialAction\":[{\"@type\":\"ReadAction\",\"target\":[\"https:\/\/vosgesinfo.fr\/gerardmerinfo\/2018\/11\/concert-sucre-on-cuisine-mouchenillaraigneefourmi\/\"]}]},{\"@type\":\"ImageObject\",\"inLanguage\":\"fr-FR\",\"@id\":\"https:\/\/vosgesinfo.fr\/gerardmerinfo\/2018\/11\/concert-sucre-on-cuisine-mouchenillaraigneefourmi\/#primaryimage\",\"url\":\"https:\/\/vosgesinfo.fr\/app\/uploads\/sites\/6\/2024\/07\/201811concert-sucre.jpg\",\"contentUrl\":\"https:\/\/vosgesinfo.fr\/app\/uploads\/sites\/6\/2024\/07\/201811concert-sucre.jpg\",\"width\":800,\"height\":743},{\"@type\":\"BreadcrumbList\",\"@id\":\"https:\/\/vosgesinfo.fr\/gerardmerinfo\/2018\/11\/concert-sucre-on-cuisine-mouchenillaraigneefourmi\/#breadcrumb\",\"itemListElement\":[{\"@type\":\"ListItem\",\"position\":1,\"name\":\"Home\",\"item\":\"https:\/\/vosgesinfo.fr\/gerardmerinfo\/\"},{\"@type\":\"ListItem\",\"position\":2,\"name\":\"Concert sucr\u00e9 &#8211; on cuisine avec la Mouchenillaraign\u00e9efourmi ?\"}]},{\"@type\":\"WebSite\",\"@id\":\"https:\/\/vosgesinfo.fr\/gerardmerinfo\/#website\",\"url\":\"https:\/\/vosgesinfo.fr\/gerardmerinfo\/\",\"name\":\"Gerardmer Info\",\"description\":\"Toute l&#039;actualit\u00e9 de G\u00e9rardmer\",\"publisher\":{\"@id\":\"https:\/\/vosgesinfo.fr\/gerardmerinfo\/#organization\"},\"alternateName\":\"Toute l'actualit\u00e9 de G\u00e9rardmer\",\"potentialAction\":[{\"@type\":\"SearchAction\",\"target\":{\"@type\":\"EntryPoint\",\"urlTemplate\":\"https:\/\/vosgesinfo.fr\/gerardmerinfo\/?s={search_term_string}\"},\"query-input\":\"required name=search_term_string\"}],\"inLanguage\":\"fr-FR\"},{\"@type\":\"Organization\",\"@id\":\"https:\/\/vosgesinfo.fr\/gerardmerinfo\/#organization\",\"name\":\"Gerardmer Info\",\"url\":\"https:\/\/vosgesinfo.fr\/gerardmerinfo\/\",\"logo\":{\"@type\":\"ImageObject\",\"inLanguage\":\"fr-FR\",\"@id\":\"https:\/\/vosgesinfo.fr\/gerardmerinfo\/#\/schema\/logo\/image\/\",\"url\":\"https:\/\/vosgesinfo.fr\/app\/uploads\/sites\/6\/2023\/08\/favicon-gerardmerinfo.png\",\"contentUrl\":\"https:\/\/vosgesinfo.fr\/app\/uploads\/sites\/6\/2023\/08\/favicon-gerardmerinfo.png\",\"width\":512,\"height\":512,\"caption\":\"Gerardmer Info\"},\"image\":{\"@id\":\"https:\/\/vosgesinfo.fr\/gerardmerinfo\/#\/schema\/logo\/image\/\"},\"sameAs\":[\"https:\/\/www.facebook.com\/profile.php?id=100049475262660\",\"https:\/\/x.com\/VosgesInfo88\",\"https:\/\/www.youtube.com\/@vosgesinfo\"]},{\"@type\":\"Person\",\"@id\":\"https:\/\/vosgesinfo.fr\/gerardmerinfo\/#\/schema\/person\/bc5d02d71e6932e81b6dadb7386667b1\",\"name\":\"qs_admin\",\"image\":{\"@type\":\"ImageObject\",\"inLanguage\":\"fr-FR\",\"@id\":\"https:\/\/vosgesinfo.fr\/gerardmerinfo\/#\/schema\/person\/image\/\",\"url\":\"https:\/\/secure.gravatar.com\/avatar\/94b18ee0ed79e4a42ea2f2931277b6841a8999fc6fde214600c78057cf1fe1de?s=96&d=mm&r=g\",\"contentUrl\":\"https:\/\/secure.gravatar.com\/avatar\/94b18ee0ed79e4a42ea2f2931277b6841a8999fc6fde214600c78057cf1fe1de?s=96&d=mm&r=g\",\"caption\":\"qs_admin\"},\"sameAs\":[\"https:\/\/vosgesinfo.fr\/wp\"],\"url\":\"https:\/\/vosgesinfo.fr\/gerardmerinfo\/author\/qs_admin\/\"}]}<\/script>\n<!-- \/ Yoast SEO plugin. -->","yoast_head_json":{"title":"Concert sucr\u00e9 - on cuisine avec la Mouchenillaraign\u00e9efourmi ? - Gerardmer Info","robots":{"index":"index","follow":"follow","max-snippet":"max-snippet:-1","max-image-preview":"max-image-preview:large","max-video-preview":"max-video-preview:-1"},"canonical":"https:\/\/vosgesinfo.fr\/gerardmerinfo\/2018\/11\/concert-sucre-on-cuisine-mouchenillaraigneefourmi\/","twitter_card":"summary_large_image","twitter_title":"Concert sucr\u00e9 - on cuisine avec la Mouchenillaraign\u00e9efourmi ? - Gerardmer Info","twitter_description":"Le samedi 24 novembre prochain, la m\u00e9diath\u00e8que de G\u00e9rardmer vous propose un \u00ab\u00a0concert sucr\u00e9\u00a0\u00bb en compagnie de Thierry R\u00e9ocreux. Artiste [&hellip;]","twitter_image":"https:\/\/vosgesinfo.fr\/app\/uploads\/sites\/6\/2024\/07\/201811concert-sucre.jpg","twitter_creator":"@VosgesInfo88","twitter_site":"@VosgesInfo88","twitter_misc":{"\u00c9crit par":"qs_admin","Dur\u00e9e de lecture estim\u00e9e":"1 minute"},"schema":{"@context":"https:\/\/schema.org","@graph":[{"@type":"Article","@id":"https:\/\/vosgesinfo.fr\/gerardmerinfo\/2018\/11\/concert-sucre-on-cuisine-mouchenillaraigneefourmi\/#article","isPartOf":{"@id":"https:\/\/vosgesinfo.fr\/gerardmerinfo\/2018\/11\/concert-sucre-on-cuisine-mouchenillaraigneefourmi\/"},"author":{"name":"qs_admin","@id":"https:\/\/vosgesinfo.fr\/gerardmerinfo\/#\/schema\/person\/bc5d02d71e6932e81b6dadb7386667b1"},"headline":"Concert sucr\u00e9 &#8211; on cuisine avec la Mouchenillaraign\u00e9efourmi ?","datePublished":"2018-11-19T15:27:02+00:00","dateModified":"2018-11-19T15:27:02+00:00","mainEntityOfPage":{"@id":"https:\/\/vosgesinfo.fr\/gerardmerinfo\/2018\/11\/concert-sucre-on-cuisine-mouchenillaraigneefourmi\/"},"wordCount":210,"commentCount":0,"publisher":{"@id":"https:\/\/vosgesinfo.fr\/gerardmerinfo\/#organization"},"image":{"@id":"https:\/\/vosgesinfo.fr\/gerardmerinfo\/2018\/11\/concert-sucre-on-cuisine-mouchenillaraigneefourmi\/#primaryimage"},"thumbnailUrl":"https:\/\/vosgesinfo.fr\/app\/uploads\/sites\/6\/2024\/07\/201811concert-sucre.jpg","keywords":["m\u00e9diath\u00e8que du tilleul"],"articleSection":["A la une","Culture","G\u00e9rardmer"],"inLanguage":"fr-FR","potentialAction":[{"@type":"CommentAction","name":"Comment","target":["https:\/\/vosgesinfo.fr\/gerardmerinfo\/2018\/11\/concert-sucre-on-cuisine-mouchenillaraigneefourmi\/#respond"]}]},{"@type":"WebPage","@id":"https:\/\/vosgesinfo.fr\/gerardmerinfo\/2018\/11\/concert-sucre-on-cuisine-mouchenillaraigneefourmi\/","url":"https:\/\/vosgesinfo.fr\/gerardmerinfo\/2018\/11\/concert-sucre-on-cuisine-mouchenillaraigneefourmi\/","name":"Concert sucr\u00e9 - on cuisine avec la Mouchenillaraign\u00e9efourmi ? - Gerardmer Info","isPartOf":{"@id":"https:\/\/vosgesinfo.fr\/gerardmerinfo\/#website"},"primaryImageOfPage":{"@id":"https:\/\/vosgesinfo.fr\/gerardmerinfo\/2018\/11\/concert-sucre-on-cuisine-mouchenillaraigneefourmi\/#primaryimage"},"image":{"@id":"https:\/\/vosgesinfo.fr\/gerardmerinfo\/2018\/11\/concert-sucre-on-cuisine-mouchenillaraigneefourmi\/#primaryimage"},"thumbnailUrl":"https:\/\/vosgesinfo.fr\/app\/uploads\/sites\/6\/2024\/07\/201811concert-sucre.jpg","datePublished":"2018-11-19T15:27:02+00:00","dateModified":"2018-11-19T15:27:02+00:00","breadcrumb":{"@id":"https:\/\/vosgesinfo.fr\/gerardmerinfo\/2018\/11\/concert-sucre-on-cuisine-mouchenillaraigneefourmi\/#breadcrumb"},"inLanguage":"fr-FR","potentialAction":[{"@type":"ReadAction","target":["https:\/\/vosgesinfo.fr\/gerardmerinfo\/2018\/11\/concert-sucre-on-cuisine-mouchenillaraigneefourmi\/"]}]},{"@type":"ImageObject","inLanguage":"fr-FR","@id":"https:\/\/vosgesinfo.fr\/gerardmerinfo\/2018\/11\/concert-sucre-on-cuisine-mouchenillaraigneefourmi\/#primaryimage","url":"https:\/\/vosgesinfo.fr\/app\/uploads\/sites\/6\/2024\/07\/201811concert-sucre.jpg","contentUrl":"https:\/\/vosgesinfo.fr\/app\/uploads\/sites\/6\/2024\/07\/201811concert-sucre.jpg","width":800,"height":743},{"@type":"BreadcrumbList","@id":"https:\/\/vosgesinfo.fr\/gerardmerinfo\/2018\/11\/concert-sucre-on-cuisine-mouchenillaraigneefourmi\/#breadcrumb","itemListElement":[{"@type":"ListItem","position":1,"name":"Home","item":"https:\/\/vosgesinfo.fr\/gerardmerinfo\/"},{"@type":"ListItem","position":2,"name":"Concert sucr\u00e9 &#8211; on cuisine avec la Mouchenillaraign\u00e9efourmi ?"}]},{"@type":"WebSite","@id":"https:\/\/vosgesinfo.fr\/gerardmerinfo\/#website","url":"https:\/\/vosgesinfo.fr\/gerardmerinfo\/","name":"Gerardmer Info","description":"Toute l&#039;actualit\u00e9 de G\u00e9rardmer","publisher":{"@id":"https:\/\/vosgesinfo.fr\/gerardmerinfo\/#organization"},"alternateName":"Toute l'actualit\u00e9 de G\u00e9rardmer","potentialAction":[{"@type":"SearchAction","target":{"@type":"EntryPoint","urlTemplate":"https:\/\/vosgesinfo.fr\/gerardmerinfo\/?s={search_term_string}"},"query-input":"required name=search_term_string"}],"inLanguage":"fr-FR"},{"@type":"Organization","@id":"https:\/\/vosgesinfo.fr\/gerardmerinfo\/#organization","name":"Gerardmer Info","url":"https:\/\/vosgesinfo.fr\/gerardmerinfo\/","logo":{"@type":"ImageObject","inLanguage":"fr-FR","@id":"https:\/\/vosgesinfo.fr\/gerardmerinfo\/#\/schema\/logo\/image\/","url":"https:\/\/vosgesinfo.fr\/app\/uploads\/sites\/6\/2023\/08\/favicon-gerardmerinfo.png","contentUrl":"https:\/\/vosgesinfo.fr\/app\/uploads\/sites\/6\/2023\/08\/favicon-gerardmerinfo.png","width":512,"height":512,"caption":"Gerardmer Info"},"image":{"@id":"https:\/\/vosgesinfo.fr\/gerardmerinfo\/#\/schema\/logo\/image\/"},"sameAs":["https:\/\/www.facebook.com\/profile.php?id=100049475262660","https:\/\/x.com\/VosgesInfo88","https:\/\/www.youtube.com\/@vosgesinfo"]},{"@type":"Person","@id":"https:\/\/vosgesinfo.fr\/gerardmerinfo\/#\/schema\/person\/bc5d02d71e6932e81b6dadb7386667b1","name":"qs_admin","image":{"@type":"ImageObject","inLanguage":"fr-FR","@id":"https:\/\/vosgesinfo.fr\/gerardmerinfo\/#\/schema\/person\/image\/","url":"https:\/\/secure.gravatar.com\/avatar\/94b18ee0ed79e4a42ea2f2931277b6841a8999fc6fde214600c78057cf1fe1de?s=96&d=mm&r=g","contentUrl":"https:\/\/secure.gravatar.com\/avatar\/94b18ee0ed79e4a42ea2f2931277b6841a8999fc6fde214600c78057cf1fe1de?s=96&d=mm&r=g","caption":"qs_admin"},"sameAs":["https:\/\/vosgesinfo.fr\/wp"],"url":"https:\/\/vosgesinfo.fr\/gerardmerinfo\/author\/qs_admin\/"}]}},"_links":{"self":[{"href":"https:\/\/vosgesinfo.fr\/gerardmerinfo\/wp-json\/wp\/v2\/posts\/37836","targetHints":{"allow":["GET"]}}],"collection":[{"href":"https:\/\/vosgesinfo.fr\/gerardmerinfo\/wp-json\/wp\/v2\/posts"}],"about":[{"href":"https:\/\/vosgesinfo.fr\/gerardmerinfo\/wp-json\/wp\/v2\/types\/post"}],"author":[{"embeddable":true,"href":"https:\/\/vosgesinfo.fr\/gerardmerinfo\/wp-json\/wp\/v2\/users\/1"}],"replies":[{"embeddable":true,"href":"https:\/\/vosgesinfo.fr\/gerardmerinfo\/wp-json\/wp\/v2\/comments?post=37836"}],"version-history":[{"count":0,"href":"https:\/\/vosgesinfo.fr\/gerardmerinfo\/wp-json\/wp\/v2\/posts\/37836\/revisions"}],"wp:featuredmedia":[{"embeddable":true,"href":"https:\/\/vosgesinfo.fr\/gerardmerinfo\/wp-json\/wp\/v2\/media\/37837"}],"wp:attachment":[{"href":"https:\/\/vosgesinfo.fr\/gerardmerinfo\/wp-json\/wp\/v2\/media?parent=37836"}],"wp:term":[{"taxonomy":"category","embeddable":true,"href":"https:\/\/vosgesinfo.fr\/gerardmerinfo\/wp-json\/wp\/v2\/categories?post=37836"},{"taxonomy":"post_tag","embeddable":true,"href":"https:\/\/vosgesinfo.fr\/gerardmerinfo\/wp-json\/wp\/v2\/tags?post=37836"}],"curies":[{"name":"wp","href":"https:\/\/api.w.org\/{rel}","templated":true}]}}