{"id":37957,"date":"2018-11-19T16:28:23","date_gmt":"2018-11-19T15:28:23","guid":{"rendered":"https:\/\/vosgesinfo.fr\/gerardmerinfo\/2018\/11\/tennis-neuf-2019\/"},"modified":"2018-11-19T16:28:23","modified_gmt":"2018-11-19T15:28:23","slug":"tennis-neuf-2019","status":"publish","type":"post","link":"https:\/\/vosgesinfo.fr\/gerardmerinfo\/2018\/11\/tennis-neuf-2019\/","title":{"rendered":"Tennis : du neuf en 2019 ?"},"content":{"rendered":"\n<h3>L&rsquo;assembl\u00e9e g\u00e9n\u00e9rale du Tennis Club de G\u00e9rardmer (TCG) s&rsquo;est d\u00e9roul\u00e9e ce vendredi soir \u00e0 la Maison de la Montagne o\u00f9 il a notamment \u00e9t\u00e9 question du jubil\u00e9 des 110 ans et de l&rsquo;avanc\u00e9e du projet de r\u00e9fection des deux courts actuellement \u00ab\u00a0en jach\u00e8re\u00a0\u00bb.<\/h3>\n<p>Petite d\u00e9ception du coup pour le bureau du TCG car ces assises annuelles se sont d\u00e9roul\u00e9es en l&rsquo;absence de repr\u00e9sentants de la municipalit\u00e9 qui s&rsquo;\u00e9taient excus\u00e9s n&rsquo;ayant donc pu r\u00e9pondre \u00e0 l&rsquo;invitation. En effet, le pr\u00e9sident du club Yves Grossier\u00a0 aurait souhait\u00e9 remercier la commune pour son soutien et lui demander la confirmation d&rsquo;un courrier de la mairie re\u00e7u en juin 2018. Ce dernier annon\u00e7ait qu&rsquo;une \u00e9tude sur la r\u00e9fection des courts 5 &amp; 6 allait prochainement \u00eatre lanc\u00e9e en tenant compte de la couverture de ceux-ci. La budg\u00e9tisation et l&rsquo;ex\u00e9cution seraient quant \u00e0 elles pr\u00e9vues pour 2019. Une excellente nouvelle en somme, qu&rsquo;il aurait \u00e9t\u00e9 agr\u00e9able de se faire pr\u00e9ciser et confirmer de vive voix.<\/p>\n<p><a href=\"\/2018\/11\/1931-Tournoi-b.jpg\"><img decoding=\"async\" class=\"alignright size-medium wp-image-137770\" src=\"\/2018\/11\/1931-Tournoi-b-340x255.jpg\" alt=\"1931 Tournoi b\" width=\"340\" height=\"255\" \/><\/a>Il devrait donc y avoir du neuf en 2019, c&rsquo;est tout le mal que l&rsquo;on souhaite au TCG\u00a0! Le club qui se concentre actuellement sur l&rsquo;organisation de son jubil\u00e9 des 110 ans. Des \u00e9quipes ont \u00e9t\u00e9 constitu\u00e9es afin de mettre sur pied ce grand week-end qui se d\u00e9roulera les 30 et 31 mars 2019 \u00e0 l&rsquo;Espace LAC. Une exposition des Peintres des Hauts sur le th\u00e8me du tennis \u00e0 G\u00e9rardmer est en train de voir le jour pour l&rsquo;occasion. Plusieurs panneaux retra\u00e7ant l&rsquo;histoire du TCG de 1909 \u00e0 nos jours sont en pr\u00e9paration gr\u00e2ce \u00e0 l&rsquo;aide d&rsquo;anciens du club, de particuliers ou du club cartophile local. Le dimanche, une grande brocante compl\u00e9tera le tableau \u00e0 l&rsquo;identique de celle organis\u00e9e en avril dernier \u00e0 l&rsquo;Espace Tilleul. Enfin, un tournoi de tennis aura lieu dans les courts couverts. La formule n&rsquo;est pas encore \u00e9tablie mais il s&rsquo;agira sans doute d&rsquo;un tournoi de double surprise ou d&rsquo;un multi-chances. L&rsquo;inauguration officielle se fera le samedi 30 mars \u00e0 17 h 00, gardez en m\u00e9moire cette date et venez nombreux\u00a0!<\/p>\n<p>Pour ce qui est du bilan de l&rsquo;ann\u00e9e pass\u00e9e, on notera que le TCG a fait mieux que stabiliser ses effectifs avec 152 joueurs en 2017-2018 contre 141 en 2016-2017. Un constat honorable compte-tenu de la tendance nationale. Le club compte toujours autant de joueurs saisonniers, ce qui est logique si l&rsquo;on consid\u00e8re qu&rsquo;il est implant\u00e9 sur une station touristique. Notons \u00e9galement la vingtaine de jeunes scolaires qui a \u00e9volu\u00e9 le temps d&rsquo;un trimestre dans le cadre de l&rsquo;op\u00e9ration \u00ab\u00a0tennis \u00e0 l&rsquo;\u00e9cole assur\u00e9e par Roger Deschazeaux.<\/p>\n<p>C\u00f4t\u00e9 r\u00e9sultats sportifs, les \u00e9quipes jeunes et adultes, f\u00e9minines et masculines ont globalement maintenu leur niveau lors des diff\u00e9rents championnats. Le TCG compte \u00e9galement 4 champions des Vosges dans ses rangs et entend bien proposer aux jeunes de jouer encore plus pour l&rsquo;ann\u00e9e \u00e0 venir. Le club organise d\u00e9j\u00e0 4 tournois qui devraient \u00eatre maintenus en 2019\u00a0: son traditionnel tournoi interne en hiver, puis en \u00e9t\u00e9 son tournoi de double, la National Tennis Cup qualificative pour la finale du Cap d&rsquo;Agde (o\u00f9 une belle d\u00e9l\u00e9gation g\u00e9r\u00f4moise s&rsquo;est d&rsquo;ailleurs rendue cette ann\u00e9e), et enfin le tournoi de G\u00e9rardmer qui conclut habituellement la saison.<\/p>\n<p>Enfin, un petit mot sur les finances avec un petit ajustement sur la politique tarifaire du club qui semble avoir port\u00e9 ses fruits puisque le club termine l&rsquo;exercice en \u00e9tant b\u00e9n\u00e9ficiaire de 470 \u20ac contre un d\u00e9ficit de 900 \u20ac en 2016-2017. Ne restait donc plus \u00e0 Yves Grossier qu&rsquo;\u00e0 remercier l&rsquo;ensemble des joueurs et joueuses du TCG, les b\u00e9n\u00e9voles du comit\u00e9 sans oublier Marie-Odile Tisserant et bien s\u00fbr les deux entra\u00eeneurs Jean-Yves L\u00e9onard et Charles-Edouard Valence.<\/p>\n","protected":false},"excerpt":{"rendered":"<p>L&rsquo;assembl\u00e9e g\u00e9n\u00e9rale du Tennis Club de G\u00e9rardmer (TCG) s&rsquo;est d\u00e9roul\u00e9e ce vendredi soir \u00e0 la Maison de la Montagne o\u00f9 [&hellip;]<\/p>\n","protected":false},"author":42,"featured_media":37958,"comment_status":"open","ping_status":"open","sticky":false,"template":"","format":"standard","meta":{"footnotes":""},"categories":[20,25,14],"tags":[377],"class_list":["post-37957","post","type-post","status-publish","format-standard","has-post-thumbnail","hentry","category-a-la-une","category-gerardmer","category-sport","tag-tcg"],"acf":[],"yoast_head":"<!-- This site is optimized with the Yoast SEO plugin v22.5 - https:\/\/yoast.com\/wordpress\/plugins\/seo\/ -->\n<title>Tennis : du neuf en 2019 ? - Gerardmer Info<\/title>\n<meta name=\"robots\" content=\"index, follow, max-snippet:-1, max-image-preview:large, max-video-preview:-1\" \/>\n<link rel=\"canonical\" href=\"https:\/\/vosgesinfo.fr\/gerardmerinfo\/2018\/11\/tennis-neuf-2019\/\" \/>\n<meta name=\"twitter:card\" content=\"summary_large_image\" \/>\n<meta name=\"twitter:title\" content=\"Tennis : du neuf en 2019 ? - Gerardmer Info\" \/>\n<meta name=\"twitter:description\" content=\"L&rsquo;assembl\u00e9e g\u00e9n\u00e9rale du Tennis Club de G\u00e9rardmer (TCG) s&rsquo;est d\u00e9roul\u00e9e ce vendredi soir \u00e0 la Maison de la Montagne o\u00f9 [&hellip;]\" \/>\n<meta name=\"twitter:image\" content=\"https:\/\/vosgesinfo.fr\/app\/uploads\/sites\/6\/2024\/07\/2018111931-tournoi-b.jpg\" \/>\n<meta name=\"twitter:creator\" content=\"@VosgesInfo88\" \/>\n<meta name=\"twitter:site\" content=\"@VosgesInfo88\" \/>\n<meta name=\"twitter:label1\" content=\"\u00c9crit par\" \/>\n\t<meta name=\"twitter:data1\" content=\"QG\" \/>\n\t<meta name=\"twitter:label2\" content=\"Dur\u00e9e de lecture estim\u00e9e\" \/>\n\t<meta name=\"twitter:data2\" content=\"3 minutes\" \/>\n<script type=\"application\/ld+json\" class=\"yoast-schema-graph\">{\"@context\":\"https:\/\/schema.org\",\"@graph\":[{\"@type\":\"Article\",\"@id\":\"https:\/\/vosgesinfo.fr\/gerardmerinfo\/2018\/11\/tennis-neuf-2019\/#article\",\"isPartOf\":{\"@id\":\"https:\/\/vosgesinfo.fr\/gerardmerinfo\/2018\/11\/tennis-neuf-2019\/\"},\"author\":{\"name\":\"QG\",\"@id\":\"https:\/\/vosgesinfo.fr\/gerardmerinfo\/#\/schema\/person\/db5605779a843dad16b5368f3e7613a5\"},\"headline\":\"Tennis : du neuf en 2019 ?\",\"datePublished\":\"2018-11-19T15:28:23+00:00\",\"dateModified\":\"2018-11-19T15:28:23+00:00\",\"mainEntityOfPage\":{\"@id\":\"https:\/\/vosgesinfo.fr\/gerardmerinfo\/2018\/11\/tennis-neuf-2019\/\"},\"wordCount\":672,\"commentCount\":0,\"publisher\":{\"@id\":\"https:\/\/vosgesinfo.fr\/gerardmerinfo\/#organization\"},\"image\":{\"@id\":\"https:\/\/vosgesinfo.fr\/gerardmerinfo\/2018\/11\/tennis-neuf-2019\/#primaryimage\"},\"thumbnailUrl\":\"https:\/\/vosgesinfo.fr\/app\/uploads\/sites\/6\/2024\/07\/2018111931-tournoi-b.jpg\",\"keywords\":[\"TCG\"],\"articleSection\":[\"A la une\",\"G\u00e9rardmer\",\"Sport\"],\"inLanguage\":\"fr-FR\",\"potentialAction\":[{\"@type\":\"CommentAction\",\"name\":\"Comment\",\"target\":[\"https:\/\/vosgesinfo.fr\/gerardmerinfo\/2018\/11\/tennis-neuf-2019\/#respond\"]}]},{\"@type\":\"WebPage\",\"@id\":\"https:\/\/vosgesinfo.fr\/gerardmerinfo\/2018\/11\/tennis-neuf-2019\/\",\"url\":\"https:\/\/vosgesinfo.fr\/gerardmerinfo\/2018\/11\/tennis-neuf-2019\/\",\"name\":\"Tennis : du neuf en 2019 ? - Gerardmer Info\",\"isPartOf\":{\"@id\":\"https:\/\/vosgesinfo.fr\/gerardmerinfo\/#website\"},\"primaryImageOfPage\":{\"@id\":\"https:\/\/vosgesinfo.fr\/gerardmerinfo\/2018\/11\/tennis-neuf-2019\/#primaryimage\"},\"image\":{\"@id\":\"https:\/\/vosgesinfo.fr\/gerardmerinfo\/2018\/11\/tennis-neuf-2019\/#primaryimage\"},\"thumbnailUrl\":\"https:\/\/vosgesinfo.fr\/app\/uploads\/sites\/6\/2024\/07\/2018111931-tournoi-b.jpg\",\"datePublished\":\"2018-11-19T15:28:23+00:00\",\"dateModified\":\"2018-11-19T15:28:23+00:00\",\"breadcrumb\":{\"@id\":\"https:\/\/vosgesinfo.fr\/gerardmerinfo\/2018\/11\/tennis-neuf-2019\/#breadcrumb\"},\"inLanguage\":\"fr-FR\",\"potentialAction\":[{\"@type\":\"ReadAction\",\"target\":[\"https:\/\/vosgesinfo.fr\/gerardmerinfo\/2018\/11\/tennis-neuf-2019\/\"]}]},{\"@type\":\"ImageObject\",\"inLanguage\":\"fr-FR\",\"@id\":\"https:\/\/vosgesinfo.fr\/gerardmerinfo\/2018\/11\/tennis-neuf-2019\/#primaryimage\",\"url\":\"https:\/\/vosgesinfo.fr\/app\/uploads\/sites\/6\/2024\/07\/2018111931-tournoi-b.jpg\",\"contentUrl\":\"https:\/\/vosgesinfo.fr\/app\/uploads\/sites\/6\/2024\/07\/2018111931-tournoi-b.jpg\",\"width\":800,\"height\":600},{\"@type\":\"BreadcrumbList\",\"@id\":\"https:\/\/vosgesinfo.fr\/gerardmerinfo\/2018\/11\/tennis-neuf-2019\/#breadcrumb\",\"itemListElement\":[{\"@type\":\"ListItem\",\"position\":1,\"name\":\"Home\",\"item\":\"https:\/\/vosgesinfo.fr\/gerardmerinfo\/\"},{\"@type\":\"ListItem\",\"position\":2,\"name\":\"Tennis : du neuf en 2019 ?\"}]},{\"@type\":\"WebSite\",\"@id\":\"https:\/\/vosgesinfo.fr\/gerardmerinfo\/#website\",\"url\":\"https:\/\/vosgesinfo.fr\/gerardmerinfo\/\",\"name\":\"Gerardmer Info\",\"description\":\"Toute l&#039;actualit\u00e9 de G\u00e9rardmer\",\"publisher\":{\"@id\":\"https:\/\/vosgesinfo.fr\/gerardmerinfo\/#organization\"},\"alternateName\":\"Toute l'actualit\u00e9 de G\u00e9rardmer\",\"potentialAction\":[{\"@type\":\"SearchAction\",\"target\":{\"@type\":\"EntryPoint\",\"urlTemplate\":\"https:\/\/vosgesinfo.fr\/gerardmerinfo\/?s={search_term_string}\"},\"query-input\":\"required name=search_term_string\"}],\"inLanguage\":\"fr-FR\"},{\"@type\":\"Organization\",\"@id\":\"https:\/\/vosgesinfo.fr\/gerardmerinfo\/#organization\",\"name\":\"Gerardmer Info\",\"url\":\"https:\/\/vosgesinfo.fr\/gerardmerinfo\/\",\"logo\":{\"@type\":\"ImageObject\",\"inLanguage\":\"fr-FR\",\"@id\":\"https:\/\/vosgesinfo.fr\/gerardmerinfo\/#\/schema\/logo\/image\/\",\"url\":\"https:\/\/vosgesinfo.fr\/app\/uploads\/sites\/6\/2023\/08\/favicon-gerardmerinfo.png\",\"contentUrl\":\"https:\/\/vosgesinfo.fr\/app\/uploads\/sites\/6\/2023\/08\/favicon-gerardmerinfo.png\",\"width\":512,\"height\":512,\"caption\":\"Gerardmer Info\"},\"image\":{\"@id\":\"https:\/\/vosgesinfo.fr\/gerardmerinfo\/#\/schema\/logo\/image\/\"},\"sameAs\":[\"https:\/\/www.facebook.com\/profile.php?id=100049475262660\",\"https:\/\/x.com\/VosgesInfo88\",\"https:\/\/www.youtube.com\/@vosgesinfo\"]},{\"@type\":\"Person\",\"@id\":\"https:\/\/vosgesinfo.fr\/gerardmerinfo\/#\/schema\/person\/db5605779a843dad16b5368f3e7613a5\",\"name\":\"QG\",\"image\":{\"@type\":\"ImageObject\",\"inLanguage\":\"fr-FR\",\"@id\":\"https:\/\/vosgesinfo.fr\/gerardmerinfo\/#\/schema\/person\/image\/\",\"url\":\"https:\/\/secure.gravatar.com\/avatar\/ea80c42c204b534408512832fde52504ecabb9706bcb6151cf6175e5b64e6793?s=96&d=mm&r=g\",\"contentUrl\":\"https:\/\/secure.gravatar.com\/avatar\/ea80c42c204b534408512832fde52504ecabb9706bcb6151cf6175e5b64e6793?s=96&d=mm&r=g\",\"caption\":\"QG\"},\"url\":\"https:\/\/vosgesinfo.fr\/gerardmerinfo\/author\/quentin88\/\"}]}<\/script>\n<!-- \/ Yoast SEO plugin. -->","yoast_head_json":{"title":"Tennis : du neuf en 2019 ? - Gerardmer Info","robots":{"index":"index","follow":"follow","max-snippet":"max-snippet:-1","max-image-preview":"max-image-preview:large","max-video-preview":"max-video-preview:-1"},"canonical":"https:\/\/vosgesinfo.fr\/gerardmerinfo\/2018\/11\/tennis-neuf-2019\/","twitter_card":"summary_large_image","twitter_title":"Tennis : du neuf en 2019 ? - Gerardmer Info","twitter_description":"L&rsquo;assembl\u00e9e g\u00e9n\u00e9rale du Tennis Club de G\u00e9rardmer (TCG) s&rsquo;est d\u00e9roul\u00e9e ce vendredi soir \u00e0 la Maison de la Montagne o\u00f9 [&hellip;]","twitter_image":"https:\/\/vosgesinfo.fr\/app\/uploads\/sites\/6\/2024\/07\/2018111931-tournoi-b.jpg","twitter_creator":"@VosgesInfo88","twitter_site":"@VosgesInfo88","twitter_misc":{"\u00c9crit par":"QG","Dur\u00e9e de lecture estim\u00e9e":"3 minutes"},"schema":{"@context":"https:\/\/schema.org","@graph":[{"@type":"Article","@id":"https:\/\/vosgesinfo.fr\/gerardmerinfo\/2018\/11\/tennis-neuf-2019\/#article","isPartOf":{"@id":"https:\/\/vosgesinfo.fr\/gerardmerinfo\/2018\/11\/tennis-neuf-2019\/"},"author":{"name":"QG","@id":"https:\/\/vosgesinfo.fr\/gerardmerinfo\/#\/schema\/person\/db5605779a843dad16b5368f3e7613a5"},"headline":"Tennis : du neuf en 2019 ?","datePublished":"2018-11-19T15:28:23+00:00","dateModified":"2018-11-19T15:28:23+00:00","mainEntityOfPage":{"@id":"https:\/\/vosgesinfo.fr\/gerardmerinfo\/2018\/11\/tennis-neuf-2019\/"},"wordCount":672,"commentCount":0,"publisher":{"@id":"https:\/\/vosgesinfo.fr\/gerardmerinfo\/#organization"},"image":{"@id":"https:\/\/vosgesinfo.fr\/gerardmerinfo\/2018\/11\/tennis-neuf-2019\/#primaryimage"},"thumbnailUrl":"https:\/\/vosgesinfo.fr\/app\/uploads\/sites\/6\/2024\/07\/2018111931-tournoi-b.jpg","keywords":["TCG"],"articleSection":["A la une","G\u00e9rardmer","Sport"],"inLanguage":"fr-FR","potentialAction":[{"@type":"CommentAction","name":"Comment","target":["https:\/\/vosgesinfo.fr\/gerardmerinfo\/2018\/11\/tennis-neuf-2019\/#respond"]}]},{"@type":"WebPage","@id":"https:\/\/vosgesinfo.fr\/gerardmerinfo\/2018\/11\/tennis-neuf-2019\/","url":"https:\/\/vosgesinfo.fr\/gerardmerinfo\/2018\/11\/tennis-neuf-2019\/","name":"Tennis : du neuf en 2019 ? - Gerardmer Info","isPartOf":{"@id":"https:\/\/vosgesinfo.fr\/gerardmerinfo\/#website"},"primaryImageOfPage":{"@id":"https:\/\/vosgesinfo.fr\/gerardmerinfo\/2018\/11\/tennis-neuf-2019\/#primaryimage"},"image":{"@id":"https:\/\/vosgesinfo.fr\/gerardmerinfo\/2018\/11\/tennis-neuf-2019\/#primaryimage"},"thumbnailUrl":"https:\/\/vosgesinfo.fr\/app\/uploads\/sites\/6\/2024\/07\/2018111931-tournoi-b.jpg","datePublished":"2018-11-19T15:28:23+00:00","dateModified":"2018-11-19T15:28:23+00:00","breadcrumb":{"@id":"https:\/\/vosgesinfo.fr\/gerardmerinfo\/2018\/11\/tennis-neuf-2019\/#breadcrumb"},"inLanguage":"fr-FR","potentialAction":[{"@type":"ReadAction","target":["https:\/\/vosgesinfo.fr\/gerardmerinfo\/2018\/11\/tennis-neuf-2019\/"]}]},{"@type":"ImageObject","inLanguage":"fr-FR","@id":"https:\/\/vosgesinfo.fr\/gerardmerinfo\/2018\/11\/tennis-neuf-2019\/#primaryimage","url":"https:\/\/vosgesinfo.fr\/app\/uploads\/sites\/6\/2024\/07\/2018111931-tournoi-b.jpg","contentUrl":"https:\/\/vosgesinfo.fr\/app\/uploads\/sites\/6\/2024\/07\/2018111931-tournoi-b.jpg","width":800,"height":600},{"@type":"BreadcrumbList","@id":"https:\/\/vosgesinfo.fr\/gerardmerinfo\/2018\/11\/tennis-neuf-2019\/#breadcrumb","itemListElement":[{"@type":"ListItem","position":1,"name":"Home","item":"https:\/\/vosgesinfo.fr\/gerardmerinfo\/"},{"@type":"ListItem","position":2,"name":"Tennis : du neuf en 2019 ?"}]},{"@type":"WebSite","@id":"https:\/\/vosgesinfo.fr\/gerardmerinfo\/#website","url":"https:\/\/vosgesinfo.fr\/gerardmerinfo\/","name":"Gerardmer Info","description":"Toute l&#039;actualit\u00e9 de G\u00e9rardmer","publisher":{"@id":"https:\/\/vosgesinfo.fr\/gerardmerinfo\/#organization"},"alternateName":"Toute l'actualit\u00e9 de G\u00e9rardmer","potentialAction":[{"@type":"SearchAction","target":{"@type":"EntryPoint","urlTemplate":"https:\/\/vosgesinfo.fr\/gerardmerinfo\/?s={search_term_string}"},"query-input":"required name=search_term_string"}],"inLanguage":"fr-FR"},{"@type":"Organization","@id":"https:\/\/vosgesinfo.fr\/gerardmerinfo\/#organization","name":"Gerardmer Info","url":"https:\/\/vosgesinfo.fr\/gerardmerinfo\/","logo":{"@type":"ImageObject","inLanguage":"fr-FR","@id":"https:\/\/vosgesinfo.fr\/gerardmerinfo\/#\/schema\/logo\/image\/","url":"https:\/\/vosgesinfo.fr\/app\/uploads\/sites\/6\/2023\/08\/favicon-gerardmerinfo.png","contentUrl":"https:\/\/vosgesinfo.fr\/app\/uploads\/sites\/6\/2023\/08\/favicon-gerardmerinfo.png","width":512,"height":512,"caption":"Gerardmer Info"},"image":{"@id":"https:\/\/vosgesinfo.fr\/gerardmerinfo\/#\/schema\/logo\/image\/"},"sameAs":["https:\/\/www.facebook.com\/profile.php?id=100049475262660","https:\/\/x.com\/VosgesInfo88","https:\/\/www.youtube.com\/@vosgesinfo"]},{"@type":"Person","@id":"https:\/\/vosgesinfo.fr\/gerardmerinfo\/#\/schema\/person\/db5605779a843dad16b5368f3e7613a5","name":"QG","image":{"@type":"ImageObject","inLanguage":"fr-FR","@id":"https:\/\/vosgesinfo.fr\/gerardmerinfo\/#\/schema\/person\/image\/","url":"https:\/\/secure.gravatar.com\/avatar\/ea80c42c204b534408512832fde52504ecabb9706bcb6151cf6175e5b64e6793?s=96&d=mm&r=g","contentUrl":"https:\/\/secure.gravatar.com\/avatar\/ea80c42c204b534408512832fde52504ecabb9706bcb6151cf6175e5b64e6793?s=96&d=mm&r=g","caption":"QG"},"url":"https:\/\/vosgesinfo.fr\/gerardmerinfo\/author\/quentin88\/"}]}},"_links":{"self":[{"href":"https:\/\/vosgesinfo.fr\/gerardmerinfo\/wp-json\/wp\/v2\/posts\/37957","targetHints":{"allow":["GET"]}}],"collection":[{"href":"https:\/\/vosgesinfo.fr\/gerardmerinfo\/wp-json\/wp\/v2\/posts"}],"about":[{"href":"https:\/\/vosgesinfo.fr\/gerardmerinfo\/wp-json\/wp\/v2\/types\/post"}],"author":[{"embeddable":true,"href":"https:\/\/vosgesinfo.fr\/gerardmerinfo\/wp-json\/wp\/v2\/users\/42"}],"replies":[{"embeddable":true,"href":"https:\/\/vosgesinfo.fr\/gerardmerinfo\/wp-json\/wp\/v2\/comments?post=37957"}],"version-history":[{"count":0,"href":"https:\/\/vosgesinfo.fr\/gerardmerinfo\/wp-json\/wp\/v2\/posts\/37957\/revisions"}],"wp:featuredmedia":[{"embeddable":true,"href":"https:\/\/vosgesinfo.fr\/gerardmerinfo\/wp-json\/wp\/v2\/media\/37958"}],"wp:attachment":[{"href":"https:\/\/vosgesinfo.fr\/gerardmerinfo\/wp-json\/wp\/v2\/media?parent=37957"}],"wp:term":[{"taxonomy":"category","embeddable":true,"href":"https:\/\/vosgesinfo.fr\/gerardmerinfo\/wp-json\/wp\/v2\/categories?post=37957"},{"taxonomy":"post_tag","embeddable":true,"href":"https:\/\/vosgesinfo.fr\/gerardmerinfo\/wp-json\/wp\/v2\/tags?post=37957"}],"curies":[{"name":"wp","href":"https:\/\/api.w.org\/{rel}","templated":true}]}}