{"id":37972,"date":"2018-11-19T16:27:56","date_gmt":"2018-11-19T15:27:56","guid":{"rendered":"https:\/\/vosgesinfo.fr\/gerardmerinfo\/2018\/11\/josiane-claudel-decoree-de-medaille-grand-or\/"},"modified":"2018-11-19T16:27:56","modified_gmt":"2018-11-19T15:27:56","slug":"josiane-claudel-decoree-de-medaille-grand-or","status":"publish","type":"post","link":"https:\/\/vosgesinfo.fr\/gerardmerinfo\/2018\/11\/josiane-claudel-decoree-de-medaille-grand-or\/","title":{"rendered":"Josiane Claudel d\u00e9cor\u00e9e de la m\u00e9daille Grand Or"},"content":{"rendered":"<div id=\"attachment_137760\" style=\"width: 810px\" class=\"wp-caption aligncenter\"><a href=\"\/2018\/11\/medaille-travail.jpg\"><img decoding=\"async\" aria-describedby=\"caption-attachment-137760\" class=\"size-full wp-image-137760\" src=\"\/2018\/11\/medaille-travail.jpg\" alt=\"Josiane Claudel a re\u00e7u sa m\u00e9daille des mains de Yves Raggazzoli lors d'une sympathique r\u00e9ception au Pub.\" width=\"800\" height=\"600\" \/><\/a><p id=\"caption-attachment-137760\" class=\"wp-caption-text\"><span style=\"color: #000080;\">Josiane Claudel a re\u00e7u sa m\u00e9daille du travail des mains de Yves Raggazzoli lors d&rsquo;une sympathique r\u00e9ception au Pub.<\/span><\/p><\/div>\n<h3 class=\"x_MsoNoSpacing\"><span style=\"font-size: 12pt;\">Vendredi soir, c&rsquo;est au \u00ab\u00a0Pub\u00a0\u00bb de la place Albert Ferry que Josiane Claudel avait le plaisir de f\u00eater ses 40 ans de travail au service de plusieurs \u00e9tablissements g\u00e9r\u00f4mois, le tout en se voyant d\u00e9corer de la fameuse m\u00e9daille Grand Or.<\/span><\/h3>\n<p class=\"x_MsoNoSpacing\">Apr\u00e8s avoir obtenu son dipl\u00f4me de comptabilit\u00e9 dans l\u2019ancien lyc\u00e9e h\u00f4telier g\u00e9r\u00f4mois (actuel lyc\u00e9e Chardin), elle avait \u00e9t\u00e9 embauch\u00e9e d\u00e8s 1978 par Michel Duvic, Guy Marlier et Yves Ragazzoli qui ont \u00e9t\u00e9 ses premiers employeurs et qui ne seront pas les derniers, loin s&rsquo;en faut. En effet, Josiane se d\u00e9finit pr\u00e9cis\u00e9ment comme une salari\u00e9e \u00ab\u00a0multi employeurs\u00a0\u00bb et fait la comptabilit\u00e9 de plusieurs entreprises \u00e0 G\u00e9rardmer, mais aussi Xonrupt, La Bresse, \u00c9pinal et m\u00eame Nancy ! A l&rsquo;heure actuelle, elle travaille pour 7 \u00e9tablissements diff\u00e9rents.<\/p>\n<p class=\"x_MsoNoSpacing\">Alors forc\u00e9ment, pour cette r\u00e9ception en son honneur, plusieurs de ses employeurs avaient fait le d\u00e9placement pour congratuler Josiane qui a toujours su \u00e9voluer avec son temps, consciente que tout va tr\u00e8s vite ! Apr\u00e8s avoir d\u00e9but\u00e9 en \u00e9crivant tout ou presque dans de grands cahiers, elle a pris le train en marche dans les ann\u00e9es 90 lorsqu&rsquo;est arriv\u00e9 l\u2019informatique. Elle a toujours suivi des formations pour mettre \u00e0 jour ses comp\u00e9tences, ce qui a sans doute contribu\u00e9 au fait que cette femme de caract\u00e8re soit rest\u00e9e efficace et appr\u00e9ci\u00e9e tout au long de ses ann\u00e9es. Mais attention, qu&rsquo;on ne s&rsquo;y m\u00e9prenne pas, comme il l&rsquo;a \u00e9t\u00e9 pr\u00e9cis\u00e9 au moment de lui remettre sa m\u00e9daille, femme de caract\u00e8re ne signifie pas n\u00e9cessairement mauvais caract\u00e8re !&#8230;<\/p>\n","protected":false},"excerpt":{"rendered":"<p>Vendredi soir, c&rsquo;est au \u00ab\u00a0Pub\u00a0\u00bb de la place Albert Ferry que Josiane Claudel avait le plaisir de f\u00eater ses 40 [&hellip;]<\/p>\n","protected":false},"author":42,"featured_media":37973,"comment_status":"open","ping_status":"open","sticky":false,"template":"","format":"standard","meta":{"footnotes":""},"categories":[20,25],"tags":[],"class_list":["post-37972","post","type-post","status-publish","format-standard","has-post-thumbnail","hentry","category-a-la-une","category-gerardmer"],"acf":[],"yoast_head":"<!-- This site is optimized with the Yoast SEO plugin v22.5 - https:\/\/yoast.com\/wordpress\/plugins\/seo\/ -->\n<title>Josiane Claudel d\u00e9cor\u00e9e de la m\u00e9daille Grand Or - Gerardmer Info<\/title>\n<meta name=\"robots\" content=\"index, follow, max-snippet:-1, max-image-preview:large, max-video-preview:-1\" \/>\n<link rel=\"canonical\" href=\"https:\/\/vosgesinfo.fr\/gerardmerinfo\/2018\/11\/josiane-claudel-decoree-de-medaille-grand-or\/\" \/>\n<meta name=\"twitter:card\" content=\"summary_large_image\" \/>\n<meta name=\"twitter:title\" content=\"Josiane Claudel d\u00e9cor\u00e9e de la m\u00e9daille Grand Or - Gerardmer Info\" \/>\n<meta name=\"twitter:description\" content=\"Vendredi soir, c&rsquo;est au \u00ab\u00a0Pub\u00a0\u00bb de la place Albert Ferry que Josiane Claudel avait le plaisir de f\u00eater ses 40 [&hellip;]\" \/>\n<meta name=\"twitter:image\" content=\"https:\/\/vosgesinfo.fr\/app\/uploads\/sites\/6\/2024\/07\/201811medaille-travail.jpg\" \/>\n<meta name=\"twitter:creator\" content=\"@VosgesInfo88\" \/>\n<meta name=\"twitter:site\" content=\"@VosgesInfo88\" \/>\n<meta name=\"twitter:label1\" content=\"\u00c9crit par\" \/>\n\t<meta name=\"twitter:data1\" content=\"QG\" \/>\n\t<meta name=\"twitter:label2\" content=\"Dur\u00e9e de lecture estim\u00e9e\" \/>\n\t<meta name=\"twitter:data2\" content=\"2 minutes\" \/>\n<script type=\"application\/ld+json\" class=\"yoast-schema-graph\">{\"@context\":\"https:\/\/schema.org\",\"@graph\":[{\"@type\":\"Article\",\"@id\":\"https:\/\/vosgesinfo.fr\/gerardmerinfo\/2018\/11\/josiane-claudel-decoree-de-medaille-grand-or\/#article\",\"isPartOf\":{\"@id\":\"https:\/\/vosgesinfo.fr\/gerardmerinfo\/2018\/11\/josiane-claudel-decoree-de-medaille-grand-or\/\"},\"author\":{\"name\":\"QG\",\"@id\":\"https:\/\/vosgesinfo.fr\/gerardmerinfo\/#\/schema\/person\/db5605779a843dad16b5368f3e7613a5\"},\"headline\":\"Josiane Claudel d\u00e9cor\u00e9e de la m\u00e9daille Grand Or\",\"datePublished\":\"2018-11-19T15:27:56+00:00\",\"dateModified\":\"2018-11-19T15:27:56+00:00\",\"mainEntityOfPage\":{\"@id\":\"https:\/\/vosgesinfo.fr\/gerardmerinfo\/2018\/11\/josiane-claudel-decoree-de-medaille-grand-or\/\"},\"wordCount\":331,\"commentCount\":0,\"publisher\":{\"@id\":\"https:\/\/vosgesinfo.fr\/gerardmerinfo\/#organization\"},\"image\":{\"@id\":\"https:\/\/vosgesinfo.fr\/gerardmerinfo\/2018\/11\/josiane-claudel-decoree-de-medaille-grand-or\/#primaryimage\"},\"thumbnailUrl\":\"https:\/\/vosgesinfo.fr\/app\/uploads\/sites\/6\/2024\/07\/201811medaille-travail.jpg\",\"articleSection\":[\"A la une\",\"G\u00e9rardmer\"],\"inLanguage\":\"fr-FR\",\"potentialAction\":[{\"@type\":\"CommentAction\",\"name\":\"Comment\",\"target\":[\"https:\/\/vosgesinfo.fr\/gerardmerinfo\/2018\/11\/josiane-claudel-decoree-de-medaille-grand-or\/#respond\"]}]},{\"@type\":\"WebPage\",\"@id\":\"https:\/\/vosgesinfo.fr\/gerardmerinfo\/2018\/11\/josiane-claudel-decoree-de-medaille-grand-or\/\",\"url\":\"https:\/\/vosgesinfo.fr\/gerardmerinfo\/2018\/11\/josiane-claudel-decoree-de-medaille-grand-or\/\",\"name\":\"Josiane Claudel d\u00e9cor\u00e9e de la m\u00e9daille Grand Or - Gerardmer Info\",\"isPartOf\":{\"@id\":\"https:\/\/vosgesinfo.fr\/gerardmerinfo\/#website\"},\"primaryImageOfPage\":{\"@id\":\"https:\/\/vosgesinfo.fr\/gerardmerinfo\/2018\/11\/josiane-claudel-decoree-de-medaille-grand-or\/#primaryimage\"},\"image\":{\"@id\":\"https:\/\/vosgesinfo.fr\/gerardmerinfo\/2018\/11\/josiane-claudel-decoree-de-medaille-grand-or\/#primaryimage\"},\"thumbnailUrl\":\"https:\/\/vosgesinfo.fr\/app\/uploads\/sites\/6\/2024\/07\/201811medaille-travail.jpg\",\"datePublished\":\"2018-11-19T15:27:56+00:00\",\"dateModified\":\"2018-11-19T15:27:56+00:00\",\"breadcrumb\":{\"@id\":\"https:\/\/vosgesinfo.fr\/gerardmerinfo\/2018\/11\/josiane-claudel-decoree-de-medaille-grand-or\/#breadcrumb\"},\"inLanguage\":\"fr-FR\",\"potentialAction\":[{\"@type\":\"ReadAction\",\"target\":[\"https:\/\/vosgesinfo.fr\/gerardmerinfo\/2018\/11\/josiane-claudel-decoree-de-medaille-grand-or\/\"]}]},{\"@type\":\"ImageObject\",\"inLanguage\":\"fr-FR\",\"@id\":\"https:\/\/vosgesinfo.fr\/gerardmerinfo\/2018\/11\/josiane-claudel-decoree-de-medaille-grand-or\/#primaryimage\",\"url\":\"https:\/\/vosgesinfo.fr\/app\/uploads\/sites\/6\/2024\/07\/201811medaille-travail.jpg\",\"contentUrl\":\"https:\/\/vosgesinfo.fr\/app\/uploads\/sites\/6\/2024\/07\/201811medaille-travail.jpg\",\"width\":800,\"height\":600},{\"@type\":\"BreadcrumbList\",\"@id\":\"https:\/\/vosgesinfo.fr\/gerardmerinfo\/2018\/11\/josiane-claudel-decoree-de-medaille-grand-or\/#breadcrumb\",\"itemListElement\":[{\"@type\":\"ListItem\",\"position\":1,\"name\":\"Home\",\"item\":\"https:\/\/vosgesinfo.fr\/gerardmerinfo\/\"},{\"@type\":\"ListItem\",\"position\":2,\"name\":\"Josiane Claudel d\u00e9cor\u00e9e de la m\u00e9daille Grand Or\"}]},{\"@type\":\"WebSite\",\"@id\":\"https:\/\/vosgesinfo.fr\/gerardmerinfo\/#website\",\"url\":\"https:\/\/vosgesinfo.fr\/gerardmerinfo\/\",\"name\":\"Gerardmer Info\",\"description\":\"Toute l&#039;actualit\u00e9 de G\u00e9rardmer\",\"publisher\":{\"@id\":\"https:\/\/vosgesinfo.fr\/gerardmerinfo\/#organization\"},\"alternateName\":\"Toute l'actualit\u00e9 de G\u00e9rardmer\",\"potentialAction\":[{\"@type\":\"SearchAction\",\"target\":{\"@type\":\"EntryPoint\",\"urlTemplate\":\"https:\/\/vosgesinfo.fr\/gerardmerinfo\/?s={search_term_string}\"},\"query-input\":\"required name=search_term_string\"}],\"inLanguage\":\"fr-FR\"},{\"@type\":\"Organization\",\"@id\":\"https:\/\/vosgesinfo.fr\/gerardmerinfo\/#organization\",\"name\":\"Gerardmer Info\",\"url\":\"https:\/\/vosgesinfo.fr\/gerardmerinfo\/\",\"logo\":{\"@type\":\"ImageObject\",\"inLanguage\":\"fr-FR\",\"@id\":\"https:\/\/vosgesinfo.fr\/gerardmerinfo\/#\/schema\/logo\/image\/\",\"url\":\"https:\/\/vosgesinfo.fr\/app\/uploads\/sites\/6\/2023\/08\/favicon-gerardmerinfo.png\",\"contentUrl\":\"https:\/\/vosgesinfo.fr\/app\/uploads\/sites\/6\/2023\/08\/favicon-gerardmerinfo.png\",\"width\":512,\"height\":512,\"caption\":\"Gerardmer Info\"},\"image\":{\"@id\":\"https:\/\/vosgesinfo.fr\/gerardmerinfo\/#\/schema\/logo\/image\/\"},\"sameAs\":[\"https:\/\/www.facebook.com\/profile.php?id=100049475262660\",\"https:\/\/x.com\/VosgesInfo88\",\"https:\/\/www.youtube.com\/@vosgesinfo\"]},{\"@type\":\"Person\",\"@id\":\"https:\/\/vosgesinfo.fr\/gerardmerinfo\/#\/schema\/person\/db5605779a843dad16b5368f3e7613a5\",\"name\":\"QG\",\"image\":{\"@type\":\"ImageObject\",\"inLanguage\":\"fr-FR\",\"@id\":\"https:\/\/vosgesinfo.fr\/gerardmerinfo\/#\/schema\/person\/image\/\",\"url\":\"https:\/\/secure.gravatar.com\/avatar\/ea80c42c204b534408512832fde52504ecabb9706bcb6151cf6175e5b64e6793?s=96&d=mm&r=g\",\"contentUrl\":\"https:\/\/secure.gravatar.com\/avatar\/ea80c42c204b534408512832fde52504ecabb9706bcb6151cf6175e5b64e6793?s=96&d=mm&r=g\",\"caption\":\"QG\"},\"url\":\"https:\/\/vosgesinfo.fr\/gerardmerinfo\/author\/quentin88\/\"}]}<\/script>\n<!-- \/ Yoast SEO plugin. -->","yoast_head_json":{"title":"Josiane Claudel d\u00e9cor\u00e9e de la m\u00e9daille Grand Or - Gerardmer Info","robots":{"index":"index","follow":"follow","max-snippet":"max-snippet:-1","max-image-preview":"max-image-preview:large","max-video-preview":"max-video-preview:-1"},"canonical":"https:\/\/vosgesinfo.fr\/gerardmerinfo\/2018\/11\/josiane-claudel-decoree-de-medaille-grand-or\/","twitter_card":"summary_large_image","twitter_title":"Josiane Claudel d\u00e9cor\u00e9e de la m\u00e9daille Grand Or - Gerardmer Info","twitter_description":"Vendredi soir, c&rsquo;est au \u00ab\u00a0Pub\u00a0\u00bb de la place Albert Ferry que Josiane Claudel avait le plaisir de f\u00eater ses 40 [&hellip;]","twitter_image":"https:\/\/vosgesinfo.fr\/app\/uploads\/sites\/6\/2024\/07\/201811medaille-travail.jpg","twitter_creator":"@VosgesInfo88","twitter_site":"@VosgesInfo88","twitter_misc":{"\u00c9crit par":"QG","Dur\u00e9e de lecture estim\u00e9e":"2 minutes"},"schema":{"@context":"https:\/\/schema.org","@graph":[{"@type":"Article","@id":"https:\/\/vosgesinfo.fr\/gerardmerinfo\/2018\/11\/josiane-claudel-decoree-de-medaille-grand-or\/#article","isPartOf":{"@id":"https:\/\/vosgesinfo.fr\/gerardmerinfo\/2018\/11\/josiane-claudel-decoree-de-medaille-grand-or\/"},"author":{"name":"QG","@id":"https:\/\/vosgesinfo.fr\/gerardmerinfo\/#\/schema\/person\/db5605779a843dad16b5368f3e7613a5"},"headline":"Josiane Claudel d\u00e9cor\u00e9e de la m\u00e9daille Grand Or","datePublished":"2018-11-19T15:27:56+00:00","dateModified":"2018-11-19T15:27:56+00:00","mainEntityOfPage":{"@id":"https:\/\/vosgesinfo.fr\/gerardmerinfo\/2018\/11\/josiane-claudel-decoree-de-medaille-grand-or\/"},"wordCount":331,"commentCount":0,"publisher":{"@id":"https:\/\/vosgesinfo.fr\/gerardmerinfo\/#organization"},"image":{"@id":"https:\/\/vosgesinfo.fr\/gerardmerinfo\/2018\/11\/josiane-claudel-decoree-de-medaille-grand-or\/#primaryimage"},"thumbnailUrl":"https:\/\/vosgesinfo.fr\/app\/uploads\/sites\/6\/2024\/07\/201811medaille-travail.jpg","articleSection":["A la une","G\u00e9rardmer"],"inLanguage":"fr-FR","potentialAction":[{"@type":"CommentAction","name":"Comment","target":["https:\/\/vosgesinfo.fr\/gerardmerinfo\/2018\/11\/josiane-claudel-decoree-de-medaille-grand-or\/#respond"]}]},{"@type":"WebPage","@id":"https:\/\/vosgesinfo.fr\/gerardmerinfo\/2018\/11\/josiane-claudel-decoree-de-medaille-grand-or\/","url":"https:\/\/vosgesinfo.fr\/gerardmerinfo\/2018\/11\/josiane-claudel-decoree-de-medaille-grand-or\/","name":"Josiane Claudel d\u00e9cor\u00e9e de la m\u00e9daille Grand Or - Gerardmer Info","isPartOf":{"@id":"https:\/\/vosgesinfo.fr\/gerardmerinfo\/#website"},"primaryImageOfPage":{"@id":"https:\/\/vosgesinfo.fr\/gerardmerinfo\/2018\/11\/josiane-claudel-decoree-de-medaille-grand-or\/#primaryimage"},"image":{"@id":"https:\/\/vosgesinfo.fr\/gerardmerinfo\/2018\/11\/josiane-claudel-decoree-de-medaille-grand-or\/#primaryimage"},"thumbnailUrl":"https:\/\/vosgesinfo.fr\/app\/uploads\/sites\/6\/2024\/07\/201811medaille-travail.jpg","datePublished":"2018-11-19T15:27:56+00:00","dateModified":"2018-11-19T15:27:56+00:00","breadcrumb":{"@id":"https:\/\/vosgesinfo.fr\/gerardmerinfo\/2018\/11\/josiane-claudel-decoree-de-medaille-grand-or\/#breadcrumb"},"inLanguage":"fr-FR","potentialAction":[{"@type":"ReadAction","target":["https:\/\/vosgesinfo.fr\/gerardmerinfo\/2018\/11\/josiane-claudel-decoree-de-medaille-grand-or\/"]}]},{"@type":"ImageObject","inLanguage":"fr-FR","@id":"https:\/\/vosgesinfo.fr\/gerardmerinfo\/2018\/11\/josiane-claudel-decoree-de-medaille-grand-or\/#primaryimage","url":"https:\/\/vosgesinfo.fr\/app\/uploads\/sites\/6\/2024\/07\/201811medaille-travail.jpg","contentUrl":"https:\/\/vosgesinfo.fr\/app\/uploads\/sites\/6\/2024\/07\/201811medaille-travail.jpg","width":800,"height":600},{"@type":"BreadcrumbList","@id":"https:\/\/vosgesinfo.fr\/gerardmerinfo\/2018\/11\/josiane-claudel-decoree-de-medaille-grand-or\/#breadcrumb","itemListElement":[{"@type":"ListItem","position":1,"name":"Home","item":"https:\/\/vosgesinfo.fr\/gerardmerinfo\/"},{"@type":"ListItem","position":2,"name":"Josiane Claudel d\u00e9cor\u00e9e de la m\u00e9daille Grand Or"}]},{"@type":"WebSite","@id":"https:\/\/vosgesinfo.fr\/gerardmerinfo\/#website","url":"https:\/\/vosgesinfo.fr\/gerardmerinfo\/","name":"Gerardmer Info","description":"Toute l&#039;actualit\u00e9 de G\u00e9rardmer","publisher":{"@id":"https:\/\/vosgesinfo.fr\/gerardmerinfo\/#organization"},"alternateName":"Toute l'actualit\u00e9 de G\u00e9rardmer","potentialAction":[{"@type":"SearchAction","target":{"@type":"EntryPoint","urlTemplate":"https:\/\/vosgesinfo.fr\/gerardmerinfo\/?s={search_term_string}"},"query-input":"required name=search_term_string"}],"inLanguage":"fr-FR"},{"@type":"Organization","@id":"https:\/\/vosgesinfo.fr\/gerardmerinfo\/#organization","name":"Gerardmer Info","url":"https:\/\/vosgesinfo.fr\/gerardmerinfo\/","logo":{"@type":"ImageObject","inLanguage":"fr-FR","@id":"https:\/\/vosgesinfo.fr\/gerardmerinfo\/#\/schema\/logo\/image\/","url":"https:\/\/vosgesinfo.fr\/app\/uploads\/sites\/6\/2023\/08\/favicon-gerardmerinfo.png","contentUrl":"https:\/\/vosgesinfo.fr\/app\/uploads\/sites\/6\/2023\/08\/favicon-gerardmerinfo.png","width":512,"height":512,"caption":"Gerardmer Info"},"image":{"@id":"https:\/\/vosgesinfo.fr\/gerardmerinfo\/#\/schema\/logo\/image\/"},"sameAs":["https:\/\/www.facebook.com\/profile.php?id=100049475262660","https:\/\/x.com\/VosgesInfo88","https:\/\/www.youtube.com\/@vosgesinfo"]},{"@type":"Person","@id":"https:\/\/vosgesinfo.fr\/gerardmerinfo\/#\/schema\/person\/db5605779a843dad16b5368f3e7613a5","name":"QG","image":{"@type":"ImageObject","inLanguage":"fr-FR","@id":"https:\/\/vosgesinfo.fr\/gerardmerinfo\/#\/schema\/person\/image\/","url":"https:\/\/secure.gravatar.com\/avatar\/ea80c42c204b534408512832fde52504ecabb9706bcb6151cf6175e5b64e6793?s=96&d=mm&r=g","contentUrl":"https:\/\/secure.gravatar.com\/avatar\/ea80c42c204b534408512832fde52504ecabb9706bcb6151cf6175e5b64e6793?s=96&d=mm&r=g","caption":"QG"},"url":"https:\/\/vosgesinfo.fr\/gerardmerinfo\/author\/quentin88\/"}]}},"_links":{"self":[{"href":"https:\/\/vosgesinfo.fr\/gerardmerinfo\/wp-json\/wp\/v2\/posts\/37972","targetHints":{"allow":["GET"]}}],"collection":[{"href":"https:\/\/vosgesinfo.fr\/gerardmerinfo\/wp-json\/wp\/v2\/posts"}],"about":[{"href":"https:\/\/vosgesinfo.fr\/gerardmerinfo\/wp-json\/wp\/v2\/types\/post"}],"author":[{"embeddable":true,"href":"https:\/\/vosgesinfo.fr\/gerardmerinfo\/wp-json\/wp\/v2\/users\/42"}],"replies":[{"embeddable":true,"href":"https:\/\/vosgesinfo.fr\/gerardmerinfo\/wp-json\/wp\/v2\/comments?post=37972"}],"version-history":[{"count":0,"href":"https:\/\/vosgesinfo.fr\/gerardmerinfo\/wp-json\/wp\/v2\/posts\/37972\/revisions"}],"wp:featuredmedia":[{"embeddable":true,"href":"https:\/\/vosgesinfo.fr\/gerardmerinfo\/wp-json\/wp\/v2\/media\/37973"}],"wp:attachment":[{"href":"https:\/\/vosgesinfo.fr\/gerardmerinfo\/wp-json\/wp\/v2\/media?parent=37972"}],"wp:term":[{"taxonomy":"category","embeddable":true,"href":"https:\/\/vosgesinfo.fr\/gerardmerinfo\/wp-json\/wp\/v2\/categories?post=37972"},{"taxonomy":"post_tag","embeddable":true,"href":"https:\/\/vosgesinfo.fr\/gerardmerinfo\/wp-json\/wp\/v2\/tags?post=37972"}],"curies":[{"name":"wp","href":"https:\/\/api.w.org\/{rel}","templated":true}]}}