{"id":38003,"date":"2018-11-20T16:38:06","date_gmt":"2018-11-20T15:38:06","guid":{"rendered":"https:\/\/vosgesinfo.fr\/gerardmerinfo\/2018\/11\/rotary-reve-croise-jeunes-filles-programme-dechange\/"},"modified":"2018-11-20T16:38:06","modified_gmt":"2018-11-20T15:38:06","slug":"rotary-reve-croise-jeunes-filles-programme-dechange","status":"publish","type":"post","link":"https:\/\/vosgesinfo.fr\/gerardmerinfo\/2018\/11\/rotary-reve-croise-jeunes-filles-programme-dechange\/","title":{"rendered":"Rotary &#8211; Le r\u00eave crois\u00e9 des jeunes filles en programme d&rsquo;\u00e9change"},"content":{"rendered":"<div id=\"attachment_137903\" style=\"width: 306px\" class=\"wp-caption alignright\"><a href=\"http:\/\/gerardmerinfo.fr\/2018\/11\/rotary-reve-croise-jeunes-filles-programme-dechange\/helene-3\/\" rel=\"attachment wp-att-137903\"><img decoding=\"async\" aria-describedby=\"caption-attachment-137903\" class=\"wp-image-137903\" src=\"\/2018\/11\/helene.jpg\" alt=\"helene\" width=\"296\" height=\"487\" \/><\/a><p id=\"caption-attachment-137903\" class=\"wp-caption-text\"><strong>H\u00e9l\u00e8ne<\/strong><\/p><\/div>\n<h3><span style=\"font-size: 14pt;\">H\u00e9l\u00e8ne Garnier n\u2019a pas tout \u00e0 fait 18 ans et, depuis longtemps, cette jeune gerbamontoise, \u00e9l\u00e8ve au lyc\u00e9e la Haie Griselle, caressait le r\u00eave de d\u00e9couvrir un jour l\u2019Argentine\u2026<\/span><\/h3>\n<p><span style=\"font-size: 14pt;\">Hannah Hendrie est canadienne, elle a f\u00eat\u00e9 ses 16 ans en ao\u00fbt, le jour pr\u00e9cis o\u00f9 elle a pos\u00e9 le pied sur le sol fran\u00e7ais pour venir y vivre l\u2019aventure d\u2019un long s\u00e9jour.<\/span><\/p>\n<p><span style=\"font-size: 14pt;\">Dans le cadre du programme d\u2019\u00e9change du Rotary International, les voil\u00e0 maintenant toutes deux \u00a0install\u00e9es pour pr\u00e8s d\u2019une ann\u00e9e, l\u2019une \u00e0 Santo Tom\u00e9 en Argentine, l\u2019autre \u00e0 G\u00e9rardmer, gr\u00e2ce \u00e0 la r\u00e9alisation crois\u00e9e de leur r\u00eaves d\u2019adolescentes orchestr\u00e9e par le club g\u00e9r\u00f4mois.<\/span><\/p>\n<p><span style=\"font-size: 14pt;\">Arriv\u00e9e d\u00e9but septembre \u00e0 Santo Tom\u00e9*, H\u00e9l\u00e8ne pr\u00e9cise qu\u2019elle y a fait la plus belle rentr\u00e9e de sa vie tant l\u2019accueil de ses nouveaux camarades a \u00e9t\u00e9 merveilleux; Ses cours sont programm\u00e9s le matin seulement et lui laissent le loisir de participer \u00e0 diverses activit\u00e9s l\u2019apr\u00e8s-midi ou m\u00eame de faire la \u00absiesta\u00bb selon la coutume locale!<\/span><\/p>\n<div id=\"attachment_137904\" style=\"width: 282px\" class=\"wp-caption alignleft\"><a href=\"http:\/\/gerardmerinfo.fr\/2018\/11\/rotary-reve-croise-jeunes-filles-programme-dechange\/hanna\/\" rel=\"attachment wp-att-137904\"><img decoding=\"async\" aria-describedby=\"caption-attachment-137904\" class=\"wp-image-137904 size-medium\" src=\"\/2018\/11\/hanna-272x255.jpg\" alt=\"hanna\" width=\"272\" height=\"255\" \/><\/a><p id=\"caption-attachment-137904\" class=\"wp-caption-text\"><strong>Hanna<\/strong><\/p><\/div>\n<p><span style=\"font-size: 14pt;\">En Argentine c\u2019est actuellement le printemps, avec une temp\u00e9rature moyenne 27 degr\u00e9s. H\u00e9l\u00e8ne passe donc beaucoup de temps dehors, dans le parc de la ville, \u00e0 boire un \u00ab\u00a0terere\u00a0\u00bb ou un \u00ab\u00a0mat\u00e9\u00a0\u00bb entre amis. Elle suit chaque semaine des cours de danse folklorique argentine et tous les samedis matins se rend \u00e0 l\u2019ext\u00e9rieur de Santo Tome o\u00f9, pratiquant l\u2019\u00e9quitation, elle fait avec ses amis de longues balades dans le \u00abchakra \u00bb argentin (la campagne), prenant plaisir \u00e0 admirer les beaux paysages, faits de plaines sauvages et mar\u00e9cageuses bord\u00e9es de jolies collines au pied desquelles coule le Rio Uruguay qui s\u00e9pare Santo Tom\u00e9 du Br\u00e9sil.<\/span><\/p>\n<p><span style=\"font-size: 14pt;\">Bien qu\u2019H\u00e9l\u00e8ne ne poss\u00e8de que de faibles rudiments en langue espagnole, la communication avec ses parents d\u2019accueil a pu s\u2019\u00e9tablir ais\u00e9ment gr\u00e2ce \u00e0 l\u2019empathie naturelle des argentins o\u00f9 un regard, un geste, un sourire sont plus \u00e9loquents qu\u2019un long discours.<\/span><\/p>\n<p><span style=\"font-size: 14pt;\">Quant \u00e0 Hannah, elle mesure chaque jour depuis deux mois l\u2019immense chance qu\u2019elle a de pouvoir\u00a0 d\u00e9couvrir la France dans le cadre privil\u00e9gi\u00e9 de familles d\u2019accueil successives qui lui t\u00e9moignent disponibilit\u00e9 et gentillesse.<\/span><\/p>\n<p><span style=\"font-size: 14pt;\">Depuis septembre elle a d\u00e9j\u00e0 visit\u00e9 le Mont Saint Michel, Nancy, Metz et Strasbourg ce qui, pour elle, augure d\u2019une suite de programme tr\u00e8s prometteuse\u2026<\/span><\/p>\n<p><span style=\"font-size: 14pt;\">Elle est inscrite dans un club hippique local et le Rotary lui offre des cours particuliers de fran\u00e7ais afin qu\u2019elle puisse parfaire sa ma\u00eetrise de notre langue Mais qu\u2019on se le dise, le programme d\u2019\u00e9change d\u2019\u00e9tudiants du Rotary repr\u00e9sente bien davantage qu\u2019un s\u00e9jour linguistique\u00a0!&#8230;Il ouvre les jeunes \u00e0 la culture d\u2019un pays en les immergeant dans les familles d\u2019accueil et ce dont ils se souviendront surtout, c\u2019est l\u2019aventure humaine qui leur a \u00e9t\u00e9 permis de vivre \u00e0 l\u2019aube de leur vie d\u2019adulte<\/span><\/p>\n<p><span style=\"font-size: 14pt;\"><strong>Andr\u00e9\u00a0 JACQUELIN<\/strong><\/span><\/p>\n\n","protected":false},"excerpt":{"rendered":"<p>H\u00e9l\u00e8ne Garnier n\u2019a pas tout \u00e0 fait 18 ans et, depuis longtemps, cette jeune gerbamontoise, \u00e9l\u00e8ve au lyc\u00e9e la Haie [&hellip;]<\/p>\n","protected":false},"author":1,"featured_media":38004,"comment_status":"open","ping_status":"open","sticky":false,"template":"","format":"standard","meta":{"footnotes":""},"categories":[20,17],"tags":[152],"class_list":["post-38003","post","type-post","status-publish","format-standard","has-post-thumbnail","hentry","category-a-la-une","category-vie-associative","tag-rotary-club-gerardmer"],"acf":[],"yoast_head":"<!-- This site is optimized with the Yoast SEO plugin v22.5 - https:\/\/yoast.com\/wordpress\/plugins\/seo\/ -->\n<title>Rotary - Le r\u00eave crois\u00e9 des jeunes filles en programme d&#039;\u00e9change - Gerardmer Info<\/title>\n<meta name=\"robots\" content=\"index, follow, max-snippet:-1, max-image-preview:large, max-video-preview:-1\" \/>\n<link rel=\"canonical\" href=\"https:\/\/vosgesinfo.fr\/gerardmerinfo\/2018\/11\/rotary-reve-croise-jeunes-filles-programme-dechange\/\" \/>\n<meta name=\"twitter:card\" content=\"summary_large_image\" \/>\n<meta name=\"twitter:title\" content=\"Rotary - Le r\u00eave crois\u00e9 des jeunes filles en programme d&#039;\u00e9change - Gerardmer Info\" \/>\n<meta name=\"twitter:description\" content=\"H\u00e9l\u00e8ne Garnier n\u2019a pas tout \u00e0 fait 18 ans et, depuis longtemps, cette jeune gerbamontoise, \u00e9l\u00e8ve au lyc\u00e9e la Haie [&hellip;]\" \/>\n<meta name=\"twitter:image\" content=\"https:\/\/vosgesinfo.fr\/app\/uploads\/sites\/6\/2024\/07\/201811che.jpg\" \/>\n<meta name=\"twitter:creator\" content=\"@VosgesInfo88\" \/>\n<meta name=\"twitter:site\" content=\"@VosgesInfo88\" \/>\n<meta name=\"twitter:label1\" content=\"\u00c9crit par\" \/>\n\t<meta name=\"twitter:data1\" content=\"qs_admin\" \/>\n\t<meta name=\"twitter:label2\" content=\"Dur\u00e9e de lecture estim\u00e9e\" \/>\n\t<meta name=\"twitter:data2\" content=\"3 minutes\" \/>\n<script type=\"application\/ld+json\" class=\"yoast-schema-graph\">{\"@context\":\"https:\/\/schema.org\",\"@graph\":[{\"@type\":\"Article\",\"@id\":\"https:\/\/vosgesinfo.fr\/gerardmerinfo\/2018\/11\/rotary-reve-croise-jeunes-filles-programme-dechange\/#article\",\"isPartOf\":{\"@id\":\"https:\/\/vosgesinfo.fr\/gerardmerinfo\/2018\/11\/rotary-reve-croise-jeunes-filles-programme-dechange\/\"},\"author\":{\"name\":\"qs_admin\",\"@id\":\"https:\/\/vosgesinfo.fr\/gerardmerinfo\/#\/schema\/person\/bc5d02d71e6932e81b6dadb7386667b1\"},\"headline\":\"Rotary &#8211; Le r\u00eave crois\u00e9 des jeunes filles en programme d&rsquo;\u00e9change\",\"datePublished\":\"2018-11-20T15:38:06+00:00\",\"dateModified\":\"2018-11-20T15:38:06+00:00\",\"mainEntityOfPage\":{\"@id\":\"https:\/\/vosgesinfo.fr\/gerardmerinfo\/2018\/11\/rotary-reve-croise-jeunes-filles-programme-dechange\/\"},\"wordCount\":561,\"commentCount\":0,\"publisher\":{\"@id\":\"https:\/\/vosgesinfo.fr\/gerardmerinfo\/#organization\"},\"image\":{\"@id\":\"https:\/\/vosgesinfo.fr\/gerardmerinfo\/2018\/11\/rotary-reve-croise-jeunes-filles-programme-dechange\/#primaryimage\"},\"thumbnailUrl\":\"https:\/\/vosgesinfo.fr\/app\/uploads\/sites\/6\/2024\/07\/201811che.jpg\",\"keywords\":[\"rotary club G\u00e9rardmer\"],\"articleSection\":[\"A la une\",\"Vie Associative\"],\"inLanguage\":\"fr-FR\",\"potentialAction\":[{\"@type\":\"CommentAction\",\"name\":\"Comment\",\"target\":[\"https:\/\/vosgesinfo.fr\/gerardmerinfo\/2018\/11\/rotary-reve-croise-jeunes-filles-programme-dechange\/#respond\"]}]},{\"@type\":\"WebPage\",\"@id\":\"https:\/\/vosgesinfo.fr\/gerardmerinfo\/2018\/11\/rotary-reve-croise-jeunes-filles-programme-dechange\/\",\"url\":\"https:\/\/vosgesinfo.fr\/gerardmerinfo\/2018\/11\/rotary-reve-croise-jeunes-filles-programme-dechange\/\",\"name\":\"Rotary - Le r\u00eave crois\u00e9 des jeunes filles en programme d'\u00e9change - Gerardmer Info\",\"isPartOf\":{\"@id\":\"https:\/\/vosgesinfo.fr\/gerardmerinfo\/#website\"},\"primaryImageOfPage\":{\"@id\":\"https:\/\/vosgesinfo.fr\/gerardmerinfo\/2018\/11\/rotary-reve-croise-jeunes-filles-programme-dechange\/#primaryimage\"},\"image\":{\"@id\":\"https:\/\/vosgesinfo.fr\/gerardmerinfo\/2018\/11\/rotary-reve-croise-jeunes-filles-programme-dechange\/#primaryimage\"},\"thumbnailUrl\":\"https:\/\/vosgesinfo.fr\/app\/uploads\/sites\/6\/2024\/07\/201811che.jpg\",\"datePublished\":\"2018-11-20T15:38:06+00:00\",\"dateModified\":\"2018-11-20T15:38:06+00:00\",\"breadcrumb\":{\"@id\":\"https:\/\/vosgesinfo.fr\/gerardmerinfo\/2018\/11\/rotary-reve-croise-jeunes-filles-programme-dechange\/#breadcrumb\"},\"inLanguage\":\"fr-FR\",\"potentialAction\":[{\"@type\":\"ReadAction\",\"target\":[\"https:\/\/vosgesinfo.fr\/gerardmerinfo\/2018\/11\/rotary-reve-croise-jeunes-filles-programme-dechange\/\"]}]},{\"@type\":\"ImageObject\",\"inLanguage\":\"fr-FR\",\"@id\":\"https:\/\/vosgesinfo.fr\/gerardmerinfo\/2018\/11\/rotary-reve-croise-jeunes-filles-programme-dechange\/#primaryimage\",\"url\":\"https:\/\/vosgesinfo.fr\/app\/uploads\/sites\/6\/2024\/07\/201811che.jpg\",\"contentUrl\":\"https:\/\/vosgesinfo.fr\/app\/uploads\/sites\/6\/2024\/07\/201811che.jpg\",\"width\":564,\"height\":752},{\"@type\":\"BreadcrumbList\",\"@id\":\"https:\/\/vosgesinfo.fr\/gerardmerinfo\/2018\/11\/rotary-reve-croise-jeunes-filles-programme-dechange\/#breadcrumb\",\"itemListElement\":[{\"@type\":\"ListItem\",\"position\":1,\"name\":\"Home\",\"item\":\"https:\/\/vosgesinfo.fr\/gerardmerinfo\/\"},{\"@type\":\"ListItem\",\"position\":2,\"name\":\"Rotary &#8211; Le r\u00eave crois\u00e9 des jeunes filles en programme d&rsquo;\u00e9change\"}]},{\"@type\":\"WebSite\",\"@id\":\"https:\/\/vosgesinfo.fr\/gerardmerinfo\/#website\",\"url\":\"https:\/\/vosgesinfo.fr\/gerardmerinfo\/\",\"name\":\"Gerardmer Info\",\"description\":\"Toute l&#039;actualit\u00e9 de G\u00e9rardmer\",\"publisher\":{\"@id\":\"https:\/\/vosgesinfo.fr\/gerardmerinfo\/#organization\"},\"alternateName\":\"Toute l'actualit\u00e9 de G\u00e9rardmer\",\"potentialAction\":[{\"@type\":\"SearchAction\",\"target\":{\"@type\":\"EntryPoint\",\"urlTemplate\":\"https:\/\/vosgesinfo.fr\/gerardmerinfo\/?s={search_term_string}\"},\"query-input\":\"required name=search_term_string\"}],\"inLanguage\":\"fr-FR\"},{\"@type\":\"Organization\",\"@id\":\"https:\/\/vosgesinfo.fr\/gerardmerinfo\/#organization\",\"name\":\"Gerardmer Info\",\"url\":\"https:\/\/vosgesinfo.fr\/gerardmerinfo\/\",\"logo\":{\"@type\":\"ImageObject\",\"inLanguage\":\"fr-FR\",\"@id\":\"https:\/\/vosgesinfo.fr\/gerardmerinfo\/#\/schema\/logo\/image\/\",\"url\":\"https:\/\/vosgesinfo.fr\/app\/uploads\/sites\/6\/2023\/08\/favicon-gerardmerinfo.png\",\"contentUrl\":\"https:\/\/vosgesinfo.fr\/app\/uploads\/sites\/6\/2023\/08\/favicon-gerardmerinfo.png\",\"width\":512,\"height\":512,\"caption\":\"Gerardmer Info\"},\"image\":{\"@id\":\"https:\/\/vosgesinfo.fr\/gerardmerinfo\/#\/schema\/logo\/image\/\"},\"sameAs\":[\"https:\/\/www.facebook.com\/profile.php?id=100049475262660\",\"https:\/\/x.com\/VosgesInfo88\",\"https:\/\/www.youtube.com\/@vosgesinfo\"]},{\"@type\":\"Person\",\"@id\":\"https:\/\/vosgesinfo.fr\/gerardmerinfo\/#\/schema\/person\/bc5d02d71e6932e81b6dadb7386667b1\",\"name\":\"qs_admin\",\"image\":{\"@type\":\"ImageObject\",\"inLanguage\":\"fr-FR\",\"@id\":\"https:\/\/vosgesinfo.fr\/gerardmerinfo\/#\/schema\/person\/image\/\",\"url\":\"https:\/\/secure.gravatar.com\/avatar\/94b18ee0ed79e4a42ea2f2931277b6841a8999fc6fde214600c78057cf1fe1de?s=96&d=mm&r=g\",\"contentUrl\":\"https:\/\/secure.gravatar.com\/avatar\/94b18ee0ed79e4a42ea2f2931277b6841a8999fc6fde214600c78057cf1fe1de?s=96&d=mm&r=g\",\"caption\":\"qs_admin\"},\"sameAs\":[\"https:\/\/vosgesinfo.fr\/wp\"],\"url\":\"https:\/\/vosgesinfo.fr\/gerardmerinfo\/author\/qs_admin\/\"}]}<\/script>\n<!-- \/ Yoast SEO plugin. -->","yoast_head_json":{"title":"Rotary - Le r\u00eave crois\u00e9 des jeunes filles en programme d'\u00e9change - Gerardmer Info","robots":{"index":"index","follow":"follow","max-snippet":"max-snippet:-1","max-image-preview":"max-image-preview:large","max-video-preview":"max-video-preview:-1"},"canonical":"https:\/\/vosgesinfo.fr\/gerardmerinfo\/2018\/11\/rotary-reve-croise-jeunes-filles-programme-dechange\/","twitter_card":"summary_large_image","twitter_title":"Rotary - Le r\u00eave crois\u00e9 des jeunes filles en programme d'\u00e9change - Gerardmer Info","twitter_description":"H\u00e9l\u00e8ne Garnier n\u2019a pas tout \u00e0 fait 18 ans et, depuis longtemps, cette jeune gerbamontoise, \u00e9l\u00e8ve au lyc\u00e9e la Haie [&hellip;]","twitter_image":"https:\/\/vosgesinfo.fr\/app\/uploads\/sites\/6\/2024\/07\/201811che.jpg","twitter_creator":"@VosgesInfo88","twitter_site":"@VosgesInfo88","twitter_misc":{"\u00c9crit par":"qs_admin","Dur\u00e9e de lecture estim\u00e9e":"3 minutes"},"schema":{"@context":"https:\/\/schema.org","@graph":[{"@type":"Article","@id":"https:\/\/vosgesinfo.fr\/gerardmerinfo\/2018\/11\/rotary-reve-croise-jeunes-filles-programme-dechange\/#article","isPartOf":{"@id":"https:\/\/vosgesinfo.fr\/gerardmerinfo\/2018\/11\/rotary-reve-croise-jeunes-filles-programme-dechange\/"},"author":{"name":"qs_admin","@id":"https:\/\/vosgesinfo.fr\/gerardmerinfo\/#\/schema\/person\/bc5d02d71e6932e81b6dadb7386667b1"},"headline":"Rotary &#8211; Le r\u00eave crois\u00e9 des jeunes filles en programme d&rsquo;\u00e9change","datePublished":"2018-11-20T15:38:06+00:00","dateModified":"2018-11-20T15:38:06+00:00","mainEntityOfPage":{"@id":"https:\/\/vosgesinfo.fr\/gerardmerinfo\/2018\/11\/rotary-reve-croise-jeunes-filles-programme-dechange\/"},"wordCount":561,"commentCount":0,"publisher":{"@id":"https:\/\/vosgesinfo.fr\/gerardmerinfo\/#organization"},"image":{"@id":"https:\/\/vosgesinfo.fr\/gerardmerinfo\/2018\/11\/rotary-reve-croise-jeunes-filles-programme-dechange\/#primaryimage"},"thumbnailUrl":"https:\/\/vosgesinfo.fr\/app\/uploads\/sites\/6\/2024\/07\/201811che.jpg","keywords":["rotary club G\u00e9rardmer"],"articleSection":["A la une","Vie Associative"],"inLanguage":"fr-FR","potentialAction":[{"@type":"CommentAction","name":"Comment","target":["https:\/\/vosgesinfo.fr\/gerardmerinfo\/2018\/11\/rotary-reve-croise-jeunes-filles-programme-dechange\/#respond"]}]},{"@type":"WebPage","@id":"https:\/\/vosgesinfo.fr\/gerardmerinfo\/2018\/11\/rotary-reve-croise-jeunes-filles-programme-dechange\/","url":"https:\/\/vosgesinfo.fr\/gerardmerinfo\/2018\/11\/rotary-reve-croise-jeunes-filles-programme-dechange\/","name":"Rotary - Le r\u00eave crois\u00e9 des jeunes filles en programme d'\u00e9change - Gerardmer Info","isPartOf":{"@id":"https:\/\/vosgesinfo.fr\/gerardmerinfo\/#website"},"primaryImageOfPage":{"@id":"https:\/\/vosgesinfo.fr\/gerardmerinfo\/2018\/11\/rotary-reve-croise-jeunes-filles-programme-dechange\/#primaryimage"},"image":{"@id":"https:\/\/vosgesinfo.fr\/gerardmerinfo\/2018\/11\/rotary-reve-croise-jeunes-filles-programme-dechange\/#primaryimage"},"thumbnailUrl":"https:\/\/vosgesinfo.fr\/app\/uploads\/sites\/6\/2024\/07\/201811che.jpg","datePublished":"2018-11-20T15:38:06+00:00","dateModified":"2018-11-20T15:38:06+00:00","breadcrumb":{"@id":"https:\/\/vosgesinfo.fr\/gerardmerinfo\/2018\/11\/rotary-reve-croise-jeunes-filles-programme-dechange\/#breadcrumb"},"inLanguage":"fr-FR","potentialAction":[{"@type":"ReadAction","target":["https:\/\/vosgesinfo.fr\/gerardmerinfo\/2018\/11\/rotary-reve-croise-jeunes-filles-programme-dechange\/"]}]},{"@type":"ImageObject","inLanguage":"fr-FR","@id":"https:\/\/vosgesinfo.fr\/gerardmerinfo\/2018\/11\/rotary-reve-croise-jeunes-filles-programme-dechange\/#primaryimage","url":"https:\/\/vosgesinfo.fr\/app\/uploads\/sites\/6\/2024\/07\/201811che.jpg","contentUrl":"https:\/\/vosgesinfo.fr\/app\/uploads\/sites\/6\/2024\/07\/201811che.jpg","width":564,"height":752},{"@type":"BreadcrumbList","@id":"https:\/\/vosgesinfo.fr\/gerardmerinfo\/2018\/11\/rotary-reve-croise-jeunes-filles-programme-dechange\/#breadcrumb","itemListElement":[{"@type":"ListItem","position":1,"name":"Home","item":"https:\/\/vosgesinfo.fr\/gerardmerinfo\/"},{"@type":"ListItem","position":2,"name":"Rotary &#8211; Le r\u00eave crois\u00e9 des jeunes filles en programme d&rsquo;\u00e9change"}]},{"@type":"WebSite","@id":"https:\/\/vosgesinfo.fr\/gerardmerinfo\/#website","url":"https:\/\/vosgesinfo.fr\/gerardmerinfo\/","name":"Gerardmer Info","description":"Toute l&#039;actualit\u00e9 de G\u00e9rardmer","publisher":{"@id":"https:\/\/vosgesinfo.fr\/gerardmerinfo\/#organization"},"alternateName":"Toute l'actualit\u00e9 de G\u00e9rardmer","potentialAction":[{"@type":"SearchAction","target":{"@type":"EntryPoint","urlTemplate":"https:\/\/vosgesinfo.fr\/gerardmerinfo\/?s={search_term_string}"},"query-input":"required name=search_term_string"}],"inLanguage":"fr-FR"},{"@type":"Organization","@id":"https:\/\/vosgesinfo.fr\/gerardmerinfo\/#organization","name":"Gerardmer Info","url":"https:\/\/vosgesinfo.fr\/gerardmerinfo\/","logo":{"@type":"ImageObject","inLanguage":"fr-FR","@id":"https:\/\/vosgesinfo.fr\/gerardmerinfo\/#\/schema\/logo\/image\/","url":"https:\/\/vosgesinfo.fr\/app\/uploads\/sites\/6\/2023\/08\/favicon-gerardmerinfo.png","contentUrl":"https:\/\/vosgesinfo.fr\/app\/uploads\/sites\/6\/2023\/08\/favicon-gerardmerinfo.png","width":512,"height":512,"caption":"Gerardmer Info"},"image":{"@id":"https:\/\/vosgesinfo.fr\/gerardmerinfo\/#\/schema\/logo\/image\/"},"sameAs":["https:\/\/www.facebook.com\/profile.php?id=100049475262660","https:\/\/x.com\/VosgesInfo88","https:\/\/www.youtube.com\/@vosgesinfo"]},{"@type":"Person","@id":"https:\/\/vosgesinfo.fr\/gerardmerinfo\/#\/schema\/person\/bc5d02d71e6932e81b6dadb7386667b1","name":"qs_admin","image":{"@type":"ImageObject","inLanguage":"fr-FR","@id":"https:\/\/vosgesinfo.fr\/gerardmerinfo\/#\/schema\/person\/image\/","url":"https:\/\/secure.gravatar.com\/avatar\/94b18ee0ed79e4a42ea2f2931277b6841a8999fc6fde214600c78057cf1fe1de?s=96&d=mm&r=g","contentUrl":"https:\/\/secure.gravatar.com\/avatar\/94b18ee0ed79e4a42ea2f2931277b6841a8999fc6fde214600c78057cf1fe1de?s=96&d=mm&r=g","caption":"qs_admin"},"sameAs":["https:\/\/vosgesinfo.fr\/wp"],"url":"https:\/\/vosgesinfo.fr\/gerardmerinfo\/author\/qs_admin\/"}]}},"_links":{"self":[{"href":"https:\/\/vosgesinfo.fr\/gerardmerinfo\/wp-json\/wp\/v2\/posts\/38003","targetHints":{"allow":["GET"]}}],"collection":[{"href":"https:\/\/vosgesinfo.fr\/gerardmerinfo\/wp-json\/wp\/v2\/posts"}],"about":[{"href":"https:\/\/vosgesinfo.fr\/gerardmerinfo\/wp-json\/wp\/v2\/types\/post"}],"author":[{"embeddable":true,"href":"https:\/\/vosgesinfo.fr\/gerardmerinfo\/wp-json\/wp\/v2\/users\/1"}],"replies":[{"embeddable":true,"href":"https:\/\/vosgesinfo.fr\/gerardmerinfo\/wp-json\/wp\/v2\/comments?post=38003"}],"version-history":[{"count":0,"href":"https:\/\/vosgesinfo.fr\/gerardmerinfo\/wp-json\/wp\/v2\/posts\/38003\/revisions"}],"wp:featuredmedia":[{"embeddable":true,"href":"https:\/\/vosgesinfo.fr\/gerardmerinfo\/wp-json\/wp\/v2\/media\/38004"}],"wp:attachment":[{"href":"https:\/\/vosgesinfo.fr\/gerardmerinfo\/wp-json\/wp\/v2\/media?parent=38003"}],"wp:term":[{"taxonomy":"category","embeddable":true,"href":"https:\/\/vosgesinfo.fr\/gerardmerinfo\/wp-json\/wp\/v2\/categories?post=38003"},{"taxonomy":"post_tag","embeddable":true,"href":"https:\/\/vosgesinfo.fr\/gerardmerinfo\/wp-json\/wp\/v2\/tags?post=38003"}],"curies":[{"name":"wp","href":"https:\/\/api.w.org\/{rel}","templated":true}]}}