{"id":38029,"date":"2018-11-19T16:29:34","date_gmt":"2018-11-19T15:29:34","guid":{"rendered":"https:\/\/vosgesinfo.fr\/gerardmerinfo\/2018\/11\/choeur-denfants-cm-partent-a-labordage-video\/"},"modified":"2018-11-19T16:29:34","modified_gmt":"2018-11-19T15:29:34","slug":"choeur-denfants-cm-partent-a-labordage-video","status":"publish","type":"post","link":"https:\/\/vosgesinfo.fr\/gerardmerinfo\/2018\/11\/choeur-denfants-cm-partent-a-labordage-video\/","title":{"rendered":"Ch\u0153ur d&rsquo;enfants : les CM partent \u00e0 l&rsquo;abordage !! (vid\u00e9o)"},"content":{"rendered":"<p class=\"x_MsoNormal\"><iframe loading=\"lazy\" src=\"\/\/www.youtube.com\/embed\/MPPuq_NiaxY\" width=\"425\" height=\"350\" allowfullscreen=\"allowfullscreen\"><\/iframe><\/p>\n<h3 class=\"x_MsoNormal\">C&rsquo;est une premi\u00e8re qui m\u00e9ritait bien un joli coup de projecteur : depuis la rentr\u00e9e de septembre, l&rsquo;\u00e9cole de musique locale intervient dans l&rsquo;ensemble des \u00e9coles publiques g\u00e9r\u00f4moises \u00e0 travers le nouveau dispositif <em>Chorales scolaires<\/em>.<\/h3>\n<p class=\"x_MsoNormal\"><a href=\"\/2018\/11\/choeur-denfants-projets-CM-Pirates-2.jpg\"><img decoding=\"async\" class=\"alignright size-medium wp-image-137952\" src=\"\/2018\/11\/choeur-denfants-projets-CM-Pirates-2-400x225.jpg\" alt=\"choeur d'enfants projets CM Pirates (2)\" width=\"400\" height=\"225\" \/><\/a>En effet, par convention entre la Ville de G\u00e9rardmer et la Direction des Services D\u00e9partementaux de l\u2019\u00c9ducation Nationale des Vosges (DSDEN88), l\u2019\u00e9cole de musique intervient dans les \u00e9coles primaires et \u00e9l\u00e9mentaires de la commune en temps scolaire. Chaque groupe d&rsquo;\u00e9l\u00e8ves g\u00e9r\u00f4mois b\u00e9n\u00e9ficiera donc au total de 11 semaines de travail de ch\u0153ur en compagnie de Sylvia B\u00e9rard. Pour cette premi\u00e8re ann\u00e9e de fonctionnement, le 1<sup>er<\/sup> trimestre est consacr\u00e9 aux CM1 et CM2, soit 140 \u00e9coliers concern\u00e9s au total. Dans la premi\u00e8re partie du trimestre, l&rsquo;enseignante de l&rsquo;\u00e9cole de musique est intervenue dans chaque classe de mani\u00e8re individuelle, et depuis la fin des vacances de la Toussaint, le temps est venu pour les premiers regroupements \u00e0 l&rsquo;auditorium.<\/p>\n<div id=\"attachment_137951\" style=\"width: 410px\" class=\"wp-caption alignleft\"><a href=\"\/2018\/11\/choeur-denfants-projets-CM-Pirates-1.jpg\"><img decoding=\"async\" aria-describedby=\"caption-attachment-137951\" class=\"size-medium wp-image-137951\" src=\"\/2018\/11\/choeur-denfants-projets-CM-Pirates-1-400x225.jpg\" alt=\"Les 1ers regroupements d\u2019\u00e9l\u00e8ves ont commenc\u00e9 avec ici les \u00e9l\u00e8ves de Marie Curie et Jules Ferry, soit 90 enfants environ.\" width=\"400\" height=\"225\" \/><\/a><p id=\"caption-attachment-137951\" class=\"wp-caption-text\"><span style=\"color: #000080;\">Les 1ers regroupements d\u2019\u00e9l\u00e8ves ont commenc\u00e9 avec ici les \u00e9l\u00e8ves de Marie Curie et Jules Ferry, soit 90 enfants environ.<\/span><\/p><\/div>\n<p class=\"x_MsoNormal\">Les CM travaillent donc actuellement autour d\u2019un conte musical intitul\u00e9 \u00ab\u00a0Pirates dans le cartable\u00a0\u00bb de Muriel Vanderscher et, comme vous l&rsquo;imaginez, une restitution est pr\u00e9vue en d\u00e9cembre et constituera le temps fort de cette premi\u00e8re session. Ce spectacle permettra d\u2019\u00e9couter quelques solistes chanteurs de l\u2019\u00e9cole de musique (adultes et ados) et les quelques 140 \u00e9l\u00e8ves des \u00e9coles de G\u00e9rardmer accompagn\u00e9s par un orchestre symphonique compos\u00e9 d&rsquo;une trentaine de musiciens et cr\u00e9\u00e9 sp\u00e9cialement pour la circonstance. La mise en sc\u00e8ne a \u00e9t\u00e9 confi\u00e9e \u00e0 Angelika Weidner, \u00e9l\u00e8ve adulte de l\u2019\u00e9cole de musique.<\/p>\n<p class=\"x_MsoNormal\">\u00ab\u00a0Nous avons imaginez une mise en sc\u00e8ne sp\u00e9cifique, des \u00e9clairages particuliers, des costumes m\u00eames, ainsi que quelques \u00e9l\u00e9ments de d\u00e9cors pouce spectacle qui aura lieu le vendredi 14 d\u00e9cembre \u00e0 20h00 \u00e0 Espace LAC de G\u00e9rardmer\u00a0\u00bb pr\u00e9cise Ludovic B\u00e9rard, directeur de l&rsquo;\u00e9cole de musique.\u00a0 Un spectacle qui n&rsquo;est pas une fin en soit comme l&rsquo;explique S\u00e9bastien Leclerc, directeur de l&rsquo;\u00e9cole Jules ferry : \u00ab\u00a0L&rsquo;objectif est vraiment d&rsquo;apporter la culture \u00e0 tous les enfants qui sont d&rsquo;ailleurs tous partie prenante dans cette aventure dont le point de d\u00e9part se trouve \u00e0 l&rsquo;\u00e9cole Jules ferry o\u00f9 l&rsquo;on avait travaill\u00e9 sur des chants de No\u00ebl l&rsquo;an dernier. L\u00e0 aussi, cela avait abouti sur un spectacle int\u00e9gr\u00e9 au concert de No\u00ebl de l&rsquo;\u00e9cole de musique. Cette fois, nous voulions un th\u00e8me autour de la mer car bon nombre de CM vont partir en classe de mer au printemps prochain.\u00a0\u00bb<\/p>\n<p class=\"x_MsoNormal\">Et ce n&rsquo;est que le d\u00e9but d&rsquo;une belle histoire car les CE de ces m\u00eames \u00e9coles g\u00e9r\u00f4moises prendront le relais au 2d trimestre avec un nouveau projet, puis ce sera au tour des CP au 3\u00e8me trimestre. Et pourquoi s&rsquo;arr\u00eater en si bon chemin ? La convention lie la Ville et la DSDEN pour 3 ans, vous n&rsquo;avez donc pas fini d&rsquo;entendre vos enfants chanter !<\/p>\n","protected":false},"excerpt":{"rendered":"<p>C&rsquo;est une premi\u00e8re qui m\u00e9ritait bien un joli coup de projecteur : depuis la rentr\u00e9e de septembre, l&rsquo;\u00e9cole de musique [&hellip;]<\/p>\n","protected":false},"author":42,"featured_media":38030,"comment_status":"open","ping_status":"open","sticky":false,"template":"","format":"standard","meta":{"footnotes":""},"categories":[20,34,4,25],"tags":[3906,2055],"class_list":["post-38029","post","type-post","status-publish","format-standard","has-post-thumbnail","hentry","category-a-la-une","category-concert","category-culture","category-gerardmer","tag-choeur-denfants","tag-ecole-de-musique"],"acf":[],"yoast_head":"<!-- This site is optimized with the Yoast SEO plugin v22.5 - https:\/\/yoast.com\/wordpress\/plugins\/seo\/ -->\n<title>Ch\u0153ur d&#039;enfants : les CM partent \u00e0 l&#039;abordage !! (vid\u00e9o) - Gerardmer Info<\/title>\n<meta name=\"robots\" content=\"index, follow, max-snippet:-1, max-image-preview:large, max-video-preview:-1\" \/>\n<link rel=\"canonical\" href=\"https:\/\/vosgesinfo.fr\/gerardmerinfo\/2018\/11\/choeur-denfants-cm-partent-a-labordage-video\/\" \/>\n<meta name=\"twitter:card\" content=\"summary_large_image\" \/>\n<meta name=\"twitter:title\" content=\"Ch\u0153ur d&#039;enfants : les CM partent \u00e0 l&#039;abordage !! (vid\u00e9o) - Gerardmer Info\" \/>\n<meta name=\"twitter:description\" content=\"C&rsquo;est une premi\u00e8re qui m\u00e9ritait bien un joli coup de projecteur : depuis la rentr\u00e9e de septembre, l&rsquo;\u00e9cole de musique [&hellip;]\" \/>\n<meta name=\"twitter:image\" content=\"https:\/\/vosgesinfo.fr\/app\/uploads\/sites\/6\/2024\/07\/201811dsc-22671.jpg\" \/>\n<meta name=\"twitter:creator\" content=\"@VosgesInfo88\" \/>\n<meta name=\"twitter:site\" content=\"@VosgesInfo88\" \/>\n<meta name=\"twitter:label1\" content=\"\u00c9crit par\" \/>\n\t<meta name=\"twitter:data1\" content=\"QG\" \/>\n\t<meta name=\"twitter:label2\" content=\"Dur\u00e9e de lecture estim\u00e9e\" \/>\n\t<meta name=\"twitter:data2\" content=\"3 minutes\" \/>\n<script type=\"application\/ld+json\" class=\"yoast-schema-graph\">{\"@context\":\"https:\/\/schema.org\",\"@graph\":[{\"@type\":\"Article\",\"@id\":\"https:\/\/vosgesinfo.fr\/gerardmerinfo\/2018\/11\/choeur-denfants-cm-partent-a-labordage-video\/#article\",\"isPartOf\":{\"@id\":\"https:\/\/vosgesinfo.fr\/gerardmerinfo\/2018\/11\/choeur-denfants-cm-partent-a-labordage-video\/\"},\"author\":{\"name\":\"QG\",\"@id\":\"https:\/\/vosgesinfo.fr\/gerardmerinfo\/#\/schema\/person\/db5605779a843dad16b5368f3e7613a5\"},\"headline\":\"Ch\u0153ur d&rsquo;enfants : les CM partent \u00e0 l&rsquo;abordage !! (vid\u00e9o)\",\"datePublished\":\"2018-11-19T15:29:34+00:00\",\"dateModified\":\"2018-11-19T15:29:34+00:00\",\"mainEntityOfPage\":{\"@id\":\"https:\/\/vosgesinfo.fr\/gerardmerinfo\/2018\/11\/choeur-denfants-cm-partent-a-labordage-video\/\"},\"wordCount\":558,\"commentCount\":0,\"publisher\":{\"@id\":\"https:\/\/vosgesinfo.fr\/gerardmerinfo\/#organization\"},\"image\":{\"@id\":\"https:\/\/vosgesinfo.fr\/gerardmerinfo\/2018\/11\/choeur-denfants-cm-partent-a-labordage-video\/#primaryimage\"},\"thumbnailUrl\":\"https:\/\/vosgesinfo.fr\/app\/uploads\/sites\/6\/2024\/07\/201811dsc-22671.jpg\",\"keywords\":[\"choeur d'enfants\",\"ecole de musique\"],\"articleSection\":[\"A la une\",\"Concert\",\"Culture\",\"G\u00e9rardmer\"],\"inLanguage\":\"fr-FR\",\"potentialAction\":[{\"@type\":\"CommentAction\",\"name\":\"Comment\",\"target\":[\"https:\/\/vosgesinfo.fr\/gerardmerinfo\/2018\/11\/choeur-denfants-cm-partent-a-labordage-video\/#respond\"]}]},{\"@type\":\"WebPage\",\"@id\":\"https:\/\/vosgesinfo.fr\/gerardmerinfo\/2018\/11\/choeur-denfants-cm-partent-a-labordage-video\/\",\"url\":\"https:\/\/vosgesinfo.fr\/gerardmerinfo\/2018\/11\/choeur-denfants-cm-partent-a-labordage-video\/\",\"name\":\"Ch\u0153ur d'enfants : les CM partent \u00e0 l'abordage !! (vid\u00e9o) - Gerardmer Info\",\"isPartOf\":{\"@id\":\"https:\/\/vosgesinfo.fr\/gerardmerinfo\/#website\"},\"primaryImageOfPage\":{\"@id\":\"https:\/\/vosgesinfo.fr\/gerardmerinfo\/2018\/11\/choeur-denfants-cm-partent-a-labordage-video\/#primaryimage\"},\"image\":{\"@id\":\"https:\/\/vosgesinfo.fr\/gerardmerinfo\/2018\/11\/choeur-denfants-cm-partent-a-labordage-video\/#primaryimage\"},\"thumbnailUrl\":\"https:\/\/vosgesinfo.fr\/app\/uploads\/sites\/6\/2024\/07\/201811dsc-22671.jpg\",\"datePublished\":\"2018-11-19T15:29:34+00:00\",\"dateModified\":\"2018-11-19T15:29:34+00:00\",\"breadcrumb\":{\"@id\":\"https:\/\/vosgesinfo.fr\/gerardmerinfo\/2018\/11\/choeur-denfants-cm-partent-a-labordage-video\/#breadcrumb\"},\"inLanguage\":\"fr-FR\",\"potentialAction\":[{\"@type\":\"ReadAction\",\"target\":[\"https:\/\/vosgesinfo.fr\/gerardmerinfo\/2018\/11\/choeur-denfants-cm-partent-a-labordage-video\/\"]}]},{\"@type\":\"ImageObject\",\"inLanguage\":\"fr-FR\",\"@id\":\"https:\/\/vosgesinfo.fr\/gerardmerinfo\/2018\/11\/choeur-denfants-cm-partent-a-labordage-video\/#primaryimage\",\"url\":\"https:\/\/vosgesinfo.fr\/app\/uploads\/sites\/6\/2024\/07\/201811dsc-22671.jpg\",\"contentUrl\":\"https:\/\/vosgesinfo.fr\/app\/uploads\/sites\/6\/2024\/07\/201811dsc-22671.jpg\",\"width\":800,\"height\":450},{\"@type\":\"BreadcrumbList\",\"@id\":\"https:\/\/vosgesinfo.fr\/gerardmerinfo\/2018\/11\/choeur-denfants-cm-partent-a-labordage-video\/#breadcrumb\",\"itemListElement\":[{\"@type\":\"ListItem\",\"position\":1,\"name\":\"Home\",\"item\":\"https:\/\/vosgesinfo.fr\/gerardmerinfo\/\"},{\"@type\":\"ListItem\",\"position\":2,\"name\":\"Ch\u0153ur d&rsquo;enfants : les CM partent \u00e0 l&rsquo;abordage !! (vid\u00e9o)\"}]},{\"@type\":\"WebSite\",\"@id\":\"https:\/\/vosgesinfo.fr\/gerardmerinfo\/#website\",\"url\":\"https:\/\/vosgesinfo.fr\/gerardmerinfo\/\",\"name\":\"Gerardmer Info\",\"description\":\"Toute l&#039;actualit\u00e9 de G\u00e9rardmer\",\"publisher\":{\"@id\":\"https:\/\/vosgesinfo.fr\/gerardmerinfo\/#organization\"},\"alternateName\":\"Toute l'actualit\u00e9 de G\u00e9rardmer\",\"potentialAction\":[{\"@type\":\"SearchAction\",\"target\":{\"@type\":\"EntryPoint\",\"urlTemplate\":\"https:\/\/vosgesinfo.fr\/gerardmerinfo\/?s={search_term_string}\"},\"query-input\":\"required name=search_term_string\"}],\"inLanguage\":\"fr-FR\"},{\"@type\":\"Organization\",\"@id\":\"https:\/\/vosgesinfo.fr\/gerardmerinfo\/#organization\",\"name\":\"Gerardmer Info\",\"url\":\"https:\/\/vosgesinfo.fr\/gerardmerinfo\/\",\"logo\":{\"@type\":\"ImageObject\",\"inLanguage\":\"fr-FR\",\"@id\":\"https:\/\/vosgesinfo.fr\/gerardmerinfo\/#\/schema\/logo\/image\/\",\"url\":\"https:\/\/vosgesinfo.fr\/app\/uploads\/sites\/6\/2023\/08\/favicon-gerardmerinfo.png\",\"contentUrl\":\"https:\/\/vosgesinfo.fr\/app\/uploads\/sites\/6\/2023\/08\/favicon-gerardmerinfo.png\",\"width\":512,\"height\":512,\"caption\":\"Gerardmer Info\"},\"image\":{\"@id\":\"https:\/\/vosgesinfo.fr\/gerardmerinfo\/#\/schema\/logo\/image\/\"},\"sameAs\":[\"https:\/\/www.facebook.com\/profile.php?id=100049475262660\",\"https:\/\/x.com\/VosgesInfo88\",\"https:\/\/www.youtube.com\/@vosgesinfo\"]},{\"@type\":\"Person\",\"@id\":\"https:\/\/vosgesinfo.fr\/gerardmerinfo\/#\/schema\/person\/db5605779a843dad16b5368f3e7613a5\",\"name\":\"QG\",\"image\":{\"@type\":\"ImageObject\",\"inLanguage\":\"fr-FR\",\"@id\":\"https:\/\/vosgesinfo.fr\/gerardmerinfo\/#\/schema\/person\/image\/\",\"url\":\"https:\/\/secure.gravatar.com\/avatar\/ea80c42c204b534408512832fde52504ecabb9706bcb6151cf6175e5b64e6793?s=96&d=mm&r=g\",\"contentUrl\":\"https:\/\/secure.gravatar.com\/avatar\/ea80c42c204b534408512832fde52504ecabb9706bcb6151cf6175e5b64e6793?s=96&d=mm&r=g\",\"caption\":\"QG\"},\"url\":\"https:\/\/vosgesinfo.fr\/gerardmerinfo\/author\/quentin88\/\"}]}<\/script>\n<!-- \/ Yoast SEO plugin. -->","yoast_head_json":{"title":"Ch\u0153ur d'enfants : les CM partent \u00e0 l'abordage !! (vid\u00e9o) - Gerardmer Info","robots":{"index":"index","follow":"follow","max-snippet":"max-snippet:-1","max-image-preview":"max-image-preview:large","max-video-preview":"max-video-preview:-1"},"canonical":"https:\/\/vosgesinfo.fr\/gerardmerinfo\/2018\/11\/choeur-denfants-cm-partent-a-labordage-video\/","twitter_card":"summary_large_image","twitter_title":"Ch\u0153ur d'enfants : les CM partent \u00e0 l'abordage !! (vid\u00e9o) - Gerardmer Info","twitter_description":"C&rsquo;est une premi\u00e8re qui m\u00e9ritait bien un joli coup de projecteur : depuis la rentr\u00e9e de septembre, l&rsquo;\u00e9cole de musique [&hellip;]","twitter_image":"https:\/\/vosgesinfo.fr\/app\/uploads\/sites\/6\/2024\/07\/201811dsc-22671.jpg","twitter_creator":"@VosgesInfo88","twitter_site":"@VosgesInfo88","twitter_misc":{"\u00c9crit par":"QG","Dur\u00e9e de lecture estim\u00e9e":"3 minutes"},"schema":{"@context":"https:\/\/schema.org","@graph":[{"@type":"Article","@id":"https:\/\/vosgesinfo.fr\/gerardmerinfo\/2018\/11\/choeur-denfants-cm-partent-a-labordage-video\/#article","isPartOf":{"@id":"https:\/\/vosgesinfo.fr\/gerardmerinfo\/2018\/11\/choeur-denfants-cm-partent-a-labordage-video\/"},"author":{"name":"QG","@id":"https:\/\/vosgesinfo.fr\/gerardmerinfo\/#\/schema\/person\/db5605779a843dad16b5368f3e7613a5"},"headline":"Ch\u0153ur d&rsquo;enfants : les CM partent \u00e0 l&rsquo;abordage !! (vid\u00e9o)","datePublished":"2018-11-19T15:29:34+00:00","dateModified":"2018-11-19T15:29:34+00:00","mainEntityOfPage":{"@id":"https:\/\/vosgesinfo.fr\/gerardmerinfo\/2018\/11\/choeur-denfants-cm-partent-a-labordage-video\/"},"wordCount":558,"commentCount":0,"publisher":{"@id":"https:\/\/vosgesinfo.fr\/gerardmerinfo\/#organization"},"image":{"@id":"https:\/\/vosgesinfo.fr\/gerardmerinfo\/2018\/11\/choeur-denfants-cm-partent-a-labordage-video\/#primaryimage"},"thumbnailUrl":"https:\/\/vosgesinfo.fr\/app\/uploads\/sites\/6\/2024\/07\/201811dsc-22671.jpg","keywords":["choeur d'enfants","ecole de musique"],"articleSection":["A la une","Concert","Culture","G\u00e9rardmer"],"inLanguage":"fr-FR","potentialAction":[{"@type":"CommentAction","name":"Comment","target":["https:\/\/vosgesinfo.fr\/gerardmerinfo\/2018\/11\/choeur-denfants-cm-partent-a-labordage-video\/#respond"]}]},{"@type":"WebPage","@id":"https:\/\/vosgesinfo.fr\/gerardmerinfo\/2018\/11\/choeur-denfants-cm-partent-a-labordage-video\/","url":"https:\/\/vosgesinfo.fr\/gerardmerinfo\/2018\/11\/choeur-denfants-cm-partent-a-labordage-video\/","name":"Ch\u0153ur d'enfants : les CM partent \u00e0 l'abordage !! (vid\u00e9o) - Gerardmer Info","isPartOf":{"@id":"https:\/\/vosgesinfo.fr\/gerardmerinfo\/#website"},"primaryImageOfPage":{"@id":"https:\/\/vosgesinfo.fr\/gerardmerinfo\/2018\/11\/choeur-denfants-cm-partent-a-labordage-video\/#primaryimage"},"image":{"@id":"https:\/\/vosgesinfo.fr\/gerardmerinfo\/2018\/11\/choeur-denfants-cm-partent-a-labordage-video\/#primaryimage"},"thumbnailUrl":"https:\/\/vosgesinfo.fr\/app\/uploads\/sites\/6\/2024\/07\/201811dsc-22671.jpg","datePublished":"2018-11-19T15:29:34+00:00","dateModified":"2018-11-19T15:29:34+00:00","breadcrumb":{"@id":"https:\/\/vosgesinfo.fr\/gerardmerinfo\/2018\/11\/choeur-denfants-cm-partent-a-labordage-video\/#breadcrumb"},"inLanguage":"fr-FR","potentialAction":[{"@type":"ReadAction","target":["https:\/\/vosgesinfo.fr\/gerardmerinfo\/2018\/11\/choeur-denfants-cm-partent-a-labordage-video\/"]}]},{"@type":"ImageObject","inLanguage":"fr-FR","@id":"https:\/\/vosgesinfo.fr\/gerardmerinfo\/2018\/11\/choeur-denfants-cm-partent-a-labordage-video\/#primaryimage","url":"https:\/\/vosgesinfo.fr\/app\/uploads\/sites\/6\/2024\/07\/201811dsc-22671.jpg","contentUrl":"https:\/\/vosgesinfo.fr\/app\/uploads\/sites\/6\/2024\/07\/201811dsc-22671.jpg","width":800,"height":450},{"@type":"BreadcrumbList","@id":"https:\/\/vosgesinfo.fr\/gerardmerinfo\/2018\/11\/choeur-denfants-cm-partent-a-labordage-video\/#breadcrumb","itemListElement":[{"@type":"ListItem","position":1,"name":"Home","item":"https:\/\/vosgesinfo.fr\/gerardmerinfo\/"},{"@type":"ListItem","position":2,"name":"Ch\u0153ur d&rsquo;enfants : les CM partent \u00e0 l&rsquo;abordage !! (vid\u00e9o)"}]},{"@type":"WebSite","@id":"https:\/\/vosgesinfo.fr\/gerardmerinfo\/#website","url":"https:\/\/vosgesinfo.fr\/gerardmerinfo\/","name":"Gerardmer Info","description":"Toute l&#039;actualit\u00e9 de G\u00e9rardmer","publisher":{"@id":"https:\/\/vosgesinfo.fr\/gerardmerinfo\/#organization"},"alternateName":"Toute l'actualit\u00e9 de G\u00e9rardmer","potentialAction":[{"@type":"SearchAction","target":{"@type":"EntryPoint","urlTemplate":"https:\/\/vosgesinfo.fr\/gerardmerinfo\/?s={search_term_string}"},"query-input":"required name=search_term_string"}],"inLanguage":"fr-FR"},{"@type":"Organization","@id":"https:\/\/vosgesinfo.fr\/gerardmerinfo\/#organization","name":"Gerardmer Info","url":"https:\/\/vosgesinfo.fr\/gerardmerinfo\/","logo":{"@type":"ImageObject","inLanguage":"fr-FR","@id":"https:\/\/vosgesinfo.fr\/gerardmerinfo\/#\/schema\/logo\/image\/","url":"https:\/\/vosgesinfo.fr\/app\/uploads\/sites\/6\/2023\/08\/favicon-gerardmerinfo.png","contentUrl":"https:\/\/vosgesinfo.fr\/app\/uploads\/sites\/6\/2023\/08\/favicon-gerardmerinfo.png","width":512,"height":512,"caption":"Gerardmer Info"},"image":{"@id":"https:\/\/vosgesinfo.fr\/gerardmerinfo\/#\/schema\/logo\/image\/"},"sameAs":["https:\/\/www.facebook.com\/profile.php?id=100049475262660","https:\/\/x.com\/VosgesInfo88","https:\/\/www.youtube.com\/@vosgesinfo"]},{"@type":"Person","@id":"https:\/\/vosgesinfo.fr\/gerardmerinfo\/#\/schema\/person\/db5605779a843dad16b5368f3e7613a5","name":"QG","image":{"@type":"ImageObject","inLanguage":"fr-FR","@id":"https:\/\/vosgesinfo.fr\/gerardmerinfo\/#\/schema\/person\/image\/","url":"https:\/\/secure.gravatar.com\/avatar\/ea80c42c204b534408512832fde52504ecabb9706bcb6151cf6175e5b64e6793?s=96&d=mm&r=g","contentUrl":"https:\/\/secure.gravatar.com\/avatar\/ea80c42c204b534408512832fde52504ecabb9706bcb6151cf6175e5b64e6793?s=96&d=mm&r=g","caption":"QG"},"url":"https:\/\/vosgesinfo.fr\/gerardmerinfo\/author\/quentin88\/"}]}},"_links":{"self":[{"href":"https:\/\/vosgesinfo.fr\/gerardmerinfo\/wp-json\/wp\/v2\/posts\/38029","targetHints":{"allow":["GET"]}}],"collection":[{"href":"https:\/\/vosgesinfo.fr\/gerardmerinfo\/wp-json\/wp\/v2\/posts"}],"about":[{"href":"https:\/\/vosgesinfo.fr\/gerardmerinfo\/wp-json\/wp\/v2\/types\/post"}],"author":[{"embeddable":true,"href":"https:\/\/vosgesinfo.fr\/gerardmerinfo\/wp-json\/wp\/v2\/users\/42"}],"replies":[{"embeddable":true,"href":"https:\/\/vosgesinfo.fr\/gerardmerinfo\/wp-json\/wp\/v2\/comments?post=38029"}],"version-history":[{"count":0,"href":"https:\/\/vosgesinfo.fr\/gerardmerinfo\/wp-json\/wp\/v2\/posts\/38029\/revisions"}],"wp:featuredmedia":[{"embeddable":true,"href":"https:\/\/vosgesinfo.fr\/gerardmerinfo\/wp-json\/wp\/v2\/media\/38030"}],"wp:attachment":[{"href":"https:\/\/vosgesinfo.fr\/gerardmerinfo\/wp-json\/wp\/v2\/media?parent=38029"}],"wp:term":[{"taxonomy":"category","embeddable":true,"href":"https:\/\/vosgesinfo.fr\/gerardmerinfo\/wp-json\/wp\/v2\/categories?post=38029"},{"taxonomy":"post_tag","embeddable":true,"href":"https:\/\/vosgesinfo.fr\/gerardmerinfo\/wp-json\/wp\/v2\/tags?post=38029"}],"curies":[{"name":"wp","href":"https:\/\/api.w.org\/{rel}","templated":true}]}}