{"id":38035,"date":"2018-11-20T16:35:05","date_gmt":"2018-11-20T15:35:05","guid":{"rendered":"https:\/\/vosgesinfo.fr\/gerardmerinfo\/2018\/11\/de-lor-archers-de-vallee-lacs\/"},"modified":"2018-11-20T16:35:05","modified_gmt":"2018-11-20T15:35:05","slug":"de-lor-archers-de-vallee-lacs","status":"publish","type":"post","link":"https:\/\/vosgesinfo.fr\/gerardmerinfo\/2018\/11\/de-lor-archers-de-vallee-lacs\/","title":{"rendered":"De l\u2019or pour les archers de la Vall\u00e9e des Lacs"},"content":{"rendered":"<p><a href=\"\/2018\/11\/20181118_181037.jpg\"><img decoding=\"async\" class=\"aligncenter wp-image-137975\" src=\"\/2018\/11\/20181118_181037.jpg\" alt=\"20181118_181037\" width=\"500\" height=\"444\" \/><\/a><\/p>\n<p>Les &#8211; 5\u00b0 de ce dimanche matin 18 novembre n\u2019 ont pas arr\u00eat\u00e9 les quatre archers du club de tir \u00e0 l\u2019arc de Xonrupt Longemer qui concouraient pour le championnat des Vosges de tir 3D, organis\u00e9 par la 1\u00b0 compagnie d\u2019arc d\u2019\u00c9pinal au Spinaparc. Une fois de plus, le club d\u2019\u00c9pinal avait install\u00e9 un parcours impeccable et tr\u00e8s technique, faisant le bonheur des \u00a0125 archers pr\u00e9sents&#8230;<\/p>\n<p>Les efforts des Xonrup\u00e9ens ont bien \u00e9t\u00e9 r\u00e9compens\u00e9s puisque tous sont revenus avec une m\u00e9daille\u00a0!<\/p>\n<p>C\u00e9cilia Koenigsecker\u00a0: Championne des Vosges \u00a0de tir libre (arc \u00e0 poulies avec viseur) Cat\u00e9gorie senior 1<\/p>\n<p>Adeline Blaison\u00a0: Championne des Vosges arc droit (tir instinctif et fl\u00e8ches en bois) cat\u00e9gorie senior 2<\/p>\n<p>Daniel Diard\u00a0: Champion des Vosges arc chasse cat\u00e9gorie senior 3<\/p>\n<p>Jean-Yves Thomas\u00a0: 3\u00b0 place, arc chasse cat\u00e9gorie senior 2.<\/p>\n<p>(Les cat\u00e9gories seniors 1,2 et 3 d\u00e9pendent de l\u2019\u00e2ge des licenci\u00e9s)<\/p>\n<p>D\u2019excellentes performances pour des conditions m\u00e9t\u00e9o difficiles\u00a0!<\/p>\n<p>&nbsp;<\/p>\n<p>Le club de la Vall\u00e9e des Lacs compte cette ann\u00e9e 15 membres, de 8 \u00e0 75 ans, tous assidus \u00e0 l\u2018entra\u00eenement. De nombreuses sorties en comp\u00e9tition sont pr\u00e9vues pour la saison prochaine.<\/p>\n","protected":false},"excerpt":{"rendered":"<p>Les &#8211; 5\u00b0 de ce dimanche matin 18 novembre n\u2019 ont pas arr\u00eat\u00e9 les quatre archers du club de tir [&hellip;]<\/p>\n","protected":false},"author":212,"featured_media":38036,"comment_status":"open","ping_status":"open","sticky":false,"template":"","format":"standard","meta":{"footnotes":""},"categories":[20,14],"tags":[756],"class_list":["post-38035","post","type-post","status-publish","format-standard","has-post-thumbnail","hentry","category-a-la-une","category-sport","tag-tir-a-larc"],"acf":[],"yoast_head":"<!-- This site is optimized with the Yoast SEO plugin v22.5 - https:\/\/yoast.com\/wordpress\/plugins\/seo\/ -->\n<title>De l\u2019or pour les archers de la Vall\u00e9e des Lacs - Gerardmer Info<\/title>\n<meta name=\"robots\" content=\"index, follow, max-snippet:-1, max-image-preview:large, max-video-preview:-1\" \/>\n<link rel=\"canonical\" href=\"https:\/\/vosgesinfo.fr\/gerardmerinfo\/2018\/11\/de-lor-archers-de-vallee-lacs\/\" \/>\n<meta name=\"twitter:card\" content=\"summary_large_image\" \/>\n<meta name=\"twitter:title\" content=\"De l\u2019or pour les archers de la Vall\u00e9e des Lacs - Gerardmer Info\" \/>\n<meta name=\"twitter:description\" content=\"Les &#8211; 5\u00b0 de ce dimanche matin 18 novembre n\u2019 ont pas arr\u00eat\u00e9 les quatre archers du club de tir [&hellip;]\" \/>\n<meta name=\"twitter:image\" content=\"https:\/\/vosgesinfo.fr\/app\/uploads\/sites\/6\/2024\/07\/20181120181118-181037.jpg\" \/>\n<meta name=\"twitter:creator\" content=\"@VosgesInfo88\" \/>\n<meta name=\"twitter:site\" content=\"@VosgesInfo88\" \/>\n<meta name=\"twitter:label1\" content=\"\u00c9crit par\" \/>\n\t<meta name=\"twitter:data1\" content=\"Club de la Vall\u00e9e des Lacs Tir \u00e0 l'arc\" \/>\n\t<meta name=\"twitter:label2\" content=\"Dur\u00e9e de lecture estim\u00e9e\" \/>\n\t<meta name=\"twitter:data2\" content=\"1 minute\" \/>\n<script type=\"application\/ld+json\" class=\"yoast-schema-graph\">{\"@context\":\"https:\/\/schema.org\",\"@graph\":[{\"@type\":\"Article\",\"@id\":\"https:\/\/vosgesinfo.fr\/gerardmerinfo\/2018\/11\/de-lor-archers-de-vallee-lacs\/#article\",\"isPartOf\":{\"@id\":\"https:\/\/vosgesinfo.fr\/gerardmerinfo\/2018\/11\/de-lor-archers-de-vallee-lacs\/\"},\"author\":{\"name\":\"Club de la Vall\u00e9e des Lacs Tir \u00e0 l'arc\",\"@id\":\"https:\/\/vosgesinfo.fr\/gerardmerinfo\/#\/schema\/person\/d39c2a6c360e9555f79e3d0cf4624422\"},\"headline\":\"De l\u2019or pour les archers de la Vall\u00e9e des Lacs\",\"datePublished\":\"2018-11-20T15:35:05+00:00\",\"dateModified\":\"2018-11-20T15:35:05+00:00\",\"mainEntityOfPage\":{\"@id\":\"https:\/\/vosgesinfo.fr\/gerardmerinfo\/2018\/11\/de-lor-archers-de-vallee-lacs\/\"},\"wordCount\":207,\"commentCount\":0,\"publisher\":{\"@id\":\"https:\/\/vosgesinfo.fr\/gerardmerinfo\/#organization\"},\"image\":{\"@id\":\"https:\/\/vosgesinfo.fr\/gerardmerinfo\/2018\/11\/de-lor-archers-de-vallee-lacs\/#primaryimage\"},\"thumbnailUrl\":\"https:\/\/vosgesinfo.fr\/app\/uploads\/sites\/6\/2024\/07\/20181120181118-181037.jpg\",\"keywords\":[\"tir \u00e0 l'arc\"],\"articleSection\":[\"A la une\",\"Sport\"],\"inLanguage\":\"fr-FR\",\"potentialAction\":[{\"@type\":\"CommentAction\",\"name\":\"Comment\",\"target\":[\"https:\/\/vosgesinfo.fr\/gerardmerinfo\/2018\/11\/de-lor-archers-de-vallee-lacs\/#respond\"]}]},{\"@type\":\"WebPage\",\"@id\":\"https:\/\/vosgesinfo.fr\/gerardmerinfo\/2018\/11\/de-lor-archers-de-vallee-lacs\/\",\"url\":\"https:\/\/vosgesinfo.fr\/gerardmerinfo\/2018\/11\/de-lor-archers-de-vallee-lacs\/\",\"name\":\"De l\u2019or pour les archers de la Vall\u00e9e des Lacs - Gerardmer Info\",\"isPartOf\":{\"@id\":\"https:\/\/vosgesinfo.fr\/gerardmerinfo\/#website\"},\"primaryImageOfPage\":{\"@id\":\"https:\/\/vosgesinfo.fr\/gerardmerinfo\/2018\/11\/de-lor-archers-de-vallee-lacs\/#primaryimage\"},\"image\":{\"@id\":\"https:\/\/vosgesinfo.fr\/gerardmerinfo\/2018\/11\/de-lor-archers-de-vallee-lacs\/#primaryimage\"},\"thumbnailUrl\":\"https:\/\/vosgesinfo.fr\/app\/uploads\/sites\/6\/2024\/07\/20181120181118-181037.jpg\",\"datePublished\":\"2018-11-20T15:35:05+00:00\",\"dateModified\":\"2018-11-20T15:35:05+00:00\",\"breadcrumb\":{\"@id\":\"https:\/\/vosgesinfo.fr\/gerardmerinfo\/2018\/11\/de-lor-archers-de-vallee-lacs\/#breadcrumb\"},\"inLanguage\":\"fr-FR\",\"potentialAction\":[{\"@type\":\"ReadAction\",\"target\":[\"https:\/\/vosgesinfo.fr\/gerardmerinfo\/2018\/11\/de-lor-archers-de-vallee-lacs\/\"]}]},{\"@type\":\"ImageObject\",\"inLanguage\":\"fr-FR\",\"@id\":\"https:\/\/vosgesinfo.fr\/gerardmerinfo\/2018\/11\/de-lor-archers-de-vallee-lacs\/#primaryimage\",\"url\":\"https:\/\/vosgesinfo.fr\/app\/uploads\/sites\/6\/2024\/07\/20181120181118-181037.jpg\",\"contentUrl\":\"https:\/\/vosgesinfo.fr\/app\/uploads\/sites\/6\/2024\/07\/20181120181118-181037.jpg\",\"width\":800,\"height\":711},{\"@type\":\"BreadcrumbList\",\"@id\":\"https:\/\/vosgesinfo.fr\/gerardmerinfo\/2018\/11\/de-lor-archers-de-vallee-lacs\/#breadcrumb\",\"itemListElement\":[{\"@type\":\"ListItem\",\"position\":1,\"name\":\"Home\",\"item\":\"https:\/\/vosgesinfo.fr\/gerardmerinfo\/\"},{\"@type\":\"ListItem\",\"position\":2,\"name\":\"De l\u2019or pour les archers de la Vall\u00e9e des Lacs\"}]},{\"@type\":\"WebSite\",\"@id\":\"https:\/\/vosgesinfo.fr\/gerardmerinfo\/#website\",\"url\":\"https:\/\/vosgesinfo.fr\/gerardmerinfo\/\",\"name\":\"Gerardmer Info\",\"description\":\"Toute l&#039;actualit\u00e9 de G\u00e9rardmer\",\"publisher\":{\"@id\":\"https:\/\/vosgesinfo.fr\/gerardmerinfo\/#organization\"},\"alternateName\":\"Toute l'actualit\u00e9 de G\u00e9rardmer\",\"potentialAction\":[{\"@type\":\"SearchAction\",\"target\":{\"@type\":\"EntryPoint\",\"urlTemplate\":\"https:\/\/vosgesinfo.fr\/gerardmerinfo\/?s={search_term_string}\"},\"query-input\":\"required name=search_term_string\"}],\"inLanguage\":\"fr-FR\"},{\"@type\":\"Organization\",\"@id\":\"https:\/\/vosgesinfo.fr\/gerardmerinfo\/#organization\",\"name\":\"Gerardmer Info\",\"url\":\"https:\/\/vosgesinfo.fr\/gerardmerinfo\/\",\"logo\":{\"@type\":\"ImageObject\",\"inLanguage\":\"fr-FR\",\"@id\":\"https:\/\/vosgesinfo.fr\/gerardmerinfo\/#\/schema\/logo\/image\/\",\"url\":\"https:\/\/vosgesinfo.fr\/app\/uploads\/sites\/6\/2023\/08\/favicon-gerardmerinfo.png\",\"contentUrl\":\"https:\/\/vosgesinfo.fr\/app\/uploads\/sites\/6\/2023\/08\/favicon-gerardmerinfo.png\",\"width\":512,\"height\":512,\"caption\":\"Gerardmer Info\"},\"image\":{\"@id\":\"https:\/\/vosgesinfo.fr\/gerardmerinfo\/#\/schema\/logo\/image\/\"},\"sameAs\":[\"https:\/\/www.facebook.com\/profile.php?id=100049475262660\",\"https:\/\/x.com\/VosgesInfo88\",\"https:\/\/www.youtube.com\/@vosgesinfo\"]},{\"@type\":\"Person\",\"@id\":\"https:\/\/vosgesinfo.fr\/gerardmerinfo\/#\/schema\/person\/d39c2a6c360e9555f79e3d0cf4624422\",\"name\":\"Club de la Vall\u00e9e des Lacs Tir \u00e0 l'arc\",\"image\":{\"@type\":\"ImageObject\",\"inLanguage\":\"fr-FR\",\"@id\":\"https:\/\/vosgesinfo.fr\/gerardmerinfo\/#\/schema\/person\/image\/\",\"url\":\"https:\/\/secure.gravatar.com\/avatar\/145fea7d5819bfb5836ecc0ce7f2796f843dcd119eed0b7facd6946ee52407f3?s=96&d=mm&r=g\",\"contentUrl\":\"https:\/\/secure.gravatar.com\/avatar\/145fea7d5819bfb5836ecc0ce7f2796f843dcd119eed0b7facd6946ee52407f3?s=96&d=mm&r=g\",\"caption\":\"Club de la Vall\u00e9e des Lacs Tir \u00e0 l'arc\"},\"url\":\"https:\/\/vosgesinfo.fr\/gerardmerinfo\/author\/adeline-blaison\/\"}]}<\/script>\n<!-- \/ Yoast SEO plugin. -->","yoast_head_json":{"title":"De l\u2019or pour les archers de la Vall\u00e9e des Lacs - Gerardmer Info","robots":{"index":"index","follow":"follow","max-snippet":"max-snippet:-1","max-image-preview":"max-image-preview:large","max-video-preview":"max-video-preview:-1"},"canonical":"https:\/\/vosgesinfo.fr\/gerardmerinfo\/2018\/11\/de-lor-archers-de-vallee-lacs\/","twitter_card":"summary_large_image","twitter_title":"De l\u2019or pour les archers de la Vall\u00e9e des Lacs - Gerardmer Info","twitter_description":"Les &#8211; 5\u00b0 de ce dimanche matin 18 novembre n\u2019 ont pas arr\u00eat\u00e9 les quatre archers du club de tir [&hellip;]","twitter_image":"https:\/\/vosgesinfo.fr\/app\/uploads\/sites\/6\/2024\/07\/20181120181118-181037.jpg","twitter_creator":"@VosgesInfo88","twitter_site":"@VosgesInfo88","twitter_misc":{"\u00c9crit par":"Club de la Vall\u00e9e des Lacs Tir \u00e0 l'arc","Dur\u00e9e de lecture estim\u00e9e":"1 minute"},"schema":{"@context":"https:\/\/schema.org","@graph":[{"@type":"Article","@id":"https:\/\/vosgesinfo.fr\/gerardmerinfo\/2018\/11\/de-lor-archers-de-vallee-lacs\/#article","isPartOf":{"@id":"https:\/\/vosgesinfo.fr\/gerardmerinfo\/2018\/11\/de-lor-archers-de-vallee-lacs\/"},"author":{"name":"Club de la Vall\u00e9e des Lacs Tir \u00e0 l'arc","@id":"https:\/\/vosgesinfo.fr\/gerardmerinfo\/#\/schema\/person\/d39c2a6c360e9555f79e3d0cf4624422"},"headline":"De l\u2019or pour les archers de la Vall\u00e9e des Lacs","datePublished":"2018-11-20T15:35:05+00:00","dateModified":"2018-11-20T15:35:05+00:00","mainEntityOfPage":{"@id":"https:\/\/vosgesinfo.fr\/gerardmerinfo\/2018\/11\/de-lor-archers-de-vallee-lacs\/"},"wordCount":207,"commentCount":0,"publisher":{"@id":"https:\/\/vosgesinfo.fr\/gerardmerinfo\/#organization"},"image":{"@id":"https:\/\/vosgesinfo.fr\/gerardmerinfo\/2018\/11\/de-lor-archers-de-vallee-lacs\/#primaryimage"},"thumbnailUrl":"https:\/\/vosgesinfo.fr\/app\/uploads\/sites\/6\/2024\/07\/20181120181118-181037.jpg","keywords":["tir \u00e0 l'arc"],"articleSection":["A la une","Sport"],"inLanguage":"fr-FR","potentialAction":[{"@type":"CommentAction","name":"Comment","target":["https:\/\/vosgesinfo.fr\/gerardmerinfo\/2018\/11\/de-lor-archers-de-vallee-lacs\/#respond"]}]},{"@type":"WebPage","@id":"https:\/\/vosgesinfo.fr\/gerardmerinfo\/2018\/11\/de-lor-archers-de-vallee-lacs\/","url":"https:\/\/vosgesinfo.fr\/gerardmerinfo\/2018\/11\/de-lor-archers-de-vallee-lacs\/","name":"De l\u2019or pour les archers de la Vall\u00e9e des Lacs - Gerardmer Info","isPartOf":{"@id":"https:\/\/vosgesinfo.fr\/gerardmerinfo\/#website"},"primaryImageOfPage":{"@id":"https:\/\/vosgesinfo.fr\/gerardmerinfo\/2018\/11\/de-lor-archers-de-vallee-lacs\/#primaryimage"},"image":{"@id":"https:\/\/vosgesinfo.fr\/gerardmerinfo\/2018\/11\/de-lor-archers-de-vallee-lacs\/#primaryimage"},"thumbnailUrl":"https:\/\/vosgesinfo.fr\/app\/uploads\/sites\/6\/2024\/07\/20181120181118-181037.jpg","datePublished":"2018-11-20T15:35:05+00:00","dateModified":"2018-11-20T15:35:05+00:00","breadcrumb":{"@id":"https:\/\/vosgesinfo.fr\/gerardmerinfo\/2018\/11\/de-lor-archers-de-vallee-lacs\/#breadcrumb"},"inLanguage":"fr-FR","potentialAction":[{"@type":"ReadAction","target":["https:\/\/vosgesinfo.fr\/gerardmerinfo\/2018\/11\/de-lor-archers-de-vallee-lacs\/"]}]},{"@type":"ImageObject","inLanguage":"fr-FR","@id":"https:\/\/vosgesinfo.fr\/gerardmerinfo\/2018\/11\/de-lor-archers-de-vallee-lacs\/#primaryimage","url":"https:\/\/vosgesinfo.fr\/app\/uploads\/sites\/6\/2024\/07\/20181120181118-181037.jpg","contentUrl":"https:\/\/vosgesinfo.fr\/app\/uploads\/sites\/6\/2024\/07\/20181120181118-181037.jpg","width":800,"height":711},{"@type":"BreadcrumbList","@id":"https:\/\/vosgesinfo.fr\/gerardmerinfo\/2018\/11\/de-lor-archers-de-vallee-lacs\/#breadcrumb","itemListElement":[{"@type":"ListItem","position":1,"name":"Home","item":"https:\/\/vosgesinfo.fr\/gerardmerinfo\/"},{"@type":"ListItem","position":2,"name":"De l\u2019or pour les archers de la Vall\u00e9e des Lacs"}]},{"@type":"WebSite","@id":"https:\/\/vosgesinfo.fr\/gerardmerinfo\/#website","url":"https:\/\/vosgesinfo.fr\/gerardmerinfo\/","name":"Gerardmer Info","description":"Toute l&#039;actualit\u00e9 de G\u00e9rardmer","publisher":{"@id":"https:\/\/vosgesinfo.fr\/gerardmerinfo\/#organization"},"alternateName":"Toute l'actualit\u00e9 de G\u00e9rardmer","potentialAction":[{"@type":"SearchAction","target":{"@type":"EntryPoint","urlTemplate":"https:\/\/vosgesinfo.fr\/gerardmerinfo\/?s={search_term_string}"},"query-input":"required name=search_term_string"}],"inLanguage":"fr-FR"},{"@type":"Organization","@id":"https:\/\/vosgesinfo.fr\/gerardmerinfo\/#organization","name":"Gerardmer Info","url":"https:\/\/vosgesinfo.fr\/gerardmerinfo\/","logo":{"@type":"ImageObject","inLanguage":"fr-FR","@id":"https:\/\/vosgesinfo.fr\/gerardmerinfo\/#\/schema\/logo\/image\/","url":"https:\/\/vosgesinfo.fr\/app\/uploads\/sites\/6\/2023\/08\/favicon-gerardmerinfo.png","contentUrl":"https:\/\/vosgesinfo.fr\/app\/uploads\/sites\/6\/2023\/08\/favicon-gerardmerinfo.png","width":512,"height":512,"caption":"Gerardmer Info"},"image":{"@id":"https:\/\/vosgesinfo.fr\/gerardmerinfo\/#\/schema\/logo\/image\/"},"sameAs":["https:\/\/www.facebook.com\/profile.php?id=100049475262660","https:\/\/x.com\/VosgesInfo88","https:\/\/www.youtube.com\/@vosgesinfo"]},{"@type":"Person","@id":"https:\/\/vosgesinfo.fr\/gerardmerinfo\/#\/schema\/person\/d39c2a6c360e9555f79e3d0cf4624422","name":"Club de la Vall\u00e9e des Lacs Tir \u00e0 l'arc","image":{"@type":"ImageObject","inLanguage":"fr-FR","@id":"https:\/\/vosgesinfo.fr\/gerardmerinfo\/#\/schema\/person\/image\/","url":"https:\/\/secure.gravatar.com\/avatar\/145fea7d5819bfb5836ecc0ce7f2796f843dcd119eed0b7facd6946ee52407f3?s=96&d=mm&r=g","contentUrl":"https:\/\/secure.gravatar.com\/avatar\/145fea7d5819bfb5836ecc0ce7f2796f843dcd119eed0b7facd6946ee52407f3?s=96&d=mm&r=g","caption":"Club de la Vall\u00e9e des Lacs Tir \u00e0 l'arc"},"url":"https:\/\/vosgesinfo.fr\/gerardmerinfo\/author\/adeline-blaison\/"}]}},"_links":{"self":[{"href":"https:\/\/vosgesinfo.fr\/gerardmerinfo\/wp-json\/wp\/v2\/posts\/38035","targetHints":{"allow":["GET"]}}],"collection":[{"href":"https:\/\/vosgesinfo.fr\/gerardmerinfo\/wp-json\/wp\/v2\/posts"}],"about":[{"href":"https:\/\/vosgesinfo.fr\/gerardmerinfo\/wp-json\/wp\/v2\/types\/post"}],"author":[{"embeddable":true,"href":"https:\/\/vosgesinfo.fr\/gerardmerinfo\/wp-json\/wp\/v2\/users\/212"}],"replies":[{"embeddable":true,"href":"https:\/\/vosgesinfo.fr\/gerardmerinfo\/wp-json\/wp\/v2\/comments?post=38035"}],"version-history":[{"count":0,"href":"https:\/\/vosgesinfo.fr\/gerardmerinfo\/wp-json\/wp\/v2\/posts\/38035\/revisions"}],"wp:featuredmedia":[{"embeddable":true,"href":"https:\/\/vosgesinfo.fr\/gerardmerinfo\/wp-json\/wp\/v2\/media\/38036"}],"wp:attachment":[{"href":"https:\/\/vosgesinfo.fr\/gerardmerinfo\/wp-json\/wp\/v2\/media?parent=38035"}],"wp:term":[{"taxonomy":"category","embeddable":true,"href":"https:\/\/vosgesinfo.fr\/gerardmerinfo\/wp-json\/wp\/v2\/categories?post=38035"},{"taxonomy":"post_tag","embeddable":true,"href":"https:\/\/vosgesinfo.fr\/gerardmerinfo\/wp-json\/wp\/v2\/tags?post=38035"}],"curies":[{"name":"wp","href":"https:\/\/api.w.org\/{rel}","templated":true}]}}