{"id":38049,"date":"2018-11-21T17:43:07","date_gmt":"2018-11-21T16:43:07","guid":{"rendered":"https:\/\/vosgesinfo.fr\/gerardmerinfo\/2018\/11\/les-patoisants-sont-assidus\/"},"modified":"2018-11-21T17:43:07","modified_gmt":"2018-11-21T16:43:07","slug":"les-patoisants-sont-assidus","status":"publish","type":"post","link":"https:\/\/vosgesinfo.fr\/gerardmerinfo\/2018\/11\/les-patoisants-sont-assidus\/","title":{"rendered":"Les patoisants sont assidus"},"content":{"rendered":"\n<p><span style=\"font-size: 14pt;\">Les patoisants sont assidus en t\u00e9moigne le nombre d&rsquo;adh\u00e9rents\u00a0 entre 10 et 20 personnes \u00e0 chaque r\u00e9union du club,\u00a0 selon le temps ou les activit\u00e9s ext\u00e9rieures. C&rsquo;est le constat men\u00e9 par le pr\u00e9sident Serge Renou lors de l&rsquo;assembl\u00e9e g\u00e9n\u00e9rale de l\u2019association qui se tenait la semaine derni\u00e8re en mairie<\/span><\/p>\n<p><span style=\"font-size: 14pt;\">Et le labeur ne manque pas pour preuve\u00a0 <\/span><em>\u00ab\u00a0<\/em><span style=\"font-size: 14pt;\"><em>Nous avons diversifi\u00e9 notre fa\u00e7on de travailler<\/em>\u00a0\u00bb explique Serge Renou\u00a0\u00bb <em>8 mots tir\u00e9s au sort \u00e0 mettre dans un texte \u00e9labor\u00e9 par chacun, puis traduit en patois et\u00a0 l&rsquo;inverse\u00a0\u00bb&#8230;.<\/em> Pour sans doute avoir une meilleure compr\u00e9hension.<br \/>\n<\/span><\/p>\n<p><span style=\"font-size: 14pt;\">Outre le travail r\u00e9alis\u00e9 en v\u00e9ritable colloque patoisant, les adh\u00e9rents se retrouvent aussi pour trinquer\u00a0 comme ce fut le cas le 3 janvier lors de l\u2019\u00e9piphanie, afin de d\u00e9guster une galette offerte par l\u2019acad\u00e9mie\u00a0 et le cidre par Claude Guery.<\/span><\/p>\n<p><span style=\"font-size: 14pt;\">Le club s&rsquo;est \u00e9galement d\u00e9plac\u00e9 \u00e0\u00a0 Bellefosse et une d\u00e9l\u00e9gation est all\u00e9e \u00e0 Sa\u00e2les pour participer aux tables de patois <em>\u00ab\u00a0nous sommes toujours tr\u00e8s bien accueillis et amenons traditionnellement des jonquilles pour d\u00e9corer les tables\u00a0\u00bb. <\/em>Et au registre des repas conviviaux<em>\u00a0<\/em> avant les vacances scolaires, 40 patoisants ont mis les pieds sous la table de l\u2019Auberge de Grand-Valtin.<\/span><\/p>\n<p><span style=\"font-size: 14pt;\">De son c\u00f4t\u00e9, l&rsquo;ami Ren\u00e9 Co\u00e9 a particip\u00e9 \u00e0 la transhumance\u00a0 organis\u00e9e\u00a0 par la Ferme des Foug\u00e8res et l\u2019Auberge Hazemann entre Belmont et le Champ du Feu alors qu&rsquo;une d\u00e9l\u00e9gation a assist\u00e9 \u00e0 la messe en patois du Girmont Val d\u2019Ajol suivie d&rsquo;un\u00a0 repas \u00e0 la salle des f\u00eates. Alors qu&rsquo;en septembre tout le petit monde a pris la direction du Champ de Feu pour un colloque ayant pour th\u00e8me \u00ab\u00a0les pommes de terre\u00bb : c&rsquo;est dire si les ouailles de Serge Renou ont la patate.<br \/>\n<\/span><\/p>\n<p><span style=\"font-size: 14pt;\">\u00ab\u00a0<em>En ce qui concerne la saison 2018\/2019 except\u00e9es nos rencontres habituelles, nous n\u2019avons pas de projet particulier<\/em>\u00a0\u00bb poursuit le pr\u00e9sident \u00ab\u00a0<em>sauf r\u00e9impression du livre de Louise B\u00e9del intitul\u00e9 \u00ab\u00a0Les 4 saisons, la vie dans une ferme des Hautes-Vosges vers les ann\u00e9es 1920\u00a0\u00bb.<\/em> En effet, la famille a donn\u00e9 son accord pour cette r\u00e9alisation.<\/span><\/p>\n<p><span style=\"font-size: 14pt;\">Et pour conclure la r\u00e9union de travail, ce qui concerne les projets, une \u00e9lue a \u00e9mis l&rsquo;id\u00e9e de voir apposer le nom de certaines rues de la localit\u00e9\u00a0 en patois. Why not en anglais dans le texte !<br \/>\n<\/span><\/p>\n<p><span style=\"font-size: 14pt;\">Ainsi va la vie des patoisants !<br \/>\n<\/span><\/p>\n<p>&nbsp;<\/p>\n","protected":false},"excerpt":{"rendered":"<p>Les patoisants sont assidus en t\u00e9moigne le nombre d&rsquo;adh\u00e9rents\u00a0 entre 10 et 20 personnes \u00e0 chaque r\u00e9union du club,\u00a0 selon [&hellip;]<\/p>\n","protected":false},"author":1,"featured_media":38050,"comment_status":"open","ping_status":"open","sticky":false,"template":"","format":"standard","meta":{"footnotes":""},"categories":[20,17],"tags":[],"class_list":["post-38049","post","type-post","status-publish","format-standard","has-post-thumbnail","hentry","category-a-la-une","category-vie-associative"],"acf":[],"yoast_head":"<!-- This site is optimized with the Yoast SEO plugin v22.5 - https:\/\/yoast.com\/wordpress\/plugins\/seo\/ -->\n<title>Les patoisants sont assidus - Gerardmer Info<\/title>\n<meta name=\"robots\" content=\"index, follow, max-snippet:-1, max-image-preview:large, max-video-preview:-1\" \/>\n<link rel=\"canonical\" href=\"https:\/\/vosgesinfo.fr\/gerardmerinfo\/2018\/11\/les-patoisants-sont-assidus\/\" \/>\n<meta name=\"twitter:card\" content=\"summary_large_image\" \/>\n<meta name=\"twitter:title\" content=\"Les patoisants sont assidus - Gerardmer Info\" \/>\n<meta name=\"twitter:description\" content=\"Les patoisants sont assidus en t\u00e9moigne le nombre d&rsquo;adh\u00e9rents\u00a0 entre 10 et 20 personnes \u00e0 chaque r\u00e9union du club,\u00a0 selon [&hellip;]\" \/>\n<meta name=\"twitter:image\" content=\"https:\/\/vosgesinfo.fr\/app\/uploads\/sites\/6\/2024\/07\/201811pat1.jpg\" \/>\n<meta name=\"twitter:creator\" content=\"@VosgesInfo88\" \/>\n<meta name=\"twitter:site\" content=\"@VosgesInfo88\" \/>\n<meta name=\"twitter:label1\" content=\"\u00c9crit par\" \/>\n\t<meta name=\"twitter:data1\" content=\"qs_admin\" \/>\n\t<meta name=\"twitter:label2\" content=\"Dur\u00e9e de lecture estim\u00e9e\" \/>\n\t<meta name=\"twitter:data2\" content=\"2 minutes\" \/>\n<script type=\"application\/ld+json\" class=\"yoast-schema-graph\">{\"@context\":\"https:\/\/schema.org\",\"@graph\":[{\"@type\":\"Article\",\"@id\":\"https:\/\/vosgesinfo.fr\/gerardmerinfo\/2018\/11\/les-patoisants-sont-assidus\/#article\",\"isPartOf\":{\"@id\":\"https:\/\/vosgesinfo.fr\/gerardmerinfo\/2018\/11\/les-patoisants-sont-assidus\/\"},\"author\":{\"name\":\"qs_admin\",\"@id\":\"https:\/\/vosgesinfo.fr\/gerardmerinfo\/#\/schema\/person\/bc5d02d71e6932e81b6dadb7386667b1\"},\"headline\":\"Les patoisants sont assidus\",\"datePublished\":\"2018-11-21T16:43:07+00:00\",\"dateModified\":\"2018-11-21T16:43:07+00:00\",\"mainEntityOfPage\":{\"@id\":\"https:\/\/vosgesinfo.fr\/gerardmerinfo\/2018\/11\/les-patoisants-sont-assidus\/\"},\"wordCount\":430,\"commentCount\":0,\"publisher\":{\"@id\":\"https:\/\/vosgesinfo.fr\/gerardmerinfo\/#organization\"},\"image\":{\"@id\":\"https:\/\/vosgesinfo.fr\/gerardmerinfo\/2018\/11\/les-patoisants-sont-assidus\/#primaryimage\"},\"thumbnailUrl\":\"https:\/\/vosgesinfo.fr\/app\/uploads\/sites\/6\/2024\/07\/201811pat1.jpg\",\"articleSection\":[\"A la une\",\"Vie Associative\"],\"inLanguage\":\"fr-FR\",\"potentialAction\":[{\"@type\":\"CommentAction\",\"name\":\"Comment\",\"target\":[\"https:\/\/vosgesinfo.fr\/gerardmerinfo\/2018\/11\/les-patoisants-sont-assidus\/#respond\"]}]},{\"@type\":\"WebPage\",\"@id\":\"https:\/\/vosgesinfo.fr\/gerardmerinfo\/2018\/11\/les-patoisants-sont-assidus\/\",\"url\":\"https:\/\/vosgesinfo.fr\/gerardmerinfo\/2018\/11\/les-patoisants-sont-assidus\/\",\"name\":\"Les patoisants sont assidus - Gerardmer Info\",\"isPartOf\":{\"@id\":\"https:\/\/vosgesinfo.fr\/gerardmerinfo\/#website\"},\"primaryImageOfPage\":{\"@id\":\"https:\/\/vosgesinfo.fr\/gerardmerinfo\/2018\/11\/les-patoisants-sont-assidus\/#primaryimage\"},\"image\":{\"@id\":\"https:\/\/vosgesinfo.fr\/gerardmerinfo\/2018\/11\/les-patoisants-sont-assidus\/#primaryimage\"},\"thumbnailUrl\":\"https:\/\/vosgesinfo.fr\/app\/uploads\/sites\/6\/2024\/07\/201811pat1.jpg\",\"datePublished\":\"2018-11-21T16:43:07+00:00\",\"dateModified\":\"2018-11-21T16:43:07+00:00\",\"breadcrumb\":{\"@id\":\"https:\/\/vosgesinfo.fr\/gerardmerinfo\/2018\/11\/les-patoisants-sont-assidus\/#breadcrumb\"},\"inLanguage\":\"fr-FR\",\"potentialAction\":[{\"@type\":\"ReadAction\",\"target\":[\"https:\/\/vosgesinfo.fr\/gerardmerinfo\/2018\/11\/les-patoisants-sont-assidus\/\"]}]},{\"@type\":\"ImageObject\",\"inLanguage\":\"fr-FR\",\"@id\":\"https:\/\/vosgesinfo.fr\/gerardmerinfo\/2018\/11\/les-patoisants-sont-assidus\/#primaryimage\",\"url\":\"https:\/\/vosgesinfo.fr\/app\/uploads\/sites\/6\/2024\/07\/201811pat1.jpg\",\"contentUrl\":\"https:\/\/vosgesinfo.fr\/app\/uploads\/sites\/6\/2024\/07\/201811pat1.jpg\",\"width\":800,\"height\":450},{\"@type\":\"BreadcrumbList\",\"@id\":\"https:\/\/vosgesinfo.fr\/gerardmerinfo\/2018\/11\/les-patoisants-sont-assidus\/#breadcrumb\",\"itemListElement\":[{\"@type\":\"ListItem\",\"position\":1,\"name\":\"Home\",\"item\":\"https:\/\/vosgesinfo.fr\/gerardmerinfo\/\"},{\"@type\":\"ListItem\",\"position\":2,\"name\":\"Les patoisants sont assidus\"}]},{\"@type\":\"WebSite\",\"@id\":\"https:\/\/vosgesinfo.fr\/gerardmerinfo\/#website\",\"url\":\"https:\/\/vosgesinfo.fr\/gerardmerinfo\/\",\"name\":\"Gerardmer Info\",\"description\":\"Toute l&#039;actualit\u00e9 de G\u00e9rardmer\",\"publisher\":{\"@id\":\"https:\/\/vosgesinfo.fr\/gerardmerinfo\/#organization\"},\"alternateName\":\"Toute l'actualit\u00e9 de G\u00e9rardmer\",\"potentialAction\":[{\"@type\":\"SearchAction\",\"target\":{\"@type\":\"EntryPoint\",\"urlTemplate\":\"https:\/\/vosgesinfo.fr\/gerardmerinfo\/?s={search_term_string}\"},\"query-input\":\"required name=search_term_string\"}],\"inLanguage\":\"fr-FR\"},{\"@type\":\"Organization\",\"@id\":\"https:\/\/vosgesinfo.fr\/gerardmerinfo\/#organization\",\"name\":\"Gerardmer Info\",\"url\":\"https:\/\/vosgesinfo.fr\/gerardmerinfo\/\",\"logo\":{\"@type\":\"ImageObject\",\"inLanguage\":\"fr-FR\",\"@id\":\"https:\/\/vosgesinfo.fr\/gerardmerinfo\/#\/schema\/logo\/image\/\",\"url\":\"https:\/\/vosgesinfo.fr\/app\/uploads\/sites\/6\/2023\/08\/favicon-gerardmerinfo.png\",\"contentUrl\":\"https:\/\/vosgesinfo.fr\/app\/uploads\/sites\/6\/2023\/08\/favicon-gerardmerinfo.png\",\"width\":512,\"height\":512,\"caption\":\"Gerardmer Info\"},\"image\":{\"@id\":\"https:\/\/vosgesinfo.fr\/gerardmerinfo\/#\/schema\/logo\/image\/\"},\"sameAs\":[\"https:\/\/www.facebook.com\/profile.php?id=100049475262660\",\"https:\/\/x.com\/VosgesInfo88\",\"https:\/\/www.youtube.com\/@vosgesinfo\"]},{\"@type\":\"Person\",\"@id\":\"https:\/\/vosgesinfo.fr\/gerardmerinfo\/#\/schema\/person\/bc5d02d71e6932e81b6dadb7386667b1\",\"name\":\"qs_admin\",\"image\":{\"@type\":\"ImageObject\",\"inLanguage\":\"fr-FR\",\"@id\":\"https:\/\/vosgesinfo.fr\/gerardmerinfo\/#\/schema\/person\/image\/\",\"url\":\"https:\/\/secure.gravatar.com\/avatar\/94b18ee0ed79e4a42ea2f2931277b6841a8999fc6fde214600c78057cf1fe1de?s=96&d=mm&r=g\",\"contentUrl\":\"https:\/\/secure.gravatar.com\/avatar\/94b18ee0ed79e4a42ea2f2931277b6841a8999fc6fde214600c78057cf1fe1de?s=96&d=mm&r=g\",\"caption\":\"qs_admin\"},\"sameAs\":[\"https:\/\/vosgesinfo.fr\/wp\"],\"url\":\"https:\/\/vosgesinfo.fr\/gerardmerinfo\/author\/qs_admin\/\"}]}<\/script>\n<!-- \/ Yoast SEO plugin. -->","yoast_head_json":{"title":"Les patoisants sont assidus - Gerardmer Info","robots":{"index":"index","follow":"follow","max-snippet":"max-snippet:-1","max-image-preview":"max-image-preview:large","max-video-preview":"max-video-preview:-1"},"canonical":"https:\/\/vosgesinfo.fr\/gerardmerinfo\/2018\/11\/les-patoisants-sont-assidus\/","twitter_card":"summary_large_image","twitter_title":"Les patoisants sont assidus - Gerardmer Info","twitter_description":"Les patoisants sont assidus en t\u00e9moigne le nombre d&rsquo;adh\u00e9rents\u00a0 entre 10 et 20 personnes \u00e0 chaque r\u00e9union du club,\u00a0 selon [&hellip;]","twitter_image":"https:\/\/vosgesinfo.fr\/app\/uploads\/sites\/6\/2024\/07\/201811pat1.jpg","twitter_creator":"@VosgesInfo88","twitter_site":"@VosgesInfo88","twitter_misc":{"\u00c9crit par":"qs_admin","Dur\u00e9e de lecture estim\u00e9e":"2 minutes"},"schema":{"@context":"https:\/\/schema.org","@graph":[{"@type":"Article","@id":"https:\/\/vosgesinfo.fr\/gerardmerinfo\/2018\/11\/les-patoisants-sont-assidus\/#article","isPartOf":{"@id":"https:\/\/vosgesinfo.fr\/gerardmerinfo\/2018\/11\/les-patoisants-sont-assidus\/"},"author":{"name":"qs_admin","@id":"https:\/\/vosgesinfo.fr\/gerardmerinfo\/#\/schema\/person\/bc5d02d71e6932e81b6dadb7386667b1"},"headline":"Les patoisants sont assidus","datePublished":"2018-11-21T16:43:07+00:00","dateModified":"2018-11-21T16:43:07+00:00","mainEntityOfPage":{"@id":"https:\/\/vosgesinfo.fr\/gerardmerinfo\/2018\/11\/les-patoisants-sont-assidus\/"},"wordCount":430,"commentCount":0,"publisher":{"@id":"https:\/\/vosgesinfo.fr\/gerardmerinfo\/#organization"},"image":{"@id":"https:\/\/vosgesinfo.fr\/gerardmerinfo\/2018\/11\/les-patoisants-sont-assidus\/#primaryimage"},"thumbnailUrl":"https:\/\/vosgesinfo.fr\/app\/uploads\/sites\/6\/2024\/07\/201811pat1.jpg","articleSection":["A la une","Vie Associative"],"inLanguage":"fr-FR","potentialAction":[{"@type":"CommentAction","name":"Comment","target":["https:\/\/vosgesinfo.fr\/gerardmerinfo\/2018\/11\/les-patoisants-sont-assidus\/#respond"]}]},{"@type":"WebPage","@id":"https:\/\/vosgesinfo.fr\/gerardmerinfo\/2018\/11\/les-patoisants-sont-assidus\/","url":"https:\/\/vosgesinfo.fr\/gerardmerinfo\/2018\/11\/les-patoisants-sont-assidus\/","name":"Les patoisants sont assidus - Gerardmer Info","isPartOf":{"@id":"https:\/\/vosgesinfo.fr\/gerardmerinfo\/#website"},"primaryImageOfPage":{"@id":"https:\/\/vosgesinfo.fr\/gerardmerinfo\/2018\/11\/les-patoisants-sont-assidus\/#primaryimage"},"image":{"@id":"https:\/\/vosgesinfo.fr\/gerardmerinfo\/2018\/11\/les-patoisants-sont-assidus\/#primaryimage"},"thumbnailUrl":"https:\/\/vosgesinfo.fr\/app\/uploads\/sites\/6\/2024\/07\/201811pat1.jpg","datePublished":"2018-11-21T16:43:07+00:00","dateModified":"2018-11-21T16:43:07+00:00","breadcrumb":{"@id":"https:\/\/vosgesinfo.fr\/gerardmerinfo\/2018\/11\/les-patoisants-sont-assidus\/#breadcrumb"},"inLanguage":"fr-FR","potentialAction":[{"@type":"ReadAction","target":["https:\/\/vosgesinfo.fr\/gerardmerinfo\/2018\/11\/les-patoisants-sont-assidus\/"]}]},{"@type":"ImageObject","inLanguage":"fr-FR","@id":"https:\/\/vosgesinfo.fr\/gerardmerinfo\/2018\/11\/les-patoisants-sont-assidus\/#primaryimage","url":"https:\/\/vosgesinfo.fr\/app\/uploads\/sites\/6\/2024\/07\/201811pat1.jpg","contentUrl":"https:\/\/vosgesinfo.fr\/app\/uploads\/sites\/6\/2024\/07\/201811pat1.jpg","width":800,"height":450},{"@type":"BreadcrumbList","@id":"https:\/\/vosgesinfo.fr\/gerardmerinfo\/2018\/11\/les-patoisants-sont-assidus\/#breadcrumb","itemListElement":[{"@type":"ListItem","position":1,"name":"Home","item":"https:\/\/vosgesinfo.fr\/gerardmerinfo\/"},{"@type":"ListItem","position":2,"name":"Les patoisants sont assidus"}]},{"@type":"WebSite","@id":"https:\/\/vosgesinfo.fr\/gerardmerinfo\/#website","url":"https:\/\/vosgesinfo.fr\/gerardmerinfo\/","name":"Gerardmer Info","description":"Toute l&#039;actualit\u00e9 de G\u00e9rardmer","publisher":{"@id":"https:\/\/vosgesinfo.fr\/gerardmerinfo\/#organization"},"alternateName":"Toute l'actualit\u00e9 de G\u00e9rardmer","potentialAction":[{"@type":"SearchAction","target":{"@type":"EntryPoint","urlTemplate":"https:\/\/vosgesinfo.fr\/gerardmerinfo\/?s={search_term_string}"},"query-input":"required name=search_term_string"}],"inLanguage":"fr-FR"},{"@type":"Organization","@id":"https:\/\/vosgesinfo.fr\/gerardmerinfo\/#organization","name":"Gerardmer Info","url":"https:\/\/vosgesinfo.fr\/gerardmerinfo\/","logo":{"@type":"ImageObject","inLanguage":"fr-FR","@id":"https:\/\/vosgesinfo.fr\/gerardmerinfo\/#\/schema\/logo\/image\/","url":"https:\/\/vosgesinfo.fr\/app\/uploads\/sites\/6\/2023\/08\/favicon-gerardmerinfo.png","contentUrl":"https:\/\/vosgesinfo.fr\/app\/uploads\/sites\/6\/2023\/08\/favicon-gerardmerinfo.png","width":512,"height":512,"caption":"Gerardmer Info"},"image":{"@id":"https:\/\/vosgesinfo.fr\/gerardmerinfo\/#\/schema\/logo\/image\/"},"sameAs":["https:\/\/www.facebook.com\/profile.php?id=100049475262660","https:\/\/x.com\/VosgesInfo88","https:\/\/www.youtube.com\/@vosgesinfo"]},{"@type":"Person","@id":"https:\/\/vosgesinfo.fr\/gerardmerinfo\/#\/schema\/person\/bc5d02d71e6932e81b6dadb7386667b1","name":"qs_admin","image":{"@type":"ImageObject","inLanguage":"fr-FR","@id":"https:\/\/vosgesinfo.fr\/gerardmerinfo\/#\/schema\/person\/image\/","url":"https:\/\/secure.gravatar.com\/avatar\/94b18ee0ed79e4a42ea2f2931277b6841a8999fc6fde214600c78057cf1fe1de?s=96&d=mm&r=g","contentUrl":"https:\/\/secure.gravatar.com\/avatar\/94b18ee0ed79e4a42ea2f2931277b6841a8999fc6fde214600c78057cf1fe1de?s=96&d=mm&r=g","caption":"qs_admin"},"sameAs":["https:\/\/vosgesinfo.fr\/wp"],"url":"https:\/\/vosgesinfo.fr\/gerardmerinfo\/author\/qs_admin\/"}]}},"_links":{"self":[{"href":"https:\/\/vosgesinfo.fr\/gerardmerinfo\/wp-json\/wp\/v2\/posts\/38049","targetHints":{"allow":["GET"]}}],"collection":[{"href":"https:\/\/vosgesinfo.fr\/gerardmerinfo\/wp-json\/wp\/v2\/posts"}],"about":[{"href":"https:\/\/vosgesinfo.fr\/gerardmerinfo\/wp-json\/wp\/v2\/types\/post"}],"author":[{"embeddable":true,"href":"https:\/\/vosgesinfo.fr\/gerardmerinfo\/wp-json\/wp\/v2\/users\/1"}],"replies":[{"embeddable":true,"href":"https:\/\/vosgesinfo.fr\/gerardmerinfo\/wp-json\/wp\/v2\/comments?post=38049"}],"version-history":[{"count":0,"href":"https:\/\/vosgesinfo.fr\/gerardmerinfo\/wp-json\/wp\/v2\/posts\/38049\/revisions"}],"wp:featuredmedia":[{"embeddable":true,"href":"https:\/\/vosgesinfo.fr\/gerardmerinfo\/wp-json\/wp\/v2\/media\/38050"}],"wp:attachment":[{"href":"https:\/\/vosgesinfo.fr\/gerardmerinfo\/wp-json\/wp\/v2\/media?parent=38049"}],"wp:term":[{"taxonomy":"category","embeddable":true,"href":"https:\/\/vosgesinfo.fr\/gerardmerinfo\/wp-json\/wp\/v2\/categories?post=38049"},{"taxonomy":"post_tag","embeddable":true,"href":"https:\/\/vosgesinfo.fr\/gerardmerinfo\/wp-json\/wp\/v2\/tags?post=38049"}],"curies":[{"name":"wp","href":"https:\/\/api.w.org\/{rel}","templated":true}]}}