{"id":38056,"date":"2018-11-22T08:37:37","date_gmt":"2018-11-22T07:37:37","guid":{"rendered":"https:\/\/vosgesinfo.fr\/gerardmerinfo\/2018\/11\/salon-de-gourmandise-on-touche-yeux\/"},"modified":"2018-11-22T08:37:37","modified_gmt":"2018-11-22T07:37:37","slug":"salon-de-gourmandise-on-touche-yeux","status":"publish","type":"post","link":"https:\/\/vosgesinfo.fr\/gerardmerinfo\/2018\/11\/salon-de-gourmandise-on-touche-yeux\/","title":{"rendered":"Salon de la Gourmandise : on touche avec les yeux !"},"content":{"rendered":"<div>\n\n<\/div>\n<div><\/div>\n<h3>Le lyc\u00e9e des m\u00e9tiers de l&rsquo;h\u00f4tellerie et de la restauration de G\u00e9rardmer \u00e9tait pr\u00e9sent lors du d\u00e9fil\u00e9 qui s&rsquo;est d\u00e9roul\u00e9 au salon de la gourmandise : une \u00e9quipe d&rsquo;\u00e9l\u00e8ves avait le plaisir de pr\u00e9senter leurs r\u00e9alisations : la robe \u00ab\u00a0La Panim\u00e9li\u00e8re Chardin\u00a0\u00bb et \u00ab\u00a0Les arts de la table\u00a0\u00bb.<\/h3>\n<div><\/div>\n<div>Le public a \u00e9t\u00e9 \u00e9bloui par la prestance des mod\u00e8les. Justine Verger, qui portait la robe des \u00ab\u00a0Arts de la table\u00a0\u00bb a eu de nombreuses f\u00e9licitations et particuli\u00e8rement des enfants pr\u00e9sents qui lui ont envi\u00e9 &#8230;\u00a0\u00bbsa robe de princesse\u00a0\u00bb.<\/div>\n<div>Il\u00e9ana Gehin et Manon Mempey ont d\u00e9fil\u00e9 telles des professionnelles et la r\u00e9alisation de la robe a \u00ab\u00a0bluff\u00e9\u00a0\u00bb des couturi\u00e8res par l&rsquo;\u00e9l\u00e9gance de la r\u00e9alisation sur le th\u00e8me du pain.<\/div>\n<div>Il faut dire qu&rsquo;elles avaient \u00ab\u00a0r\u00e9vis\u00e9\u00a0\u00bb au Lyc\u00e9e J.B.S. Chardin en portant alternativement la robe non finie et en ayant un regard critique devant le miroir sur l&rsquo;effet a\u00e9rien et fluide du rendu de cette tenue port\u00e9e avec \u00e9l\u00e9gance.<\/div>\n<div><\/div>\n<div>Cette r\u00e9ussite est due au travail de conception\/r\u00e9alisation entrepris depuis deux mois, au souci du d\u00e9tail de la coiffure aux croquis sur la mani\u00e8re d&rsquo;agencer les petits pains vari\u00e9s et floraux.<\/div>\n<div><\/div>\n<div>La rigueur de la r\u00e9flexion de ces deux classes de terminale Bac Pro p\u00e2tisserie sur ce projet interdisciplinaire ainsi que les nombreuses r\u00e9alisations culinaires, dressages, flambages etc des professeurs du lyc\u00e9e a aboutit \u00e0 cette superbe repr\u00e9sentation de nos savoir-faire.<\/div>\n<div>Ajoutons \u00e0 cela la victoire de nos \u00e9l\u00e8ves de service encadr\u00e9s par M. Viard. et tous les participants du Lyc\u00e9e h\u00f4telier sont donc pr\u00eats \u00e0 r\u00e9it\u00e9rer ces beaux instants l&rsquo;ann\u00e9e prochaine.<\/div>\n<div><\/div>\n<div>Merci donc \u00e0 tous ceux \u00e0 qui nous devons ces moments exceptionnels.<\/div>\n<div><\/div>\n<div>Pour le Lyc\u00e9e Chardin &#8211; Luc Riegel<\/div>\n","protected":false},"excerpt":{"rendered":"<p>Le lyc\u00e9e des m\u00e9tiers de l&rsquo;h\u00f4tellerie et de la restauration de G\u00e9rardmer \u00e9tait pr\u00e9sent lors du d\u00e9fil\u00e9 qui s&rsquo;est d\u00e9roul\u00e9 [&hellip;]<\/p>\n","protected":false},"author":1,"featured_media":38057,"comment_status":"open","ping_status":"open","sticky":false,"template":"","format":"standard","meta":{"footnotes":""},"categories":[20,4,18],"tags":[343,653],"class_list":["post-38056","post","type-post","status-publish","format-standard","has-post-thumbnail","hentry","category-a-la-une","category-culture","category-vosges","tag-lycee-jean-baptiste-simeon-chardin","tag-salon-de-la-gourmandise"],"acf":[],"yoast_head":"<!-- This site is optimized with the Yoast SEO plugin v22.5 - https:\/\/yoast.com\/wordpress\/plugins\/seo\/ -->\n<title>Salon de la Gourmandise : on touche avec les yeux ! - Gerardmer Info<\/title>\n<meta name=\"robots\" content=\"index, follow, max-snippet:-1, max-image-preview:large, max-video-preview:-1\" \/>\n<link rel=\"canonical\" href=\"https:\/\/vosgesinfo.fr\/gerardmerinfo\/2018\/11\/salon-de-gourmandise-on-touche-yeux\/\" \/>\n<meta name=\"twitter:card\" content=\"summary_large_image\" \/>\n<meta name=\"twitter:title\" content=\"Salon de la Gourmandise : on touche avec les yeux ! - Gerardmer Info\" \/>\n<meta name=\"twitter:description\" content=\"Le lyc\u00e9e des m\u00e9tiers de l&rsquo;h\u00f4tellerie et de la restauration de G\u00e9rardmer \u00e9tait pr\u00e9sent lors du d\u00e9fil\u00e9 qui s&rsquo;est d\u00e9roul\u00e9 [&hellip;]\" \/>\n<meta name=\"twitter:image\" content=\"https:\/\/vosgesinfo.fr\/app\/uploads\/sites\/6\/2024\/07\/201811robes-lycee-chardin-salon-gourmandise-epinal-3.jpeg\" \/>\n<meta name=\"twitter:creator\" content=\"@VosgesInfo88\" \/>\n<meta name=\"twitter:site\" content=\"@VosgesInfo88\" \/>\n<meta name=\"twitter:label1\" content=\"\u00c9crit par\" \/>\n\t<meta name=\"twitter:data1\" content=\"qs_admin\" \/>\n\t<meta name=\"twitter:label2\" content=\"Dur\u00e9e de lecture estim\u00e9e\" \/>\n\t<meta name=\"twitter:data2\" content=\"2 minutes\" \/>\n<script type=\"application\/ld+json\" class=\"yoast-schema-graph\">{\"@context\":\"https:\/\/schema.org\",\"@graph\":[{\"@type\":\"Article\",\"@id\":\"https:\/\/vosgesinfo.fr\/gerardmerinfo\/2018\/11\/salon-de-gourmandise-on-touche-yeux\/#article\",\"isPartOf\":{\"@id\":\"https:\/\/vosgesinfo.fr\/gerardmerinfo\/2018\/11\/salon-de-gourmandise-on-touche-yeux\/\"},\"author\":{\"name\":\"qs_admin\",\"@id\":\"https:\/\/vosgesinfo.fr\/gerardmerinfo\/#\/schema\/person\/bc5d02d71e6932e81b6dadb7386667b1\"},\"headline\":\"Salon de la Gourmandise : on touche avec les yeux !\",\"datePublished\":\"2018-11-22T07:37:37+00:00\",\"dateModified\":\"2018-11-22T07:37:37+00:00\",\"mainEntityOfPage\":{\"@id\":\"https:\/\/vosgesinfo.fr\/gerardmerinfo\/2018\/11\/salon-de-gourmandise-on-touche-yeux\/\"},\"wordCount\":347,\"commentCount\":0,\"publisher\":{\"@id\":\"https:\/\/vosgesinfo.fr\/gerardmerinfo\/#organization\"},\"image\":{\"@id\":\"https:\/\/vosgesinfo.fr\/gerardmerinfo\/2018\/11\/salon-de-gourmandise-on-touche-yeux\/#primaryimage\"},\"thumbnailUrl\":\"https:\/\/vosgesinfo.fr\/app\/uploads\/sites\/6\/2024\/07\/201811robes-lycee-chardin-salon-gourmandise-epinal-3.jpeg\",\"keywords\":[\"lyc\u00e9e jean-baptiste sim\u00e9on chardin\",\"salon de la gourmandise\"],\"articleSection\":[\"A la une\",\"Culture\",\"Vosges\"],\"inLanguage\":\"fr-FR\",\"potentialAction\":[{\"@type\":\"CommentAction\",\"name\":\"Comment\",\"target\":[\"https:\/\/vosgesinfo.fr\/gerardmerinfo\/2018\/11\/salon-de-gourmandise-on-touche-yeux\/#respond\"]}]},{\"@type\":\"WebPage\",\"@id\":\"https:\/\/vosgesinfo.fr\/gerardmerinfo\/2018\/11\/salon-de-gourmandise-on-touche-yeux\/\",\"url\":\"https:\/\/vosgesinfo.fr\/gerardmerinfo\/2018\/11\/salon-de-gourmandise-on-touche-yeux\/\",\"name\":\"Salon de la Gourmandise : on touche avec les yeux ! - Gerardmer Info\",\"isPartOf\":{\"@id\":\"https:\/\/vosgesinfo.fr\/gerardmerinfo\/#website\"},\"primaryImageOfPage\":{\"@id\":\"https:\/\/vosgesinfo.fr\/gerardmerinfo\/2018\/11\/salon-de-gourmandise-on-touche-yeux\/#primaryimage\"},\"image\":{\"@id\":\"https:\/\/vosgesinfo.fr\/gerardmerinfo\/2018\/11\/salon-de-gourmandise-on-touche-yeux\/#primaryimage\"},\"thumbnailUrl\":\"https:\/\/vosgesinfo.fr\/app\/uploads\/sites\/6\/2024\/07\/201811robes-lycee-chardin-salon-gourmandise-epinal-3.jpeg\",\"datePublished\":\"2018-11-22T07:37:37+00:00\",\"dateModified\":\"2018-11-22T07:37:37+00:00\",\"breadcrumb\":{\"@id\":\"https:\/\/vosgesinfo.fr\/gerardmerinfo\/2018\/11\/salon-de-gourmandise-on-touche-yeux\/#breadcrumb\"},\"inLanguage\":\"fr-FR\",\"potentialAction\":[{\"@type\":\"ReadAction\",\"target\":[\"https:\/\/vosgesinfo.fr\/gerardmerinfo\/2018\/11\/salon-de-gourmandise-on-touche-yeux\/\"]}]},{\"@type\":\"ImageObject\",\"inLanguage\":\"fr-FR\",\"@id\":\"https:\/\/vosgesinfo.fr\/gerardmerinfo\/2018\/11\/salon-de-gourmandise-on-touche-yeux\/#primaryimage\",\"url\":\"https:\/\/vosgesinfo.fr\/app\/uploads\/sites\/6\/2024\/07\/201811robes-lycee-chardin-salon-gourmandise-epinal-3.jpeg\",\"contentUrl\":\"https:\/\/vosgesinfo.fr\/app\/uploads\/sites\/6\/2024\/07\/201811robes-lycee-chardin-salon-gourmandise-epinal-3.jpeg\",\"width\":800,\"height\":600},{\"@type\":\"BreadcrumbList\",\"@id\":\"https:\/\/vosgesinfo.fr\/gerardmerinfo\/2018\/11\/salon-de-gourmandise-on-touche-yeux\/#breadcrumb\",\"itemListElement\":[{\"@type\":\"ListItem\",\"position\":1,\"name\":\"Home\",\"item\":\"https:\/\/vosgesinfo.fr\/gerardmerinfo\/\"},{\"@type\":\"ListItem\",\"position\":2,\"name\":\"Salon de la Gourmandise : on touche avec les yeux !\"}]},{\"@type\":\"WebSite\",\"@id\":\"https:\/\/vosgesinfo.fr\/gerardmerinfo\/#website\",\"url\":\"https:\/\/vosgesinfo.fr\/gerardmerinfo\/\",\"name\":\"Gerardmer Info\",\"description\":\"Toute l&#039;actualit\u00e9 de G\u00e9rardmer\",\"publisher\":{\"@id\":\"https:\/\/vosgesinfo.fr\/gerardmerinfo\/#organization\"},\"alternateName\":\"Toute l'actualit\u00e9 de G\u00e9rardmer\",\"potentialAction\":[{\"@type\":\"SearchAction\",\"target\":{\"@type\":\"EntryPoint\",\"urlTemplate\":\"https:\/\/vosgesinfo.fr\/gerardmerinfo\/?s={search_term_string}\"},\"query-input\":\"required name=search_term_string\"}],\"inLanguage\":\"fr-FR\"},{\"@type\":\"Organization\",\"@id\":\"https:\/\/vosgesinfo.fr\/gerardmerinfo\/#organization\",\"name\":\"Gerardmer Info\",\"url\":\"https:\/\/vosgesinfo.fr\/gerardmerinfo\/\",\"logo\":{\"@type\":\"ImageObject\",\"inLanguage\":\"fr-FR\",\"@id\":\"https:\/\/vosgesinfo.fr\/gerardmerinfo\/#\/schema\/logo\/image\/\",\"url\":\"https:\/\/vosgesinfo.fr\/app\/uploads\/sites\/6\/2023\/08\/favicon-gerardmerinfo.png\",\"contentUrl\":\"https:\/\/vosgesinfo.fr\/app\/uploads\/sites\/6\/2023\/08\/favicon-gerardmerinfo.png\",\"width\":512,\"height\":512,\"caption\":\"Gerardmer Info\"},\"image\":{\"@id\":\"https:\/\/vosgesinfo.fr\/gerardmerinfo\/#\/schema\/logo\/image\/\"},\"sameAs\":[\"https:\/\/www.facebook.com\/profile.php?id=100049475262660\",\"https:\/\/x.com\/VosgesInfo88\",\"https:\/\/www.youtube.com\/@vosgesinfo\"]},{\"@type\":\"Person\",\"@id\":\"https:\/\/vosgesinfo.fr\/gerardmerinfo\/#\/schema\/person\/bc5d02d71e6932e81b6dadb7386667b1\",\"name\":\"qs_admin\",\"image\":{\"@type\":\"ImageObject\",\"inLanguage\":\"fr-FR\",\"@id\":\"https:\/\/vosgesinfo.fr\/gerardmerinfo\/#\/schema\/person\/image\/\",\"url\":\"https:\/\/secure.gravatar.com\/avatar\/94b18ee0ed79e4a42ea2f2931277b6841a8999fc6fde214600c78057cf1fe1de?s=96&d=mm&r=g\",\"contentUrl\":\"https:\/\/secure.gravatar.com\/avatar\/94b18ee0ed79e4a42ea2f2931277b6841a8999fc6fde214600c78057cf1fe1de?s=96&d=mm&r=g\",\"caption\":\"qs_admin\"},\"sameAs\":[\"https:\/\/vosgesinfo.fr\/wp\"],\"url\":\"https:\/\/vosgesinfo.fr\/gerardmerinfo\/author\/qs_admin\/\"}]}<\/script>\n<!-- \/ Yoast SEO plugin. -->","yoast_head_json":{"title":"Salon de la Gourmandise : on touche avec les yeux ! - Gerardmer Info","robots":{"index":"index","follow":"follow","max-snippet":"max-snippet:-1","max-image-preview":"max-image-preview:large","max-video-preview":"max-video-preview:-1"},"canonical":"https:\/\/vosgesinfo.fr\/gerardmerinfo\/2018\/11\/salon-de-gourmandise-on-touche-yeux\/","twitter_card":"summary_large_image","twitter_title":"Salon de la Gourmandise : on touche avec les yeux ! - Gerardmer Info","twitter_description":"Le lyc\u00e9e des m\u00e9tiers de l&rsquo;h\u00f4tellerie et de la restauration de G\u00e9rardmer \u00e9tait pr\u00e9sent lors du d\u00e9fil\u00e9 qui s&rsquo;est d\u00e9roul\u00e9 [&hellip;]","twitter_image":"https:\/\/vosgesinfo.fr\/app\/uploads\/sites\/6\/2024\/07\/201811robes-lycee-chardin-salon-gourmandise-epinal-3.jpeg","twitter_creator":"@VosgesInfo88","twitter_site":"@VosgesInfo88","twitter_misc":{"\u00c9crit par":"qs_admin","Dur\u00e9e de lecture estim\u00e9e":"2 minutes"},"schema":{"@context":"https:\/\/schema.org","@graph":[{"@type":"Article","@id":"https:\/\/vosgesinfo.fr\/gerardmerinfo\/2018\/11\/salon-de-gourmandise-on-touche-yeux\/#article","isPartOf":{"@id":"https:\/\/vosgesinfo.fr\/gerardmerinfo\/2018\/11\/salon-de-gourmandise-on-touche-yeux\/"},"author":{"name":"qs_admin","@id":"https:\/\/vosgesinfo.fr\/gerardmerinfo\/#\/schema\/person\/bc5d02d71e6932e81b6dadb7386667b1"},"headline":"Salon de la Gourmandise : on touche avec les yeux !","datePublished":"2018-11-22T07:37:37+00:00","dateModified":"2018-11-22T07:37:37+00:00","mainEntityOfPage":{"@id":"https:\/\/vosgesinfo.fr\/gerardmerinfo\/2018\/11\/salon-de-gourmandise-on-touche-yeux\/"},"wordCount":347,"commentCount":0,"publisher":{"@id":"https:\/\/vosgesinfo.fr\/gerardmerinfo\/#organization"},"image":{"@id":"https:\/\/vosgesinfo.fr\/gerardmerinfo\/2018\/11\/salon-de-gourmandise-on-touche-yeux\/#primaryimage"},"thumbnailUrl":"https:\/\/vosgesinfo.fr\/app\/uploads\/sites\/6\/2024\/07\/201811robes-lycee-chardin-salon-gourmandise-epinal-3.jpeg","keywords":["lyc\u00e9e jean-baptiste sim\u00e9on chardin","salon de la gourmandise"],"articleSection":["A la une","Culture","Vosges"],"inLanguage":"fr-FR","potentialAction":[{"@type":"CommentAction","name":"Comment","target":["https:\/\/vosgesinfo.fr\/gerardmerinfo\/2018\/11\/salon-de-gourmandise-on-touche-yeux\/#respond"]}]},{"@type":"WebPage","@id":"https:\/\/vosgesinfo.fr\/gerardmerinfo\/2018\/11\/salon-de-gourmandise-on-touche-yeux\/","url":"https:\/\/vosgesinfo.fr\/gerardmerinfo\/2018\/11\/salon-de-gourmandise-on-touche-yeux\/","name":"Salon de la Gourmandise : on touche avec les yeux ! - Gerardmer Info","isPartOf":{"@id":"https:\/\/vosgesinfo.fr\/gerardmerinfo\/#website"},"primaryImageOfPage":{"@id":"https:\/\/vosgesinfo.fr\/gerardmerinfo\/2018\/11\/salon-de-gourmandise-on-touche-yeux\/#primaryimage"},"image":{"@id":"https:\/\/vosgesinfo.fr\/gerardmerinfo\/2018\/11\/salon-de-gourmandise-on-touche-yeux\/#primaryimage"},"thumbnailUrl":"https:\/\/vosgesinfo.fr\/app\/uploads\/sites\/6\/2024\/07\/201811robes-lycee-chardin-salon-gourmandise-epinal-3.jpeg","datePublished":"2018-11-22T07:37:37+00:00","dateModified":"2018-11-22T07:37:37+00:00","breadcrumb":{"@id":"https:\/\/vosgesinfo.fr\/gerardmerinfo\/2018\/11\/salon-de-gourmandise-on-touche-yeux\/#breadcrumb"},"inLanguage":"fr-FR","potentialAction":[{"@type":"ReadAction","target":["https:\/\/vosgesinfo.fr\/gerardmerinfo\/2018\/11\/salon-de-gourmandise-on-touche-yeux\/"]}]},{"@type":"ImageObject","inLanguage":"fr-FR","@id":"https:\/\/vosgesinfo.fr\/gerardmerinfo\/2018\/11\/salon-de-gourmandise-on-touche-yeux\/#primaryimage","url":"https:\/\/vosgesinfo.fr\/app\/uploads\/sites\/6\/2024\/07\/201811robes-lycee-chardin-salon-gourmandise-epinal-3.jpeg","contentUrl":"https:\/\/vosgesinfo.fr\/app\/uploads\/sites\/6\/2024\/07\/201811robes-lycee-chardin-salon-gourmandise-epinal-3.jpeg","width":800,"height":600},{"@type":"BreadcrumbList","@id":"https:\/\/vosgesinfo.fr\/gerardmerinfo\/2018\/11\/salon-de-gourmandise-on-touche-yeux\/#breadcrumb","itemListElement":[{"@type":"ListItem","position":1,"name":"Home","item":"https:\/\/vosgesinfo.fr\/gerardmerinfo\/"},{"@type":"ListItem","position":2,"name":"Salon de la Gourmandise : on touche avec les yeux !"}]},{"@type":"WebSite","@id":"https:\/\/vosgesinfo.fr\/gerardmerinfo\/#website","url":"https:\/\/vosgesinfo.fr\/gerardmerinfo\/","name":"Gerardmer Info","description":"Toute l&#039;actualit\u00e9 de G\u00e9rardmer","publisher":{"@id":"https:\/\/vosgesinfo.fr\/gerardmerinfo\/#organization"},"alternateName":"Toute l'actualit\u00e9 de G\u00e9rardmer","potentialAction":[{"@type":"SearchAction","target":{"@type":"EntryPoint","urlTemplate":"https:\/\/vosgesinfo.fr\/gerardmerinfo\/?s={search_term_string}"},"query-input":"required name=search_term_string"}],"inLanguage":"fr-FR"},{"@type":"Organization","@id":"https:\/\/vosgesinfo.fr\/gerardmerinfo\/#organization","name":"Gerardmer Info","url":"https:\/\/vosgesinfo.fr\/gerardmerinfo\/","logo":{"@type":"ImageObject","inLanguage":"fr-FR","@id":"https:\/\/vosgesinfo.fr\/gerardmerinfo\/#\/schema\/logo\/image\/","url":"https:\/\/vosgesinfo.fr\/app\/uploads\/sites\/6\/2023\/08\/favicon-gerardmerinfo.png","contentUrl":"https:\/\/vosgesinfo.fr\/app\/uploads\/sites\/6\/2023\/08\/favicon-gerardmerinfo.png","width":512,"height":512,"caption":"Gerardmer Info"},"image":{"@id":"https:\/\/vosgesinfo.fr\/gerardmerinfo\/#\/schema\/logo\/image\/"},"sameAs":["https:\/\/www.facebook.com\/profile.php?id=100049475262660","https:\/\/x.com\/VosgesInfo88","https:\/\/www.youtube.com\/@vosgesinfo"]},{"@type":"Person","@id":"https:\/\/vosgesinfo.fr\/gerardmerinfo\/#\/schema\/person\/bc5d02d71e6932e81b6dadb7386667b1","name":"qs_admin","image":{"@type":"ImageObject","inLanguage":"fr-FR","@id":"https:\/\/vosgesinfo.fr\/gerardmerinfo\/#\/schema\/person\/image\/","url":"https:\/\/secure.gravatar.com\/avatar\/94b18ee0ed79e4a42ea2f2931277b6841a8999fc6fde214600c78057cf1fe1de?s=96&d=mm&r=g","contentUrl":"https:\/\/secure.gravatar.com\/avatar\/94b18ee0ed79e4a42ea2f2931277b6841a8999fc6fde214600c78057cf1fe1de?s=96&d=mm&r=g","caption":"qs_admin"},"sameAs":["https:\/\/vosgesinfo.fr\/wp"],"url":"https:\/\/vosgesinfo.fr\/gerardmerinfo\/author\/qs_admin\/"}]}},"_links":{"self":[{"href":"https:\/\/vosgesinfo.fr\/gerardmerinfo\/wp-json\/wp\/v2\/posts\/38056","targetHints":{"allow":["GET"]}}],"collection":[{"href":"https:\/\/vosgesinfo.fr\/gerardmerinfo\/wp-json\/wp\/v2\/posts"}],"about":[{"href":"https:\/\/vosgesinfo.fr\/gerardmerinfo\/wp-json\/wp\/v2\/types\/post"}],"author":[{"embeddable":true,"href":"https:\/\/vosgesinfo.fr\/gerardmerinfo\/wp-json\/wp\/v2\/users\/1"}],"replies":[{"embeddable":true,"href":"https:\/\/vosgesinfo.fr\/gerardmerinfo\/wp-json\/wp\/v2\/comments?post=38056"}],"version-history":[{"count":0,"href":"https:\/\/vosgesinfo.fr\/gerardmerinfo\/wp-json\/wp\/v2\/posts\/38056\/revisions"}],"wp:featuredmedia":[{"embeddable":true,"href":"https:\/\/vosgesinfo.fr\/gerardmerinfo\/wp-json\/wp\/v2\/media\/38057"}],"wp:attachment":[{"href":"https:\/\/vosgesinfo.fr\/gerardmerinfo\/wp-json\/wp\/v2\/media?parent=38056"}],"wp:term":[{"taxonomy":"category","embeddable":true,"href":"https:\/\/vosgesinfo.fr\/gerardmerinfo\/wp-json\/wp\/v2\/categories?post=38056"},{"taxonomy":"post_tag","embeddable":true,"href":"https:\/\/vosgesinfo.fr\/gerardmerinfo\/wp-json\/wp\/v2\/tags?post=38056"}],"curies":[{"name":"wp","href":"https:\/\/api.w.org\/{rel}","templated":true}]}}