{"id":38063,"date":"2018-11-22T17:03:40","date_gmt":"2018-11-22T16:03:40","guid":{"rendered":"https:\/\/vosgesinfo.fr\/gerardmerinfo\/2018\/11\/ligue-droits-de-lhomme-section-locale-donne-rendez-decembre\/"},"modified":"2018-11-22T17:03:40","modified_gmt":"2018-11-22T16:03:40","slug":"ligue-droits-de-lhomme-section-locale-donne-rendez-decembre","status":"publish","type":"post","link":"https:\/\/vosgesinfo.fr\/gerardmerinfo\/2018\/11\/ligue-droits-de-lhomme-section-locale-donne-rendez-decembre\/","title":{"rendered":"Ligue des Droits de l&rsquo;Homme : la section locale vous donne rendez-vous en d\u00e9cembre"},"content":{"rendered":"<p><a href=\"\/2018\/11\/LDH-1G-2018.jpg\"><img decoding=\"async\" class=\"aligncenter size-medium wp-image-138063\" src=\"\/2018\/11\/LDH-1G-2018-400x225.jpg\" alt=\"LDH 1G 2018\" width=\"400\" height=\"225\" \/><\/a><\/p>\n<h3>Les assises annuelles de la Ligue des Droits de l&rsquo;Homme se sont d\u00e9roul\u00e9es ce mercredi soir \u00e0 la Maison de la Montagne en pr\u00e9sence de l&rsquo;adjointe \u00e0 la solidarit\u00e9 et \u00e0 l\u2019action sociale Laurence Goujard.<\/h3>\n<p>L&rsquo;occasion de dresser un rapide bilan de l&rsquo;ann\u00e9e pass\u00e9e plac\u00e9e sous le signe des 120 ans et de se tourner vers 2018-2019 avec un premier rendez-vous \u00e0 ne pas manquer en d\u00e9cembre : une pi\u00e8ce de th\u00e9\u00e2tre propos\u00e9e par Asile 88, collectif de soutien aux migrants auquel se joindra pour l&rsquo;occasion la section locale de la SDH. Il s&rsquo;agira d&rsquo;une adaptation d&rsquo;un texte de Steinbeck, en l\u2019occurrence <em>Des souris et des hommes<\/em> qui est l&rsquo;une de ses \u0153uvres les plus connues avec<em> Les raisins de la col\u00e8re<\/em>. La recette de cette soir\u00e9e sera donc revers\u00e9e \u00e0 l&rsquo;aide aux migrants. La gratuit\u00e9 sera de mise pour les ch\u00f4meurs et les b\u00e9n\u00e9ficiaires du RSA et il est probable que l&rsquo;entr\u00e9e soit libre avec passage d&rsquo;un chapeau en fin de repr\u00e9sentation. Rendez-vous est donn\u00e9 le 15 d\u00e9cembre 2018 \u00e0 20 h 30 \u00e0 la salle Jeanne D&rsquo;Arc !<\/p>\n<p><a href=\"\/2018\/11\/les-ecrits-pour-la-fraternit\u00e9-2018-2019.jpg\"><img decoding=\"async\" class=\"alignright size-medium wp-image-138064\" src=\"\/2018\/11\/les-ecrits-pour-la-fraternit\u00e9-2018-2019-180x255.jpg\" alt=\"les ecrits pour la fraternit\u00e9 2018 2019\" width=\"180\" height=\"255\" \/><\/a>En 2019, la section locale participera \u00e0 nouveau aux Rescrits de la Fraternit\u00e9 organis\u00e9s au niveau national par la LDH. Cette ann\u00e9e le th\u00e8me tournera autour de l&rsquo;\u00e9galit\u00e9, \u00ab\u00a0tous diff\u00e9rents tous \u00e9gaux\u00a0\u00bb avec notamment cette phrase qui pourra servir de base de travail et de r\u00e9flexion aux enfants et aux ados participants : \u00ab\u00a0l&rsquo;\u00e9galit\u00e9 mes fr\u00e8res, n&rsquo;existe que dans les r\u00eaves mais je n&rsquo;abdique pas.\u00a0\u00bb Premi\u00e8re bonne nouvelle, des coll\u00e9giens du Thillot ont d\u00e9j\u00e0 r\u00e9pondu \u00e0 l&rsquo;appel de la section locale pour participer \u00e0 cette \u00e9dition et rejoindre dans l&rsquo;aventure les \u00e9coliers g\u00e9r\u00f4mois et leurs enseignants qui le souhaiteront. Enfin, la LDH sera \u00e9galement pr\u00e9sente \u00e0 la MCL le 2 d\u00e9cembre \u00e0 l&rsquo;occasion de la projection du film documentaire \u00ab\u00a0Libre\u00a0\u00bb r\u00e9alis\u00e9 par <a title=\"Michel Toesca\" href=\"https:\/\/fr.wikipedia.org\/wiki\/Michel_Toesca\">Michel Toesca<\/a> et consacr\u00e9 au combat de C\u00e9dric Harrou pour l&rsquo;accueil et la protection de migrants dans la vall\u00e9e de la Roya.<\/p>\n<p>Pour ce qui est de 2018, l&rsquo;ann\u00e9e aura \u00e9t\u00e9 notamment marqu\u00e9e par l&rsquo;anniversaire des 120 de la LDH avec localement une magnifique exposition en mairie de G\u00e9rardmer autour du legs Reinach. Cette exposition qui s&rsquo;inscrivait \u00e9galement dans le cadre des Journ\u00e9es du patrimoine \u00e9tait comment\u00e9e par Liliane Valenty et Alain Marchal qui avaient r\u00e9dig\u00e9 un petit livret \u00e0 cet effet. Cette initiative a re\u00e7u un tr\u00e8s bel accueil du public et la section tenait ainsi \u00e0 remercier la Ville pour son soutien et le pr\u00eat du Grand Salon qui a abrit\u00e9 cette exposition de toute beaut\u00e9 particuli\u00e8rement enrichissante.<\/p>\n<p>La LDH aura \u00e9galement \u00e9tait pr\u00e9sente lors de la manifestation en faveur de l&rsquo;Aquarius et a continu\u00e9 \u00e0 participer \u00e0 de nombreuses actions en faveur des migrants, m\u00eame s&rsquo;il r\u00e8gne \u00ab\u00a0<em>un sentiment d&rsquo;impuissance face aux tergiversations des pays d\u00e9velopp\u00e9s pour accueillir ou tout simplement aider<\/em>\u00a0\u00bb les populations migrantes. \u00ab\u00a0L&rsquo;\u00e9tat des lieux actuel est catastrophique ! avec des migrants en danger, les droits de l&rsquo;enfant qui ne sont pas respect\u00e9s avec notamment une convention au niveau du Droit Europ\u00e9en qui est bafou\u00e9e\u00a0\u00bb pr\u00e9cise la pr\u00e9sidente de la section Mich\u00e8le Perrin. Une section qui continuera donc \u00e0 combattre \u00ab\u00a0car si le citoyen ne peut plus rien dire, son devoir est de combattre !\u00a0\u00bb Elle invite donc toutes celles et ceux qui le souhaitent \u00e0 la rejoindre, et accueillera \u00e0 bars ouverts les jeunes adh\u00e9rents. \u00ab\u00a0La LDH doit rester le phare de la pens\u00e9e la\u00efque et de l&rsquo;action qui en d\u00e9coule\u00a0\u00bb ajoutera Mich\u00e8le Perrin.<\/p>\n","protected":false},"excerpt":{"rendered":"<p>Les assises annuelles de la Ligue des Droits de l&rsquo;Homme se sont d\u00e9roul\u00e9es ce mercredi soir \u00e0 la Maison de [&hellip;]<\/p>\n","protected":false},"author":42,"featured_media":38064,"comment_status":"open","ping_status":"open","sticky":false,"template":"","format":"standard","meta":{"footnotes":""},"categories":[20,25,17],"tags":[2018],"class_list":["post-38063","post","type-post","status-publish","format-standard","has-post-thumbnail","hentry","category-a-la-une","category-gerardmer","category-vie-associative","tag-ldh"],"acf":[],"yoast_head":"<!-- This site is optimized with the Yoast SEO plugin v22.5 - https:\/\/yoast.com\/wordpress\/plugins\/seo\/ -->\n<title>Ligue des Droits de l&#039;Homme : la section locale vous donne rendez-vous en d\u00e9cembre - Gerardmer Info<\/title>\n<meta name=\"robots\" content=\"index, follow, max-snippet:-1, max-image-preview:large, max-video-preview:-1\" \/>\n<link rel=\"canonical\" href=\"https:\/\/vosgesinfo.fr\/gerardmerinfo\/2018\/11\/ligue-droits-de-lhomme-section-locale-donne-rendez-decembre\/\" \/>\n<meta name=\"twitter:card\" content=\"summary_large_image\" \/>\n<meta name=\"twitter:title\" content=\"Ligue des Droits de l&#039;Homme : la section locale vous donne rendez-vous en d\u00e9cembre - Gerardmer Info\" \/>\n<meta name=\"twitter:description\" content=\"Les assises annuelles de la Ligue des Droits de l&rsquo;Homme se sont d\u00e9roul\u00e9es ce mercredi soir \u00e0 la Maison de [&hellip;]\" \/>\n<meta name=\"twitter:image\" content=\"https:\/\/vosgesinfo.fr\/app\/uploads\/sites\/6\/2024\/07\/201811ldh-1g-2018.jpg\" \/>\n<meta name=\"twitter:creator\" content=\"@VosgesInfo88\" \/>\n<meta name=\"twitter:site\" content=\"@VosgesInfo88\" \/>\n<meta name=\"twitter:label1\" content=\"\u00c9crit par\" \/>\n\t<meta name=\"twitter:data1\" content=\"QG\" \/>\n\t<meta name=\"twitter:label2\" content=\"Dur\u00e9e de lecture estim\u00e9e\" \/>\n\t<meta name=\"twitter:data2\" content=\"3 minutes\" \/>\n<script type=\"application\/ld+json\" class=\"yoast-schema-graph\">{\"@context\":\"https:\/\/schema.org\",\"@graph\":[{\"@type\":\"Article\",\"@id\":\"https:\/\/vosgesinfo.fr\/gerardmerinfo\/2018\/11\/ligue-droits-de-lhomme-section-locale-donne-rendez-decembre\/#article\",\"isPartOf\":{\"@id\":\"https:\/\/vosgesinfo.fr\/gerardmerinfo\/2018\/11\/ligue-droits-de-lhomme-section-locale-donne-rendez-decembre\/\"},\"author\":{\"name\":\"QG\",\"@id\":\"https:\/\/vosgesinfo.fr\/gerardmerinfo\/#\/schema\/person\/db5605779a843dad16b5368f3e7613a5\"},\"headline\":\"Ligue des Droits de l&rsquo;Homme : la section locale vous donne rendez-vous en d\u00e9cembre\",\"datePublished\":\"2018-11-22T16:03:40+00:00\",\"dateModified\":\"2018-11-22T16:03:40+00:00\",\"mainEntityOfPage\":{\"@id\":\"https:\/\/vosgesinfo.fr\/gerardmerinfo\/2018\/11\/ligue-droits-de-lhomme-section-locale-donne-rendez-decembre\/\"},\"wordCount\":649,\"commentCount\":0,\"publisher\":{\"@id\":\"https:\/\/vosgesinfo.fr\/gerardmerinfo\/#organization\"},\"image\":{\"@id\":\"https:\/\/vosgesinfo.fr\/gerardmerinfo\/2018\/11\/ligue-droits-de-lhomme-section-locale-donne-rendez-decembre\/#primaryimage\"},\"thumbnailUrl\":\"https:\/\/vosgesinfo.fr\/app\/uploads\/sites\/6\/2024\/07\/201811ldh-1g-2018.jpg\",\"keywords\":[\"LDH\"],\"articleSection\":[\"A la une\",\"G\u00e9rardmer\",\"Vie Associative\"],\"inLanguage\":\"fr-FR\",\"potentialAction\":[{\"@type\":\"CommentAction\",\"name\":\"Comment\",\"target\":[\"https:\/\/vosgesinfo.fr\/gerardmerinfo\/2018\/11\/ligue-droits-de-lhomme-section-locale-donne-rendez-decembre\/#respond\"]}]},{\"@type\":\"WebPage\",\"@id\":\"https:\/\/vosgesinfo.fr\/gerardmerinfo\/2018\/11\/ligue-droits-de-lhomme-section-locale-donne-rendez-decembre\/\",\"url\":\"https:\/\/vosgesinfo.fr\/gerardmerinfo\/2018\/11\/ligue-droits-de-lhomme-section-locale-donne-rendez-decembre\/\",\"name\":\"Ligue des Droits de l'Homme : la section locale vous donne rendez-vous en d\u00e9cembre - Gerardmer Info\",\"isPartOf\":{\"@id\":\"https:\/\/vosgesinfo.fr\/gerardmerinfo\/#website\"},\"primaryImageOfPage\":{\"@id\":\"https:\/\/vosgesinfo.fr\/gerardmerinfo\/2018\/11\/ligue-droits-de-lhomme-section-locale-donne-rendez-decembre\/#primaryimage\"},\"image\":{\"@id\":\"https:\/\/vosgesinfo.fr\/gerardmerinfo\/2018\/11\/ligue-droits-de-lhomme-section-locale-donne-rendez-decembre\/#primaryimage\"},\"thumbnailUrl\":\"https:\/\/vosgesinfo.fr\/app\/uploads\/sites\/6\/2024\/07\/201811ldh-1g-2018.jpg\",\"datePublished\":\"2018-11-22T16:03:40+00:00\",\"dateModified\":\"2018-11-22T16:03:40+00:00\",\"breadcrumb\":{\"@id\":\"https:\/\/vosgesinfo.fr\/gerardmerinfo\/2018\/11\/ligue-droits-de-lhomme-section-locale-donne-rendez-decembre\/#breadcrumb\"},\"inLanguage\":\"fr-FR\",\"potentialAction\":[{\"@type\":\"ReadAction\",\"target\":[\"https:\/\/vosgesinfo.fr\/gerardmerinfo\/2018\/11\/ligue-droits-de-lhomme-section-locale-donne-rendez-decembre\/\"]}]},{\"@type\":\"ImageObject\",\"inLanguage\":\"fr-FR\",\"@id\":\"https:\/\/vosgesinfo.fr\/gerardmerinfo\/2018\/11\/ligue-droits-de-lhomme-section-locale-donne-rendez-decembre\/#primaryimage\",\"url\":\"https:\/\/vosgesinfo.fr\/app\/uploads\/sites\/6\/2024\/07\/201811ldh-1g-2018.jpg\",\"contentUrl\":\"https:\/\/vosgesinfo.fr\/app\/uploads\/sites\/6\/2024\/07\/201811ldh-1g-2018.jpg\",\"width\":800,\"height\":450},{\"@type\":\"BreadcrumbList\",\"@id\":\"https:\/\/vosgesinfo.fr\/gerardmerinfo\/2018\/11\/ligue-droits-de-lhomme-section-locale-donne-rendez-decembre\/#breadcrumb\",\"itemListElement\":[{\"@type\":\"ListItem\",\"position\":1,\"name\":\"Home\",\"item\":\"https:\/\/vosgesinfo.fr\/gerardmerinfo\/\"},{\"@type\":\"ListItem\",\"position\":2,\"name\":\"Ligue des Droits de l&rsquo;Homme : la section locale vous donne rendez-vous en d\u00e9cembre\"}]},{\"@type\":\"WebSite\",\"@id\":\"https:\/\/vosgesinfo.fr\/gerardmerinfo\/#website\",\"url\":\"https:\/\/vosgesinfo.fr\/gerardmerinfo\/\",\"name\":\"Gerardmer Info\",\"description\":\"Toute l&#039;actualit\u00e9 de G\u00e9rardmer\",\"publisher\":{\"@id\":\"https:\/\/vosgesinfo.fr\/gerardmerinfo\/#organization\"},\"alternateName\":\"Toute l'actualit\u00e9 de G\u00e9rardmer\",\"potentialAction\":[{\"@type\":\"SearchAction\",\"target\":{\"@type\":\"EntryPoint\",\"urlTemplate\":\"https:\/\/vosgesinfo.fr\/gerardmerinfo\/?s={search_term_string}\"},\"query-input\":\"required name=search_term_string\"}],\"inLanguage\":\"fr-FR\"},{\"@type\":\"Organization\",\"@id\":\"https:\/\/vosgesinfo.fr\/gerardmerinfo\/#organization\",\"name\":\"Gerardmer Info\",\"url\":\"https:\/\/vosgesinfo.fr\/gerardmerinfo\/\",\"logo\":{\"@type\":\"ImageObject\",\"inLanguage\":\"fr-FR\",\"@id\":\"https:\/\/vosgesinfo.fr\/gerardmerinfo\/#\/schema\/logo\/image\/\",\"url\":\"https:\/\/vosgesinfo.fr\/app\/uploads\/sites\/6\/2023\/08\/favicon-gerardmerinfo.png\",\"contentUrl\":\"https:\/\/vosgesinfo.fr\/app\/uploads\/sites\/6\/2023\/08\/favicon-gerardmerinfo.png\",\"width\":512,\"height\":512,\"caption\":\"Gerardmer Info\"},\"image\":{\"@id\":\"https:\/\/vosgesinfo.fr\/gerardmerinfo\/#\/schema\/logo\/image\/\"},\"sameAs\":[\"https:\/\/www.facebook.com\/profile.php?id=100049475262660\",\"https:\/\/x.com\/VosgesInfo88\",\"https:\/\/www.youtube.com\/@vosgesinfo\"]},{\"@type\":\"Person\",\"@id\":\"https:\/\/vosgesinfo.fr\/gerardmerinfo\/#\/schema\/person\/db5605779a843dad16b5368f3e7613a5\",\"name\":\"QG\",\"image\":{\"@type\":\"ImageObject\",\"inLanguage\":\"fr-FR\",\"@id\":\"https:\/\/vosgesinfo.fr\/gerardmerinfo\/#\/schema\/person\/image\/\",\"url\":\"https:\/\/secure.gravatar.com\/avatar\/ea80c42c204b534408512832fde52504ecabb9706bcb6151cf6175e5b64e6793?s=96&d=mm&r=g\",\"contentUrl\":\"https:\/\/secure.gravatar.com\/avatar\/ea80c42c204b534408512832fde52504ecabb9706bcb6151cf6175e5b64e6793?s=96&d=mm&r=g\",\"caption\":\"QG\"},\"url\":\"https:\/\/vosgesinfo.fr\/gerardmerinfo\/author\/quentin88\/\"}]}<\/script>\n<!-- \/ Yoast SEO plugin. -->","yoast_head_json":{"title":"Ligue des Droits de l'Homme : la section locale vous donne rendez-vous en d\u00e9cembre - Gerardmer Info","robots":{"index":"index","follow":"follow","max-snippet":"max-snippet:-1","max-image-preview":"max-image-preview:large","max-video-preview":"max-video-preview:-1"},"canonical":"https:\/\/vosgesinfo.fr\/gerardmerinfo\/2018\/11\/ligue-droits-de-lhomme-section-locale-donne-rendez-decembre\/","twitter_card":"summary_large_image","twitter_title":"Ligue des Droits de l'Homme : la section locale vous donne rendez-vous en d\u00e9cembre - Gerardmer Info","twitter_description":"Les assises annuelles de la Ligue des Droits de l&rsquo;Homme se sont d\u00e9roul\u00e9es ce mercredi soir \u00e0 la Maison de [&hellip;]","twitter_image":"https:\/\/vosgesinfo.fr\/app\/uploads\/sites\/6\/2024\/07\/201811ldh-1g-2018.jpg","twitter_creator":"@VosgesInfo88","twitter_site":"@VosgesInfo88","twitter_misc":{"\u00c9crit par":"QG","Dur\u00e9e de lecture estim\u00e9e":"3 minutes"},"schema":{"@context":"https:\/\/schema.org","@graph":[{"@type":"Article","@id":"https:\/\/vosgesinfo.fr\/gerardmerinfo\/2018\/11\/ligue-droits-de-lhomme-section-locale-donne-rendez-decembre\/#article","isPartOf":{"@id":"https:\/\/vosgesinfo.fr\/gerardmerinfo\/2018\/11\/ligue-droits-de-lhomme-section-locale-donne-rendez-decembre\/"},"author":{"name":"QG","@id":"https:\/\/vosgesinfo.fr\/gerardmerinfo\/#\/schema\/person\/db5605779a843dad16b5368f3e7613a5"},"headline":"Ligue des Droits de l&rsquo;Homme : la section locale vous donne rendez-vous en d\u00e9cembre","datePublished":"2018-11-22T16:03:40+00:00","dateModified":"2018-11-22T16:03:40+00:00","mainEntityOfPage":{"@id":"https:\/\/vosgesinfo.fr\/gerardmerinfo\/2018\/11\/ligue-droits-de-lhomme-section-locale-donne-rendez-decembre\/"},"wordCount":649,"commentCount":0,"publisher":{"@id":"https:\/\/vosgesinfo.fr\/gerardmerinfo\/#organization"},"image":{"@id":"https:\/\/vosgesinfo.fr\/gerardmerinfo\/2018\/11\/ligue-droits-de-lhomme-section-locale-donne-rendez-decembre\/#primaryimage"},"thumbnailUrl":"https:\/\/vosgesinfo.fr\/app\/uploads\/sites\/6\/2024\/07\/201811ldh-1g-2018.jpg","keywords":["LDH"],"articleSection":["A la une","G\u00e9rardmer","Vie Associative"],"inLanguage":"fr-FR","potentialAction":[{"@type":"CommentAction","name":"Comment","target":["https:\/\/vosgesinfo.fr\/gerardmerinfo\/2018\/11\/ligue-droits-de-lhomme-section-locale-donne-rendez-decembre\/#respond"]}]},{"@type":"WebPage","@id":"https:\/\/vosgesinfo.fr\/gerardmerinfo\/2018\/11\/ligue-droits-de-lhomme-section-locale-donne-rendez-decembre\/","url":"https:\/\/vosgesinfo.fr\/gerardmerinfo\/2018\/11\/ligue-droits-de-lhomme-section-locale-donne-rendez-decembre\/","name":"Ligue des Droits de l'Homme : la section locale vous donne rendez-vous en d\u00e9cembre - Gerardmer Info","isPartOf":{"@id":"https:\/\/vosgesinfo.fr\/gerardmerinfo\/#website"},"primaryImageOfPage":{"@id":"https:\/\/vosgesinfo.fr\/gerardmerinfo\/2018\/11\/ligue-droits-de-lhomme-section-locale-donne-rendez-decembre\/#primaryimage"},"image":{"@id":"https:\/\/vosgesinfo.fr\/gerardmerinfo\/2018\/11\/ligue-droits-de-lhomme-section-locale-donne-rendez-decembre\/#primaryimage"},"thumbnailUrl":"https:\/\/vosgesinfo.fr\/app\/uploads\/sites\/6\/2024\/07\/201811ldh-1g-2018.jpg","datePublished":"2018-11-22T16:03:40+00:00","dateModified":"2018-11-22T16:03:40+00:00","breadcrumb":{"@id":"https:\/\/vosgesinfo.fr\/gerardmerinfo\/2018\/11\/ligue-droits-de-lhomme-section-locale-donne-rendez-decembre\/#breadcrumb"},"inLanguage":"fr-FR","potentialAction":[{"@type":"ReadAction","target":["https:\/\/vosgesinfo.fr\/gerardmerinfo\/2018\/11\/ligue-droits-de-lhomme-section-locale-donne-rendez-decembre\/"]}]},{"@type":"ImageObject","inLanguage":"fr-FR","@id":"https:\/\/vosgesinfo.fr\/gerardmerinfo\/2018\/11\/ligue-droits-de-lhomme-section-locale-donne-rendez-decembre\/#primaryimage","url":"https:\/\/vosgesinfo.fr\/app\/uploads\/sites\/6\/2024\/07\/201811ldh-1g-2018.jpg","contentUrl":"https:\/\/vosgesinfo.fr\/app\/uploads\/sites\/6\/2024\/07\/201811ldh-1g-2018.jpg","width":800,"height":450},{"@type":"BreadcrumbList","@id":"https:\/\/vosgesinfo.fr\/gerardmerinfo\/2018\/11\/ligue-droits-de-lhomme-section-locale-donne-rendez-decembre\/#breadcrumb","itemListElement":[{"@type":"ListItem","position":1,"name":"Home","item":"https:\/\/vosgesinfo.fr\/gerardmerinfo\/"},{"@type":"ListItem","position":2,"name":"Ligue des Droits de l&rsquo;Homme : la section locale vous donne rendez-vous en d\u00e9cembre"}]},{"@type":"WebSite","@id":"https:\/\/vosgesinfo.fr\/gerardmerinfo\/#website","url":"https:\/\/vosgesinfo.fr\/gerardmerinfo\/","name":"Gerardmer Info","description":"Toute l&#039;actualit\u00e9 de G\u00e9rardmer","publisher":{"@id":"https:\/\/vosgesinfo.fr\/gerardmerinfo\/#organization"},"alternateName":"Toute l'actualit\u00e9 de G\u00e9rardmer","potentialAction":[{"@type":"SearchAction","target":{"@type":"EntryPoint","urlTemplate":"https:\/\/vosgesinfo.fr\/gerardmerinfo\/?s={search_term_string}"},"query-input":"required name=search_term_string"}],"inLanguage":"fr-FR"},{"@type":"Organization","@id":"https:\/\/vosgesinfo.fr\/gerardmerinfo\/#organization","name":"Gerardmer Info","url":"https:\/\/vosgesinfo.fr\/gerardmerinfo\/","logo":{"@type":"ImageObject","inLanguage":"fr-FR","@id":"https:\/\/vosgesinfo.fr\/gerardmerinfo\/#\/schema\/logo\/image\/","url":"https:\/\/vosgesinfo.fr\/app\/uploads\/sites\/6\/2023\/08\/favicon-gerardmerinfo.png","contentUrl":"https:\/\/vosgesinfo.fr\/app\/uploads\/sites\/6\/2023\/08\/favicon-gerardmerinfo.png","width":512,"height":512,"caption":"Gerardmer Info"},"image":{"@id":"https:\/\/vosgesinfo.fr\/gerardmerinfo\/#\/schema\/logo\/image\/"},"sameAs":["https:\/\/www.facebook.com\/profile.php?id=100049475262660","https:\/\/x.com\/VosgesInfo88","https:\/\/www.youtube.com\/@vosgesinfo"]},{"@type":"Person","@id":"https:\/\/vosgesinfo.fr\/gerardmerinfo\/#\/schema\/person\/db5605779a843dad16b5368f3e7613a5","name":"QG","image":{"@type":"ImageObject","inLanguage":"fr-FR","@id":"https:\/\/vosgesinfo.fr\/gerardmerinfo\/#\/schema\/person\/image\/","url":"https:\/\/secure.gravatar.com\/avatar\/ea80c42c204b534408512832fde52504ecabb9706bcb6151cf6175e5b64e6793?s=96&d=mm&r=g","contentUrl":"https:\/\/secure.gravatar.com\/avatar\/ea80c42c204b534408512832fde52504ecabb9706bcb6151cf6175e5b64e6793?s=96&d=mm&r=g","caption":"QG"},"url":"https:\/\/vosgesinfo.fr\/gerardmerinfo\/author\/quentin88\/"}]}},"_links":{"self":[{"href":"https:\/\/vosgesinfo.fr\/gerardmerinfo\/wp-json\/wp\/v2\/posts\/38063","targetHints":{"allow":["GET"]}}],"collection":[{"href":"https:\/\/vosgesinfo.fr\/gerardmerinfo\/wp-json\/wp\/v2\/posts"}],"about":[{"href":"https:\/\/vosgesinfo.fr\/gerardmerinfo\/wp-json\/wp\/v2\/types\/post"}],"author":[{"embeddable":true,"href":"https:\/\/vosgesinfo.fr\/gerardmerinfo\/wp-json\/wp\/v2\/users\/42"}],"replies":[{"embeddable":true,"href":"https:\/\/vosgesinfo.fr\/gerardmerinfo\/wp-json\/wp\/v2\/comments?post=38063"}],"version-history":[{"count":0,"href":"https:\/\/vosgesinfo.fr\/gerardmerinfo\/wp-json\/wp\/v2\/posts\/38063\/revisions"}],"wp:featuredmedia":[{"embeddable":true,"href":"https:\/\/vosgesinfo.fr\/gerardmerinfo\/wp-json\/wp\/v2\/media\/38064"}],"wp:attachment":[{"href":"https:\/\/vosgesinfo.fr\/gerardmerinfo\/wp-json\/wp\/v2\/media?parent=38063"}],"wp:term":[{"taxonomy":"category","embeddable":true,"href":"https:\/\/vosgesinfo.fr\/gerardmerinfo\/wp-json\/wp\/v2\/categories?post=38063"},{"taxonomy":"post_tag","embeddable":true,"href":"https:\/\/vosgesinfo.fr\/gerardmerinfo\/wp-json\/wp\/v2\/tags?post=38063"}],"curies":[{"name":"wp","href":"https:\/\/api.w.org\/{rel}","templated":true}]}}