{"id":38075,"date":"2018-11-22T17:02:38","date_gmt":"2018-11-22T16:02:38","guid":{"rendered":"https:\/\/vosgesinfo.fr\/gerardmerinfo\/2018\/11\/anciens-sapeurs-a-lhonneur\/"},"modified":"2018-11-22T17:02:38","modified_gmt":"2018-11-22T16:02:38","slug":"anciens-sapeurs-a-lhonneur","status":"publish","type":"post","link":"https:\/\/vosgesinfo.fr\/gerardmerinfo\/2018\/11\/anciens-sapeurs-a-lhonneur\/","title":{"rendered":"Les anciens sapeurs \u00e0 l&rsquo;honneur"},"content":{"rendered":"<p><a href=\"\/2018\/11\/anciens-sapeurs-g\u00e9rardmer.jpg\"><img decoding=\"async\" class=\"aligncenter size-full wp-image-138096\" src=\"\/2018\/11\/anciens-sapeurs-g\u00e9rardmer.jpg\" alt=\"anciens sapeurs g\u00e9rardmer\" width=\"800\" height=\"450\" \/><\/a><\/p>\n<h3>C&rsquo;est une initiative qui tenait tout particuli\u00e8rement \u00e0 c\u0153ur au Lieutenant Yvan Hertzbischoff et \u00e0 la caserne g\u00e9r\u00f4moise : ce jeudi, 7 anciens sapeurs ont re\u00e7u une tenue sp\u00e9cifique qu&rsquo;ils pourront porter lors des c\u00e9r\u00e9monies officielles ou lors de leur tourn\u00e9e annuelle d\u00e9di\u00e9e \u00e0 la vente des calendriers.<\/h3>\n<p>Ce blouson, qui est le m\u00eame pour tous les anciens sapeurs de France, a \u00e9t\u00e9 financ\u00e9 par les r\u00e9cipiendaires qui le souhaitaient avec l&rsquo;aide de l&rsquo;amicale des pompiers de G\u00e9rardmer. \u00ab\u00a0On y tenait, c&rsquo;est vrai qu&rsquo;on met souvent \u00e0 l&rsquo;honneur les jeunes sapeurs pompiers, c&rsquo;est bien de penser un peu aux anciens\u00a0\u00bb pr\u00e9cisait le chef de centre Hertzbischoff. Des propos repris par Michel Sonrel, responsable des anciens sapeurs de la Perle des Vosges : \u00ab\u00a0C&rsquo;est une petite reconnaissance au niveau national et au sein de la caserne pour les anciens, \u00e7a fait plaisir de voir que depuis plusieurs ann\u00e9es maintenant on pense toujours \u00e0 nous et que notre engagement est reconnu.\u00a0\u00bb<\/p>\n<p><a href=\"\/2018\/11\/anciens-sapeurs-blouson-G\u00e9rardmer-1.jpg\"><img decoding=\"async\" class=\"alignright size-medium wp-image-138094\" src=\"\/2018\/11\/anciens-sapeurs-blouson-G\u00e9rardmer-1-400x225.jpg\" alt=\"anciens sapeurs blouson G\u00e9rardmer (1)\" width=\"400\" height=\"225\" \/><\/a>Des anciens qui sont souvent toujours impliqu\u00e9s dans la vie de la caserne et qui peuvent m\u00eame \u00eatre appel\u00e9s pour g\u00e9rer les phases d&rsquo;apr\u00e8s sinistre dans le cadre de la R\u00e9serve D\u00e9partementale de S\u00e9curit\u00e9 Civile. Rappelons que la Ville de G\u00e9rardmer fait partie des toutes premi\u00e8res communes \u00e0 avoir sign\u00e9 une convention avec le SDIS pour officialiser ce type de recours. Et pour en revenir aux fameux calendriers, sachez que la p\u00e9riode approche \u00e0 grands pas et que vous allez sans doute accueillir quelques anciens qui s&rsquo;occupent toujours de la vente, vous pourrez ainsi facilement les identifier car ils portent un \u00e9cusson reconnaissable sur leur blouson.<\/p>\n<p><strong>Les r\u00e9cipiendaires :<\/strong><\/p>\n<p><a href=\"\/2018\/11\/anciens-sapeurs-blouson-G\u00e9rardmer-2.jpg\"><img decoding=\"async\" class=\"alignright size-medium wp-image-138095\" src=\"\/2018\/11\/anciens-sapeurs-blouson-G\u00e9rardmer-2-400x225.jpg\" alt=\"anciens sapeurs blouson G\u00e9rardmer (2)\" width=\"400\" height=\"225\" \/><\/a>Jacques Barbeaud<\/p>\n<p>Patrick Courtais<\/p>\n<p>Guy Gilbertz<\/p>\n<p>Charles Herrmann<\/p>\n<p>Bernard Jacquel<\/p>\n<p>Jean-Marie Jacquel<\/p>\n<p>Michel Sonrel<\/p>\n","protected":false},"excerpt":{"rendered":"<p>C&rsquo;est une initiative qui tenait tout particuli\u00e8rement \u00e0 c\u0153ur au Lieutenant Yvan Hertzbischoff et \u00e0 la caserne g\u00e9r\u00f4moise : ce [&hellip;]<\/p>\n","protected":false},"author":42,"featured_media":38076,"comment_status":"open","ping_status":"open","sticky":false,"template":"","format":"standard","meta":{"footnotes":""},"categories":[20,25,17],"tags":[621],"class_list":["post-38075","post","type-post","status-publish","format-standard","has-post-thumbnail","hentry","category-a-la-une","category-gerardmer","category-vie-associative","tag-sapeurs-pompiers"],"acf":[],"yoast_head":"<!-- This site is optimized with the Yoast SEO plugin v22.5 - https:\/\/yoast.com\/wordpress\/plugins\/seo\/ -->\n<title>Les anciens sapeurs \u00e0 l&#039;honneur - Gerardmer Info<\/title>\n<meta name=\"robots\" content=\"index, follow, max-snippet:-1, max-image-preview:large, max-video-preview:-1\" \/>\n<link rel=\"canonical\" href=\"https:\/\/vosgesinfo.fr\/gerardmerinfo\/2018\/11\/anciens-sapeurs-a-lhonneur\/\" \/>\n<meta name=\"twitter:card\" content=\"summary_large_image\" \/>\n<meta name=\"twitter:title\" content=\"Les anciens sapeurs \u00e0 l&#039;honneur - Gerardmer Info\" \/>\n<meta name=\"twitter:description\" content=\"C&rsquo;est une initiative qui tenait tout particuli\u00e8rement \u00e0 c\u0153ur au Lieutenant Yvan Hertzbischoff et \u00e0 la caserne g\u00e9r\u00f4moise : ce [&hellip;]\" \/>\n<meta name=\"twitter:image\" content=\"https:\/\/vosgesinfo.fr\/app\/uploads\/sites\/6\/2024\/07\/201811anciens-sapeurs-gerardmer.jpg\" \/>\n<meta name=\"twitter:creator\" content=\"@VosgesInfo88\" \/>\n<meta name=\"twitter:site\" content=\"@VosgesInfo88\" \/>\n<meta name=\"twitter:label1\" content=\"\u00c9crit par\" \/>\n\t<meta name=\"twitter:data1\" content=\"QG\" \/>\n\t<meta name=\"twitter:label2\" content=\"Dur\u00e9e de lecture estim\u00e9e\" \/>\n\t<meta name=\"twitter:data2\" content=\"1 minute\" \/>\n<script type=\"application\/ld+json\" class=\"yoast-schema-graph\">{\"@context\":\"https:\/\/schema.org\",\"@graph\":[{\"@type\":\"Article\",\"@id\":\"https:\/\/vosgesinfo.fr\/gerardmerinfo\/2018\/11\/anciens-sapeurs-a-lhonneur\/#article\",\"isPartOf\":{\"@id\":\"https:\/\/vosgesinfo.fr\/gerardmerinfo\/2018\/11\/anciens-sapeurs-a-lhonneur\/\"},\"author\":{\"name\":\"QG\",\"@id\":\"https:\/\/vosgesinfo.fr\/gerardmerinfo\/#\/schema\/person\/db5605779a843dad16b5368f3e7613a5\"},\"headline\":\"Les anciens sapeurs \u00e0 l&rsquo;honneur\",\"datePublished\":\"2018-11-22T16:02:38+00:00\",\"dateModified\":\"2018-11-22T16:02:38+00:00\",\"mainEntityOfPage\":{\"@id\":\"https:\/\/vosgesinfo.fr\/gerardmerinfo\/2018\/11\/anciens-sapeurs-a-lhonneur\/\"},\"wordCount\":315,\"commentCount\":0,\"publisher\":{\"@id\":\"https:\/\/vosgesinfo.fr\/gerardmerinfo\/#organization\"},\"image\":{\"@id\":\"https:\/\/vosgesinfo.fr\/gerardmerinfo\/2018\/11\/anciens-sapeurs-a-lhonneur\/#primaryimage\"},\"thumbnailUrl\":\"https:\/\/vosgesinfo.fr\/app\/uploads\/sites\/6\/2024\/07\/201811anciens-sapeurs-gerardmer.jpg\",\"keywords\":[\"sapeurs pompiers\"],\"articleSection\":[\"A la une\",\"G\u00e9rardmer\",\"Vie Associative\"],\"inLanguage\":\"fr-FR\",\"potentialAction\":[{\"@type\":\"CommentAction\",\"name\":\"Comment\",\"target\":[\"https:\/\/vosgesinfo.fr\/gerardmerinfo\/2018\/11\/anciens-sapeurs-a-lhonneur\/#respond\"]}]},{\"@type\":\"WebPage\",\"@id\":\"https:\/\/vosgesinfo.fr\/gerardmerinfo\/2018\/11\/anciens-sapeurs-a-lhonneur\/\",\"url\":\"https:\/\/vosgesinfo.fr\/gerardmerinfo\/2018\/11\/anciens-sapeurs-a-lhonneur\/\",\"name\":\"Les anciens sapeurs \u00e0 l'honneur - Gerardmer Info\",\"isPartOf\":{\"@id\":\"https:\/\/vosgesinfo.fr\/gerardmerinfo\/#website\"},\"primaryImageOfPage\":{\"@id\":\"https:\/\/vosgesinfo.fr\/gerardmerinfo\/2018\/11\/anciens-sapeurs-a-lhonneur\/#primaryimage\"},\"image\":{\"@id\":\"https:\/\/vosgesinfo.fr\/gerardmerinfo\/2018\/11\/anciens-sapeurs-a-lhonneur\/#primaryimage\"},\"thumbnailUrl\":\"https:\/\/vosgesinfo.fr\/app\/uploads\/sites\/6\/2024\/07\/201811anciens-sapeurs-gerardmer.jpg\",\"datePublished\":\"2018-11-22T16:02:38+00:00\",\"dateModified\":\"2018-11-22T16:02:38+00:00\",\"breadcrumb\":{\"@id\":\"https:\/\/vosgesinfo.fr\/gerardmerinfo\/2018\/11\/anciens-sapeurs-a-lhonneur\/#breadcrumb\"},\"inLanguage\":\"fr-FR\",\"potentialAction\":[{\"@type\":\"ReadAction\",\"target\":[\"https:\/\/vosgesinfo.fr\/gerardmerinfo\/2018\/11\/anciens-sapeurs-a-lhonneur\/\"]}]},{\"@type\":\"ImageObject\",\"inLanguage\":\"fr-FR\",\"@id\":\"https:\/\/vosgesinfo.fr\/gerardmerinfo\/2018\/11\/anciens-sapeurs-a-lhonneur\/#primaryimage\",\"url\":\"https:\/\/vosgesinfo.fr\/app\/uploads\/sites\/6\/2024\/07\/201811anciens-sapeurs-gerardmer.jpg\",\"contentUrl\":\"https:\/\/vosgesinfo.fr\/app\/uploads\/sites\/6\/2024\/07\/201811anciens-sapeurs-gerardmer.jpg\",\"width\":800,\"height\":450},{\"@type\":\"BreadcrumbList\",\"@id\":\"https:\/\/vosgesinfo.fr\/gerardmerinfo\/2018\/11\/anciens-sapeurs-a-lhonneur\/#breadcrumb\",\"itemListElement\":[{\"@type\":\"ListItem\",\"position\":1,\"name\":\"Home\",\"item\":\"https:\/\/vosgesinfo.fr\/gerardmerinfo\/\"},{\"@type\":\"ListItem\",\"position\":2,\"name\":\"Les anciens sapeurs \u00e0 l&rsquo;honneur\"}]},{\"@type\":\"WebSite\",\"@id\":\"https:\/\/vosgesinfo.fr\/gerardmerinfo\/#website\",\"url\":\"https:\/\/vosgesinfo.fr\/gerardmerinfo\/\",\"name\":\"Gerardmer Info\",\"description\":\"Toute l&#039;actualit\u00e9 de G\u00e9rardmer\",\"publisher\":{\"@id\":\"https:\/\/vosgesinfo.fr\/gerardmerinfo\/#organization\"},\"alternateName\":\"Toute l'actualit\u00e9 de G\u00e9rardmer\",\"potentialAction\":[{\"@type\":\"SearchAction\",\"target\":{\"@type\":\"EntryPoint\",\"urlTemplate\":\"https:\/\/vosgesinfo.fr\/gerardmerinfo\/?s={search_term_string}\"},\"query-input\":\"required name=search_term_string\"}],\"inLanguage\":\"fr-FR\"},{\"@type\":\"Organization\",\"@id\":\"https:\/\/vosgesinfo.fr\/gerardmerinfo\/#organization\",\"name\":\"Gerardmer Info\",\"url\":\"https:\/\/vosgesinfo.fr\/gerardmerinfo\/\",\"logo\":{\"@type\":\"ImageObject\",\"inLanguage\":\"fr-FR\",\"@id\":\"https:\/\/vosgesinfo.fr\/gerardmerinfo\/#\/schema\/logo\/image\/\",\"url\":\"https:\/\/vosgesinfo.fr\/app\/uploads\/sites\/6\/2023\/08\/favicon-gerardmerinfo.png\",\"contentUrl\":\"https:\/\/vosgesinfo.fr\/app\/uploads\/sites\/6\/2023\/08\/favicon-gerardmerinfo.png\",\"width\":512,\"height\":512,\"caption\":\"Gerardmer Info\"},\"image\":{\"@id\":\"https:\/\/vosgesinfo.fr\/gerardmerinfo\/#\/schema\/logo\/image\/\"},\"sameAs\":[\"https:\/\/www.facebook.com\/profile.php?id=100049475262660\",\"https:\/\/x.com\/VosgesInfo88\",\"https:\/\/www.youtube.com\/@vosgesinfo\"]},{\"@type\":\"Person\",\"@id\":\"https:\/\/vosgesinfo.fr\/gerardmerinfo\/#\/schema\/person\/db5605779a843dad16b5368f3e7613a5\",\"name\":\"QG\",\"image\":{\"@type\":\"ImageObject\",\"inLanguage\":\"fr-FR\",\"@id\":\"https:\/\/vosgesinfo.fr\/gerardmerinfo\/#\/schema\/person\/image\/\",\"url\":\"https:\/\/secure.gravatar.com\/avatar\/ea80c42c204b534408512832fde52504ecabb9706bcb6151cf6175e5b64e6793?s=96&d=mm&r=g\",\"contentUrl\":\"https:\/\/secure.gravatar.com\/avatar\/ea80c42c204b534408512832fde52504ecabb9706bcb6151cf6175e5b64e6793?s=96&d=mm&r=g\",\"caption\":\"QG\"},\"url\":\"https:\/\/vosgesinfo.fr\/gerardmerinfo\/author\/quentin88\/\"}]}<\/script>\n<!-- \/ Yoast SEO plugin. -->","yoast_head_json":{"title":"Les anciens sapeurs \u00e0 l'honneur - Gerardmer Info","robots":{"index":"index","follow":"follow","max-snippet":"max-snippet:-1","max-image-preview":"max-image-preview:large","max-video-preview":"max-video-preview:-1"},"canonical":"https:\/\/vosgesinfo.fr\/gerardmerinfo\/2018\/11\/anciens-sapeurs-a-lhonneur\/","twitter_card":"summary_large_image","twitter_title":"Les anciens sapeurs \u00e0 l'honneur - Gerardmer Info","twitter_description":"C&rsquo;est une initiative qui tenait tout particuli\u00e8rement \u00e0 c\u0153ur au Lieutenant Yvan Hertzbischoff et \u00e0 la caserne g\u00e9r\u00f4moise : ce [&hellip;]","twitter_image":"https:\/\/vosgesinfo.fr\/app\/uploads\/sites\/6\/2024\/07\/201811anciens-sapeurs-gerardmer.jpg","twitter_creator":"@VosgesInfo88","twitter_site":"@VosgesInfo88","twitter_misc":{"\u00c9crit par":"QG","Dur\u00e9e de lecture estim\u00e9e":"1 minute"},"schema":{"@context":"https:\/\/schema.org","@graph":[{"@type":"Article","@id":"https:\/\/vosgesinfo.fr\/gerardmerinfo\/2018\/11\/anciens-sapeurs-a-lhonneur\/#article","isPartOf":{"@id":"https:\/\/vosgesinfo.fr\/gerardmerinfo\/2018\/11\/anciens-sapeurs-a-lhonneur\/"},"author":{"name":"QG","@id":"https:\/\/vosgesinfo.fr\/gerardmerinfo\/#\/schema\/person\/db5605779a843dad16b5368f3e7613a5"},"headline":"Les anciens sapeurs \u00e0 l&rsquo;honneur","datePublished":"2018-11-22T16:02:38+00:00","dateModified":"2018-11-22T16:02:38+00:00","mainEntityOfPage":{"@id":"https:\/\/vosgesinfo.fr\/gerardmerinfo\/2018\/11\/anciens-sapeurs-a-lhonneur\/"},"wordCount":315,"commentCount":0,"publisher":{"@id":"https:\/\/vosgesinfo.fr\/gerardmerinfo\/#organization"},"image":{"@id":"https:\/\/vosgesinfo.fr\/gerardmerinfo\/2018\/11\/anciens-sapeurs-a-lhonneur\/#primaryimage"},"thumbnailUrl":"https:\/\/vosgesinfo.fr\/app\/uploads\/sites\/6\/2024\/07\/201811anciens-sapeurs-gerardmer.jpg","keywords":["sapeurs pompiers"],"articleSection":["A la une","G\u00e9rardmer","Vie Associative"],"inLanguage":"fr-FR","potentialAction":[{"@type":"CommentAction","name":"Comment","target":["https:\/\/vosgesinfo.fr\/gerardmerinfo\/2018\/11\/anciens-sapeurs-a-lhonneur\/#respond"]}]},{"@type":"WebPage","@id":"https:\/\/vosgesinfo.fr\/gerardmerinfo\/2018\/11\/anciens-sapeurs-a-lhonneur\/","url":"https:\/\/vosgesinfo.fr\/gerardmerinfo\/2018\/11\/anciens-sapeurs-a-lhonneur\/","name":"Les anciens sapeurs \u00e0 l'honneur - Gerardmer Info","isPartOf":{"@id":"https:\/\/vosgesinfo.fr\/gerardmerinfo\/#website"},"primaryImageOfPage":{"@id":"https:\/\/vosgesinfo.fr\/gerardmerinfo\/2018\/11\/anciens-sapeurs-a-lhonneur\/#primaryimage"},"image":{"@id":"https:\/\/vosgesinfo.fr\/gerardmerinfo\/2018\/11\/anciens-sapeurs-a-lhonneur\/#primaryimage"},"thumbnailUrl":"https:\/\/vosgesinfo.fr\/app\/uploads\/sites\/6\/2024\/07\/201811anciens-sapeurs-gerardmer.jpg","datePublished":"2018-11-22T16:02:38+00:00","dateModified":"2018-11-22T16:02:38+00:00","breadcrumb":{"@id":"https:\/\/vosgesinfo.fr\/gerardmerinfo\/2018\/11\/anciens-sapeurs-a-lhonneur\/#breadcrumb"},"inLanguage":"fr-FR","potentialAction":[{"@type":"ReadAction","target":["https:\/\/vosgesinfo.fr\/gerardmerinfo\/2018\/11\/anciens-sapeurs-a-lhonneur\/"]}]},{"@type":"ImageObject","inLanguage":"fr-FR","@id":"https:\/\/vosgesinfo.fr\/gerardmerinfo\/2018\/11\/anciens-sapeurs-a-lhonneur\/#primaryimage","url":"https:\/\/vosgesinfo.fr\/app\/uploads\/sites\/6\/2024\/07\/201811anciens-sapeurs-gerardmer.jpg","contentUrl":"https:\/\/vosgesinfo.fr\/app\/uploads\/sites\/6\/2024\/07\/201811anciens-sapeurs-gerardmer.jpg","width":800,"height":450},{"@type":"BreadcrumbList","@id":"https:\/\/vosgesinfo.fr\/gerardmerinfo\/2018\/11\/anciens-sapeurs-a-lhonneur\/#breadcrumb","itemListElement":[{"@type":"ListItem","position":1,"name":"Home","item":"https:\/\/vosgesinfo.fr\/gerardmerinfo\/"},{"@type":"ListItem","position":2,"name":"Les anciens sapeurs \u00e0 l&rsquo;honneur"}]},{"@type":"WebSite","@id":"https:\/\/vosgesinfo.fr\/gerardmerinfo\/#website","url":"https:\/\/vosgesinfo.fr\/gerardmerinfo\/","name":"Gerardmer Info","description":"Toute l&#039;actualit\u00e9 de G\u00e9rardmer","publisher":{"@id":"https:\/\/vosgesinfo.fr\/gerardmerinfo\/#organization"},"alternateName":"Toute l'actualit\u00e9 de G\u00e9rardmer","potentialAction":[{"@type":"SearchAction","target":{"@type":"EntryPoint","urlTemplate":"https:\/\/vosgesinfo.fr\/gerardmerinfo\/?s={search_term_string}"},"query-input":"required name=search_term_string"}],"inLanguage":"fr-FR"},{"@type":"Organization","@id":"https:\/\/vosgesinfo.fr\/gerardmerinfo\/#organization","name":"Gerardmer Info","url":"https:\/\/vosgesinfo.fr\/gerardmerinfo\/","logo":{"@type":"ImageObject","inLanguage":"fr-FR","@id":"https:\/\/vosgesinfo.fr\/gerardmerinfo\/#\/schema\/logo\/image\/","url":"https:\/\/vosgesinfo.fr\/app\/uploads\/sites\/6\/2023\/08\/favicon-gerardmerinfo.png","contentUrl":"https:\/\/vosgesinfo.fr\/app\/uploads\/sites\/6\/2023\/08\/favicon-gerardmerinfo.png","width":512,"height":512,"caption":"Gerardmer Info"},"image":{"@id":"https:\/\/vosgesinfo.fr\/gerardmerinfo\/#\/schema\/logo\/image\/"},"sameAs":["https:\/\/www.facebook.com\/profile.php?id=100049475262660","https:\/\/x.com\/VosgesInfo88","https:\/\/www.youtube.com\/@vosgesinfo"]},{"@type":"Person","@id":"https:\/\/vosgesinfo.fr\/gerardmerinfo\/#\/schema\/person\/db5605779a843dad16b5368f3e7613a5","name":"QG","image":{"@type":"ImageObject","inLanguage":"fr-FR","@id":"https:\/\/vosgesinfo.fr\/gerardmerinfo\/#\/schema\/person\/image\/","url":"https:\/\/secure.gravatar.com\/avatar\/ea80c42c204b534408512832fde52504ecabb9706bcb6151cf6175e5b64e6793?s=96&d=mm&r=g","contentUrl":"https:\/\/secure.gravatar.com\/avatar\/ea80c42c204b534408512832fde52504ecabb9706bcb6151cf6175e5b64e6793?s=96&d=mm&r=g","caption":"QG"},"url":"https:\/\/vosgesinfo.fr\/gerardmerinfo\/author\/quentin88\/"}]}},"_links":{"self":[{"href":"https:\/\/vosgesinfo.fr\/gerardmerinfo\/wp-json\/wp\/v2\/posts\/38075","targetHints":{"allow":["GET"]}}],"collection":[{"href":"https:\/\/vosgesinfo.fr\/gerardmerinfo\/wp-json\/wp\/v2\/posts"}],"about":[{"href":"https:\/\/vosgesinfo.fr\/gerardmerinfo\/wp-json\/wp\/v2\/types\/post"}],"author":[{"embeddable":true,"href":"https:\/\/vosgesinfo.fr\/gerardmerinfo\/wp-json\/wp\/v2\/users\/42"}],"replies":[{"embeddable":true,"href":"https:\/\/vosgesinfo.fr\/gerardmerinfo\/wp-json\/wp\/v2\/comments?post=38075"}],"version-history":[{"count":0,"href":"https:\/\/vosgesinfo.fr\/gerardmerinfo\/wp-json\/wp\/v2\/posts\/38075\/revisions"}],"wp:featuredmedia":[{"embeddable":true,"href":"https:\/\/vosgesinfo.fr\/gerardmerinfo\/wp-json\/wp\/v2\/media\/38076"}],"wp:attachment":[{"href":"https:\/\/vosgesinfo.fr\/gerardmerinfo\/wp-json\/wp\/v2\/media?parent=38075"}],"wp:term":[{"taxonomy":"category","embeddable":true,"href":"https:\/\/vosgesinfo.fr\/gerardmerinfo\/wp-json\/wp\/v2\/categories?post=38075"},{"taxonomy":"post_tag","embeddable":true,"href":"https:\/\/vosgesinfo.fr\/gerardmerinfo\/wp-json\/wp\/v2\/tags?post=38075"}],"curies":[{"name":"wp","href":"https:\/\/api.w.org\/{rel}","templated":true}]}}