{"id":38081,"date":"2018-11-24T09:38:05","date_gmt":"2018-11-24T08:38:05","guid":{"rendered":"https:\/\/vosgesinfo.fr\/gerardmerinfo\/2018\/11\/soiree-sport-geromois-kayakistes-toujours-sommet\/"},"modified":"2018-11-24T09:38:05","modified_gmt":"2018-11-24T08:38:05","slug":"soiree-sport-geromois-kayakistes-toujours-sommet","status":"publish","type":"post","link":"https:\/\/vosgesinfo.fr\/gerardmerinfo\/2018\/11\/soiree-sport-geromois-kayakistes-toujours-sommet\/","title":{"rendered":"Soir\u00e9e du Sport G\u00e9r\u00f4mois : les kayakistes toujours au sommet"},"content":{"rendered":"<div id=\"attachment_107380\" style=\"width: 730px\" class=\"wp-caption aligncenter\"><a href=\"\/2017\/05\/LouisPau2017.jpg\"><img decoding=\"async\" aria-describedby=\"caption-attachment-107380\" class=\"wp-image-107380 size-full\" src=\"\/2017\/05\/LouisPau2017.jpg\" alt=\"Louis Lapointe\" width=\"720\" height=\"477\" \/><\/a><p id=\"caption-attachment-107380\" class=\"wp-caption-text\"><strong>Louis Lapointe n&rsquo;a pu \u00eatre pr\u00e9sent hier soir puisqu&rsquo;il s&rsquo;entra\u00eene et travaille d\u00e9sormais \u00e0 Toulouse o\u00f9 se trouve le p\u00f4le France.<br \/><\/strong><\/p><\/div>\n<h3><span style=\"font-size: 12pt;\">Une fois de plus, ce sont les kayakistes qui ont tenu le haut du pav\u00e9 au milieu d&rsquo;une pluie de champions mis \u00e0 l&rsquo;honneur vendredi soir \u00e0 l&rsquo;occasion de la 4\u00e8me Soir\u00e9e du Sport G\u00e9r\u00f4mois organis\u00e9e par la Ville \u00e0 l&rsquo;Espace LAC.<\/span><\/h3>\n<div id=\"attachment_138144\" style=\"width: 410px\" class=\"wp-caption alignright\"><a href=\"\/2018\/11\/soiree-du-sport-2018-2.jpg\"><img decoding=\"async\" aria-describedby=\"caption-attachment-138144\" class=\"size-medium wp-image-138144\" src=\"\/2018\/11\/soiree-du-sport-2018-2-400x225.jpg\" alt=\"Nadine Bassi\u00e8re et R\u00e9gis Andr\u00e9 qui animait la soir\u00e9e.\" width=\"400\" height=\"225\" \/><\/a><p id=\"caption-attachment-138144\" class=\"wp-caption-text\">L&rsquo;adjointe aux sports Nadine Bassi\u00e8re et R\u00e9gis Andr\u00e9 qui animait la soir\u00e9e.<\/p><\/div>\n<p>On avait l&rsquo;habitude de voir Clair Haab consacr\u00e9e championne des championnes lors de cette soir\u00e9e d\u00e9di\u00e9e au sport g\u00e9r\u00f4mois. La rel\u00e8ve est assur\u00e9e au sein de l&rsquo;ASG Cano\u00eb-Kayak avec tout d&rsquo;abord Louis Lapointe qui a remport\u00e9 les suffrages du jury compos\u00e9 d&rsquo;amateurs de sport et emmen\u00e9 par l&rsquo;adjointe aux sports Nadine Bassi\u00e8re. Le jeune athl\u00e8te du cru vient de r\u00e9aliser une saison de toute beaut\u00e9 avec notamment un titre de vice-champion du monde en cano\u00eb monoplace classique et biplace classique. Il est \u00e9galement vainqueur de la Coupe du Monde en cano\u00eb monoplace et biplace ainsi que champion de France en classique. Il sera difficile mais certainement pas impossible de faire mieux, et l&rsquo;on peut d&rsquo;ores-et-d\u00e9j\u00e0 annoncer que tous les regards seront point\u00e9s sur Louis en 2018-2019 ! A noter que dans cette cat\u00e9gorie \u00ab\u00a0seniors\u00a0\u00bb il devance Viviane Ventrin de l&rsquo;ASG Voile, vice-championne du monde de raceboard en Espagne en juin dernier et 1\u00e8re au classement national de la discipline. On retrouvait \u00e9galement Adrien Backscheider, m\u00e9daill\u00e9 de bronze au J.O en relais, la toute jeune maman Claire Haab qui prend sa retraite internationale apr\u00e8s avoir tant donn\u00e9 pour l&rsquo;ASG, ou encore Maxime Laheurte, toujours dans les bons coups.<\/p>\n<div id=\"attachment_138153\" style=\"width: 410px\" class=\"wp-caption alignright\"><a href=\"\/2018\/11\/soiree-du-sport-2018-11.jpg\"><img decoding=\"async\" aria-describedby=\"caption-attachment-138153\" class=\"size-medium wp-image-138153\" src=\"\/2018\/11\/soiree-du-sport-2018-11-400x225.jpg\" alt=\"Coline Husson\" width=\"400\" height=\"225\" \/><\/a><p id=\"caption-attachment-138153\" class=\"wp-caption-text\">Coline Husson, la jeune kayakiste continue sa progression et entra\u00eene dans son sillage toute une \u00e9quipe de filles qui devraient assurer la rel\u00e8ve au sein du club.<\/p><\/div>\n<p>Chez les espoirs, c&rsquo;est Coline Husson qui s&rsquo;est d\u00e9marqu\u00e9e aux yeux du jury, elle qui est cette ann\u00e9e championne de France cadette en sprint et classique en kayak ainsi qu&rsquo;en sprint en cano\u00eb. Elle est aussi s\u00e9lectionn\u00e9e en \u00e9quipe de France Junior et m\u00e9daill\u00e9e de bronze par \u00e9quipe aux Championnats d&rsquo;Europe ! La jeune kayakiste partageait la vedette avec le volleyeur F\u00e9lix Didier qui a int\u00e9gr\u00e9 le collectif de l&rsquo;\u00e9quipe nationale, Titouan Halluite de l&rsquo;ASG Voile, le rameur de l&rsquo;ASG Aviron Paul Tixier (5\u00e8me aux championnats du monde), ainsi que Naokim Jacquel qui a r\u00e9alis\u00e9 de tr\u00e8s belles performances en saut sp\u00e9cial et combin\u00e9\u00a0 sur la sc\u00e8ne nationale tout au long de l&rsquo;ann\u00e9e.<\/p>\n<p>Les masters n&rsquo;\u00e9taient pas en reste cette ann\u00e9e, loin s&rsquo;en faut puisque la cat\u00e9gorie \u00e9tait particuli\u00e8rement dense et la d\u00e9cision forc\u00e9ment difficile \u00e0 prendre. Au milieu de champions\u00a0 du monde comme Jacques Thomas (kayak) ou Gwendal Duchet (cano\u00eb) qui ont en plus le triomphe modeste, de leur camarade de club Jan Pischek ou encore du triathl\u00e8te handisport Yann Redoutez, c&rsquo;est finalement Johann Mathis que le jury a souhait\u00e9 r\u00e9compenser. 13\u00e8me au scratch du Triathlon XL de G\u00e9rardmer, vice-champion d&rsquo;Europe de cross-triathlon en 40-44 ans, Johann avait remis sa carri\u00e8re de sportif entre parenth\u00e8se avant de revenir plus fort que jamais et devenir champion du monde \u00e0 Hawa\u00ef en 2014. Il ne doit son succ\u00e8s qu&rsquo;\u00e0 sa d\u00e9termination et \u00e0 son travail et prend m\u00eame le temps d\u2019entra\u00eener son comp\u00e8re Yann Redoutez, impressionnant \u00e0 voir \u00e9voluer en comp\u00e9tition. Chapeau \u00e0 lui, ou plut\u00f4t \u00e0 eux !<\/p>\n<div id=\"attachment_138150\" style=\"width: 410px\" class=\"wp-caption alignright\"><a href=\"\/2018\/11\/soiree-du-sport-2018-8.jpg\"><img decoding=\"async\" aria-describedby=\"caption-attachment-138150\" class=\"size-medium wp-image-138150\" src=\"\/2018\/11\/soiree-du-sport-2018-8-400x225.jpg\" alt=\"Les skieurs de la Haie Griselle sont toujours au top et concilient sport et \u00e9tudes \u00e0 merveille !\" width=\"400\" height=\"225\" \/><\/a><p id=\"caption-attachment-138150\" class=\"wp-caption-text\">Les skieurs de la Haie Griselle sont toujours au top et concilient sport et \u00e9tudes \u00e0 merveille !<\/p><\/div>\n<p>Dans la cat\u00e9gorie \u00ab\u00a0\u00e9quipe\u00a0\u00bb il y avait beaucoup d&rsquo;appel\u00e9s mais forc\u00e9ment peu d&rsquo;\u00e9lus. Sur les 8 candidats en lice, le jury a choisi de retenir l&rsquo;\u00e9quipe du lyc\u00e9e de la Haie Griselle qui s&rsquo;est hiss\u00e9e sur la 3\u00e8me marche du podium au championnat du monde de ski nordique UNSS, \u00e0 savoir les \u00ab\u00a0wintergames\u00a0\u00bb o\u00f9 ils ont port\u00e9 bien haut les couleurs de G\u00e9rardmer et de leur \u00e9tablissement ! C&rsquo;\u00e9tait \u00e9galement l&rsquo;occasion de mettre un nouveau coup de projecteur sur le travail des sections sportives dans son ensemble qui, chaque ann\u00e9e, porte ses fruits dans diff\u00e9rentes disciplines et notamment le ski. Chez les b\u00e9n\u00e9voles, il \u00e9tait une fois de plus difficile de d\u00e9partager les candidats et le jury a souhait\u00e9 faire une petite entorse au \u00ab\u00a0r\u00e8glement\u00a0\u00bb en r\u00e9compensant deux valeureux soldats : Jean-Philippe Vauthier de l&rsquo;ASG handball, l&rsquo;homme \u00e0 tout faire que tout club souhaiterait avoir dans ses rangs, et David Poirot qui est en quelque sorte son homologue au sein de l&rsquo;ASG Basket, club qu&rsquo;il a toujours connu et soutenu.<\/p>\n<div id=\"attachment_138143\" style=\"width: 410px\" class=\"wp-caption alignright\"><a href=\"\/2018\/11\/soiree-du-sport-2018-1.jpg\"><img decoding=\"async\" aria-describedby=\"caption-attachment-138143\" class=\"size-medium wp-image-138143\" src=\"\/2018\/11\/soiree-du-sport-2018-1-400x225.jpg\" alt=\"Lukas Dierstein\" width=\"400\" height=\"225\" \/><\/a><p id=\"caption-attachment-138143\" class=\"wp-caption-text\">Lukas Dierstein<\/p><\/div>\n<p>Petite nouveaut\u00e9 cette ann\u00e9e, un prix \u00e9tait d\u00e9cern\u00e9 par le conseil municipal des jeunes \u00e0 un de leur\u00a0 petit camarade de moins de 15 ans, sportif et m\u00e9ritant. Le tout premier laur\u00e9at de l&rsquo;histoire de ce troph\u00e9e sera donc le jeune judoka Lukas Dierstein ! Concernant l&rsquo;initiative de cette saison 2017-2018, c&rsquo;est l&rsquo;ASG voile qui \u00e9tait \u00e0 l&rsquo;honneur avec \u00ab\u00a0La voile solidaire\u00a0\u00bb qui s&rsquo;est traduite par une journ\u00e9e portes ouvertes organis\u00e9e en ao\u00fbt dernier. Les jeunes comp\u00e9titeurs du club proposaient ainsi des initiations \u00e0 la voile en \u00e9change d&rsquo;un don et l&rsquo;int\u00e9gralit\u00e9 des b\u00e9n\u00e9fices, soit 1 200 \u20ac, \u00e9tait revers\u00e9e \u00e0 l&rsquo;association des Petits Princes qui r\u00e9alisent les r\u00eaves des enfants gravement malades. Enfin, il y avait un concours de photo cr\u00e9ative sur le th\u00e8me \u00ab\u00a0La force de votre club en une image \u00bb avec prix sp\u00e9cial d\u00e9cern\u00e9 par les internautes sur Facebook. Bravo \u00e0 l&rsquo;ASG Aviron qui remporte le prix du clich\u00e9 le plus original !<\/p>\n\n","protected":false},"excerpt":{"rendered":"<p>Une fois de plus, ce sont les kayakistes qui ont tenu le haut du pav\u00e9 au milieu d&rsquo;une pluie de [&hellip;]<\/p>\n","protected":false},"author":42,"featured_media":38082,"comment_status":"open","ping_status":"open","sticky":false,"template":"","format":"standard","meta":{"footnotes":""},"categories":[20,25,14],"tags":[2822,3070,2690,3252],"class_list":["post-38081","post","type-post","status-publish","format-standard","has-post-thumbnail","hentry","category-a-la-une","category-gerardmer","category-sport","tag-coline-andre","tag-louis-lapointe","tag-soiree-du-sport-geromois","tag-viviane-ventrin"],"acf":[],"yoast_head":"<!-- This site is optimized with the Yoast SEO plugin v22.5 - https:\/\/yoast.com\/wordpress\/plugins\/seo\/ -->\n<title>Soir\u00e9e du Sport G\u00e9r\u00f4mois : les kayakistes toujours au sommet - Gerardmer Info<\/title>\n<meta name=\"robots\" content=\"index, follow, max-snippet:-1, max-image-preview:large, max-video-preview:-1\" \/>\n<link rel=\"canonical\" href=\"https:\/\/vosgesinfo.fr\/gerardmerinfo\/2018\/11\/soiree-sport-geromois-kayakistes-toujours-sommet\/\" \/>\n<meta name=\"twitter:card\" content=\"summary_large_image\" \/>\n<meta name=\"twitter:title\" content=\"Soir\u00e9e du Sport G\u00e9r\u00f4mois : les kayakistes toujours au sommet - Gerardmer Info\" \/>\n<meta name=\"twitter:description\" content=\"Une fois de plus, ce sont les kayakistes qui ont tenu le haut du pav\u00e9 au milieu d&rsquo;une pluie de [&hellip;]\" \/>\n<meta name=\"twitter:image\" content=\"https:\/\/vosgesinfo.fr\/app\/uploads\/sites\/6\/2024\/07\/201705louispau2017-2.jpg\" \/>\n<meta name=\"twitter:creator\" content=\"@VosgesInfo88\" \/>\n<meta name=\"twitter:site\" content=\"@VosgesInfo88\" \/>\n<meta name=\"twitter:label1\" content=\"\u00c9crit par\" \/>\n\t<meta name=\"twitter:data1\" content=\"QG\" \/>\n\t<meta name=\"twitter:label2\" content=\"Dur\u00e9e de lecture estim\u00e9e\" \/>\n\t<meta name=\"twitter:data2\" content=\"5 minutes\" \/>\n<script type=\"application\/ld+json\" class=\"yoast-schema-graph\">{\"@context\":\"https:\/\/schema.org\",\"@graph\":[{\"@type\":\"Article\",\"@id\":\"https:\/\/vosgesinfo.fr\/gerardmerinfo\/2018\/11\/soiree-sport-geromois-kayakistes-toujours-sommet\/#article\",\"isPartOf\":{\"@id\":\"https:\/\/vosgesinfo.fr\/gerardmerinfo\/2018\/11\/soiree-sport-geromois-kayakistes-toujours-sommet\/\"},\"author\":{\"name\":\"QG\",\"@id\":\"https:\/\/vosgesinfo.fr\/gerardmerinfo\/#\/schema\/person\/db5605779a843dad16b5368f3e7613a5\"},\"headline\":\"Soir\u00e9e du Sport G\u00e9r\u00f4mois : les kayakistes toujours au sommet\",\"datePublished\":\"2018-11-24T08:38:05+00:00\",\"dateModified\":\"2018-11-24T08:38:05+00:00\",\"mainEntityOfPage\":{\"@id\":\"https:\/\/vosgesinfo.fr\/gerardmerinfo\/2018\/11\/soiree-sport-geromois-kayakistes-toujours-sommet\/\"},\"wordCount\":1072,\"commentCount\":0,\"publisher\":{\"@id\":\"https:\/\/vosgesinfo.fr\/gerardmerinfo\/#organization\"},\"image\":{\"@id\":\"https:\/\/vosgesinfo.fr\/gerardmerinfo\/2018\/11\/soiree-sport-geromois-kayakistes-toujours-sommet\/#primaryimage\"},\"thumbnailUrl\":\"https:\/\/vosgesinfo.fr\/app\/uploads\/sites\/6\/2024\/07\/201705louispau2017-2.jpg\",\"keywords\":[\"Coline Andr\u00e9\",\"louis lapointe\",\"soir\u00e9e du sport g\u00e9r\u00f4mois\",\"Viviane ventrin\"],\"articleSection\":[\"A la une\",\"G\u00e9rardmer\",\"Sport\"],\"inLanguage\":\"fr-FR\",\"potentialAction\":[{\"@type\":\"CommentAction\",\"name\":\"Comment\",\"target\":[\"https:\/\/vosgesinfo.fr\/gerardmerinfo\/2018\/11\/soiree-sport-geromois-kayakistes-toujours-sommet\/#respond\"]}]},{\"@type\":\"WebPage\",\"@id\":\"https:\/\/vosgesinfo.fr\/gerardmerinfo\/2018\/11\/soiree-sport-geromois-kayakistes-toujours-sommet\/\",\"url\":\"https:\/\/vosgesinfo.fr\/gerardmerinfo\/2018\/11\/soiree-sport-geromois-kayakistes-toujours-sommet\/\",\"name\":\"Soir\u00e9e du Sport G\u00e9r\u00f4mois : les kayakistes toujours au sommet - Gerardmer Info\",\"isPartOf\":{\"@id\":\"https:\/\/vosgesinfo.fr\/gerardmerinfo\/#website\"},\"primaryImageOfPage\":{\"@id\":\"https:\/\/vosgesinfo.fr\/gerardmerinfo\/2018\/11\/soiree-sport-geromois-kayakistes-toujours-sommet\/#primaryimage\"},\"image\":{\"@id\":\"https:\/\/vosgesinfo.fr\/gerardmerinfo\/2018\/11\/soiree-sport-geromois-kayakistes-toujours-sommet\/#primaryimage\"},\"thumbnailUrl\":\"https:\/\/vosgesinfo.fr\/app\/uploads\/sites\/6\/2024\/07\/201705louispau2017-2.jpg\",\"datePublished\":\"2018-11-24T08:38:05+00:00\",\"dateModified\":\"2018-11-24T08:38:05+00:00\",\"breadcrumb\":{\"@id\":\"https:\/\/vosgesinfo.fr\/gerardmerinfo\/2018\/11\/soiree-sport-geromois-kayakistes-toujours-sommet\/#breadcrumb\"},\"inLanguage\":\"fr-FR\",\"potentialAction\":[{\"@type\":\"ReadAction\",\"target\":[\"https:\/\/vosgesinfo.fr\/gerardmerinfo\/2018\/11\/soiree-sport-geromois-kayakistes-toujours-sommet\/\"]}]},{\"@type\":\"ImageObject\",\"inLanguage\":\"fr-FR\",\"@id\":\"https:\/\/vosgesinfo.fr\/gerardmerinfo\/2018\/11\/soiree-sport-geromois-kayakistes-toujours-sommet\/#primaryimage\",\"url\":\"https:\/\/vosgesinfo.fr\/app\/uploads\/sites\/6\/2024\/07\/201705louispau2017-2.jpg\",\"contentUrl\":\"https:\/\/vosgesinfo.fr\/app\/uploads\/sites\/6\/2024\/07\/201705louispau2017-2.jpg\",\"width\":720,\"height\":477},{\"@type\":\"BreadcrumbList\",\"@id\":\"https:\/\/vosgesinfo.fr\/gerardmerinfo\/2018\/11\/soiree-sport-geromois-kayakistes-toujours-sommet\/#breadcrumb\",\"itemListElement\":[{\"@type\":\"ListItem\",\"position\":1,\"name\":\"Home\",\"item\":\"https:\/\/vosgesinfo.fr\/gerardmerinfo\/\"},{\"@type\":\"ListItem\",\"position\":2,\"name\":\"Soir\u00e9e du Sport G\u00e9r\u00f4mois : les kayakistes toujours au sommet\"}]},{\"@type\":\"WebSite\",\"@id\":\"https:\/\/vosgesinfo.fr\/gerardmerinfo\/#website\",\"url\":\"https:\/\/vosgesinfo.fr\/gerardmerinfo\/\",\"name\":\"Gerardmer Info\",\"description\":\"Toute l&#039;actualit\u00e9 de G\u00e9rardmer\",\"publisher\":{\"@id\":\"https:\/\/vosgesinfo.fr\/gerardmerinfo\/#organization\"},\"alternateName\":\"Toute l'actualit\u00e9 de G\u00e9rardmer\",\"potentialAction\":[{\"@type\":\"SearchAction\",\"target\":{\"@type\":\"EntryPoint\",\"urlTemplate\":\"https:\/\/vosgesinfo.fr\/gerardmerinfo\/?s={search_term_string}\"},\"query-input\":\"required name=search_term_string\"}],\"inLanguage\":\"fr-FR\"},{\"@type\":\"Organization\",\"@id\":\"https:\/\/vosgesinfo.fr\/gerardmerinfo\/#organization\",\"name\":\"Gerardmer Info\",\"url\":\"https:\/\/vosgesinfo.fr\/gerardmerinfo\/\",\"logo\":{\"@type\":\"ImageObject\",\"inLanguage\":\"fr-FR\",\"@id\":\"https:\/\/vosgesinfo.fr\/gerardmerinfo\/#\/schema\/logo\/image\/\",\"url\":\"https:\/\/vosgesinfo.fr\/app\/uploads\/sites\/6\/2023\/08\/favicon-gerardmerinfo.png\",\"contentUrl\":\"https:\/\/vosgesinfo.fr\/app\/uploads\/sites\/6\/2023\/08\/favicon-gerardmerinfo.png\",\"width\":512,\"height\":512,\"caption\":\"Gerardmer Info\"},\"image\":{\"@id\":\"https:\/\/vosgesinfo.fr\/gerardmerinfo\/#\/schema\/logo\/image\/\"},\"sameAs\":[\"https:\/\/www.facebook.com\/profile.php?id=100049475262660\",\"https:\/\/x.com\/VosgesInfo88\",\"https:\/\/www.youtube.com\/@vosgesinfo\"]},{\"@type\":\"Person\",\"@id\":\"https:\/\/vosgesinfo.fr\/gerardmerinfo\/#\/schema\/person\/db5605779a843dad16b5368f3e7613a5\",\"name\":\"QG\",\"image\":{\"@type\":\"ImageObject\",\"inLanguage\":\"fr-FR\",\"@id\":\"https:\/\/vosgesinfo.fr\/gerardmerinfo\/#\/schema\/person\/image\/\",\"url\":\"https:\/\/secure.gravatar.com\/avatar\/ea80c42c204b534408512832fde52504ecabb9706bcb6151cf6175e5b64e6793?s=96&d=mm&r=g\",\"contentUrl\":\"https:\/\/secure.gravatar.com\/avatar\/ea80c42c204b534408512832fde52504ecabb9706bcb6151cf6175e5b64e6793?s=96&d=mm&r=g\",\"caption\":\"QG\"},\"url\":\"https:\/\/vosgesinfo.fr\/gerardmerinfo\/author\/quentin88\/\"}]}<\/script>\n<!-- \/ Yoast SEO plugin. -->","yoast_head_json":{"title":"Soir\u00e9e du Sport G\u00e9r\u00f4mois : les kayakistes toujours au sommet - Gerardmer Info","robots":{"index":"index","follow":"follow","max-snippet":"max-snippet:-1","max-image-preview":"max-image-preview:large","max-video-preview":"max-video-preview:-1"},"canonical":"https:\/\/vosgesinfo.fr\/gerardmerinfo\/2018\/11\/soiree-sport-geromois-kayakistes-toujours-sommet\/","twitter_card":"summary_large_image","twitter_title":"Soir\u00e9e du Sport G\u00e9r\u00f4mois : les kayakistes toujours au sommet - Gerardmer Info","twitter_description":"Une fois de plus, ce sont les kayakistes qui ont tenu le haut du pav\u00e9 au milieu d&rsquo;une pluie de [&hellip;]","twitter_image":"https:\/\/vosgesinfo.fr\/app\/uploads\/sites\/6\/2024\/07\/201705louispau2017-2.jpg","twitter_creator":"@VosgesInfo88","twitter_site":"@VosgesInfo88","twitter_misc":{"\u00c9crit par":"QG","Dur\u00e9e de lecture estim\u00e9e":"5 minutes"},"schema":{"@context":"https:\/\/schema.org","@graph":[{"@type":"Article","@id":"https:\/\/vosgesinfo.fr\/gerardmerinfo\/2018\/11\/soiree-sport-geromois-kayakistes-toujours-sommet\/#article","isPartOf":{"@id":"https:\/\/vosgesinfo.fr\/gerardmerinfo\/2018\/11\/soiree-sport-geromois-kayakistes-toujours-sommet\/"},"author":{"name":"QG","@id":"https:\/\/vosgesinfo.fr\/gerardmerinfo\/#\/schema\/person\/db5605779a843dad16b5368f3e7613a5"},"headline":"Soir\u00e9e du Sport G\u00e9r\u00f4mois : les kayakistes toujours au sommet","datePublished":"2018-11-24T08:38:05+00:00","dateModified":"2018-11-24T08:38:05+00:00","mainEntityOfPage":{"@id":"https:\/\/vosgesinfo.fr\/gerardmerinfo\/2018\/11\/soiree-sport-geromois-kayakistes-toujours-sommet\/"},"wordCount":1072,"commentCount":0,"publisher":{"@id":"https:\/\/vosgesinfo.fr\/gerardmerinfo\/#organization"},"image":{"@id":"https:\/\/vosgesinfo.fr\/gerardmerinfo\/2018\/11\/soiree-sport-geromois-kayakistes-toujours-sommet\/#primaryimage"},"thumbnailUrl":"https:\/\/vosgesinfo.fr\/app\/uploads\/sites\/6\/2024\/07\/201705louispau2017-2.jpg","keywords":["Coline Andr\u00e9","louis lapointe","soir\u00e9e du sport g\u00e9r\u00f4mois","Viviane ventrin"],"articleSection":["A la une","G\u00e9rardmer","Sport"],"inLanguage":"fr-FR","potentialAction":[{"@type":"CommentAction","name":"Comment","target":["https:\/\/vosgesinfo.fr\/gerardmerinfo\/2018\/11\/soiree-sport-geromois-kayakistes-toujours-sommet\/#respond"]}]},{"@type":"WebPage","@id":"https:\/\/vosgesinfo.fr\/gerardmerinfo\/2018\/11\/soiree-sport-geromois-kayakistes-toujours-sommet\/","url":"https:\/\/vosgesinfo.fr\/gerardmerinfo\/2018\/11\/soiree-sport-geromois-kayakistes-toujours-sommet\/","name":"Soir\u00e9e du Sport G\u00e9r\u00f4mois : les kayakistes toujours au sommet - Gerardmer Info","isPartOf":{"@id":"https:\/\/vosgesinfo.fr\/gerardmerinfo\/#website"},"primaryImageOfPage":{"@id":"https:\/\/vosgesinfo.fr\/gerardmerinfo\/2018\/11\/soiree-sport-geromois-kayakistes-toujours-sommet\/#primaryimage"},"image":{"@id":"https:\/\/vosgesinfo.fr\/gerardmerinfo\/2018\/11\/soiree-sport-geromois-kayakistes-toujours-sommet\/#primaryimage"},"thumbnailUrl":"https:\/\/vosgesinfo.fr\/app\/uploads\/sites\/6\/2024\/07\/201705louispau2017-2.jpg","datePublished":"2018-11-24T08:38:05+00:00","dateModified":"2018-11-24T08:38:05+00:00","breadcrumb":{"@id":"https:\/\/vosgesinfo.fr\/gerardmerinfo\/2018\/11\/soiree-sport-geromois-kayakistes-toujours-sommet\/#breadcrumb"},"inLanguage":"fr-FR","potentialAction":[{"@type":"ReadAction","target":["https:\/\/vosgesinfo.fr\/gerardmerinfo\/2018\/11\/soiree-sport-geromois-kayakistes-toujours-sommet\/"]}]},{"@type":"ImageObject","inLanguage":"fr-FR","@id":"https:\/\/vosgesinfo.fr\/gerardmerinfo\/2018\/11\/soiree-sport-geromois-kayakistes-toujours-sommet\/#primaryimage","url":"https:\/\/vosgesinfo.fr\/app\/uploads\/sites\/6\/2024\/07\/201705louispau2017-2.jpg","contentUrl":"https:\/\/vosgesinfo.fr\/app\/uploads\/sites\/6\/2024\/07\/201705louispau2017-2.jpg","width":720,"height":477},{"@type":"BreadcrumbList","@id":"https:\/\/vosgesinfo.fr\/gerardmerinfo\/2018\/11\/soiree-sport-geromois-kayakistes-toujours-sommet\/#breadcrumb","itemListElement":[{"@type":"ListItem","position":1,"name":"Home","item":"https:\/\/vosgesinfo.fr\/gerardmerinfo\/"},{"@type":"ListItem","position":2,"name":"Soir\u00e9e du Sport G\u00e9r\u00f4mois : les kayakistes toujours au sommet"}]},{"@type":"WebSite","@id":"https:\/\/vosgesinfo.fr\/gerardmerinfo\/#website","url":"https:\/\/vosgesinfo.fr\/gerardmerinfo\/","name":"Gerardmer Info","description":"Toute l&#039;actualit\u00e9 de G\u00e9rardmer","publisher":{"@id":"https:\/\/vosgesinfo.fr\/gerardmerinfo\/#organization"},"alternateName":"Toute l'actualit\u00e9 de G\u00e9rardmer","potentialAction":[{"@type":"SearchAction","target":{"@type":"EntryPoint","urlTemplate":"https:\/\/vosgesinfo.fr\/gerardmerinfo\/?s={search_term_string}"},"query-input":"required name=search_term_string"}],"inLanguage":"fr-FR"},{"@type":"Organization","@id":"https:\/\/vosgesinfo.fr\/gerardmerinfo\/#organization","name":"Gerardmer Info","url":"https:\/\/vosgesinfo.fr\/gerardmerinfo\/","logo":{"@type":"ImageObject","inLanguage":"fr-FR","@id":"https:\/\/vosgesinfo.fr\/gerardmerinfo\/#\/schema\/logo\/image\/","url":"https:\/\/vosgesinfo.fr\/app\/uploads\/sites\/6\/2023\/08\/favicon-gerardmerinfo.png","contentUrl":"https:\/\/vosgesinfo.fr\/app\/uploads\/sites\/6\/2023\/08\/favicon-gerardmerinfo.png","width":512,"height":512,"caption":"Gerardmer Info"},"image":{"@id":"https:\/\/vosgesinfo.fr\/gerardmerinfo\/#\/schema\/logo\/image\/"},"sameAs":["https:\/\/www.facebook.com\/profile.php?id=100049475262660","https:\/\/x.com\/VosgesInfo88","https:\/\/www.youtube.com\/@vosgesinfo"]},{"@type":"Person","@id":"https:\/\/vosgesinfo.fr\/gerardmerinfo\/#\/schema\/person\/db5605779a843dad16b5368f3e7613a5","name":"QG","image":{"@type":"ImageObject","inLanguage":"fr-FR","@id":"https:\/\/vosgesinfo.fr\/gerardmerinfo\/#\/schema\/person\/image\/","url":"https:\/\/secure.gravatar.com\/avatar\/ea80c42c204b534408512832fde52504ecabb9706bcb6151cf6175e5b64e6793?s=96&d=mm&r=g","contentUrl":"https:\/\/secure.gravatar.com\/avatar\/ea80c42c204b534408512832fde52504ecabb9706bcb6151cf6175e5b64e6793?s=96&d=mm&r=g","caption":"QG"},"url":"https:\/\/vosgesinfo.fr\/gerardmerinfo\/author\/quentin88\/"}]}},"_links":{"self":[{"href":"https:\/\/vosgesinfo.fr\/gerardmerinfo\/wp-json\/wp\/v2\/posts\/38081","targetHints":{"allow":["GET"]}}],"collection":[{"href":"https:\/\/vosgesinfo.fr\/gerardmerinfo\/wp-json\/wp\/v2\/posts"}],"about":[{"href":"https:\/\/vosgesinfo.fr\/gerardmerinfo\/wp-json\/wp\/v2\/types\/post"}],"author":[{"embeddable":true,"href":"https:\/\/vosgesinfo.fr\/gerardmerinfo\/wp-json\/wp\/v2\/users\/42"}],"replies":[{"embeddable":true,"href":"https:\/\/vosgesinfo.fr\/gerardmerinfo\/wp-json\/wp\/v2\/comments?post=38081"}],"version-history":[{"count":0,"href":"https:\/\/vosgesinfo.fr\/gerardmerinfo\/wp-json\/wp\/v2\/posts\/38081\/revisions"}],"wp:featuredmedia":[{"embeddable":true,"href":"https:\/\/vosgesinfo.fr\/gerardmerinfo\/wp-json\/wp\/v2\/media\/38082"}],"wp:attachment":[{"href":"https:\/\/vosgesinfo.fr\/gerardmerinfo\/wp-json\/wp\/v2\/media?parent=38081"}],"wp:term":[{"taxonomy":"category","embeddable":true,"href":"https:\/\/vosgesinfo.fr\/gerardmerinfo\/wp-json\/wp\/v2\/categories?post=38081"},{"taxonomy":"post_tag","embeddable":true,"href":"https:\/\/vosgesinfo.fr\/gerardmerinfo\/wp-json\/wp\/v2\/tags?post=38081"}],"curies":[{"name":"wp","href":"https:\/\/api.w.org\/{rel}","templated":true}]}}