{"id":38089,"date":"2018-11-23T17:13:34","date_gmt":"2018-11-23T16:13:34","guid":{"rendered":"https:\/\/vosgesinfo.fr\/gerardmerinfo\/2018\/11\/a-table-enfants-restogrant\/"},"modified":"2018-11-23T17:13:34","modified_gmt":"2018-11-23T16:13:34","slug":"a-table-enfants-restogrant","status":"publish","type":"post","link":"https:\/\/vosgesinfo.fr\/gerardmerinfo\/2018\/11\/a-table-enfants-restogrant\/","title":{"rendered":"A table les enfants, tous au RestOGrant !"},"content":{"rendered":"<h3 class=\"x_MsoNoSpacing\"><a href=\"\/2018\/11\/Restorgant-MCL-G\u00e9rardmer-1.jpg\"><img decoding=\"async\" class=\"aligncenter size-full wp-image-138118\" src=\"\/2018\/11\/Restorgant-MCL-G\u00e9rardmer-1.jpg\" alt=\"Restorgant MCL G\u00e9rardmer (1)\" width=\"800\" height=\"533\" \/><\/a><\/h3>\n<h3 class=\"x_MsoNoSpacing\">Les spectacles d\u00e9di\u00e9s aux \u00e9coliers de G\u00e9rardmer &amp; Xonrupt-Longemer ont repris du service du c\u00f4t\u00e9 de la MCL avec un premier grand rendez-vous programm\u00e9 jeudi et vendredi du c\u00f4t\u00e9 de la salle Bourvil.<\/h3>\n<p><a href=\"\/2018\/11\/Restorgant-MCL-G\u00e9rardmer-3.jpg\"><img decoding=\"async\" class=\"alignleft size-medium wp-image-138117\" src=\"\/2018\/11\/Restorgant-MCL-G\u00e9rardmer-3-383x255.jpg\" alt=\"Restorgant MCL G\u00e9rardmer (3)\" width=\"383\" height=\"255\" \/><\/a>Pour ouvrir le bal de cette nouvelle saison 2017-2018, place \u00e0 la troupe lorraine baptis\u00e9e le \u00ab\u00a0Th\u00e9\u00e2tre en kit\u00a0\u00bb qui accueillait les \u00e9l\u00e8ves des cycles 2 et 3 dans son RestOGrant \u00ab\u00a0o\u00f9 seuls les enfants ont droit de manger\u00a0\u00bb ! Eh bien je peux vous dire qu&rsquo;il y en a qui ont de la chance, car le menu, bien qu&rsquo;atypique, avait l&rsquo;air plut\u00f4t all\u00e9chant, jugez-en par vous-m\u00eame : tarte meringu\u00e9e au marmouset, ballottine de diablotin marin\u00e9e \u00e0 la grenadine, friture de prog\u00e9niture sauce barbare, de la confiture de dents de lait ou civet de sale gosse, pour ne citer que quelques uns de ses fameux plats \u00e0 base de contes de f\u00e9es destin\u00e9s \u00e0 faire grandir les minots.<\/p>\n<p><a href=\"\/2018\/11\/Restorgant-MCL-G\u00e9rardmer-2.jpg\"><img decoding=\"async\" class=\"alignright size-medium wp-image-138116\" src=\"\/2018\/11\/Restorgant-MCL-G\u00e9rardmer-2-383x255.jpg\" alt=\"Restorgant MCL G\u00e9rardmer (2)\" width=\"383\" height=\"255\" \/><\/a>Pourquoi pas apr\u00e8s tout ?! Ce qui est s\u00fbr, c&rsquo;est que le trio de proprios du resto Mich\u00e8le, Michel et Michel, a un certain savoir-faire en la mati\u00e8re puisque la troupe vient jouer tous ses spectacles \u00e0 G\u00e9rardmer depuis des temps imm\u00e9moriaux, dixit Lo\u00efc Moresi, en charge de l&rsquo;animation au sein de la MCL. Une seule certitude, le RestOGrant a r\u00e9gal\u00e9 petits &amp; grands gr\u00e2ce \u00e0 son aspect interactif et son go\u00fbt prononc\u00e9 pour les curiosit\u00e9s culinaires. Plusieurs membres du public ont en effet \u00e9t\u00e9 invit\u00e9s \u00e0 prendre place \u00e0 la table du resto pour partager des moments inoubliables et improbables avec la troupe&#8230; Bref, que du bon ! Quant au prochain spectacle r\u00e9serv\u00e9 aux scolaires, on change de registre \u00e0 la MCL : il aura lieu le 18 janvier 2019 et concernera cette fois les maternelles avec un spectacle musical \u00ab Coup de plumeau\u00a0\u00bb par la compagnie \u00ab La chose publique\u00a0\u00bb.<\/p>\n<p class=\"x_MsoNormal\">\n","protected":false},"excerpt":{"rendered":"<p>Les spectacles d\u00e9di\u00e9s aux \u00e9coliers de G\u00e9rardmer &amp; Xonrupt-Longemer ont repris du service du c\u00f4t\u00e9 de la MCL avec un [&hellip;]<\/p>\n","protected":false},"author":42,"featured_media":38090,"comment_status":"open","ping_status":"open","sticky":false,"template":"","format":"standard","meta":{"footnotes":""},"categories":[20,4],"tags":[103,3910],"class_list":["post-38089","post","type-post","status-publish","format-standard","has-post-thumbnail","hentry","category-a-la-une","category-culture","tag-mcl-gerardmer","tag-restogrant"],"acf":[],"yoast_head":"<!-- This site is optimized with the Yoast SEO plugin v22.5 - https:\/\/yoast.com\/wordpress\/plugins\/seo\/ -->\n<title>A table les enfants, tous au RestOGrant ! - Gerardmer Info<\/title>\n<meta name=\"robots\" content=\"index, follow, max-snippet:-1, max-image-preview:large, max-video-preview:-1\" \/>\n<link rel=\"canonical\" href=\"https:\/\/vosgesinfo.fr\/gerardmerinfo\/2018\/11\/a-table-enfants-restogrant\/\" \/>\n<meta name=\"twitter:card\" content=\"summary_large_image\" \/>\n<meta name=\"twitter:title\" content=\"A table les enfants, tous au RestOGrant ! - Gerardmer Info\" \/>\n<meta name=\"twitter:description\" content=\"Les spectacles d\u00e9di\u00e9s aux \u00e9coliers de G\u00e9rardmer &amp; Xonrupt-Longemer ont repris du service du c\u00f4t\u00e9 de la MCL avec un [&hellip;]\" \/>\n<meta name=\"twitter:image\" content=\"https:\/\/vosgesinfo.fr\/app\/uploads\/sites\/6\/2024\/07\/201811restorgant-mcl-gerardmer-1.jpg\" \/>\n<meta name=\"twitter:creator\" content=\"@VosgesInfo88\" \/>\n<meta name=\"twitter:site\" content=\"@VosgesInfo88\" \/>\n<meta name=\"twitter:label1\" content=\"\u00c9crit par\" \/>\n\t<meta name=\"twitter:data1\" content=\"QG\" \/>\n\t<meta name=\"twitter:label2\" content=\"Dur\u00e9e de lecture estim\u00e9e\" \/>\n\t<meta name=\"twitter:data2\" content=\"2 minutes\" \/>\n<script type=\"application\/ld+json\" class=\"yoast-schema-graph\">{\"@context\":\"https:\/\/schema.org\",\"@graph\":[{\"@type\":\"Article\",\"@id\":\"https:\/\/vosgesinfo.fr\/gerardmerinfo\/2018\/11\/a-table-enfants-restogrant\/#article\",\"isPartOf\":{\"@id\":\"https:\/\/vosgesinfo.fr\/gerardmerinfo\/2018\/11\/a-table-enfants-restogrant\/\"},\"author\":{\"name\":\"QG\",\"@id\":\"https:\/\/vosgesinfo.fr\/gerardmerinfo\/#\/schema\/person\/db5605779a843dad16b5368f3e7613a5\"},\"headline\":\"A table les enfants, tous au RestOGrant !\",\"datePublished\":\"2018-11-23T16:13:34+00:00\",\"dateModified\":\"2018-11-23T16:13:34+00:00\",\"mainEntityOfPage\":{\"@id\":\"https:\/\/vosgesinfo.fr\/gerardmerinfo\/2018\/11\/a-table-enfants-restogrant\/\"},\"wordCount\":324,\"commentCount\":0,\"publisher\":{\"@id\":\"https:\/\/vosgesinfo.fr\/gerardmerinfo\/#organization\"},\"image\":{\"@id\":\"https:\/\/vosgesinfo.fr\/gerardmerinfo\/2018\/11\/a-table-enfants-restogrant\/#primaryimage\"},\"thumbnailUrl\":\"https:\/\/vosgesinfo.fr\/app\/uploads\/sites\/6\/2024\/07\/201811restorgant-mcl-gerardmer-1.jpg\",\"keywords\":[\"MCL G\u00e9rardmer\",\"RestOGrant\"],\"articleSection\":[\"A la une\",\"Culture\"],\"inLanguage\":\"fr-FR\",\"potentialAction\":[{\"@type\":\"CommentAction\",\"name\":\"Comment\",\"target\":[\"https:\/\/vosgesinfo.fr\/gerardmerinfo\/2018\/11\/a-table-enfants-restogrant\/#respond\"]}]},{\"@type\":\"WebPage\",\"@id\":\"https:\/\/vosgesinfo.fr\/gerardmerinfo\/2018\/11\/a-table-enfants-restogrant\/\",\"url\":\"https:\/\/vosgesinfo.fr\/gerardmerinfo\/2018\/11\/a-table-enfants-restogrant\/\",\"name\":\"A table les enfants, tous au RestOGrant ! - Gerardmer Info\",\"isPartOf\":{\"@id\":\"https:\/\/vosgesinfo.fr\/gerardmerinfo\/#website\"},\"primaryImageOfPage\":{\"@id\":\"https:\/\/vosgesinfo.fr\/gerardmerinfo\/2018\/11\/a-table-enfants-restogrant\/#primaryimage\"},\"image\":{\"@id\":\"https:\/\/vosgesinfo.fr\/gerardmerinfo\/2018\/11\/a-table-enfants-restogrant\/#primaryimage\"},\"thumbnailUrl\":\"https:\/\/vosgesinfo.fr\/app\/uploads\/sites\/6\/2024\/07\/201811restorgant-mcl-gerardmer-1.jpg\",\"datePublished\":\"2018-11-23T16:13:34+00:00\",\"dateModified\":\"2018-11-23T16:13:34+00:00\",\"breadcrumb\":{\"@id\":\"https:\/\/vosgesinfo.fr\/gerardmerinfo\/2018\/11\/a-table-enfants-restogrant\/#breadcrumb\"},\"inLanguage\":\"fr-FR\",\"potentialAction\":[{\"@type\":\"ReadAction\",\"target\":[\"https:\/\/vosgesinfo.fr\/gerardmerinfo\/2018\/11\/a-table-enfants-restogrant\/\"]}]},{\"@type\":\"ImageObject\",\"inLanguage\":\"fr-FR\",\"@id\":\"https:\/\/vosgesinfo.fr\/gerardmerinfo\/2018\/11\/a-table-enfants-restogrant\/#primaryimage\",\"url\":\"https:\/\/vosgesinfo.fr\/app\/uploads\/sites\/6\/2024\/07\/201811restorgant-mcl-gerardmer-1.jpg\",\"contentUrl\":\"https:\/\/vosgesinfo.fr\/app\/uploads\/sites\/6\/2024\/07\/201811restorgant-mcl-gerardmer-1.jpg\",\"width\":800,\"height\":533},{\"@type\":\"BreadcrumbList\",\"@id\":\"https:\/\/vosgesinfo.fr\/gerardmerinfo\/2018\/11\/a-table-enfants-restogrant\/#breadcrumb\",\"itemListElement\":[{\"@type\":\"ListItem\",\"position\":1,\"name\":\"Home\",\"item\":\"https:\/\/vosgesinfo.fr\/gerardmerinfo\/\"},{\"@type\":\"ListItem\",\"position\":2,\"name\":\"A table les enfants, tous au RestOGrant !\"}]},{\"@type\":\"WebSite\",\"@id\":\"https:\/\/vosgesinfo.fr\/gerardmerinfo\/#website\",\"url\":\"https:\/\/vosgesinfo.fr\/gerardmerinfo\/\",\"name\":\"Gerardmer Info\",\"description\":\"Toute l&#039;actualit\u00e9 de G\u00e9rardmer\",\"publisher\":{\"@id\":\"https:\/\/vosgesinfo.fr\/gerardmerinfo\/#organization\"},\"alternateName\":\"Toute l'actualit\u00e9 de G\u00e9rardmer\",\"potentialAction\":[{\"@type\":\"SearchAction\",\"target\":{\"@type\":\"EntryPoint\",\"urlTemplate\":\"https:\/\/vosgesinfo.fr\/gerardmerinfo\/?s={search_term_string}\"},\"query-input\":\"required name=search_term_string\"}],\"inLanguage\":\"fr-FR\"},{\"@type\":\"Organization\",\"@id\":\"https:\/\/vosgesinfo.fr\/gerardmerinfo\/#organization\",\"name\":\"Gerardmer Info\",\"url\":\"https:\/\/vosgesinfo.fr\/gerardmerinfo\/\",\"logo\":{\"@type\":\"ImageObject\",\"inLanguage\":\"fr-FR\",\"@id\":\"https:\/\/vosgesinfo.fr\/gerardmerinfo\/#\/schema\/logo\/image\/\",\"url\":\"https:\/\/vosgesinfo.fr\/app\/uploads\/sites\/6\/2023\/08\/favicon-gerardmerinfo.png\",\"contentUrl\":\"https:\/\/vosgesinfo.fr\/app\/uploads\/sites\/6\/2023\/08\/favicon-gerardmerinfo.png\",\"width\":512,\"height\":512,\"caption\":\"Gerardmer Info\"},\"image\":{\"@id\":\"https:\/\/vosgesinfo.fr\/gerardmerinfo\/#\/schema\/logo\/image\/\"},\"sameAs\":[\"https:\/\/www.facebook.com\/profile.php?id=100049475262660\",\"https:\/\/x.com\/VosgesInfo88\",\"https:\/\/www.youtube.com\/@vosgesinfo\"]},{\"@type\":\"Person\",\"@id\":\"https:\/\/vosgesinfo.fr\/gerardmerinfo\/#\/schema\/person\/db5605779a843dad16b5368f3e7613a5\",\"name\":\"QG\",\"image\":{\"@type\":\"ImageObject\",\"inLanguage\":\"fr-FR\",\"@id\":\"https:\/\/vosgesinfo.fr\/gerardmerinfo\/#\/schema\/person\/image\/\",\"url\":\"https:\/\/secure.gravatar.com\/avatar\/ea80c42c204b534408512832fde52504ecabb9706bcb6151cf6175e5b64e6793?s=96&d=mm&r=g\",\"contentUrl\":\"https:\/\/secure.gravatar.com\/avatar\/ea80c42c204b534408512832fde52504ecabb9706bcb6151cf6175e5b64e6793?s=96&d=mm&r=g\",\"caption\":\"QG\"},\"url\":\"https:\/\/vosgesinfo.fr\/gerardmerinfo\/author\/quentin88\/\"}]}<\/script>\n<!-- \/ Yoast SEO plugin. -->","yoast_head_json":{"title":"A table les enfants, tous au RestOGrant ! - Gerardmer Info","robots":{"index":"index","follow":"follow","max-snippet":"max-snippet:-1","max-image-preview":"max-image-preview:large","max-video-preview":"max-video-preview:-1"},"canonical":"https:\/\/vosgesinfo.fr\/gerardmerinfo\/2018\/11\/a-table-enfants-restogrant\/","twitter_card":"summary_large_image","twitter_title":"A table les enfants, tous au RestOGrant ! - Gerardmer Info","twitter_description":"Les spectacles d\u00e9di\u00e9s aux \u00e9coliers de G\u00e9rardmer &amp; Xonrupt-Longemer ont repris du service du c\u00f4t\u00e9 de la MCL avec un [&hellip;]","twitter_image":"https:\/\/vosgesinfo.fr\/app\/uploads\/sites\/6\/2024\/07\/201811restorgant-mcl-gerardmer-1.jpg","twitter_creator":"@VosgesInfo88","twitter_site":"@VosgesInfo88","twitter_misc":{"\u00c9crit par":"QG","Dur\u00e9e de lecture estim\u00e9e":"2 minutes"},"schema":{"@context":"https:\/\/schema.org","@graph":[{"@type":"Article","@id":"https:\/\/vosgesinfo.fr\/gerardmerinfo\/2018\/11\/a-table-enfants-restogrant\/#article","isPartOf":{"@id":"https:\/\/vosgesinfo.fr\/gerardmerinfo\/2018\/11\/a-table-enfants-restogrant\/"},"author":{"name":"QG","@id":"https:\/\/vosgesinfo.fr\/gerardmerinfo\/#\/schema\/person\/db5605779a843dad16b5368f3e7613a5"},"headline":"A table les enfants, tous au RestOGrant !","datePublished":"2018-11-23T16:13:34+00:00","dateModified":"2018-11-23T16:13:34+00:00","mainEntityOfPage":{"@id":"https:\/\/vosgesinfo.fr\/gerardmerinfo\/2018\/11\/a-table-enfants-restogrant\/"},"wordCount":324,"commentCount":0,"publisher":{"@id":"https:\/\/vosgesinfo.fr\/gerardmerinfo\/#organization"},"image":{"@id":"https:\/\/vosgesinfo.fr\/gerardmerinfo\/2018\/11\/a-table-enfants-restogrant\/#primaryimage"},"thumbnailUrl":"https:\/\/vosgesinfo.fr\/app\/uploads\/sites\/6\/2024\/07\/201811restorgant-mcl-gerardmer-1.jpg","keywords":["MCL G\u00e9rardmer","RestOGrant"],"articleSection":["A la une","Culture"],"inLanguage":"fr-FR","potentialAction":[{"@type":"CommentAction","name":"Comment","target":["https:\/\/vosgesinfo.fr\/gerardmerinfo\/2018\/11\/a-table-enfants-restogrant\/#respond"]}]},{"@type":"WebPage","@id":"https:\/\/vosgesinfo.fr\/gerardmerinfo\/2018\/11\/a-table-enfants-restogrant\/","url":"https:\/\/vosgesinfo.fr\/gerardmerinfo\/2018\/11\/a-table-enfants-restogrant\/","name":"A table les enfants, tous au RestOGrant ! - Gerardmer Info","isPartOf":{"@id":"https:\/\/vosgesinfo.fr\/gerardmerinfo\/#website"},"primaryImageOfPage":{"@id":"https:\/\/vosgesinfo.fr\/gerardmerinfo\/2018\/11\/a-table-enfants-restogrant\/#primaryimage"},"image":{"@id":"https:\/\/vosgesinfo.fr\/gerardmerinfo\/2018\/11\/a-table-enfants-restogrant\/#primaryimage"},"thumbnailUrl":"https:\/\/vosgesinfo.fr\/app\/uploads\/sites\/6\/2024\/07\/201811restorgant-mcl-gerardmer-1.jpg","datePublished":"2018-11-23T16:13:34+00:00","dateModified":"2018-11-23T16:13:34+00:00","breadcrumb":{"@id":"https:\/\/vosgesinfo.fr\/gerardmerinfo\/2018\/11\/a-table-enfants-restogrant\/#breadcrumb"},"inLanguage":"fr-FR","potentialAction":[{"@type":"ReadAction","target":["https:\/\/vosgesinfo.fr\/gerardmerinfo\/2018\/11\/a-table-enfants-restogrant\/"]}]},{"@type":"ImageObject","inLanguage":"fr-FR","@id":"https:\/\/vosgesinfo.fr\/gerardmerinfo\/2018\/11\/a-table-enfants-restogrant\/#primaryimage","url":"https:\/\/vosgesinfo.fr\/app\/uploads\/sites\/6\/2024\/07\/201811restorgant-mcl-gerardmer-1.jpg","contentUrl":"https:\/\/vosgesinfo.fr\/app\/uploads\/sites\/6\/2024\/07\/201811restorgant-mcl-gerardmer-1.jpg","width":800,"height":533},{"@type":"BreadcrumbList","@id":"https:\/\/vosgesinfo.fr\/gerardmerinfo\/2018\/11\/a-table-enfants-restogrant\/#breadcrumb","itemListElement":[{"@type":"ListItem","position":1,"name":"Home","item":"https:\/\/vosgesinfo.fr\/gerardmerinfo\/"},{"@type":"ListItem","position":2,"name":"A table les enfants, tous au RestOGrant !"}]},{"@type":"WebSite","@id":"https:\/\/vosgesinfo.fr\/gerardmerinfo\/#website","url":"https:\/\/vosgesinfo.fr\/gerardmerinfo\/","name":"Gerardmer Info","description":"Toute l&#039;actualit\u00e9 de G\u00e9rardmer","publisher":{"@id":"https:\/\/vosgesinfo.fr\/gerardmerinfo\/#organization"},"alternateName":"Toute l'actualit\u00e9 de G\u00e9rardmer","potentialAction":[{"@type":"SearchAction","target":{"@type":"EntryPoint","urlTemplate":"https:\/\/vosgesinfo.fr\/gerardmerinfo\/?s={search_term_string}"},"query-input":"required name=search_term_string"}],"inLanguage":"fr-FR"},{"@type":"Organization","@id":"https:\/\/vosgesinfo.fr\/gerardmerinfo\/#organization","name":"Gerardmer Info","url":"https:\/\/vosgesinfo.fr\/gerardmerinfo\/","logo":{"@type":"ImageObject","inLanguage":"fr-FR","@id":"https:\/\/vosgesinfo.fr\/gerardmerinfo\/#\/schema\/logo\/image\/","url":"https:\/\/vosgesinfo.fr\/app\/uploads\/sites\/6\/2023\/08\/favicon-gerardmerinfo.png","contentUrl":"https:\/\/vosgesinfo.fr\/app\/uploads\/sites\/6\/2023\/08\/favicon-gerardmerinfo.png","width":512,"height":512,"caption":"Gerardmer Info"},"image":{"@id":"https:\/\/vosgesinfo.fr\/gerardmerinfo\/#\/schema\/logo\/image\/"},"sameAs":["https:\/\/www.facebook.com\/profile.php?id=100049475262660","https:\/\/x.com\/VosgesInfo88","https:\/\/www.youtube.com\/@vosgesinfo"]},{"@type":"Person","@id":"https:\/\/vosgesinfo.fr\/gerardmerinfo\/#\/schema\/person\/db5605779a843dad16b5368f3e7613a5","name":"QG","image":{"@type":"ImageObject","inLanguage":"fr-FR","@id":"https:\/\/vosgesinfo.fr\/gerardmerinfo\/#\/schema\/person\/image\/","url":"https:\/\/secure.gravatar.com\/avatar\/ea80c42c204b534408512832fde52504ecabb9706bcb6151cf6175e5b64e6793?s=96&d=mm&r=g","contentUrl":"https:\/\/secure.gravatar.com\/avatar\/ea80c42c204b534408512832fde52504ecabb9706bcb6151cf6175e5b64e6793?s=96&d=mm&r=g","caption":"QG"},"url":"https:\/\/vosgesinfo.fr\/gerardmerinfo\/author\/quentin88\/"}]}},"_links":{"self":[{"href":"https:\/\/vosgesinfo.fr\/gerardmerinfo\/wp-json\/wp\/v2\/posts\/38089","targetHints":{"allow":["GET"]}}],"collection":[{"href":"https:\/\/vosgesinfo.fr\/gerardmerinfo\/wp-json\/wp\/v2\/posts"}],"about":[{"href":"https:\/\/vosgesinfo.fr\/gerardmerinfo\/wp-json\/wp\/v2\/types\/post"}],"author":[{"embeddable":true,"href":"https:\/\/vosgesinfo.fr\/gerardmerinfo\/wp-json\/wp\/v2\/users\/42"}],"replies":[{"embeddable":true,"href":"https:\/\/vosgesinfo.fr\/gerardmerinfo\/wp-json\/wp\/v2\/comments?post=38089"}],"version-history":[{"count":0,"href":"https:\/\/vosgesinfo.fr\/gerardmerinfo\/wp-json\/wp\/v2\/posts\/38089\/revisions"}],"wp:featuredmedia":[{"embeddable":true,"href":"https:\/\/vosgesinfo.fr\/gerardmerinfo\/wp-json\/wp\/v2\/media\/38090"}],"wp:attachment":[{"href":"https:\/\/vosgesinfo.fr\/gerardmerinfo\/wp-json\/wp\/v2\/media?parent=38089"}],"wp:term":[{"taxonomy":"category","embeddable":true,"href":"https:\/\/vosgesinfo.fr\/gerardmerinfo\/wp-json\/wp\/v2\/categories?post=38089"},{"taxonomy":"post_tag","embeddable":true,"href":"https:\/\/vosgesinfo.fr\/gerardmerinfo\/wp-json\/wp\/v2\/tags?post=38089"}],"curies":[{"name":"wp","href":"https:\/\/api.w.org\/{rel}","templated":true}]}}