{"id":38192,"date":"2018-11-27T16:27:33","date_gmt":"2018-11-27T15:27:33","guid":{"rendered":"https:\/\/vosgesinfo.fr\/gerardmerinfo\/2018\/11\/gastronomiam-21eme-edition\/"},"modified":"2018-11-27T16:27:33","modified_gmt":"2018-11-27T15:27:33","slug":"gastronomiam-21eme-edition","status":"publish","type":"post","link":"https:\/\/vosgesinfo.fr\/gerardmerinfo\/2018\/11\/gastronomiam-21eme-edition\/","title":{"rendered":"Gastrono\u2019miam : 21\u00e8me \u00e9dition"},"content":{"rendered":"<p><a href=\"\/2018\/11\/gastronomiam-1.jpg\"><img decoding=\"async\" class=\"aligncenter size-full wp-image-138379\" src=\"\/2018\/11\/gastronomiam-1.jpg\" alt=\"gastrono'miam (1)\" width=\"800\" height=\"534\" \/><\/a><\/p>\n<h3>La 21\u00e8me \u00e9dition de Gastrono\u2019miam, le salon des vins, des produits du terroir et des arts de la table de G\u00e9rardmer se d\u00e9roulera du vendredi 30 novembre au dimanche 2 d\u00e9cembre au Centre de Congr\u00e8s Espace L.A.C.<\/h3>\n<p>Ce salon, \u00e0 quelques encablures des f\u00eates de fin d\u2019ann\u00e9e, permettra aux 3 000 visiteurs attendus de trouver des petits tr\u00e9sors de la gastronomie fran\u00e7aise et des vins en accord avec les mets \u00e0 venir.<\/p>\n<p>Encore une fois, cette \u00e9dition propose un v\u00e9ritable tour de France des vins et des saveurs avec 41 exposants : 22 viticulteurs et 19 producteurs du terroir.<\/p>\n<p><a href=\"\/2018\/11\/gastronomiam-2.jpg\"><img decoding=\"async\" class=\"alignright size-medium wp-image-138378\" src=\"\/2018\/11\/gastronomiam-2-382x255.jpg\" alt=\"gastrono'miam (2)\" width=\"382\" height=\"255\" \/><\/a>A commencer par les viandes et salaisons : on y trouvera les charcuteries de Savoie, de l\u2019Aveyron, les fameux fum\u00e9s vosgiens&#8230; Trois nouveaut\u00e9s cette ann\u00e9e dans cette cat\u00e9gorie. La Ferme de B\u00e9mont, bas\u00e9e \u00e0 Saulcy-sur-Meurthe, fera d\u00e9couvrir ses produits \u00e0 base de canard : rillettes, foie gras, magrets\u2026 Le Colombier salixien, \u00e9galement \u00e0 Saulcy, pr\u00e9sentera ses pigeonneaux, terrines de pigeon, rillettes de pigeon&#8230; Enfin, le Gourmand\u2019Art proposera les salaisons artisanales du Mont Charvin en Savoie.<\/p>\n<p>C\u00f4t\u00e9 fromages, l\u2019Aveyron sera de nouveau l\u00e0, accompagn\u00e9s par les Fruiti\u00e8res du plateau de Nozeroy et ses r\u00e9put\u00e9s fromages de Franche-Comt\u00e9. Pour sa part, \u201cL\u2019Instant fromage\u201d fera red\u00e9couvrir les fromages fermiers.<\/p>\n<p>Le soleil sera de la partie avec les olives, tapenades, tomates proven\u00e7ales, le safran\u2026.<\/p>\n<p>Les gourmands se laisseront ravir par le miel et ses produits d\u00e9riv\u00e9s, les confitures, le chocolat\u2026 Ou c\u00f4t\u00e9 nouveaut\u00e9s, les bonbons des Vosges 100% bio de la Confiserie G\u00e9r\u00f4moise et les Bluets des Vosges des Vergers des Avolets \u00e0 Rupt-sur-Moselle.<\/p>\n<p>Et pourquoi pas p\u00e9n\u00e9trer l\u2019univers du th\u00e9 avec la Xonrup\u00e9enne Nathalie. Elle s\u00e9lectionne avec soin ses th\u00e9s venus d\u2019Inde, du Japon, de Chine. Elle vous expliquera tous les rituels autour de cette boisson bue dans le monde entier.<\/p>\n<p>C\u00f4t\u00e9 vins, pratiquement tous les vignobles fran\u00e7ais seront une nouvelle fois repr\u00e9sent\u00e9s : Alsace, Champagne, Lorraine, Jura, Bourgogne, vins du Rh\u00f4ne et m\u00e9diterran\u00e9ens, vins des Pays de Loire, le Bordelais et vins du Sud-Ouest. Avec deux nouveaux viticulteurs : les Vignobles Poisson (Sauternes, C\u00e9rons, 1\u00e8res C\u00f4tes de Bordeaux), le Ch\u00e2teau Le Br\u00e9z\u00e9guet (AOP Cahors, IGP C\u00f4tes du Lot).<\/p>\n<p>Gastrono\u2019miam, c\u2019est \u00e9galement l\u2019occasion d\u2019assister \u00e0 des d\u00e9monstrations culinaires, florales ou des jeux \u0153nologiques.<\/p>\n<p>Enfin, un espace restauration g\u00e9r\u00e9 par Events &amp; Coordination propose les samedi et dimanche midi 3 formules : plat du jour \u00e0 10 \u20ac, entr\u00e9e + plat ou plat + dessert \u00e0 14\u20ac et entr\u00e9e + plat + dessert \u00e0 17 \u20ac. Et pour ouvrir les festivit\u00e9s, un d\u00eener gastronomique d\u00e9j\u00e0 complet aura lieu le vendredi soir sur r\u00e9servation. Il est concoct\u00e9 par le chef du Grand H\u00f4tel &amp; Spa de G\u00e9rardmer, Thierry Longo, Ma\u00eetre Cuisinier de France.<\/p>\n<p>2 week-ends \u0153nologiques \u00e0 gagner !<\/p>\n<p>Cette ann\u00e9e, Gastrono\u2019miam offre la possibilit\u00e9 de gagner 2 week-ends pour 2 personnes dans un domaine viticole \u00e0 Lugny en Bourgogne. Le week-end comprend la visite du domaine et d\u00e9gustation, d\u00eener et nuit\u00e9e. Pour tenter de remporter le week-end, il suffit de remplir le bulletin \u00e0 d\u00e9couper sur le programme et de le glisser dans l\u2019urne \u00e0 l\u2019entr\u00e9e de l\u2019Espace L.A.C. Deux tirages au sort auront lieu : samedi 1er d\u00e9cembre \u00e0 18h30 et dimanche 2 d\u00e9cembre \u00e0 17h30.<\/p>\n<p>Informations pratiques :<\/p>\n<p>Le programme des d\u00e9monstrations et animations<\/p>\n<p>Samedi 1er d\u00e9cembre &#8211; 14h-17h : Jeux \u0153nologiques avec les Oenophiles G\u00e9r\u00f4mois. &#8211; 14h30 : d\u00e9monstration culinaire avec Olivier Meurville, professeur de cuisine au lyc\u00e9e h\u00f4telier JBS Chardin &#8211; 16h : d\u00e9monstration de p\u00e2tisserie avec Schmitt Chocolatiers<\/p>\n<p>Dimanche 2 d\u00e9cembre &#8211; 14h-17h : Jeux \u0153nologiques avec les Oenophiles G\u00e9r\u00f4mois. &#8211; 14h30 : d\u00e9monstration culinaire avec Nicolas Malavaux, professeur de cuisine au lyc\u00e9e h\u00f4telier JBS Chardin &#8211; 16h : art floral avec Ludovic Voirin, artisan fleuriste du magasin L\u2019Hortensia \u00e0 G\u00e9rardmer<\/p>\n<p>Gastrono\u2019miam a lieu au Centre de Congr\u00e8s Espace L.A.C<\/p>\n<p>Le vendredi 30 novembre de 15h \u00e0 20h<\/p>\n<p>Le samedi 1er d\u00e9cembre de 10h \u00e0 20h<\/p>\n<p>Le dimanche 2 d\u00e9cembre de 10h \u00e0 18h.<\/p>\n<p>Entr\u00e9e gratuite<\/p>\n<p>Pour tout savoir sur le salon, t\u00e9l\u00e9charger les recettes des \u00e9ditions pr\u00e9c\u00e9dentes, retrouver toutes les photos : www.gastronomiam.fr<\/p>\n","protected":false},"excerpt":{"rendered":"<p>La 21\u00e8me \u00e9dition de Gastrono\u2019miam, le salon des vins, des produits du terroir et des arts de la table de [&hellip;]<\/p>\n","protected":false},"author":1,"featured_media":38193,"comment_status":"open","ping_status":"open","sticky":false,"template":"","format":"standard","meta":{"footnotes":""},"categories":[20,24,18],"tags":[641],"class_list":["post-38192","post","type-post","status-publish","format-standard","has-post-thumbnail","hentry","category-a-la-une","category-evenements","category-vosges","tag-gastronomiam"],"acf":[],"yoast_head":"<!-- This site is optimized with the Yoast SEO plugin v22.5 - https:\/\/yoast.com\/wordpress\/plugins\/seo\/ -->\n<title>Gastrono\u2019miam : 21\u00e8me \u00e9dition - Gerardmer Info<\/title>\n<meta name=\"robots\" content=\"index, follow, max-snippet:-1, max-image-preview:large, max-video-preview:-1\" \/>\n<link rel=\"canonical\" href=\"https:\/\/vosgesinfo.fr\/gerardmerinfo\/2018\/11\/gastronomiam-21eme-edition\/\" \/>\n<meta name=\"twitter:card\" content=\"summary_large_image\" \/>\n<meta name=\"twitter:title\" content=\"Gastrono\u2019miam : 21\u00e8me \u00e9dition - Gerardmer Info\" \/>\n<meta name=\"twitter:description\" content=\"La 21\u00e8me \u00e9dition de Gastrono\u2019miam, le salon des vins, des produits du terroir et des arts de la table de [&hellip;]\" \/>\n<meta name=\"twitter:image\" content=\"https:\/\/vosgesinfo.fr\/app\/uploads\/sites\/6\/2024\/07\/201811gastronomiam-1.jpg\" \/>\n<meta name=\"twitter:creator\" content=\"@VosgesInfo88\" \/>\n<meta name=\"twitter:site\" content=\"@VosgesInfo88\" \/>\n<meta name=\"twitter:label1\" content=\"\u00c9crit par\" \/>\n\t<meta name=\"twitter:data1\" content=\"qs_admin\" \/>\n\t<meta name=\"twitter:label2\" content=\"Dur\u00e9e de lecture estim\u00e9e\" \/>\n\t<meta name=\"twitter:data2\" content=\"4 minutes\" \/>\n<script type=\"application\/ld+json\" class=\"yoast-schema-graph\">{\"@context\":\"https:\/\/schema.org\",\"@graph\":[{\"@type\":\"Article\",\"@id\":\"https:\/\/vosgesinfo.fr\/gerardmerinfo\/2018\/11\/gastronomiam-21eme-edition\/#article\",\"isPartOf\":{\"@id\":\"https:\/\/vosgesinfo.fr\/gerardmerinfo\/2018\/11\/gastronomiam-21eme-edition\/\"},\"author\":{\"name\":\"qs_admin\",\"@id\":\"https:\/\/vosgesinfo.fr\/gerardmerinfo\/#\/schema\/person\/bc5d02d71e6932e81b6dadb7386667b1\"},\"headline\":\"Gastrono\u2019miam : 21\u00e8me \u00e9dition\",\"datePublished\":\"2018-11-27T15:27:33+00:00\",\"dateModified\":\"2018-11-27T15:27:33+00:00\",\"mainEntityOfPage\":{\"@id\":\"https:\/\/vosgesinfo.fr\/gerardmerinfo\/2018\/11\/gastronomiam-21eme-edition\/\"},\"wordCount\":736,\"commentCount\":0,\"publisher\":{\"@id\":\"https:\/\/vosgesinfo.fr\/gerardmerinfo\/#organization\"},\"image\":{\"@id\":\"https:\/\/vosgesinfo.fr\/gerardmerinfo\/2018\/11\/gastronomiam-21eme-edition\/#primaryimage\"},\"thumbnailUrl\":\"https:\/\/vosgesinfo.fr\/app\/uploads\/sites\/6\/2024\/07\/201811gastronomiam-1.jpg\",\"keywords\":[\"gastrono'miam\"],\"articleSection\":[\"A la une\",\"Ev\u00e8nements\",\"Vosges\"],\"inLanguage\":\"fr-FR\",\"potentialAction\":[{\"@type\":\"CommentAction\",\"name\":\"Comment\",\"target\":[\"https:\/\/vosgesinfo.fr\/gerardmerinfo\/2018\/11\/gastronomiam-21eme-edition\/#respond\"]}]},{\"@type\":\"WebPage\",\"@id\":\"https:\/\/vosgesinfo.fr\/gerardmerinfo\/2018\/11\/gastronomiam-21eme-edition\/\",\"url\":\"https:\/\/vosgesinfo.fr\/gerardmerinfo\/2018\/11\/gastronomiam-21eme-edition\/\",\"name\":\"Gastrono\u2019miam : 21\u00e8me \u00e9dition - Gerardmer Info\",\"isPartOf\":{\"@id\":\"https:\/\/vosgesinfo.fr\/gerardmerinfo\/#website\"},\"primaryImageOfPage\":{\"@id\":\"https:\/\/vosgesinfo.fr\/gerardmerinfo\/2018\/11\/gastronomiam-21eme-edition\/#primaryimage\"},\"image\":{\"@id\":\"https:\/\/vosgesinfo.fr\/gerardmerinfo\/2018\/11\/gastronomiam-21eme-edition\/#primaryimage\"},\"thumbnailUrl\":\"https:\/\/vosgesinfo.fr\/app\/uploads\/sites\/6\/2024\/07\/201811gastronomiam-1.jpg\",\"datePublished\":\"2018-11-27T15:27:33+00:00\",\"dateModified\":\"2018-11-27T15:27:33+00:00\",\"breadcrumb\":{\"@id\":\"https:\/\/vosgesinfo.fr\/gerardmerinfo\/2018\/11\/gastronomiam-21eme-edition\/#breadcrumb\"},\"inLanguage\":\"fr-FR\",\"potentialAction\":[{\"@type\":\"ReadAction\",\"target\":[\"https:\/\/vosgesinfo.fr\/gerardmerinfo\/2018\/11\/gastronomiam-21eme-edition\/\"]}]},{\"@type\":\"ImageObject\",\"inLanguage\":\"fr-FR\",\"@id\":\"https:\/\/vosgesinfo.fr\/gerardmerinfo\/2018\/11\/gastronomiam-21eme-edition\/#primaryimage\",\"url\":\"https:\/\/vosgesinfo.fr\/app\/uploads\/sites\/6\/2024\/07\/201811gastronomiam-1.jpg\",\"contentUrl\":\"https:\/\/vosgesinfo.fr\/app\/uploads\/sites\/6\/2024\/07\/201811gastronomiam-1.jpg\",\"width\":800,\"height\":534},{\"@type\":\"BreadcrumbList\",\"@id\":\"https:\/\/vosgesinfo.fr\/gerardmerinfo\/2018\/11\/gastronomiam-21eme-edition\/#breadcrumb\",\"itemListElement\":[{\"@type\":\"ListItem\",\"position\":1,\"name\":\"Home\",\"item\":\"https:\/\/vosgesinfo.fr\/gerardmerinfo\/\"},{\"@type\":\"ListItem\",\"position\":2,\"name\":\"Gastrono\u2019miam : 21\u00e8me \u00e9dition\"}]},{\"@type\":\"WebSite\",\"@id\":\"https:\/\/vosgesinfo.fr\/gerardmerinfo\/#website\",\"url\":\"https:\/\/vosgesinfo.fr\/gerardmerinfo\/\",\"name\":\"Gerardmer Info\",\"description\":\"Toute l&#039;actualit\u00e9 de G\u00e9rardmer\",\"publisher\":{\"@id\":\"https:\/\/vosgesinfo.fr\/gerardmerinfo\/#organization\"},\"alternateName\":\"Toute l'actualit\u00e9 de G\u00e9rardmer\",\"potentialAction\":[{\"@type\":\"SearchAction\",\"target\":{\"@type\":\"EntryPoint\",\"urlTemplate\":\"https:\/\/vosgesinfo.fr\/gerardmerinfo\/?s={search_term_string}\"},\"query-input\":\"required name=search_term_string\"}],\"inLanguage\":\"fr-FR\"},{\"@type\":\"Organization\",\"@id\":\"https:\/\/vosgesinfo.fr\/gerardmerinfo\/#organization\",\"name\":\"Gerardmer Info\",\"url\":\"https:\/\/vosgesinfo.fr\/gerardmerinfo\/\",\"logo\":{\"@type\":\"ImageObject\",\"inLanguage\":\"fr-FR\",\"@id\":\"https:\/\/vosgesinfo.fr\/gerardmerinfo\/#\/schema\/logo\/image\/\",\"url\":\"https:\/\/vosgesinfo.fr\/app\/uploads\/sites\/6\/2023\/08\/favicon-gerardmerinfo.png\",\"contentUrl\":\"https:\/\/vosgesinfo.fr\/app\/uploads\/sites\/6\/2023\/08\/favicon-gerardmerinfo.png\",\"width\":512,\"height\":512,\"caption\":\"Gerardmer Info\"},\"image\":{\"@id\":\"https:\/\/vosgesinfo.fr\/gerardmerinfo\/#\/schema\/logo\/image\/\"},\"sameAs\":[\"https:\/\/www.facebook.com\/profile.php?id=100049475262660\",\"https:\/\/x.com\/VosgesInfo88\",\"https:\/\/www.youtube.com\/@vosgesinfo\"]},{\"@type\":\"Person\",\"@id\":\"https:\/\/vosgesinfo.fr\/gerardmerinfo\/#\/schema\/person\/bc5d02d71e6932e81b6dadb7386667b1\",\"name\":\"qs_admin\",\"image\":{\"@type\":\"ImageObject\",\"inLanguage\":\"fr-FR\",\"@id\":\"https:\/\/vosgesinfo.fr\/gerardmerinfo\/#\/schema\/person\/image\/\",\"url\":\"https:\/\/secure.gravatar.com\/avatar\/94b18ee0ed79e4a42ea2f2931277b6841a8999fc6fde214600c78057cf1fe1de?s=96&d=mm&r=g\",\"contentUrl\":\"https:\/\/secure.gravatar.com\/avatar\/94b18ee0ed79e4a42ea2f2931277b6841a8999fc6fde214600c78057cf1fe1de?s=96&d=mm&r=g\",\"caption\":\"qs_admin\"},\"sameAs\":[\"https:\/\/vosgesinfo.fr\/wp\"],\"url\":\"https:\/\/vosgesinfo.fr\/gerardmerinfo\/author\/qs_admin\/\"}]}<\/script>\n<!-- \/ Yoast SEO plugin. -->","yoast_head_json":{"title":"Gastrono\u2019miam : 21\u00e8me \u00e9dition - Gerardmer Info","robots":{"index":"index","follow":"follow","max-snippet":"max-snippet:-1","max-image-preview":"max-image-preview:large","max-video-preview":"max-video-preview:-1"},"canonical":"https:\/\/vosgesinfo.fr\/gerardmerinfo\/2018\/11\/gastronomiam-21eme-edition\/","twitter_card":"summary_large_image","twitter_title":"Gastrono\u2019miam : 21\u00e8me \u00e9dition - Gerardmer Info","twitter_description":"La 21\u00e8me \u00e9dition de Gastrono\u2019miam, le salon des vins, des produits du terroir et des arts de la table de [&hellip;]","twitter_image":"https:\/\/vosgesinfo.fr\/app\/uploads\/sites\/6\/2024\/07\/201811gastronomiam-1.jpg","twitter_creator":"@VosgesInfo88","twitter_site":"@VosgesInfo88","twitter_misc":{"\u00c9crit par":"qs_admin","Dur\u00e9e de lecture estim\u00e9e":"4 minutes"},"schema":{"@context":"https:\/\/schema.org","@graph":[{"@type":"Article","@id":"https:\/\/vosgesinfo.fr\/gerardmerinfo\/2018\/11\/gastronomiam-21eme-edition\/#article","isPartOf":{"@id":"https:\/\/vosgesinfo.fr\/gerardmerinfo\/2018\/11\/gastronomiam-21eme-edition\/"},"author":{"name":"qs_admin","@id":"https:\/\/vosgesinfo.fr\/gerardmerinfo\/#\/schema\/person\/bc5d02d71e6932e81b6dadb7386667b1"},"headline":"Gastrono\u2019miam : 21\u00e8me \u00e9dition","datePublished":"2018-11-27T15:27:33+00:00","dateModified":"2018-11-27T15:27:33+00:00","mainEntityOfPage":{"@id":"https:\/\/vosgesinfo.fr\/gerardmerinfo\/2018\/11\/gastronomiam-21eme-edition\/"},"wordCount":736,"commentCount":0,"publisher":{"@id":"https:\/\/vosgesinfo.fr\/gerardmerinfo\/#organization"},"image":{"@id":"https:\/\/vosgesinfo.fr\/gerardmerinfo\/2018\/11\/gastronomiam-21eme-edition\/#primaryimage"},"thumbnailUrl":"https:\/\/vosgesinfo.fr\/app\/uploads\/sites\/6\/2024\/07\/201811gastronomiam-1.jpg","keywords":["gastrono'miam"],"articleSection":["A la une","Ev\u00e8nements","Vosges"],"inLanguage":"fr-FR","potentialAction":[{"@type":"CommentAction","name":"Comment","target":["https:\/\/vosgesinfo.fr\/gerardmerinfo\/2018\/11\/gastronomiam-21eme-edition\/#respond"]}]},{"@type":"WebPage","@id":"https:\/\/vosgesinfo.fr\/gerardmerinfo\/2018\/11\/gastronomiam-21eme-edition\/","url":"https:\/\/vosgesinfo.fr\/gerardmerinfo\/2018\/11\/gastronomiam-21eme-edition\/","name":"Gastrono\u2019miam : 21\u00e8me \u00e9dition - Gerardmer Info","isPartOf":{"@id":"https:\/\/vosgesinfo.fr\/gerardmerinfo\/#website"},"primaryImageOfPage":{"@id":"https:\/\/vosgesinfo.fr\/gerardmerinfo\/2018\/11\/gastronomiam-21eme-edition\/#primaryimage"},"image":{"@id":"https:\/\/vosgesinfo.fr\/gerardmerinfo\/2018\/11\/gastronomiam-21eme-edition\/#primaryimage"},"thumbnailUrl":"https:\/\/vosgesinfo.fr\/app\/uploads\/sites\/6\/2024\/07\/201811gastronomiam-1.jpg","datePublished":"2018-11-27T15:27:33+00:00","dateModified":"2018-11-27T15:27:33+00:00","breadcrumb":{"@id":"https:\/\/vosgesinfo.fr\/gerardmerinfo\/2018\/11\/gastronomiam-21eme-edition\/#breadcrumb"},"inLanguage":"fr-FR","potentialAction":[{"@type":"ReadAction","target":["https:\/\/vosgesinfo.fr\/gerardmerinfo\/2018\/11\/gastronomiam-21eme-edition\/"]}]},{"@type":"ImageObject","inLanguage":"fr-FR","@id":"https:\/\/vosgesinfo.fr\/gerardmerinfo\/2018\/11\/gastronomiam-21eme-edition\/#primaryimage","url":"https:\/\/vosgesinfo.fr\/app\/uploads\/sites\/6\/2024\/07\/201811gastronomiam-1.jpg","contentUrl":"https:\/\/vosgesinfo.fr\/app\/uploads\/sites\/6\/2024\/07\/201811gastronomiam-1.jpg","width":800,"height":534},{"@type":"BreadcrumbList","@id":"https:\/\/vosgesinfo.fr\/gerardmerinfo\/2018\/11\/gastronomiam-21eme-edition\/#breadcrumb","itemListElement":[{"@type":"ListItem","position":1,"name":"Home","item":"https:\/\/vosgesinfo.fr\/gerardmerinfo\/"},{"@type":"ListItem","position":2,"name":"Gastrono\u2019miam : 21\u00e8me \u00e9dition"}]},{"@type":"WebSite","@id":"https:\/\/vosgesinfo.fr\/gerardmerinfo\/#website","url":"https:\/\/vosgesinfo.fr\/gerardmerinfo\/","name":"Gerardmer Info","description":"Toute l&#039;actualit\u00e9 de G\u00e9rardmer","publisher":{"@id":"https:\/\/vosgesinfo.fr\/gerardmerinfo\/#organization"},"alternateName":"Toute l'actualit\u00e9 de G\u00e9rardmer","potentialAction":[{"@type":"SearchAction","target":{"@type":"EntryPoint","urlTemplate":"https:\/\/vosgesinfo.fr\/gerardmerinfo\/?s={search_term_string}"},"query-input":"required name=search_term_string"}],"inLanguage":"fr-FR"},{"@type":"Organization","@id":"https:\/\/vosgesinfo.fr\/gerardmerinfo\/#organization","name":"Gerardmer Info","url":"https:\/\/vosgesinfo.fr\/gerardmerinfo\/","logo":{"@type":"ImageObject","inLanguage":"fr-FR","@id":"https:\/\/vosgesinfo.fr\/gerardmerinfo\/#\/schema\/logo\/image\/","url":"https:\/\/vosgesinfo.fr\/app\/uploads\/sites\/6\/2023\/08\/favicon-gerardmerinfo.png","contentUrl":"https:\/\/vosgesinfo.fr\/app\/uploads\/sites\/6\/2023\/08\/favicon-gerardmerinfo.png","width":512,"height":512,"caption":"Gerardmer Info"},"image":{"@id":"https:\/\/vosgesinfo.fr\/gerardmerinfo\/#\/schema\/logo\/image\/"},"sameAs":["https:\/\/www.facebook.com\/profile.php?id=100049475262660","https:\/\/x.com\/VosgesInfo88","https:\/\/www.youtube.com\/@vosgesinfo"]},{"@type":"Person","@id":"https:\/\/vosgesinfo.fr\/gerardmerinfo\/#\/schema\/person\/bc5d02d71e6932e81b6dadb7386667b1","name":"qs_admin","image":{"@type":"ImageObject","inLanguage":"fr-FR","@id":"https:\/\/vosgesinfo.fr\/gerardmerinfo\/#\/schema\/person\/image\/","url":"https:\/\/secure.gravatar.com\/avatar\/94b18ee0ed79e4a42ea2f2931277b6841a8999fc6fde214600c78057cf1fe1de?s=96&d=mm&r=g","contentUrl":"https:\/\/secure.gravatar.com\/avatar\/94b18ee0ed79e4a42ea2f2931277b6841a8999fc6fde214600c78057cf1fe1de?s=96&d=mm&r=g","caption":"qs_admin"},"sameAs":["https:\/\/vosgesinfo.fr\/wp"],"url":"https:\/\/vosgesinfo.fr\/gerardmerinfo\/author\/qs_admin\/"}]}},"_links":{"self":[{"href":"https:\/\/vosgesinfo.fr\/gerardmerinfo\/wp-json\/wp\/v2\/posts\/38192","targetHints":{"allow":["GET"]}}],"collection":[{"href":"https:\/\/vosgesinfo.fr\/gerardmerinfo\/wp-json\/wp\/v2\/posts"}],"about":[{"href":"https:\/\/vosgesinfo.fr\/gerardmerinfo\/wp-json\/wp\/v2\/types\/post"}],"author":[{"embeddable":true,"href":"https:\/\/vosgesinfo.fr\/gerardmerinfo\/wp-json\/wp\/v2\/users\/1"}],"replies":[{"embeddable":true,"href":"https:\/\/vosgesinfo.fr\/gerardmerinfo\/wp-json\/wp\/v2\/comments?post=38192"}],"version-history":[{"count":0,"href":"https:\/\/vosgesinfo.fr\/gerardmerinfo\/wp-json\/wp\/v2\/posts\/38192\/revisions"}],"wp:featuredmedia":[{"embeddable":true,"href":"https:\/\/vosgesinfo.fr\/gerardmerinfo\/wp-json\/wp\/v2\/media\/38193"}],"wp:attachment":[{"href":"https:\/\/vosgesinfo.fr\/gerardmerinfo\/wp-json\/wp\/v2\/media?parent=38192"}],"wp:term":[{"taxonomy":"category","embeddable":true,"href":"https:\/\/vosgesinfo.fr\/gerardmerinfo\/wp-json\/wp\/v2\/categories?post=38192"},{"taxonomy":"post_tag","embeddable":true,"href":"https:\/\/vosgesinfo.fr\/gerardmerinfo\/wp-json\/wp\/v2\/tags?post=38192"}],"curies":[{"name":"wp","href":"https:\/\/api.w.org\/{rel}","templated":true}]}}