{"id":38202,"date":"2018-12-01T10:12:32","date_gmt":"2018-12-01T09:12:32","guid":{"rendered":"https:\/\/vosgesinfo.fr\/gerardmerinfo\/2018\/12\/petite-surprise-de-latelier-couture-a-lassociation-pheny\/"},"modified":"2018-12-01T10:12:32","modified_gmt":"2018-12-01T09:12:32","slug":"petite-surprise-de-latelier-couture-a-lassociation-pheny","status":"publish","type":"post","link":"https:\/\/vosgesinfo.fr\/gerardmerinfo\/2018\/12\/petite-surprise-de-latelier-couture-a-lassociation-pheny\/","title":{"rendered":"La petite surprise de l&rsquo;atelier couture \u00e0 l&rsquo;association du Ph\u00e9ny"},"content":{"rendered":"<p><a href=\"\/2018\/11\/Armenuhi-patchwork-Ph\u00e9ny-collectif-3.jpg\"><img decoding=\"async\" class=\"aligncenter wp-image-138407\" src=\"\/2018\/11\/Armenuhi-patchwork-Ph\u00e9ny-collectif-3.jpg\" alt=\"Armenuhi patchwork Ph\u00e9ny collectif (3)\" width=\"700\" height=\"394\" \/><\/a><\/p>\n<p>Depuis le mois de juin dernier, Armenuhi travaillait sur un un nouveau projet de patchwork en lien avec l&rsquo;association de l&rsquo;ancienne \u00e9cole du Ph\u00e9ny.<\/p>\n<div id=\"attachment_138406\" style=\"width: 410px\" class=\"wp-caption alignright\"><a href=\"\/2018\/11\/Armenuhi-patchwork-Ph\u00e9ny-collectif-5.jpg\"><img decoding=\"async\" aria-describedby=\"caption-attachment-138406\" class=\"size-medium wp-image-138406\" src=\"\/2018\/11\/Armenuhi-patchwork-Ph\u00e9ny-collectif-5-400x225.jpg\" alt=\"La version originale \u00e0 la craie sur le tableau de l'ancienne \u00e9cole du Ph\u00e9ny.\" width=\"400\" height=\"225\" \/><\/a><p id=\"caption-attachment-138406\" class=\"wp-caption-text\"><span style=\"color: #000080;\">La version originale \u00e0 la craie sur le tableau de l&rsquo;ancienne \u00e9cole du Ph\u00e9ny.<\/span><\/p><\/div>\n<p>En effet, chaque ann\u00e9e \u00e0 l&rsquo;occasion de Flor\u00e9al, la f\u00eate du printemps, une fresque est dessin\u00e9e \u00e0 la craie dur le tableau de l&rsquo;ancienne \u00e9cole du hameau. Pour cette \u00e9dition 2018, c&rsquo;est Val\u00e9rie Georgeon, enseignante et membre de l&rsquo;association, qui avait r\u00e9alis\u00e9 le paysage que les nombreux visiteurs ont pu appr\u00e9cier \u00e0 sa juste valeur. Ce fut le cas d&rsquo;Anne-Marie Riedinger, membre du collectif d&rsquo;aide aux migrants de G\u00e9rardmer, \u00e0 qui cette cr\u00e9ation a tap\u00e9 dans l\u2019\u0153il. \u00ab\u00a0Je trouvais dommage que ce tableau soit \u00e9ph\u00e9m\u00e8re, j&rsquo;avais pris une photo que j&rsquo;ai montr\u00e9 \u00e0 Armenuhi qui a beaucoup aim\u00e9 aussi, \u00e7a nous a donn\u00e9es des id\u00e9es\u00a0\u00bb pr\u00e9cise-t-elle.<\/p>\n<p>Un nouveau projet \u00e9tait donc n\u00e9 pour l&rsquo;atelier couture qui, rappelons-le, a vu le jour en mars 2018 et a lieu tous les mercredis matins sous la responsabilit\u00e9 d&rsquo;Isabelle, toujours de bon conseil pour certaines parties un peu plus techniques. Armenuhi s&rsquo;est donc lanc\u00e9e dans la r\u00e9alisation d&rsquo;un patchwork, sorte de prolongement de la fresque dessin\u00e9e \u00e0 la craie. depuis juin dernier, elle a tout d&rsquo;abord commenc\u00e9 par travailler \u00e0 partir d&rsquo;un claque avant de laisser parler son imagination sur le choix des mati\u00e8res et des couleurs. L&rsquo;atelier qu&rsquo;elle fr\u00e9quente notamment avec Fatiha \u00e9tant ferm\u00e9 en ao\u00fbt, Armenuhi a m\u00eame continu\u00e9 \u00e0 travailler \u00e0 son domicile pendant cette p\u00e9riode.<\/p>\n<p>Un beau challenge dont le r\u00e9sultat final a \u00e9t\u00e9 pr\u00e9sent\u00e9 ce matin-m\u00eame lors de l&rsquo;assembl\u00e9e g\u00e9n\u00e9rale de l&rsquo;association de l&rsquo;ancienne \u00e9cole. Le r\u00e9sultat est de toute beaut\u00e9, original, color\u00e9 et truff\u00e9 de petits d\u00e9tails touchants et amusants. Cela m\u00e9rite bien un coup de chapeau \u00e0 Armenuhi, et ce d&rsquo;autant plus qu&rsquo;elle n&rsquo;est pas couturi\u00e8re de profession : arriv\u00e9e en France en 2016 avec son \u00e9poux et ses deux enfants, elle avait suivi des \u00e9tudes afin de devenir institutrice dans son pays d&rsquo;origine l\u2019Arm\u00e9nie. L&rsquo;acc\u00e8s \u00e0 a fonction \u00e9tant en partie bloqu\u00e9e par la corruption, elle avait ensuite commenc\u00e9 \u00e0 travailler en tant que coiffeuse. Manifestement pleine de talent(s), c&rsquo;est une belle surprise qu&rsquo;elle a fait aux membres de l&rsquo;association du Ph\u00e9ny !<\/p>\n<p><a href=\"\/2018\/11\/Armenuhi-patchwork-Ph\u00e9ny-collectif-4.jpg\"><img decoding=\"async\" class=\"aligncenter size-full wp-image-138405\" src=\"\/2018\/11\/Armenuhi-patchwork-Ph\u00e9ny-collectif-4.jpg\" alt=\"Armenuhi patchwork Ph\u00e9ny collectif (4)\" width=\"800\" height=\"450\" \/><\/a><\/p>\n","protected":false},"excerpt":{"rendered":"<p>Depuis le mois de juin dernier, Armenuhi travaillait sur un un nouveau projet de patchwork en lien avec l&rsquo;association de [&hellip;]<\/p>\n","protected":false},"author":42,"featured_media":38203,"comment_status":"open","ping_status":"open","sticky":false,"template":"","format":"standard","meta":{"footnotes":""},"categories":[20,25,17],"tags":[840,520,2124],"class_list":["post-38202","post","type-post","status-publish","format-standard","has-post-thumbnail","hentry","category-a-la-une","category-gerardmer","category-vie-associative","tag-aide-aux-migrants","tag-ecole-du-pheny","tag-floreal-pheny"],"acf":[],"yoast_head":"<!-- This site is optimized with the Yoast SEO plugin v22.5 - https:\/\/yoast.com\/wordpress\/plugins\/seo\/ -->\n<title>La petite surprise de l&#039;atelier couture \u00e0 l&#039;association du Ph\u00e9ny - Gerardmer Info<\/title>\n<meta name=\"robots\" content=\"index, follow, max-snippet:-1, max-image-preview:large, max-video-preview:-1\" \/>\n<link rel=\"canonical\" href=\"https:\/\/vosgesinfo.fr\/gerardmerinfo\/2018\/12\/petite-surprise-de-latelier-couture-a-lassociation-pheny\/\" \/>\n<meta name=\"twitter:card\" content=\"summary_large_image\" \/>\n<meta name=\"twitter:title\" content=\"La petite surprise de l&#039;atelier couture \u00e0 l&#039;association du Ph\u00e9ny - Gerardmer Info\" \/>\n<meta name=\"twitter:description\" content=\"Depuis le mois de juin dernier, Armenuhi travaillait sur un un nouveau projet de patchwork en lien avec l&rsquo;association de [&hellip;]\" \/>\n<meta name=\"twitter:image\" content=\"https:\/\/vosgesinfo.fr\/app\/uploads\/sites\/6\/2024\/07\/201811armenuhi-patchwork-pheny-collectif-3.jpg\" \/>\n<meta name=\"twitter:creator\" content=\"@VosgesInfo88\" \/>\n<meta name=\"twitter:site\" content=\"@VosgesInfo88\" \/>\n<meta name=\"twitter:label1\" content=\"\u00c9crit par\" \/>\n\t<meta name=\"twitter:data1\" content=\"QG\" \/>\n\t<meta name=\"twitter:label2\" content=\"Dur\u00e9e de lecture estim\u00e9e\" \/>\n\t<meta name=\"twitter:data2\" content=\"2 minutes\" \/>\n<script type=\"application\/ld+json\" class=\"yoast-schema-graph\">{\"@context\":\"https:\/\/schema.org\",\"@graph\":[{\"@type\":\"Article\",\"@id\":\"https:\/\/vosgesinfo.fr\/gerardmerinfo\/2018\/12\/petite-surprise-de-latelier-couture-a-lassociation-pheny\/#article\",\"isPartOf\":{\"@id\":\"https:\/\/vosgesinfo.fr\/gerardmerinfo\/2018\/12\/petite-surprise-de-latelier-couture-a-lassociation-pheny\/\"},\"author\":{\"name\":\"QG\",\"@id\":\"https:\/\/vosgesinfo.fr\/gerardmerinfo\/#\/schema\/person\/db5605779a843dad16b5368f3e7613a5\"},\"headline\":\"La petite surprise de l&rsquo;atelier couture \u00e0 l&rsquo;association du Ph\u00e9ny\",\"datePublished\":\"2018-12-01T09:12:32+00:00\",\"dateModified\":\"2018-12-01T09:12:32+00:00\",\"mainEntityOfPage\":{\"@id\":\"https:\/\/vosgesinfo.fr\/gerardmerinfo\/2018\/12\/petite-surprise-de-latelier-couture-a-lassociation-pheny\/\"},\"wordCount\":448,\"commentCount\":0,\"publisher\":{\"@id\":\"https:\/\/vosgesinfo.fr\/gerardmerinfo\/#organization\"},\"image\":{\"@id\":\"https:\/\/vosgesinfo.fr\/gerardmerinfo\/2018\/12\/petite-surprise-de-latelier-couture-a-lassociation-pheny\/#primaryimage\"},\"thumbnailUrl\":\"https:\/\/vosgesinfo.fr\/app\/uploads\/sites\/6\/2024\/07\/201811armenuhi-patchwork-pheny-collectif-3.jpg\",\"keywords\":[\"aide aux migrants\",\"\u00e9cole du ph\u00e9ny\",\"flor\u00e9al ph\u00e9ny\"],\"articleSection\":[\"A la une\",\"G\u00e9rardmer\",\"Vie Associative\"],\"inLanguage\":\"fr-FR\",\"potentialAction\":[{\"@type\":\"CommentAction\",\"name\":\"Comment\",\"target\":[\"https:\/\/vosgesinfo.fr\/gerardmerinfo\/2018\/12\/petite-surprise-de-latelier-couture-a-lassociation-pheny\/#respond\"]}]},{\"@type\":\"WebPage\",\"@id\":\"https:\/\/vosgesinfo.fr\/gerardmerinfo\/2018\/12\/petite-surprise-de-latelier-couture-a-lassociation-pheny\/\",\"url\":\"https:\/\/vosgesinfo.fr\/gerardmerinfo\/2018\/12\/petite-surprise-de-latelier-couture-a-lassociation-pheny\/\",\"name\":\"La petite surprise de l'atelier couture \u00e0 l'association du Ph\u00e9ny - Gerardmer Info\",\"isPartOf\":{\"@id\":\"https:\/\/vosgesinfo.fr\/gerardmerinfo\/#website\"},\"primaryImageOfPage\":{\"@id\":\"https:\/\/vosgesinfo.fr\/gerardmerinfo\/2018\/12\/petite-surprise-de-latelier-couture-a-lassociation-pheny\/#primaryimage\"},\"image\":{\"@id\":\"https:\/\/vosgesinfo.fr\/gerardmerinfo\/2018\/12\/petite-surprise-de-latelier-couture-a-lassociation-pheny\/#primaryimage\"},\"thumbnailUrl\":\"https:\/\/vosgesinfo.fr\/app\/uploads\/sites\/6\/2024\/07\/201811armenuhi-patchwork-pheny-collectif-3.jpg\",\"datePublished\":\"2018-12-01T09:12:32+00:00\",\"dateModified\":\"2018-12-01T09:12:32+00:00\",\"breadcrumb\":{\"@id\":\"https:\/\/vosgesinfo.fr\/gerardmerinfo\/2018\/12\/petite-surprise-de-latelier-couture-a-lassociation-pheny\/#breadcrumb\"},\"inLanguage\":\"fr-FR\",\"potentialAction\":[{\"@type\":\"ReadAction\",\"target\":[\"https:\/\/vosgesinfo.fr\/gerardmerinfo\/2018\/12\/petite-surprise-de-latelier-couture-a-lassociation-pheny\/\"]}]},{\"@type\":\"ImageObject\",\"inLanguage\":\"fr-FR\",\"@id\":\"https:\/\/vosgesinfo.fr\/gerardmerinfo\/2018\/12\/petite-surprise-de-latelier-couture-a-lassociation-pheny\/#primaryimage\",\"url\":\"https:\/\/vosgesinfo.fr\/app\/uploads\/sites\/6\/2024\/07\/201811armenuhi-patchwork-pheny-collectif-3.jpg\",\"contentUrl\":\"https:\/\/vosgesinfo.fr\/app\/uploads\/sites\/6\/2024\/07\/201811armenuhi-patchwork-pheny-collectif-3.jpg\",\"width\":800,\"height\":450},{\"@type\":\"BreadcrumbList\",\"@id\":\"https:\/\/vosgesinfo.fr\/gerardmerinfo\/2018\/12\/petite-surprise-de-latelier-couture-a-lassociation-pheny\/#breadcrumb\",\"itemListElement\":[{\"@type\":\"ListItem\",\"position\":1,\"name\":\"Home\",\"item\":\"https:\/\/vosgesinfo.fr\/gerardmerinfo\/\"},{\"@type\":\"ListItem\",\"position\":2,\"name\":\"La petite surprise de l&rsquo;atelier couture \u00e0 l&rsquo;association du Ph\u00e9ny\"}]},{\"@type\":\"WebSite\",\"@id\":\"https:\/\/vosgesinfo.fr\/gerardmerinfo\/#website\",\"url\":\"https:\/\/vosgesinfo.fr\/gerardmerinfo\/\",\"name\":\"Gerardmer Info\",\"description\":\"Toute l&#039;actualit\u00e9 de G\u00e9rardmer\",\"publisher\":{\"@id\":\"https:\/\/vosgesinfo.fr\/gerardmerinfo\/#organization\"},\"alternateName\":\"Toute l'actualit\u00e9 de G\u00e9rardmer\",\"potentialAction\":[{\"@type\":\"SearchAction\",\"target\":{\"@type\":\"EntryPoint\",\"urlTemplate\":\"https:\/\/vosgesinfo.fr\/gerardmerinfo\/?s={search_term_string}\"},\"query-input\":\"required name=search_term_string\"}],\"inLanguage\":\"fr-FR\"},{\"@type\":\"Organization\",\"@id\":\"https:\/\/vosgesinfo.fr\/gerardmerinfo\/#organization\",\"name\":\"Gerardmer Info\",\"url\":\"https:\/\/vosgesinfo.fr\/gerardmerinfo\/\",\"logo\":{\"@type\":\"ImageObject\",\"inLanguage\":\"fr-FR\",\"@id\":\"https:\/\/vosgesinfo.fr\/gerardmerinfo\/#\/schema\/logo\/image\/\",\"url\":\"https:\/\/vosgesinfo.fr\/app\/uploads\/sites\/6\/2023\/08\/favicon-gerardmerinfo.png\",\"contentUrl\":\"https:\/\/vosgesinfo.fr\/app\/uploads\/sites\/6\/2023\/08\/favicon-gerardmerinfo.png\",\"width\":512,\"height\":512,\"caption\":\"Gerardmer Info\"},\"image\":{\"@id\":\"https:\/\/vosgesinfo.fr\/gerardmerinfo\/#\/schema\/logo\/image\/\"},\"sameAs\":[\"https:\/\/www.facebook.com\/profile.php?id=100049475262660\",\"https:\/\/x.com\/VosgesInfo88\",\"https:\/\/www.youtube.com\/@vosgesinfo\"]},{\"@type\":\"Person\",\"@id\":\"https:\/\/vosgesinfo.fr\/gerardmerinfo\/#\/schema\/person\/db5605779a843dad16b5368f3e7613a5\",\"name\":\"QG\",\"image\":{\"@type\":\"ImageObject\",\"inLanguage\":\"fr-FR\",\"@id\":\"https:\/\/vosgesinfo.fr\/gerardmerinfo\/#\/schema\/person\/image\/\",\"url\":\"https:\/\/secure.gravatar.com\/avatar\/ea80c42c204b534408512832fde52504ecabb9706bcb6151cf6175e5b64e6793?s=96&d=mm&r=g\",\"contentUrl\":\"https:\/\/secure.gravatar.com\/avatar\/ea80c42c204b534408512832fde52504ecabb9706bcb6151cf6175e5b64e6793?s=96&d=mm&r=g\",\"caption\":\"QG\"},\"url\":\"https:\/\/vosgesinfo.fr\/gerardmerinfo\/author\/quentin88\/\"}]}<\/script>\n<!-- \/ Yoast SEO plugin. -->","yoast_head_json":{"title":"La petite surprise de l'atelier couture \u00e0 l'association du Ph\u00e9ny - Gerardmer Info","robots":{"index":"index","follow":"follow","max-snippet":"max-snippet:-1","max-image-preview":"max-image-preview:large","max-video-preview":"max-video-preview:-1"},"canonical":"https:\/\/vosgesinfo.fr\/gerardmerinfo\/2018\/12\/petite-surprise-de-latelier-couture-a-lassociation-pheny\/","twitter_card":"summary_large_image","twitter_title":"La petite surprise de l'atelier couture \u00e0 l'association du Ph\u00e9ny - Gerardmer Info","twitter_description":"Depuis le mois de juin dernier, Armenuhi travaillait sur un un nouveau projet de patchwork en lien avec l&rsquo;association de [&hellip;]","twitter_image":"https:\/\/vosgesinfo.fr\/app\/uploads\/sites\/6\/2024\/07\/201811armenuhi-patchwork-pheny-collectif-3.jpg","twitter_creator":"@VosgesInfo88","twitter_site":"@VosgesInfo88","twitter_misc":{"\u00c9crit par":"QG","Dur\u00e9e de lecture estim\u00e9e":"2 minutes"},"schema":{"@context":"https:\/\/schema.org","@graph":[{"@type":"Article","@id":"https:\/\/vosgesinfo.fr\/gerardmerinfo\/2018\/12\/petite-surprise-de-latelier-couture-a-lassociation-pheny\/#article","isPartOf":{"@id":"https:\/\/vosgesinfo.fr\/gerardmerinfo\/2018\/12\/petite-surprise-de-latelier-couture-a-lassociation-pheny\/"},"author":{"name":"QG","@id":"https:\/\/vosgesinfo.fr\/gerardmerinfo\/#\/schema\/person\/db5605779a843dad16b5368f3e7613a5"},"headline":"La petite surprise de l&rsquo;atelier couture \u00e0 l&rsquo;association du Ph\u00e9ny","datePublished":"2018-12-01T09:12:32+00:00","dateModified":"2018-12-01T09:12:32+00:00","mainEntityOfPage":{"@id":"https:\/\/vosgesinfo.fr\/gerardmerinfo\/2018\/12\/petite-surprise-de-latelier-couture-a-lassociation-pheny\/"},"wordCount":448,"commentCount":0,"publisher":{"@id":"https:\/\/vosgesinfo.fr\/gerardmerinfo\/#organization"},"image":{"@id":"https:\/\/vosgesinfo.fr\/gerardmerinfo\/2018\/12\/petite-surprise-de-latelier-couture-a-lassociation-pheny\/#primaryimage"},"thumbnailUrl":"https:\/\/vosgesinfo.fr\/app\/uploads\/sites\/6\/2024\/07\/201811armenuhi-patchwork-pheny-collectif-3.jpg","keywords":["aide aux migrants","\u00e9cole du ph\u00e9ny","flor\u00e9al ph\u00e9ny"],"articleSection":["A la une","G\u00e9rardmer","Vie Associative"],"inLanguage":"fr-FR","potentialAction":[{"@type":"CommentAction","name":"Comment","target":["https:\/\/vosgesinfo.fr\/gerardmerinfo\/2018\/12\/petite-surprise-de-latelier-couture-a-lassociation-pheny\/#respond"]}]},{"@type":"WebPage","@id":"https:\/\/vosgesinfo.fr\/gerardmerinfo\/2018\/12\/petite-surprise-de-latelier-couture-a-lassociation-pheny\/","url":"https:\/\/vosgesinfo.fr\/gerardmerinfo\/2018\/12\/petite-surprise-de-latelier-couture-a-lassociation-pheny\/","name":"La petite surprise de l'atelier couture \u00e0 l'association du Ph\u00e9ny - Gerardmer Info","isPartOf":{"@id":"https:\/\/vosgesinfo.fr\/gerardmerinfo\/#website"},"primaryImageOfPage":{"@id":"https:\/\/vosgesinfo.fr\/gerardmerinfo\/2018\/12\/petite-surprise-de-latelier-couture-a-lassociation-pheny\/#primaryimage"},"image":{"@id":"https:\/\/vosgesinfo.fr\/gerardmerinfo\/2018\/12\/petite-surprise-de-latelier-couture-a-lassociation-pheny\/#primaryimage"},"thumbnailUrl":"https:\/\/vosgesinfo.fr\/app\/uploads\/sites\/6\/2024\/07\/201811armenuhi-patchwork-pheny-collectif-3.jpg","datePublished":"2018-12-01T09:12:32+00:00","dateModified":"2018-12-01T09:12:32+00:00","breadcrumb":{"@id":"https:\/\/vosgesinfo.fr\/gerardmerinfo\/2018\/12\/petite-surprise-de-latelier-couture-a-lassociation-pheny\/#breadcrumb"},"inLanguage":"fr-FR","potentialAction":[{"@type":"ReadAction","target":["https:\/\/vosgesinfo.fr\/gerardmerinfo\/2018\/12\/petite-surprise-de-latelier-couture-a-lassociation-pheny\/"]}]},{"@type":"ImageObject","inLanguage":"fr-FR","@id":"https:\/\/vosgesinfo.fr\/gerardmerinfo\/2018\/12\/petite-surprise-de-latelier-couture-a-lassociation-pheny\/#primaryimage","url":"https:\/\/vosgesinfo.fr\/app\/uploads\/sites\/6\/2024\/07\/201811armenuhi-patchwork-pheny-collectif-3.jpg","contentUrl":"https:\/\/vosgesinfo.fr\/app\/uploads\/sites\/6\/2024\/07\/201811armenuhi-patchwork-pheny-collectif-3.jpg","width":800,"height":450},{"@type":"BreadcrumbList","@id":"https:\/\/vosgesinfo.fr\/gerardmerinfo\/2018\/12\/petite-surprise-de-latelier-couture-a-lassociation-pheny\/#breadcrumb","itemListElement":[{"@type":"ListItem","position":1,"name":"Home","item":"https:\/\/vosgesinfo.fr\/gerardmerinfo\/"},{"@type":"ListItem","position":2,"name":"La petite surprise de l&rsquo;atelier couture \u00e0 l&rsquo;association du Ph\u00e9ny"}]},{"@type":"WebSite","@id":"https:\/\/vosgesinfo.fr\/gerardmerinfo\/#website","url":"https:\/\/vosgesinfo.fr\/gerardmerinfo\/","name":"Gerardmer Info","description":"Toute l&#039;actualit\u00e9 de G\u00e9rardmer","publisher":{"@id":"https:\/\/vosgesinfo.fr\/gerardmerinfo\/#organization"},"alternateName":"Toute l'actualit\u00e9 de G\u00e9rardmer","potentialAction":[{"@type":"SearchAction","target":{"@type":"EntryPoint","urlTemplate":"https:\/\/vosgesinfo.fr\/gerardmerinfo\/?s={search_term_string}"},"query-input":"required name=search_term_string"}],"inLanguage":"fr-FR"},{"@type":"Organization","@id":"https:\/\/vosgesinfo.fr\/gerardmerinfo\/#organization","name":"Gerardmer Info","url":"https:\/\/vosgesinfo.fr\/gerardmerinfo\/","logo":{"@type":"ImageObject","inLanguage":"fr-FR","@id":"https:\/\/vosgesinfo.fr\/gerardmerinfo\/#\/schema\/logo\/image\/","url":"https:\/\/vosgesinfo.fr\/app\/uploads\/sites\/6\/2023\/08\/favicon-gerardmerinfo.png","contentUrl":"https:\/\/vosgesinfo.fr\/app\/uploads\/sites\/6\/2023\/08\/favicon-gerardmerinfo.png","width":512,"height":512,"caption":"Gerardmer Info"},"image":{"@id":"https:\/\/vosgesinfo.fr\/gerardmerinfo\/#\/schema\/logo\/image\/"},"sameAs":["https:\/\/www.facebook.com\/profile.php?id=100049475262660","https:\/\/x.com\/VosgesInfo88","https:\/\/www.youtube.com\/@vosgesinfo"]},{"@type":"Person","@id":"https:\/\/vosgesinfo.fr\/gerardmerinfo\/#\/schema\/person\/db5605779a843dad16b5368f3e7613a5","name":"QG","image":{"@type":"ImageObject","inLanguage":"fr-FR","@id":"https:\/\/vosgesinfo.fr\/gerardmerinfo\/#\/schema\/person\/image\/","url":"https:\/\/secure.gravatar.com\/avatar\/ea80c42c204b534408512832fde52504ecabb9706bcb6151cf6175e5b64e6793?s=96&d=mm&r=g","contentUrl":"https:\/\/secure.gravatar.com\/avatar\/ea80c42c204b534408512832fde52504ecabb9706bcb6151cf6175e5b64e6793?s=96&d=mm&r=g","caption":"QG"},"url":"https:\/\/vosgesinfo.fr\/gerardmerinfo\/author\/quentin88\/"}]}},"_links":{"self":[{"href":"https:\/\/vosgesinfo.fr\/gerardmerinfo\/wp-json\/wp\/v2\/posts\/38202","targetHints":{"allow":["GET"]}}],"collection":[{"href":"https:\/\/vosgesinfo.fr\/gerardmerinfo\/wp-json\/wp\/v2\/posts"}],"about":[{"href":"https:\/\/vosgesinfo.fr\/gerardmerinfo\/wp-json\/wp\/v2\/types\/post"}],"author":[{"embeddable":true,"href":"https:\/\/vosgesinfo.fr\/gerardmerinfo\/wp-json\/wp\/v2\/users\/42"}],"replies":[{"embeddable":true,"href":"https:\/\/vosgesinfo.fr\/gerardmerinfo\/wp-json\/wp\/v2\/comments?post=38202"}],"version-history":[{"count":0,"href":"https:\/\/vosgesinfo.fr\/gerardmerinfo\/wp-json\/wp\/v2\/posts\/38202\/revisions"}],"wp:featuredmedia":[{"embeddable":true,"href":"https:\/\/vosgesinfo.fr\/gerardmerinfo\/wp-json\/wp\/v2\/media\/38203"}],"wp:attachment":[{"href":"https:\/\/vosgesinfo.fr\/gerardmerinfo\/wp-json\/wp\/v2\/media?parent=38202"}],"wp:term":[{"taxonomy":"category","embeddable":true,"href":"https:\/\/vosgesinfo.fr\/gerardmerinfo\/wp-json\/wp\/v2\/categories?post=38202"},{"taxonomy":"post_tag","embeddable":true,"href":"https:\/\/vosgesinfo.fr\/gerardmerinfo\/wp-json\/wp\/v2\/tags?post=38202"}],"curies":[{"name":"wp","href":"https:\/\/api.w.org\/{rel}","templated":true}]}}