{"id":38314,"date":"2018-12-04T16:58:50","date_gmt":"2018-12-04T15:58:50","guid":{"rendered":"https:\/\/vosgesinfo.fr\/gerardmerinfo\/2018\/12\/appel-a-resistance-linterdiction-de-pesticides\/"},"modified":"2018-12-04T16:58:50","modified_gmt":"2018-12-04T15:58:50","slug":"appel-a-resistance-linterdiction-de-pesticides","status":"publish","type":"post","link":"https:\/\/vosgesinfo.fr\/gerardmerinfo\/2018\/12\/appel-a-resistance-linterdiction-de-pesticides\/","title":{"rendered":"Appel \u00e0 la r\u00e9sistance pour l&rsquo;interdiction de tous les pesticides"},"content":{"rendered":"<h3 dir=\"ltr\" style=\"text-align: center;\">Nous voulons des coquelicots<\/h3>\n<p>&nbsp;<\/p>\n<p dir=\"ltr\"><span style=\"font-family: Arial;\">L\u2019association g\u00e9romoise INCROYABLES POTAGERS soutient cet appel dont l\u2019objectif est de r\u00e9unir 5 millions de signatures pour exiger l\u2019arr\u00eat des pesticides et favoriser une agriculture responsable de la vie.<\/span> <span class=\"x_gmail_default\"><span style=\"font-family: arial, helvetica, sans-serif;\">(Voir l&rsquo;affiche en pi\u00e8ce jointe)<\/span><\/span><\/p>\n<p dir=\"ltr\"><a href=\"\/2018\/12\/coquelicots.jpg\"><img decoding=\"async\" class=\"alignright size-medium wp-image-138675\" src=\"\/2018\/12\/coquelicots-241x255.jpg\" alt=\"coquelicots\" width=\"241\" height=\"255\" \/><\/a>C\u2019est pourquoi notre association organise un premier rassemblement \u00e0 G\u00e9rardmer<\/p>\n<p dir=\"ltr\">vendredi 7 d\u00e9cembre 2018 \u00e0 18h30<\/p>\n<p dir=\"ltr\">parvis des DROITS DE L\u2019HOMME (en face de la mairie)<\/p>\n<p>&nbsp;<\/p>\n<p dir=\"ltr\">Lors de ce rassemblement, arborez des cocardes, des pancartes et apportez un mug pour partager une tisane. L\u2019objectif de ce premier rassemblement est de se conna\u00eetre, de cr\u00e9er un r\u00e9seau sur G\u00e9rardmer pour chercher ensuite des actions concr\u00e8tes \u00e0 mener ensemble.<\/p>\n<p>&nbsp;<\/p>\n<p dir=\"ltr\">Venez nombreux et invitez tous vos amis, vos connaissances \u00e0 nous rejoindre.<\/p>\n<p dir=\"ltr\"><span class=\"x_gmail_default\"><span style=\"font-family: arial, helvetica, sans-serif;\">Martine Dautcourt, pr\u00e9sidente des<\/span><\/span> <span style=\"font-family: Arial;\">INCROYABLES POTAGERS <\/span><\/p>\n<p>&nbsp;<\/p>\n<p dir=\"ltr\">D\u2019autres informations\u00a0sur <a href=\"https:\/\/nousvoulonsdescoquelicots.org\/\" target=\"_blank\" rel=\"noopener noreferrer\" data-auth=\"NotApplicable\">nousvoulonsdescoquelicots.org<\/a> et la page Facebook INCROYABLES POTAGERS<\/p>\n<p>&nbsp;<\/p>\n<p dir=\"ltr\">Contacts\u00a0: Claude GOETZINGER 0663027197<\/p>\n<p dir=\"ltr\">\u00a0\u00a0\u00a0\u00a0\u00a0\u00a0\u00a0\u00a0\u00a0\u00a0\u00a0\u00a0\u00a0\u00a0\u00a0\u00a0Dominique CUCCATO 0670202117<\/p>\n<p dir=\"ltr\">\u00a0\u00a0\u00a0\u00a0\u00a0\u00a0\u00a0\u00a0\u00a0\u00a0\u00a0\u00a0\u00a0\u00a0\u00a0\u00a0Line PERRIN 0642999971<\/p>\n<p dir=\"ltr\">\u00a0\u00a0\u00a0\u00a0 <a href=\"mailto:coquelicots-gerardmer@gmx.fr\" target=\"_blank\" rel=\"noopener noreferrer\" data-auth=\"NotApplicable\">coquelicots-gerardmer@gmx.fr<\/a><\/p>\n<p>&nbsp;<\/p>\n","protected":false},"excerpt":{"rendered":"<p>Nous voulons des coquelicots &nbsp; L\u2019association g\u00e9romoise INCROYABLES POTAGERS soutient cet appel dont l\u2019objectif est de r\u00e9unir 5 millions de [&hellip;]<\/p>\n","protected":false},"author":1,"featured_media":38315,"comment_status":"open","ping_status":"open","sticky":false,"template":"","format":"standard","meta":{"footnotes":""},"categories":[20,17],"tags":[283],"class_list":["post-38314","post","type-post","status-publish","format-standard","has-post-thumbnail","hentry","category-a-la-une","category-vie-associative","tag-incroyables-potagers"],"acf":[],"yoast_head":"<!-- This site is optimized with the Yoast SEO plugin v22.5 - https:\/\/yoast.com\/wordpress\/plugins\/seo\/ -->\n<title>Appel \u00e0 la r\u00e9sistance pour l&#039;interdiction de tous les pesticides - Gerardmer Info<\/title>\n<meta name=\"robots\" content=\"index, follow, max-snippet:-1, max-image-preview:large, max-video-preview:-1\" \/>\n<link rel=\"canonical\" href=\"https:\/\/vosgesinfo.fr\/gerardmerinfo\/2018\/12\/appel-a-resistance-linterdiction-de-pesticides\/\" \/>\n<meta name=\"twitter:card\" content=\"summary_large_image\" \/>\n<meta name=\"twitter:title\" content=\"Appel \u00e0 la r\u00e9sistance pour l&#039;interdiction de tous les pesticides - Gerardmer Info\" \/>\n<meta name=\"twitter:description\" content=\"Nous voulons des coquelicots &nbsp; L\u2019association g\u00e9romoise INCROYABLES POTAGERS soutient cet appel dont l\u2019objectif est de r\u00e9unir 5 millions de [&hellip;]\" \/>\n<meta name=\"twitter:image\" content=\"https:\/\/vosgesinfo.fr\/app\/uploads\/sites\/6\/2024\/07\/201812coquelicots.jpg\" \/>\n<meta name=\"twitter:creator\" content=\"@VosgesInfo88\" \/>\n<meta name=\"twitter:site\" content=\"@VosgesInfo88\" \/>\n<meta name=\"twitter:label1\" content=\"\u00c9crit par\" \/>\n\t<meta name=\"twitter:data1\" content=\"qs_admin\" \/>\n\t<meta name=\"twitter:label2\" content=\"Dur\u00e9e de lecture estim\u00e9e\" \/>\n\t<meta name=\"twitter:data2\" content=\"1 minute\" \/>\n<script type=\"application\/ld+json\" class=\"yoast-schema-graph\">{\"@context\":\"https:\/\/schema.org\",\"@graph\":[{\"@type\":\"Article\",\"@id\":\"https:\/\/vosgesinfo.fr\/gerardmerinfo\/2018\/12\/appel-a-resistance-linterdiction-de-pesticides\/#article\",\"isPartOf\":{\"@id\":\"https:\/\/vosgesinfo.fr\/gerardmerinfo\/2018\/12\/appel-a-resistance-linterdiction-de-pesticides\/\"},\"author\":{\"name\":\"qs_admin\",\"@id\":\"https:\/\/vosgesinfo.fr\/gerardmerinfo\/#\/schema\/person\/bc5d02d71e6932e81b6dadb7386667b1\"},\"headline\":\"Appel \u00e0 la r\u00e9sistance pour l&rsquo;interdiction de tous les pesticides\",\"datePublished\":\"2018-12-04T15:58:50+00:00\",\"dateModified\":\"2018-12-04T15:58:50+00:00\",\"mainEntityOfPage\":{\"@id\":\"https:\/\/vosgesinfo.fr\/gerardmerinfo\/2018\/12\/appel-a-resistance-linterdiction-de-pesticides\/\"},\"wordCount\":174,\"commentCount\":0,\"publisher\":{\"@id\":\"https:\/\/vosgesinfo.fr\/gerardmerinfo\/#organization\"},\"image\":{\"@id\":\"https:\/\/vosgesinfo.fr\/gerardmerinfo\/2018\/12\/appel-a-resistance-linterdiction-de-pesticides\/#primaryimage\"},\"thumbnailUrl\":\"https:\/\/vosgesinfo.fr\/app\/uploads\/sites\/6\/2024\/07\/201812coquelicots.jpg\",\"keywords\":[\"Incroyables potagers\"],\"articleSection\":[\"A la une\",\"Vie Associative\"],\"inLanguage\":\"fr-FR\",\"potentialAction\":[{\"@type\":\"CommentAction\",\"name\":\"Comment\",\"target\":[\"https:\/\/vosgesinfo.fr\/gerardmerinfo\/2018\/12\/appel-a-resistance-linterdiction-de-pesticides\/#respond\"]}]},{\"@type\":\"WebPage\",\"@id\":\"https:\/\/vosgesinfo.fr\/gerardmerinfo\/2018\/12\/appel-a-resistance-linterdiction-de-pesticides\/\",\"url\":\"https:\/\/vosgesinfo.fr\/gerardmerinfo\/2018\/12\/appel-a-resistance-linterdiction-de-pesticides\/\",\"name\":\"Appel \u00e0 la r\u00e9sistance pour l'interdiction de tous les pesticides - Gerardmer Info\",\"isPartOf\":{\"@id\":\"https:\/\/vosgesinfo.fr\/gerardmerinfo\/#website\"},\"primaryImageOfPage\":{\"@id\":\"https:\/\/vosgesinfo.fr\/gerardmerinfo\/2018\/12\/appel-a-resistance-linterdiction-de-pesticides\/#primaryimage\"},\"image\":{\"@id\":\"https:\/\/vosgesinfo.fr\/gerardmerinfo\/2018\/12\/appel-a-resistance-linterdiction-de-pesticides\/#primaryimage\"},\"thumbnailUrl\":\"https:\/\/vosgesinfo.fr\/app\/uploads\/sites\/6\/2024\/07\/201812coquelicots.jpg\",\"datePublished\":\"2018-12-04T15:58:50+00:00\",\"dateModified\":\"2018-12-04T15:58:50+00:00\",\"breadcrumb\":{\"@id\":\"https:\/\/vosgesinfo.fr\/gerardmerinfo\/2018\/12\/appel-a-resistance-linterdiction-de-pesticides\/#breadcrumb\"},\"inLanguage\":\"fr-FR\",\"potentialAction\":[{\"@type\":\"ReadAction\",\"target\":[\"https:\/\/vosgesinfo.fr\/gerardmerinfo\/2018\/12\/appel-a-resistance-linterdiction-de-pesticides\/\"]}]},{\"@type\":\"ImageObject\",\"inLanguage\":\"fr-FR\",\"@id\":\"https:\/\/vosgesinfo.fr\/gerardmerinfo\/2018\/12\/appel-a-resistance-linterdiction-de-pesticides\/#primaryimage\",\"url\":\"https:\/\/vosgesinfo.fr\/app\/uploads\/sites\/6\/2024\/07\/201812coquelicots.jpg\",\"contentUrl\":\"https:\/\/vosgesinfo.fr\/app\/uploads\/sites\/6\/2024\/07\/201812coquelicots.jpg\",\"width\":757,\"height\":800},{\"@type\":\"BreadcrumbList\",\"@id\":\"https:\/\/vosgesinfo.fr\/gerardmerinfo\/2018\/12\/appel-a-resistance-linterdiction-de-pesticides\/#breadcrumb\",\"itemListElement\":[{\"@type\":\"ListItem\",\"position\":1,\"name\":\"Home\",\"item\":\"https:\/\/vosgesinfo.fr\/gerardmerinfo\/\"},{\"@type\":\"ListItem\",\"position\":2,\"name\":\"Appel \u00e0 la r\u00e9sistance pour l&rsquo;interdiction de tous les pesticides\"}]},{\"@type\":\"WebSite\",\"@id\":\"https:\/\/vosgesinfo.fr\/gerardmerinfo\/#website\",\"url\":\"https:\/\/vosgesinfo.fr\/gerardmerinfo\/\",\"name\":\"Gerardmer Info\",\"description\":\"Toute l&#039;actualit\u00e9 de G\u00e9rardmer\",\"publisher\":{\"@id\":\"https:\/\/vosgesinfo.fr\/gerardmerinfo\/#organization\"},\"alternateName\":\"Toute l'actualit\u00e9 de G\u00e9rardmer\",\"potentialAction\":[{\"@type\":\"SearchAction\",\"target\":{\"@type\":\"EntryPoint\",\"urlTemplate\":\"https:\/\/vosgesinfo.fr\/gerardmerinfo\/?s={search_term_string}\"},\"query-input\":\"required name=search_term_string\"}],\"inLanguage\":\"fr-FR\"},{\"@type\":\"Organization\",\"@id\":\"https:\/\/vosgesinfo.fr\/gerardmerinfo\/#organization\",\"name\":\"Gerardmer Info\",\"url\":\"https:\/\/vosgesinfo.fr\/gerardmerinfo\/\",\"logo\":{\"@type\":\"ImageObject\",\"inLanguage\":\"fr-FR\",\"@id\":\"https:\/\/vosgesinfo.fr\/gerardmerinfo\/#\/schema\/logo\/image\/\",\"url\":\"https:\/\/vosgesinfo.fr\/app\/uploads\/sites\/6\/2023\/08\/favicon-gerardmerinfo.png\",\"contentUrl\":\"https:\/\/vosgesinfo.fr\/app\/uploads\/sites\/6\/2023\/08\/favicon-gerardmerinfo.png\",\"width\":512,\"height\":512,\"caption\":\"Gerardmer Info\"},\"image\":{\"@id\":\"https:\/\/vosgesinfo.fr\/gerardmerinfo\/#\/schema\/logo\/image\/\"},\"sameAs\":[\"https:\/\/www.facebook.com\/profile.php?id=100049475262660\",\"https:\/\/x.com\/VosgesInfo88\",\"https:\/\/www.youtube.com\/@vosgesinfo\"]},{\"@type\":\"Person\",\"@id\":\"https:\/\/vosgesinfo.fr\/gerardmerinfo\/#\/schema\/person\/bc5d02d71e6932e81b6dadb7386667b1\",\"name\":\"qs_admin\",\"image\":{\"@type\":\"ImageObject\",\"inLanguage\":\"fr-FR\",\"@id\":\"https:\/\/vosgesinfo.fr\/gerardmerinfo\/#\/schema\/person\/image\/\",\"url\":\"https:\/\/secure.gravatar.com\/avatar\/94b18ee0ed79e4a42ea2f2931277b6841a8999fc6fde214600c78057cf1fe1de?s=96&d=mm&r=g\",\"contentUrl\":\"https:\/\/secure.gravatar.com\/avatar\/94b18ee0ed79e4a42ea2f2931277b6841a8999fc6fde214600c78057cf1fe1de?s=96&d=mm&r=g\",\"caption\":\"qs_admin\"},\"sameAs\":[\"https:\/\/vosgesinfo.fr\/wp\"],\"url\":\"https:\/\/vosgesinfo.fr\/gerardmerinfo\/author\/qs_admin\/\"}]}<\/script>\n<!-- \/ Yoast SEO plugin. -->","yoast_head_json":{"title":"Appel \u00e0 la r\u00e9sistance pour l'interdiction de tous les pesticides - Gerardmer Info","robots":{"index":"index","follow":"follow","max-snippet":"max-snippet:-1","max-image-preview":"max-image-preview:large","max-video-preview":"max-video-preview:-1"},"canonical":"https:\/\/vosgesinfo.fr\/gerardmerinfo\/2018\/12\/appel-a-resistance-linterdiction-de-pesticides\/","twitter_card":"summary_large_image","twitter_title":"Appel \u00e0 la r\u00e9sistance pour l'interdiction de tous les pesticides - Gerardmer Info","twitter_description":"Nous voulons des coquelicots &nbsp; L\u2019association g\u00e9romoise INCROYABLES POTAGERS soutient cet appel dont l\u2019objectif est de r\u00e9unir 5 millions de [&hellip;]","twitter_image":"https:\/\/vosgesinfo.fr\/app\/uploads\/sites\/6\/2024\/07\/201812coquelicots.jpg","twitter_creator":"@VosgesInfo88","twitter_site":"@VosgesInfo88","twitter_misc":{"\u00c9crit par":"qs_admin","Dur\u00e9e de lecture estim\u00e9e":"1 minute"},"schema":{"@context":"https:\/\/schema.org","@graph":[{"@type":"Article","@id":"https:\/\/vosgesinfo.fr\/gerardmerinfo\/2018\/12\/appel-a-resistance-linterdiction-de-pesticides\/#article","isPartOf":{"@id":"https:\/\/vosgesinfo.fr\/gerardmerinfo\/2018\/12\/appel-a-resistance-linterdiction-de-pesticides\/"},"author":{"name":"qs_admin","@id":"https:\/\/vosgesinfo.fr\/gerardmerinfo\/#\/schema\/person\/bc5d02d71e6932e81b6dadb7386667b1"},"headline":"Appel \u00e0 la r\u00e9sistance pour l&rsquo;interdiction de tous les pesticides","datePublished":"2018-12-04T15:58:50+00:00","dateModified":"2018-12-04T15:58:50+00:00","mainEntityOfPage":{"@id":"https:\/\/vosgesinfo.fr\/gerardmerinfo\/2018\/12\/appel-a-resistance-linterdiction-de-pesticides\/"},"wordCount":174,"commentCount":0,"publisher":{"@id":"https:\/\/vosgesinfo.fr\/gerardmerinfo\/#organization"},"image":{"@id":"https:\/\/vosgesinfo.fr\/gerardmerinfo\/2018\/12\/appel-a-resistance-linterdiction-de-pesticides\/#primaryimage"},"thumbnailUrl":"https:\/\/vosgesinfo.fr\/app\/uploads\/sites\/6\/2024\/07\/201812coquelicots.jpg","keywords":["Incroyables potagers"],"articleSection":["A la une","Vie Associative"],"inLanguage":"fr-FR","potentialAction":[{"@type":"CommentAction","name":"Comment","target":["https:\/\/vosgesinfo.fr\/gerardmerinfo\/2018\/12\/appel-a-resistance-linterdiction-de-pesticides\/#respond"]}]},{"@type":"WebPage","@id":"https:\/\/vosgesinfo.fr\/gerardmerinfo\/2018\/12\/appel-a-resistance-linterdiction-de-pesticides\/","url":"https:\/\/vosgesinfo.fr\/gerardmerinfo\/2018\/12\/appel-a-resistance-linterdiction-de-pesticides\/","name":"Appel \u00e0 la r\u00e9sistance pour l'interdiction de tous les pesticides - Gerardmer Info","isPartOf":{"@id":"https:\/\/vosgesinfo.fr\/gerardmerinfo\/#website"},"primaryImageOfPage":{"@id":"https:\/\/vosgesinfo.fr\/gerardmerinfo\/2018\/12\/appel-a-resistance-linterdiction-de-pesticides\/#primaryimage"},"image":{"@id":"https:\/\/vosgesinfo.fr\/gerardmerinfo\/2018\/12\/appel-a-resistance-linterdiction-de-pesticides\/#primaryimage"},"thumbnailUrl":"https:\/\/vosgesinfo.fr\/app\/uploads\/sites\/6\/2024\/07\/201812coquelicots.jpg","datePublished":"2018-12-04T15:58:50+00:00","dateModified":"2018-12-04T15:58:50+00:00","breadcrumb":{"@id":"https:\/\/vosgesinfo.fr\/gerardmerinfo\/2018\/12\/appel-a-resistance-linterdiction-de-pesticides\/#breadcrumb"},"inLanguage":"fr-FR","potentialAction":[{"@type":"ReadAction","target":["https:\/\/vosgesinfo.fr\/gerardmerinfo\/2018\/12\/appel-a-resistance-linterdiction-de-pesticides\/"]}]},{"@type":"ImageObject","inLanguage":"fr-FR","@id":"https:\/\/vosgesinfo.fr\/gerardmerinfo\/2018\/12\/appel-a-resistance-linterdiction-de-pesticides\/#primaryimage","url":"https:\/\/vosgesinfo.fr\/app\/uploads\/sites\/6\/2024\/07\/201812coquelicots.jpg","contentUrl":"https:\/\/vosgesinfo.fr\/app\/uploads\/sites\/6\/2024\/07\/201812coquelicots.jpg","width":757,"height":800},{"@type":"BreadcrumbList","@id":"https:\/\/vosgesinfo.fr\/gerardmerinfo\/2018\/12\/appel-a-resistance-linterdiction-de-pesticides\/#breadcrumb","itemListElement":[{"@type":"ListItem","position":1,"name":"Home","item":"https:\/\/vosgesinfo.fr\/gerardmerinfo\/"},{"@type":"ListItem","position":2,"name":"Appel \u00e0 la r\u00e9sistance pour l&rsquo;interdiction de tous les pesticides"}]},{"@type":"WebSite","@id":"https:\/\/vosgesinfo.fr\/gerardmerinfo\/#website","url":"https:\/\/vosgesinfo.fr\/gerardmerinfo\/","name":"Gerardmer Info","description":"Toute l&#039;actualit\u00e9 de G\u00e9rardmer","publisher":{"@id":"https:\/\/vosgesinfo.fr\/gerardmerinfo\/#organization"},"alternateName":"Toute l'actualit\u00e9 de G\u00e9rardmer","potentialAction":[{"@type":"SearchAction","target":{"@type":"EntryPoint","urlTemplate":"https:\/\/vosgesinfo.fr\/gerardmerinfo\/?s={search_term_string}"},"query-input":"required name=search_term_string"}],"inLanguage":"fr-FR"},{"@type":"Organization","@id":"https:\/\/vosgesinfo.fr\/gerardmerinfo\/#organization","name":"Gerardmer Info","url":"https:\/\/vosgesinfo.fr\/gerardmerinfo\/","logo":{"@type":"ImageObject","inLanguage":"fr-FR","@id":"https:\/\/vosgesinfo.fr\/gerardmerinfo\/#\/schema\/logo\/image\/","url":"https:\/\/vosgesinfo.fr\/app\/uploads\/sites\/6\/2023\/08\/favicon-gerardmerinfo.png","contentUrl":"https:\/\/vosgesinfo.fr\/app\/uploads\/sites\/6\/2023\/08\/favicon-gerardmerinfo.png","width":512,"height":512,"caption":"Gerardmer Info"},"image":{"@id":"https:\/\/vosgesinfo.fr\/gerardmerinfo\/#\/schema\/logo\/image\/"},"sameAs":["https:\/\/www.facebook.com\/profile.php?id=100049475262660","https:\/\/x.com\/VosgesInfo88","https:\/\/www.youtube.com\/@vosgesinfo"]},{"@type":"Person","@id":"https:\/\/vosgesinfo.fr\/gerardmerinfo\/#\/schema\/person\/bc5d02d71e6932e81b6dadb7386667b1","name":"qs_admin","image":{"@type":"ImageObject","inLanguage":"fr-FR","@id":"https:\/\/vosgesinfo.fr\/gerardmerinfo\/#\/schema\/person\/image\/","url":"https:\/\/secure.gravatar.com\/avatar\/94b18ee0ed79e4a42ea2f2931277b6841a8999fc6fde214600c78057cf1fe1de?s=96&d=mm&r=g","contentUrl":"https:\/\/secure.gravatar.com\/avatar\/94b18ee0ed79e4a42ea2f2931277b6841a8999fc6fde214600c78057cf1fe1de?s=96&d=mm&r=g","caption":"qs_admin"},"sameAs":["https:\/\/vosgesinfo.fr\/wp"],"url":"https:\/\/vosgesinfo.fr\/gerardmerinfo\/author\/qs_admin\/"}]}},"_links":{"self":[{"href":"https:\/\/vosgesinfo.fr\/gerardmerinfo\/wp-json\/wp\/v2\/posts\/38314","targetHints":{"allow":["GET"]}}],"collection":[{"href":"https:\/\/vosgesinfo.fr\/gerardmerinfo\/wp-json\/wp\/v2\/posts"}],"about":[{"href":"https:\/\/vosgesinfo.fr\/gerardmerinfo\/wp-json\/wp\/v2\/types\/post"}],"author":[{"embeddable":true,"href":"https:\/\/vosgesinfo.fr\/gerardmerinfo\/wp-json\/wp\/v2\/users\/1"}],"replies":[{"embeddable":true,"href":"https:\/\/vosgesinfo.fr\/gerardmerinfo\/wp-json\/wp\/v2\/comments?post=38314"}],"version-history":[{"count":0,"href":"https:\/\/vosgesinfo.fr\/gerardmerinfo\/wp-json\/wp\/v2\/posts\/38314\/revisions"}],"wp:featuredmedia":[{"embeddable":true,"href":"https:\/\/vosgesinfo.fr\/gerardmerinfo\/wp-json\/wp\/v2\/media\/38315"}],"wp:attachment":[{"href":"https:\/\/vosgesinfo.fr\/gerardmerinfo\/wp-json\/wp\/v2\/media?parent=38314"}],"wp:term":[{"taxonomy":"category","embeddable":true,"href":"https:\/\/vosgesinfo.fr\/gerardmerinfo\/wp-json\/wp\/v2\/categories?post=38314"},{"taxonomy":"post_tag","embeddable":true,"href":"https:\/\/vosgesinfo.fr\/gerardmerinfo\/wp-json\/wp\/v2\/tags?post=38314"}],"curies":[{"name":"wp","href":"https:\/\/api.w.org\/{rel}","templated":true}]}}