{"id":38342,"date":"2018-12-04T08:50:31","date_gmt":"2018-12-04T07:50:31","guid":{"rendered":"https:\/\/vosgesinfo.fr\/gerardmerinfo\/2018\/12\/samedi-cadre-telethon-evodia-deuxieme-salon-recyclage-de-customisation-a-lespace-francois-mitterrand\/"},"modified":"2018-12-04T08:50:31","modified_gmt":"2018-12-04T07:50:31","slug":"samedi-cadre-telethon-evodia-deuxieme-salon-recyclage-de-customisation-a-lespace-francois-mitterrand","status":"publish","type":"post","link":"https:\/\/vosgesinfo.fr\/gerardmerinfo\/2018\/12\/samedi-cadre-telethon-evodia-deuxieme-salon-recyclage-de-customisation-a-lespace-francois-mitterrand\/","title":{"rendered":"Samedi dans le cadre du T\u00e9l\u00e9thon, \u00c9vodia fait son deuxi\u00e8me salon du recyclage et de la customisation \u00e0 l\u2019Espace Fran\u00e7ois-Mitterrand !"},"content":{"rendered":"<h2><strong>Deux ans apr\u00e8s le succ\u00e8s de sa premi\u00e8re manifestation, \u00c9vodia se mobilise \u00e0 nouveau au profit du T\u00e9l\u00e9thon, en mettant l\u2019accent sur\u00a0le r\u00e9emploi et la customisation des v\u00eatements ainsi que sur le bon geste de tri des textiles.<\/strong><\/h2>\n<p>C\u2019est l\u2019Espace Fran\u00e7ois-Mitterrand de Saint-Di\u00e9-des-Vosges qui accueillera, ce samedi 8 d\u00e9cembre, la seconde \u00e9dition du Fashion Upcycling, un salon du recyclage et de la customisation made in \u00c9vodia. Un salon \u00e9co-citoyen et caritatif, dont le programme est \u00e0 retrouver ci-dessous :<\/p>\n<ul>\n<li>De 10 h \u2013 11 h : Petit d\u00e9jeuner, visite priv\u00e9e pour les collectivit\u00e9s et partenaires;<\/li>\n<li>A 10 h 30 : Ouverture public;<\/li>\n<\/ul>\n","protected":false},"excerpt":{"rendered":"<p>Deux ans apr\u00e8s le succ\u00e8s de sa premi\u00e8re manifestation, \u00c9vodia se mobilise \u00e0 nouveau au profit du T\u00e9l\u00e9thon, en mettant [&hellip;]<\/p>\n","protected":false},"author":1,"featured_media":38343,"comment_status":"open","ping_status":"open","sticky":false,"template":"","format":"standard","meta":{"footnotes":""},"categories":[20,18],"tags":[531],"class_list":["post-38342","post","type-post","status-publish","format-standard","has-post-thumbnail","hentry","category-a-la-une","category-vosges","tag-evodia"],"acf":[],"yoast_head":"<!-- This site is optimized with the Yoast SEO plugin v22.5 - https:\/\/yoast.com\/wordpress\/plugins\/seo\/ -->\n<title>Samedi dans le cadre du T\u00e9l\u00e9thon, \u00c9vodia fait son deuxi\u00e8me salon du recyclage et de la customisation \u00e0 l\u2019Espace Fran\u00e7ois-Mitterrand ! - Gerardmer Info<\/title>\n<meta name=\"robots\" content=\"index, follow, max-snippet:-1, max-image-preview:large, max-video-preview:-1\" \/>\n<link rel=\"canonical\" href=\"https:\/\/vosgesinfo.fr\/gerardmerinfo\/2018\/12\/samedi-cadre-telethon-evodia-deuxieme-salon-recyclage-de-customisation-a-lespace-francois-mitterrand\/\" \/>\n<meta name=\"twitter:card\" content=\"summary_large_image\" \/>\n<meta name=\"twitter:title\" content=\"Samedi dans le cadre du T\u00e9l\u00e9thon, \u00c9vodia fait son deuxi\u00e8me salon du recyclage et de la customisation \u00e0 l\u2019Espace Fran\u00e7ois-Mitterrand ! - Gerardmer Info\" \/>\n<meta name=\"twitter:description\" content=\"Deux ans apr\u00e8s le succ\u00e8s de sa premi\u00e8re manifestation, \u00c9vodia se mobilise \u00e0 nouveau au profit du T\u00e9l\u00e9thon, en mettant [&hellip;]\" \/>\n<meta name=\"twitter:image\" content=\"https:\/\/vosgesinfo.fr\/app\/uploads\/sites\/6\/2024\/07\/201812evodia-fashion-upcycling-1.jpg\" \/>\n<meta name=\"twitter:creator\" content=\"@VosgesInfo88\" \/>\n<meta name=\"twitter:site\" content=\"@VosgesInfo88\" \/>\n<meta name=\"twitter:label1\" content=\"\u00c9crit par\" \/>\n\t<meta name=\"twitter:data1\" content=\"qs_admin\" \/>\n\t<meta name=\"twitter:label2\" content=\"Dur\u00e9e de lecture estim\u00e9e\" \/>\n\t<meta name=\"twitter:data2\" content=\"1 minute\" \/>\n<script type=\"application\/ld+json\" class=\"yoast-schema-graph\">{\"@context\":\"https:\/\/schema.org\",\"@graph\":[{\"@type\":\"Article\",\"@id\":\"https:\/\/vosgesinfo.fr\/gerardmerinfo\/2018\/12\/samedi-cadre-telethon-evodia-deuxieme-salon-recyclage-de-customisation-a-lespace-francois-mitterrand\/#article\",\"isPartOf\":{\"@id\":\"https:\/\/vosgesinfo.fr\/gerardmerinfo\/2018\/12\/samedi-cadre-telethon-evodia-deuxieme-salon-recyclage-de-customisation-a-lespace-francois-mitterrand\/\"},\"author\":{\"name\":\"qs_admin\",\"@id\":\"https:\/\/vosgesinfo.fr\/gerardmerinfo\/#\/schema\/person\/bc5d02d71e6932e81b6dadb7386667b1\"},\"headline\":\"Samedi dans le cadre du T\u00e9l\u00e9thon, \u00c9vodia fait son deuxi\u00e8me salon du recyclage et de la customisation \u00e0 l\u2019Espace Fran\u00e7ois-Mitterrand !\",\"datePublished\":\"2018-12-04T07:50:31+00:00\",\"dateModified\":\"2018-12-04T07:50:31+00:00\",\"mainEntityOfPage\":{\"@id\":\"https:\/\/vosgesinfo.fr\/gerardmerinfo\/2018\/12\/samedi-cadre-telethon-evodia-deuxieme-salon-recyclage-de-customisation-a-lespace-francois-mitterrand\/\"},\"wordCount\":132,\"commentCount\":0,\"publisher\":{\"@id\":\"https:\/\/vosgesinfo.fr\/gerardmerinfo\/#organization\"},\"image\":{\"@id\":\"https:\/\/vosgesinfo.fr\/gerardmerinfo\/2018\/12\/samedi-cadre-telethon-evodia-deuxieme-salon-recyclage-de-customisation-a-lespace-francois-mitterrand\/#primaryimage\"},\"thumbnailUrl\":\"https:\/\/vosgesinfo.fr\/app\/uploads\/sites\/6\/2024\/07\/201812evodia-fashion-upcycling-1.jpg\",\"keywords\":[\"Evodia\"],\"articleSection\":[\"A la une\",\"Vosges\"],\"inLanguage\":\"fr-FR\",\"potentialAction\":[{\"@type\":\"CommentAction\",\"name\":\"Comment\",\"target\":[\"https:\/\/vosgesinfo.fr\/gerardmerinfo\/2018\/12\/samedi-cadre-telethon-evodia-deuxieme-salon-recyclage-de-customisation-a-lespace-francois-mitterrand\/#respond\"]}]},{\"@type\":\"WebPage\",\"@id\":\"https:\/\/vosgesinfo.fr\/gerardmerinfo\/2018\/12\/samedi-cadre-telethon-evodia-deuxieme-salon-recyclage-de-customisation-a-lespace-francois-mitterrand\/\",\"url\":\"https:\/\/vosgesinfo.fr\/gerardmerinfo\/2018\/12\/samedi-cadre-telethon-evodia-deuxieme-salon-recyclage-de-customisation-a-lespace-francois-mitterrand\/\",\"name\":\"Samedi dans le cadre du T\u00e9l\u00e9thon, \u00c9vodia fait son deuxi\u00e8me salon du recyclage et de la customisation \u00e0 l\u2019Espace Fran\u00e7ois-Mitterrand ! - Gerardmer Info\",\"isPartOf\":{\"@id\":\"https:\/\/vosgesinfo.fr\/gerardmerinfo\/#website\"},\"primaryImageOfPage\":{\"@id\":\"https:\/\/vosgesinfo.fr\/gerardmerinfo\/2018\/12\/samedi-cadre-telethon-evodia-deuxieme-salon-recyclage-de-customisation-a-lespace-francois-mitterrand\/#primaryimage\"},\"image\":{\"@id\":\"https:\/\/vosgesinfo.fr\/gerardmerinfo\/2018\/12\/samedi-cadre-telethon-evodia-deuxieme-salon-recyclage-de-customisation-a-lespace-francois-mitterrand\/#primaryimage\"},\"thumbnailUrl\":\"https:\/\/vosgesinfo.fr\/app\/uploads\/sites\/6\/2024\/07\/201812evodia-fashion-upcycling-1.jpg\",\"datePublished\":\"2018-12-04T07:50:31+00:00\",\"dateModified\":\"2018-12-04T07:50:31+00:00\",\"breadcrumb\":{\"@id\":\"https:\/\/vosgesinfo.fr\/gerardmerinfo\/2018\/12\/samedi-cadre-telethon-evodia-deuxieme-salon-recyclage-de-customisation-a-lespace-francois-mitterrand\/#breadcrumb\"},\"inLanguage\":\"fr-FR\",\"potentialAction\":[{\"@type\":\"ReadAction\",\"target\":[\"https:\/\/vosgesinfo.fr\/gerardmerinfo\/2018\/12\/samedi-cadre-telethon-evodia-deuxieme-salon-recyclage-de-customisation-a-lespace-francois-mitterrand\/\"]}]},{\"@type\":\"ImageObject\",\"inLanguage\":\"fr-FR\",\"@id\":\"https:\/\/vosgesinfo.fr\/gerardmerinfo\/2018\/12\/samedi-cadre-telethon-evodia-deuxieme-salon-recyclage-de-customisation-a-lespace-francois-mitterrand\/#primaryimage\",\"url\":\"https:\/\/vosgesinfo.fr\/app\/uploads\/sites\/6\/2024\/07\/201812evodia-fashion-upcycling-1.jpg\",\"contentUrl\":\"https:\/\/vosgesinfo.fr\/app\/uploads\/sites\/6\/2024\/07\/201812evodia-fashion-upcycling-1.jpg\",\"width\":787,\"height\":800},{\"@type\":\"BreadcrumbList\",\"@id\":\"https:\/\/vosgesinfo.fr\/gerardmerinfo\/2018\/12\/samedi-cadre-telethon-evodia-deuxieme-salon-recyclage-de-customisation-a-lespace-francois-mitterrand\/#breadcrumb\",\"itemListElement\":[{\"@type\":\"ListItem\",\"position\":1,\"name\":\"Home\",\"item\":\"https:\/\/vosgesinfo.fr\/gerardmerinfo\/\"},{\"@type\":\"ListItem\",\"position\":2,\"name\":\"Samedi dans le cadre du T\u00e9l\u00e9thon, \u00c9vodia fait son deuxi\u00e8me salon du recyclage et de la customisation \u00e0 l\u2019Espace Fran\u00e7ois-Mitterrand !\"}]},{\"@type\":\"WebSite\",\"@id\":\"https:\/\/vosgesinfo.fr\/gerardmerinfo\/#website\",\"url\":\"https:\/\/vosgesinfo.fr\/gerardmerinfo\/\",\"name\":\"Gerardmer Info\",\"description\":\"Toute l&#039;actualit\u00e9 de G\u00e9rardmer\",\"publisher\":{\"@id\":\"https:\/\/vosgesinfo.fr\/gerardmerinfo\/#organization\"},\"alternateName\":\"Toute l'actualit\u00e9 de G\u00e9rardmer\",\"potentialAction\":[{\"@type\":\"SearchAction\",\"target\":{\"@type\":\"EntryPoint\",\"urlTemplate\":\"https:\/\/vosgesinfo.fr\/gerardmerinfo\/?s={search_term_string}\"},\"query-input\":\"required name=search_term_string\"}],\"inLanguage\":\"fr-FR\"},{\"@type\":\"Organization\",\"@id\":\"https:\/\/vosgesinfo.fr\/gerardmerinfo\/#organization\",\"name\":\"Gerardmer Info\",\"url\":\"https:\/\/vosgesinfo.fr\/gerardmerinfo\/\",\"logo\":{\"@type\":\"ImageObject\",\"inLanguage\":\"fr-FR\",\"@id\":\"https:\/\/vosgesinfo.fr\/gerardmerinfo\/#\/schema\/logo\/image\/\",\"url\":\"https:\/\/vosgesinfo.fr\/app\/uploads\/sites\/6\/2023\/08\/favicon-gerardmerinfo.png\",\"contentUrl\":\"https:\/\/vosgesinfo.fr\/app\/uploads\/sites\/6\/2023\/08\/favicon-gerardmerinfo.png\",\"width\":512,\"height\":512,\"caption\":\"Gerardmer Info\"},\"image\":{\"@id\":\"https:\/\/vosgesinfo.fr\/gerardmerinfo\/#\/schema\/logo\/image\/\"},\"sameAs\":[\"https:\/\/www.facebook.com\/profile.php?id=100049475262660\",\"https:\/\/x.com\/VosgesInfo88\",\"https:\/\/www.youtube.com\/@vosgesinfo\"]},{\"@type\":\"Person\",\"@id\":\"https:\/\/vosgesinfo.fr\/gerardmerinfo\/#\/schema\/person\/bc5d02d71e6932e81b6dadb7386667b1\",\"name\":\"qs_admin\",\"image\":{\"@type\":\"ImageObject\",\"inLanguage\":\"fr-FR\",\"@id\":\"https:\/\/vosgesinfo.fr\/gerardmerinfo\/#\/schema\/person\/image\/\",\"url\":\"https:\/\/secure.gravatar.com\/avatar\/94b18ee0ed79e4a42ea2f2931277b6841a8999fc6fde214600c78057cf1fe1de?s=96&d=mm&r=g\",\"contentUrl\":\"https:\/\/secure.gravatar.com\/avatar\/94b18ee0ed79e4a42ea2f2931277b6841a8999fc6fde214600c78057cf1fe1de?s=96&d=mm&r=g\",\"caption\":\"qs_admin\"},\"sameAs\":[\"https:\/\/vosgesinfo.fr\/wp\"],\"url\":\"https:\/\/vosgesinfo.fr\/gerardmerinfo\/author\/qs_admin\/\"}]}<\/script>\n<!-- \/ Yoast SEO plugin. -->","yoast_head_json":{"title":"Samedi dans le cadre du T\u00e9l\u00e9thon, \u00c9vodia fait son deuxi\u00e8me salon du recyclage et de la customisation \u00e0 l\u2019Espace Fran\u00e7ois-Mitterrand ! - Gerardmer Info","robots":{"index":"index","follow":"follow","max-snippet":"max-snippet:-1","max-image-preview":"max-image-preview:large","max-video-preview":"max-video-preview:-1"},"canonical":"https:\/\/vosgesinfo.fr\/gerardmerinfo\/2018\/12\/samedi-cadre-telethon-evodia-deuxieme-salon-recyclage-de-customisation-a-lespace-francois-mitterrand\/","twitter_card":"summary_large_image","twitter_title":"Samedi dans le cadre du T\u00e9l\u00e9thon, \u00c9vodia fait son deuxi\u00e8me salon du recyclage et de la customisation \u00e0 l\u2019Espace Fran\u00e7ois-Mitterrand ! - Gerardmer Info","twitter_description":"Deux ans apr\u00e8s le succ\u00e8s de sa premi\u00e8re manifestation, \u00c9vodia se mobilise \u00e0 nouveau au profit du T\u00e9l\u00e9thon, en mettant [&hellip;]","twitter_image":"https:\/\/vosgesinfo.fr\/app\/uploads\/sites\/6\/2024\/07\/201812evodia-fashion-upcycling-1.jpg","twitter_creator":"@VosgesInfo88","twitter_site":"@VosgesInfo88","twitter_misc":{"\u00c9crit par":"qs_admin","Dur\u00e9e de lecture estim\u00e9e":"1 minute"},"schema":{"@context":"https:\/\/schema.org","@graph":[{"@type":"Article","@id":"https:\/\/vosgesinfo.fr\/gerardmerinfo\/2018\/12\/samedi-cadre-telethon-evodia-deuxieme-salon-recyclage-de-customisation-a-lespace-francois-mitterrand\/#article","isPartOf":{"@id":"https:\/\/vosgesinfo.fr\/gerardmerinfo\/2018\/12\/samedi-cadre-telethon-evodia-deuxieme-salon-recyclage-de-customisation-a-lespace-francois-mitterrand\/"},"author":{"name":"qs_admin","@id":"https:\/\/vosgesinfo.fr\/gerardmerinfo\/#\/schema\/person\/bc5d02d71e6932e81b6dadb7386667b1"},"headline":"Samedi dans le cadre du T\u00e9l\u00e9thon, \u00c9vodia fait son deuxi\u00e8me salon du recyclage et de la customisation \u00e0 l\u2019Espace Fran\u00e7ois-Mitterrand !","datePublished":"2018-12-04T07:50:31+00:00","dateModified":"2018-12-04T07:50:31+00:00","mainEntityOfPage":{"@id":"https:\/\/vosgesinfo.fr\/gerardmerinfo\/2018\/12\/samedi-cadre-telethon-evodia-deuxieme-salon-recyclage-de-customisation-a-lespace-francois-mitterrand\/"},"wordCount":132,"commentCount":0,"publisher":{"@id":"https:\/\/vosgesinfo.fr\/gerardmerinfo\/#organization"},"image":{"@id":"https:\/\/vosgesinfo.fr\/gerardmerinfo\/2018\/12\/samedi-cadre-telethon-evodia-deuxieme-salon-recyclage-de-customisation-a-lespace-francois-mitterrand\/#primaryimage"},"thumbnailUrl":"https:\/\/vosgesinfo.fr\/app\/uploads\/sites\/6\/2024\/07\/201812evodia-fashion-upcycling-1.jpg","keywords":["Evodia"],"articleSection":["A la une","Vosges"],"inLanguage":"fr-FR","potentialAction":[{"@type":"CommentAction","name":"Comment","target":["https:\/\/vosgesinfo.fr\/gerardmerinfo\/2018\/12\/samedi-cadre-telethon-evodia-deuxieme-salon-recyclage-de-customisation-a-lespace-francois-mitterrand\/#respond"]}]},{"@type":"WebPage","@id":"https:\/\/vosgesinfo.fr\/gerardmerinfo\/2018\/12\/samedi-cadre-telethon-evodia-deuxieme-salon-recyclage-de-customisation-a-lespace-francois-mitterrand\/","url":"https:\/\/vosgesinfo.fr\/gerardmerinfo\/2018\/12\/samedi-cadre-telethon-evodia-deuxieme-salon-recyclage-de-customisation-a-lespace-francois-mitterrand\/","name":"Samedi dans le cadre du T\u00e9l\u00e9thon, \u00c9vodia fait son deuxi\u00e8me salon du recyclage et de la customisation \u00e0 l\u2019Espace Fran\u00e7ois-Mitterrand ! - Gerardmer Info","isPartOf":{"@id":"https:\/\/vosgesinfo.fr\/gerardmerinfo\/#website"},"primaryImageOfPage":{"@id":"https:\/\/vosgesinfo.fr\/gerardmerinfo\/2018\/12\/samedi-cadre-telethon-evodia-deuxieme-salon-recyclage-de-customisation-a-lespace-francois-mitterrand\/#primaryimage"},"image":{"@id":"https:\/\/vosgesinfo.fr\/gerardmerinfo\/2018\/12\/samedi-cadre-telethon-evodia-deuxieme-salon-recyclage-de-customisation-a-lespace-francois-mitterrand\/#primaryimage"},"thumbnailUrl":"https:\/\/vosgesinfo.fr\/app\/uploads\/sites\/6\/2024\/07\/201812evodia-fashion-upcycling-1.jpg","datePublished":"2018-12-04T07:50:31+00:00","dateModified":"2018-12-04T07:50:31+00:00","breadcrumb":{"@id":"https:\/\/vosgesinfo.fr\/gerardmerinfo\/2018\/12\/samedi-cadre-telethon-evodia-deuxieme-salon-recyclage-de-customisation-a-lespace-francois-mitterrand\/#breadcrumb"},"inLanguage":"fr-FR","potentialAction":[{"@type":"ReadAction","target":["https:\/\/vosgesinfo.fr\/gerardmerinfo\/2018\/12\/samedi-cadre-telethon-evodia-deuxieme-salon-recyclage-de-customisation-a-lespace-francois-mitterrand\/"]}]},{"@type":"ImageObject","inLanguage":"fr-FR","@id":"https:\/\/vosgesinfo.fr\/gerardmerinfo\/2018\/12\/samedi-cadre-telethon-evodia-deuxieme-salon-recyclage-de-customisation-a-lespace-francois-mitterrand\/#primaryimage","url":"https:\/\/vosgesinfo.fr\/app\/uploads\/sites\/6\/2024\/07\/201812evodia-fashion-upcycling-1.jpg","contentUrl":"https:\/\/vosgesinfo.fr\/app\/uploads\/sites\/6\/2024\/07\/201812evodia-fashion-upcycling-1.jpg","width":787,"height":800},{"@type":"BreadcrumbList","@id":"https:\/\/vosgesinfo.fr\/gerardmerinfo\/2018\/12\/samedi-cadre-telethon-evodia-deuxieme-salon-recyclage-de-customisation-a-lespace-francois-mitterrand\/#breadcrumb","itemListElement":[{"@type":"ListItem","position":1,"name":"Home","item":"https:\/\/vosgesinfo.fr\/gerardmerinfo\/"},{"@type":"ListItem","position":2,"name":"Samedi dans le cadre du T\u00e9l\u00e9thon, \u00c9vodia fait son deuxi\u00e8me salon du recyclage et de la customisation \u00e0 l\u2019Espace Fran\u00e7ois-Mitterrand !"}]},{"@type":"WebSite","@id":"https:\/\/vosgesinfo.fr\/gerardmerinfo\/#website","url":"https:\/\/vosgesinfo.fr\/gerardmerinfo\/","name":"Gerardmer Info","description":"Toute l&#039;actualit\u00e9 de G\u00e9rardmer","publisher":{"@id":"https:\/\/vosgesinfo.fr\/gerardmerinfo\/#organization"},"alternateName":"Toute l'actualit\u00e9 de G\u00e9rardmer","potentialAction":[{"@type":"SearchAction","target":{"@type":"EntryPoint","urlTemplate":"https:\/\/vosgesinfo.fr\/gerardmerinfo\/?s={search_term_string}"},"query-input":"required name=search_term_string"}],"inLanguage":"fr-FR"},{"@type":"Organization","@id":"https:\/\/vosgesinfo.fr\/gerardmerinfo\/#organization","name":"Gerardmer Info","url":"https:\/\/vosgesinfo.fr\/gerardmerinfo\/","logo":{"@type":"ImageObject","inLanguage":"fr-FR","@id":"https:\/\/vosgesinfo.fr\/gerardmerinfo\/#\/schema\/logo\/image\/","url":"https:\/\/vosgesinfo.fr\/app\/uploads\/sites\/6\/2023\/08\/favicon-gerardmerinfo.png","contentUrl":"https:\/\/vosgesinfo.fr\/app\/uploads\/sites\/6\/2023\/08\/favicon-gerardmerinfo.png","width":512,"height":512,"caption":"Gerardmer Info"},"image":{"@id":"https:\/\/vosgesinfo.fr\/gerardmerinfo\/#\/schema\/logo\/image\/"},"sameAs":["https:\/\/www.facebook.com\/profile.php?id=100049475262660","https:\/\/x.com\/VosgesInfo88","https:\/\/www.youtube.com\/@vosgesinfo"]},{"@type":"Person","@id":"https:\/\/vosgesinfo.fr\/gerardmerinfo\/#\/schema\/person\/bc5d02d71e6932e81b6dadb7386667b1","name":"qs_admin","image":{"@type":"ImageObject","inLanguage":"fr-FR","@id":"https:\/\/vosgesinfo.fr\/gerardmerinfo\/#\/schema\/person\/image\/","url":"https:\/\/secure.gravatar.com\/avatar\/94b18ee0ed79e4a42ea2f2931277b6841a8999fc6fde214600c78057cf1fe1de?s=96&d=mm&r=g","contentUrl":"https:\/\/secure.gravatar.com\/avatar\/94b18ee0ed79e4a42ea2f2931277b6841a8999fc6fde214600c78057cf1fe1de?s=96&d=mm&r=g","caption":"qs_admin"},"sameAs":["https:\/\/vosgesinfo.fr\/wp"],"url":"https:\/\/vosgesinfo.fr\/gerardmerinfo\/author\/qs_admin\/"}]}},"_links":{"self":[{"href":"https:\/\/vosgesinfo.fr\/gerardmerinfo\/wp-json\/wp\/v2\/posts\/38342","targetHints":{"allow":["GET"]}}],"collection":[{"href":"https:\/\/vosgesinfo.fr\/gerardmerinfo\/wp-json\/wp\/v2\/posts"}],"about":[{"href":"https:\/\/vosgesinfo.fr\/gerardmerinfo\/wp-json\/wp\/v2\/types\/post"}],"author":[{"embeddable":true,"href":"https:\/\/vosgesinfo.fr\/gerardmerinfo\/wp-json\/wp\/v2\/users\/1"}],"replies":[{"embeddable":true,"href":"https:\/\/vosgesinfo.fr\/gerardmerinfo\/wp-json\/wp\/v2\/comments?post=38342"}],"version-history":[{"count":0,"href":"https:\/\/vosgesinfo.fr\/gerardmerinfo\/wp-json\/wp\/v2\/posts\/38342\/revisions"}],"wp:featuredmedia":[{"embeddable":true,"href":"https:\/\/vosgesinfo.fr\/gerardmerinfo\/wp-json\/wp\/v2\/media\/38343"}],"wp:attachment":[{"href":"https:\/\/vosgesinfo.fr\/gerardmerinfo\/wp-json\/wp\/v2\/media?parent=38342"}],"wp:term":[{"taxonomy":"category","embeddable":true,"href":"https:\/\/vosgesinfo.fr\/gerardmerinfo\/wp-json\/wp\/v2\/categories?post=38342"},{"taxonomy":"post_tag","embeddable":true,"href":"https:\/\/vosgesinfo.fr\/gerardmerinfo\/wp-json\/wp\/v2\/tags?post=38342"}],"curies":[{"name":"wp","href":"https:\/\/api.w.org\/{rel}","templated":true}]}}