{"id":38347,"date":"2018-12-04T17:03:40","date_gmt":"2018-12-04T16:03:40","guid":{"rendered":"https:\/\/vosgesinfo.fr\/gerardmerinfo\/2018\/12\/gustave-kervern-benoit-delepine-duo-presidera-jury-long-metrage-26eme-festival-international-film-fantastique\/"},"modified":"2018-12-04T17:03:40","modified_gmt":"2018-12-04T16:03:40","slug":"gustave-kervern-benoit-delepine-duo-presidera-jury-long-metrage-26eme-festival-international-film-fantastique","status":"publish","type":"post","link":"https:\/\/vosgesinfo.fr\/gerardmerinfo\/2018\/12\/gustave-kervern-benoit-delepine-duo-presidera-jury-long-metrage-26eme-festival-international-film-fantastique\/","title":{"rendered":"Gustave Kervern et Beno\u00eet Del\u00e9pine : le duo pr\u00e9sidera le jury long-m\u00e9trage du 26\u00e8me Festival International du Film Fantastique"},"content":{"rendered":"<p>C&rsquo;est donc un duo qui pr\u00e9sidera cette 26\u00e8me \u00e9dition du festival de G\u00e9rardmer, et pas n&rsquo;importe lequel puisqu&rsquo;il s&rsquo;agira de Gustave Kervern et Beno\u00eet Delepine. Apr\u00e8s avoir d\u00e9but\u00e9 \u00e0 la t\u00e9l\u00e9vision avec \u00ab\u00a0les Guignols de l&rsquo;Info\u00a0\u00bb ils ont fait tourner quelques-uns de plus grands noms du cin\u00e9ma fran\u00e7ais : G\u00e9rard Depardieu, Albert Dupontel, Yolande Moreau, Beno\u00eft Poelvoorde, Mathieu Kassowitz etc&#8230;<\/p>\n<p><a href=\"\/2018\/12\/DSC07210.jpg\"><img decoding=\"async\" class=\"aligncenter size-full wp-image-138769\" src=\"\/2018\/12\/DSC07210.jpg\" alt=\"jury festival 26 2019\" width=\"800\" height=\"450\" \/><\/a><\/p>\n","protected":false},"excerpt":{"rendered":"<p>C&rsquo;est donc un duo qui pr\u00e9sidera cette 26\u00e8me \u00e9dition du festival de G\u00e9rardmer, et pas n&rsquo;importe lequel puisqu&rsquo;il s&rsquo;agira de [&hellip;]<\/p>\n","protected":false},"author":42,"featured_media":38348,"comment_status":"open","ping_status":"open","sticky":false,"template":"","format":"standard","meta":{"footnotes":""},"categories":[20,4,18],"tags":[91],"class_list":["post-38347","post","type-post","status-publish","format-standard","has-post-thumbnail","hentry","category-a-la-une","category-culture","category-vosges","tag-festival-du-film-fantastique-gerardmer"],"acf":[],"yoast_head":"<!-- This site is optimized with the Yoast SEO plugin v22.5 - https:\/\/yoast.com\/wordpress\/plugins\/seo\/ -->\n<title>Gustave Kervern et Beno\u00eet Del\u00e9pine : le duo pr\u00e9sidera le jury long-m\u00e9trage du 26\u00e8me Festival International du Film Fantastique - Gerardmer Info<\/title>\n<meta name=\"robots\" content=\"index, follow, max-snippet:-1, max-image-preview:large, max-video-preview:-1\" \/>\n<link rel=\"canonical\" href=\"https:\/\/vosgesinfo.fr\/gerardmerinfo\/2018\/12\/gustave-kervern-benoit-delepine-duo-presidera-jury-long-metrage-26eme-festival-international-film-fantastique\/\" \/>\n<meta name=\"twitter:card\" content=\"summary_large_image\" \/>\n<meta name=\"twitter:title\" content=\"Gustave Kervern et Beno\u00eet Del\u00e9pine : le duo pr\u00e9sidera le jury long-m\u00e9trage du 26\u00e8me Festival International du Film Fantastique - Gerardmer Info\" \/>\n<meta name=\"twitter:description\" content=\"C&rsquo;est donc un duo qui pr\u00e9sidera cette 26\u00e8me \u00e9dition du festival de G\u00e9rardmer, et pas n&rsquo;importe lequel puisqu&rsquo;il s&rsquo;agira de [&hellip;]\" \/>\n<meta name=\"twitter:image\" content=\"https:\/\/vosgesinfo.fr\/app\/uploads\/sites\/6\/2024\/07\/201812dsc07210.jpg\" \/>\n<meta name=\"twitter:creator\" content=\"@VosgesInfo88\" \/>\n<meta name=\"twitter:site\" content=\"@VosgesInfo88\" \/>\n<meta name=\"twitter:label1\" content=\"\u00c9crit par\" \/>\n\t<meta name=\"twitter:data1\" content=\"QG\" \/>\n<script type=\"application\/ld+json\" class=\"yoast-schema-graph\">{\"@context\":\"https:\/\/schema.org\",\"@graph\":[{\"@type\":\"Article\",\"@id\":\"https:\/\/vosgesinfo.fr\/gerardmerinfo\/2018\/12\/gustave-kervern-benoit-delepine-duo-presidera-jury-long-metrage-26eme-festival-international-film-fantastique\/#article\",\"isPartOf\":{\"@id\":\"https:\/\/vosgesinfo.fr\/gerardmerinfo\/2018\/12\/gustave-kervern-benoit-delepine-duo-presidera-jury-long-metrage-26eme-festival-international-film-fantastique\/\"},\"author\":{\"name\":\"QG\",\"@id\":\"https:\/\/vosgesinfo.fr\/gerardmerinfo\/#\/schema\/person\/db5605779a843dad16b5368f3e7613a5\"},\"headline\":\"Gustave Kervern et Beno\u00eet Del\u00e9pine : le duo pr\u00e9sidera le jury long-m\u00e9trage du 26\u00e8me Festival International du Film Fantastique\",\"datePublished\":\"2018-12-04T16:03:40+00:00\",\"dateModified\":\"2018-12-04T16:03:40+00:00\",\"mainEntityOfPage\":{\"@id\":\"https:\/\/vosgesinfo.fr\/gerardmerinfo\/2018\/12\/gustave-kervern-benoit-delepine-duo-presidera-jury-long-metrage-26eme-festival-international-film-fantastique\/\"},\"wordCount\":96,\"commentCount\":0,\"publisher\":{\"@id\":\"https:\/\/vosgesinfo.fr\/gerardmerinfo\/#organization\"},\"image\":{\"@id\":\"https:\/\/vosgesinfo.fr\/gerardmerinfo\/2018\/12\/gustave-kervern-benoit-delepine-duo-presidera-jury-long-metrage-26eme-festival-international-film-fantastique\/#primaryimage\"},\"thumbnailUrl\":\"https:\/\/vosgesinfo.fr\/app\/uploads\/sites\/6\/2024\/07\/201812dsc07210.jpg\",\"keywords\":[\"festival du film fantastique G\u00e9rardmer\"],\"articleSection\":[\"A la une\",\"Culture\",\"Vosges\"],\"inLanguage\":\"fr-FR\",\"potentialAction\":[{\"@type\":\"CommentAction\",\"name\":\"Comment\",\"target\":[\"https:\/\/vosgesinfo.fr\/gerardmerinfo\/2018\/12\/gustave-kervern-benoit-delepine-duo-presidera-jury-long-metrage-26eme-festival-international-film-fantastique\/#respond\"]}]},{\"@type\":\"WebPage\",\"@id\":\"https:\/\/vosgesinfo.fr\/gerardmerinfo\/2018\/12\/gustave-kervern-benoit-delepine-duo-presidera-jury-long-metrage-26eme-festival-international-film-fantastique\/\",\"url\":\"https:\/\/vosgesinfo.fr\/gerardmerinfo\/2018\/12\/gustave-kervern-benoit-delepine-duo-presidera-jury-long-metrage-26eme-festival-international-film-fantastique\/\",\"name\":\"Gustave Kervern et Beno\u00eet Del\u00e9pine : le duo pr\u00e9sidera le jury long-m\u00e9trage du 26\u00e8me Festival International du Film Fantastique - Gerardmer Info\",\"isPartOf\":{\"@id\":\"https:\/\/vosgesinfo.fr\/gerardmerinfo\/#website\"},\"primaryImageOfPage\":{\"@id\":\"https:\/\/vosgesinfo.fr\/gerardmerinfo\/2018\/12\/gustave-kervern-benoit-delepine-duo-presidera-jury-long-metrage-26eme-festival-international-film-fantastique\/#primaryimage\"},\"image\":{\"@id\":\"https:\/\/vosgesinfo.fr\/gerardmerinfo\/2018\/12\/gustave-kervern-benoit-delepine-duo-presidera-jury-long-metrage-26eme-festival-international-film-fantastique\/#primaryimage\"},\"thumbnailUrl\":\"https:\/\/vosgesinfo.fr\/app\/uploads\/sites\/6\/2024\/07\/201812dsc07210.jpg\",\"datePublished\":\"2018-12-04T16:03:40+00:00\",\"dateModified\":\"2018-12-04T16:03:40+00:00\",\"breadcrumb\":{\"@id\":\"https:\/\/vosgesinfo.fr\/gerardmerinfo\/2018\/12\/gustave-kervern-benoit-delepine-duo-presidera-jury-long-metrage-26eme-festival-international-film-fantastique\/#breadcrumb\"},\"inLanguage\":\"fr-FR\",\"potentialAction\":[{\"@type\":\"ReadAction\",\"target\":[\"https:\/\/vosgesinfo.fr\/gerardmerinfo\/2018\/12\/gustave-kervern-benoit-delepine-duo-presidera-jury-long-metrage-26eme-festival-international-film-fantastique\/\"]}]},{\"@type\":\"ImageObject\",\"inLanguage\":\"fr-FR\",\"@id\":\"https:\/\/vosgesinfo.fr\/gerardmerinfo\/2018\/12\/gustave-kervern-benoit-delepine-duo-presidera-jury-long-metrage-26eme-festival-international-film-fantastique\/#primaryimage\",\"url\":\"https:\/\/vosgesinfo.fr\/app\/uploads\/sites\/6\/2024\/07\/201812dsc07210.jpg\",\"contentUrl\":\"https:\/\/vosgesinfo.fr\/app\/uploads\/sites\/6\/2024\/07\/201812dsc07210.jpg\",\"width\":800,\"height\":450},{\"@type\":\"BreadcrumbList\",\"@id\":\"https:\/\/vosgesinfo.fr\/gerardmerinfo\/2018\/12\/gustave-kervern-benoit-delepine-duo-presidera-jury-long-metrage-26eme-festival-international-film-fantastique\/#breadcrumb\",\"itemListElement\":[{\"@type\":\"ListItem\",\"position\":1,\"name\":\"Home\",\"item\":\"https:\/\/vosgesinfo.fr\/gerardmerinfo\/\"},{\"@type\":\"ListItem\",\"position\":2,\"name\":\"Gustave Kervern et Beno\u00eet Del\u00e9pine : le duo pr\u00e9sidera le jury long-m\u00e9trage du 26\u00e8me Festival International du Film Fantastique\"}]},{\"@type\":\"WebSite\",\"@id\":\"https:\/\/vosgesinfo.fr\/gerardmerinfo\/#website\",\"url\":\"https:\/\/vosgesinfo.fr\/gerardmerinfo\/\",\"name\":\"Gerardmer Info\",\"description\":\"Toute l&#039;actualit\u00e9 de G\u00e9rardmer\",\"publisher\":{\"@id\":\"https:\/\/vosgesinfo.fr\/gerardmerinfo\/#organization\"},\"alternateName\":\"Toute l'actualit\u00e9 de G\u00e9rardmer\",\"potentialAction\":[{\"@type\":\"SearchAction\",\"target\":{\"@type\":\"EntryPoint\",\"urlTemplate\":\"https:\/\/vosgesinfo.fr\/gerardmerinfo\/?s={search_term_string}\"},\"query-input\":\"required name=search_term_string\"}],\"inLanguage\":\"fr-FR\"},{\"@type\":\"Organization\",\"@id\":\"https:\/\/vosgesinfo.fr\/gerardmerinfo\/#organization\",\"name\":\"Gerardmer Info\",\"url\":\"https:\/\/vosgesinfo.fr\/gerardmerinfo\/\",\"logo\":{\"@type\":\"ImageObject\",\"inLanguage\":\"fr-FR\",\"@id\":\"https:\/\/vosgesinfo.fr\/gerardmerinfo\/#\/schema\/logo\/image\/\",\"url\":\"https:\/\/vosgesinfo.fr\/app\/uploads\/sites\/6\/2023\/08\/favicon-gerardmerinfo.png\",\"contentUrl\":\"https:\/\/vosgesinfo.fr\/app\/uploads\/sites\/6\/2023\/08\/favicon-gerardmerinfo.png\",\"width\":512,\"height\":512,\"caption\":\"Gerardmer Info\"},\"image\":{\"@id\":\"https:\/\/vosgesinfo.fr\/gerardmerinfo\/#\/schema\/logo\/image\/\"},\"sameAs\":[\"https:\/\/www.facebook.com\/profile.php?id=100049475262660\",\"https:\/\/x.com\/VosgesInfo88\",\"https:\/\/www.youtube.com\/@vosgesinfo\"]},{\"@type\":\"Person\",\"@id\":\"https:\/\/vosgesinfo.fr\/gerardmerinfo\/#\/schema\/person\/db5605779a843dad16b5368f3e7613a5\",\"name\":\"QG\",\"image\":{\"@type\":\"ImageObject\",\"inLanguage\":\"fr-FR\",\"@id\":\"https:\/\/vosgesinfo.fr\/gerardmerinfo\/#\/schema\/person\/image\/\",\"url\":\"https:\/\/secure.gravatar.com\/avatar\/ea80c42c204b534408512832fde52504ecabb9706bcb6151cf6175e5b64e6793?s=96&d=mm&r=g\",\"contentUrl\":\"https:\/\/secure.gravatar.com\/avatar\/ea80c42c204b534408512832fde52504ecabb9706bcb6151cf6175e5b64e6793?s=96&d=mm&r=g\",\"caption\":\"QG\"},\"url\":\"https:\/\/vosgesinfo.fr\/gerardmerinfo\/author\/quentin88\/\"}]}<\/script>\n<!-- \/ Yoast SEO plugin. -->","yoast_head_json":{"title":"Gustave Kervern et Beno\u00eet Del\u00e9pine : le duo pr\u00e9sidera le jury long-m\u00e9trage du 26\u00e8me Festival International du Film Fantastique - Gerardmer Info","robots":{"index":"index","follow":"follow","max-snippet":"max-snippet:-1","max-image-preview":"max-image-preview:large","max-video-preview":"max-video-preview:-1"},"canonical":"https:\/\/vosgesinfo.fr\/gerardmerinfo\/2018\/12\/gustave-kervern-benoit-delepine-duo-presidera-jury-long-metrage-26eme-festival-international-film-fantastique\/","twitter_card":"summary_large_image","twitter_title":"Gustave Kervern et Beno\u00eet Del\u00e9pine : le duo pr\u00e9sidera le jury long-m\u00e9trage du 26\u00e8me Festival International du Film Fantastique - Gerardmer Info","twitter_description":"C&rsquo;est donc un duo qui pr\u00e9sidera cette 26\u00e8me \u00e9dition du festival de G\u00e9rardmer, et pas n&rsquo;importe lequel puisqu&rsquo;il s&rsquo;agira de [&hellip;]","twitter_image":"https:\/\/vosgesinfo.fr\/app\/uploads\/sites\/6\/2024\/07\/201812dsc07210.jpg","twitter_creator":"@VosgesInfo88","twitter_site":"@VosgesInfo88","twitter_misc":{"\u00c9crit par":"QG"},"schema":{"@context":"https:\/\/schema.org","@graph":[{"@type":"Article","@id":"https:\/\/vosgesinfo.fr\/gerardmerinfo\/2018\/12\/gustave-kervern-benoit-delepine-duo-presidera-jury-long-metrage-26eme-festival-international-film-fantastique\/#article","isPartOf":{"@id":"https:\/\/vosgesinfo.fr\/gerardmerinfo\/2018\/12\/gustave-kervern-benoit-delepine-duo-presidera-jury-long-metrage-26eme-festival-international-film-fantastique\/"},"author":{"name":"QG","@id":"https:\/\/vosgesinfo.fr\/gerardmerinfo\/#\/schema\/person\/db5605779a843dad16b5368f3e7613a5"},"headline":"Gustave Kervern et Beno\u00eet Del\u00e9pine : le duo pr\u00e9sidera le jury long-m\u00e9trage du 26\u00e8me Festival International du Film Fantastique","datePublished":"2018-12-04T16:03:40+00:00","dateModified":"2018-12-04T16:03:40+00:00","mainEntityOfPage":{"@id":"https:\/\/vosgesinfo.fr\/gerardmerinfo\/2018\/12\/gustave-kervern-benoit-delepine-duo-presidera-jury-long-metrage-26eme-festival-international-film-fantastique\/"},"wordCount":96,"commentCount":0,"publisher":{"@id":"https:\/\/vosgesinfo.fr\/gerardmerinfo\/#organization"},"image":{"@id":"https:\/\/vosgesinfo.fr\/gerardmerinfo\/2018\/12\/gustave-kervern-benoit-delepine-duo-presidera-jury-long-metrage-26eme-festival-international-film-fantastique\/#primaryimage"},"thumbnailUrl":"https:\/\/vosgesinfo.fr\/app\/uploads\/sites\/6\/2024\/07\/201812dsc07210.jpg","keywords":["festival du film fantastique G\u00e9rardmer"],"articleSection":["A la une","Culture","Vosges"],"inLanguage":"fr-FR","potentialAction":[{"@type":"CommentAction","name":"Comment","target":["https:\/\/vosgesinfo.fr\/gerardmerinfo\/2018\/12\/gustave-kervern-benoit-delepine-duo-presidera-jury-long-metrage-26eme-festival-international-film-fantastique\/#respond"]}]},{"@type":"WebPage","@id":"https:\/\/vosgesinfo.fr\/gerardmerinfo\/2018\/12\/gustave-kervern-benoit-delepine-duo-presidera-jury-long-metrage-26eme-festival-international-film-fantastique\/","url":"https:\/\/vosgesinfo.fr\/gerardmerinfo\/2018\/12\/gustave-kervern-benoit-delepine-duo-presidera-jury-long-metrage-26eme-festival-international-film-fantastique\/","name":"Gustave Kervern et Beno\u00eet Del\u00e9pine : le duo pr\u00e9sidera le jury long-m\u00e9trage du 26\u00e8me Festival International du Film Fantastique - Gerardmer Info","isPartOf":{"@id":"https:\/\/vosgesinfo.fr\/gerardmerinfo\/#website"},"primaryImageOfPage":{"@id":"https:\/\/vosgesinfo.fr\/gerardmerinfo\/2018\/12\/gustave-kervern-benoit-delepine-duo-presidera-jury-long-metrage-26eme-festival-international-film-fantastique\/#primaryimage"},"image":{"@id":"https:\/\/vosgesinfo.fr\/gerardmerinfo\/2018\/12\/gustave-kervern-benoit-delepine-duo-presidera-jury-long-metrage-26eme-festival-international-film-fantastique\/#primaryimage"},"thumbnailUrl":"https:\/\/vosgesinfo.fr\/app\/uploads\/sites\/6\/2024\/07\/201812dsc07210.jpg","datePublished":"2018-12-04T16:03:40+00:00","dateModified":"2018-12-04T16:03:40+00:00","breadcrumb":{"@id":"https:\/\/vosgesinfo.fr\/gerardmerinfo\/2018\/12\/gustave-kervern-benoit-delepine-duo-presidera-jury-long-metrage-26eme-festival-international-film-fantastique\/#breadcrumb"},"inLanguage":"fr-FR","potentialAction":[{"@type":"ReadAction","target":["https:\/\/vosgesinfo.fr\/gerardmerinfo\/2018\/12\/gustave-kervern-benoit-delepine-duo-presidera-jury-long-metrage-26eme-festival-international-film-fantastique\/"]}]},{"@type":"ImageObject","inLanguage":"fr-FR","@id":"https:\/\/vosgesinfo.fr\/gerardmerinfo\/2018\/12\/gustave-kervern-benoit-delepine-duo-presidera-jury-long-metrage-26eme-festival-international-film-fantastique\/#primaryimage","url":"https:\/\/vosgesinfo.fr\/app\/uploads\/sites\/6\/2024\/07\/201812dsc07210.jpg","contentUrl":"https:\/\/vosgesinfo.fr\/app\/uploads\/sites\/6\/2024\/07\/201812dsc07210.jpg","width":800,"height":450},{"@type":"BreadcrumbList","@id":"https:\/\/vosgesinfo.fr\/gerardmerinfo\/2018\/12\/gustave-kervern-benoit-delepine-duo-presidera-jury-long-metrage-26eme-festival-international-film-fantastique\/#breadcrumb","itemListElement":[{"@type":"ListItem","position":1,"name":"Home","item":"https:\/\/vosgesinfo.fr\/gerardmerinfo\/"},{"@type":"ListItem","position":2,"name":"Gustave Kervern et Beno\u00eet Del\u00e9pine : le duo pr\u00e9sidera le jury long-m\u00e9trage du 26\u00e8me Festival International du Film Fantastique"}]},{"@type":"WebSite","@id":"https:\/\/vosgesinfo.fr\/gerardmerinfo\/#website","url":"https:\/\/vosgesinfo.fr\/gerardmerinfo\/","name":"Gerardmer Info","description":"Toute l&#039;actualit\u00e9 de G\u00e9rardmer","publisher":{"@id":"https:\/\/vosgesinfo.fr\/gerardmerinfo\/#organization"},"alternateName":"Toute l'actualit\u00e9 de G\u00e9rardmer","potentialAction":[{"@type":"SearchAction","target":{"@type":"EntryPoint","urlTemplate":"https:\/\/vosgesinfo.fr\/gerardmerinfo\/?s={search_term_string}"},"query-input":"required name=search_term_string"}],"inLanguage":"fr-FR"},{"@type":"Organization","@id":"https:\/\/vosgesinfo.fr\/gerardmerinfo\/#organization","name":"Gerardmer Info","url":"https:\/\/vosgesinfo.fr\/gerardmerinfo\/","logo":{"@type":"ImageObject","inLanguage":"fr-FR","@id":"https:\/\/vosgesinfo.fr\/gerardmerinfo\/#\/schema\/logo\/image\/","url":"https:\/\/vosgesinfo.fr\/app\/uploads\/sites\/6\/2023\/08\/favicon-gerardmerinfo.png","contentUrl":"https:\/\/vosgesinfo.fr\/app\/uploads\/sites\/6\/2023\/08\/favicon-gerardmerinfo.png","width":512,"height":512,"caption":"Gerardmer Info"},"image":{"@id":"https:\/\/vosgesinfo.fr\/gerardmerinfo\/#\/schema\/logo\/image\/"},"sameAs":["https:\/\/www.facebook.com\/profile.php?id=100049475262660","https:\/\/x.com\/VosgesInfo88","https:\/\/www.youtube.com\/@vosgesinfo"]},{"@type":"Person","@id":"https:\/\/vosgesinfo.fr\/gerardmerinfo\/#\/schema\/person\/db5605779a843dad16b5368f3e7613a5","name":"QG","image":{"@type":"ImageObject","inLanguage":"fr-FR","@id":"https:\/\/vosgesinfo.fr\/gerardmerinfo\/#\/schema\/person\/image\/","url":"https:\/\/secure.gravatar.com\/avatar\/ea80c42c204b534408512832fde52504ecabb9706bcb6151cf6175e5b64e6793?s=96&d=mm&r=g","contentUrl":"https:\/\/secure.gravatar.com\/avatar\/ea80c42c204b534408512832fde52504ecabb9706bcb6151cf6175e5b64e6793?s=96&d=mm&r=g","caption":"QG"},"url":"https:\/\/vosgesinfo.fr\/gerardmerinfo\/author\/quentin88\/"}]}},"_links":{"self":[{"href":"https:\/\/vosgesinfo.fr\/gerardmerinfo\/wp-json\/wp\/v2\/posts\/38347","targetHints":{"allow":["GET"]}}],"collection":[{"href":"https:\/\/vosgesinfo.fr\/gerardmerinfo\/wp-json\/wp\/v2\/posts"}],"about":[{"href":"https:\/\/vosgesinfo.fr\/gerardmerinfo\/wp-json\/wp\/v2\/types\/post"}],"author":[{"embeddable":true,"href":"https:\/\/vosgesinfo.fr\/gerardmerinfo\/wp-json\/wp\/v2\/users\/42"}],"replies":[{"embeddable":true,"href":"https:\/\/vosgesinfo.fr\/gerardmerinfo\/wp-json\/wp\/v2\/comments?post=38347"}],"version-history":[{"count":0,"href":"https:\/\/vosgesinfo.fr\/gerardmerinfo\/wp-json\/wp\/v2\/posts\/38347\/revisions"}],"wp:featuredmedia":[{"embeddable":true,"href":"https:\/\/vosgesinfo.fr\/gerardmerinfo\/wp-json\/wp\/v2\/media\/38348"}],"wp:attachment":[{"href":"https:\/\/vosgesinfo.fr\/gerardmerinfo\/wp-json\/wp\/v2\/media?parent=38347"}],"wp:term":[{"taxonomy":"category","embeddable":true,"href":"https:\/\/vosgesinfo.fr\/gerardmerinfo\/wp-json\/wp\/v2\/categories?post=38347"},{"taxonomy":"post_tag","embeddable":true,"href":"https:\/\/vosgesinfo.fr\/gerardmerinfo\/wp-json\/wp\/v2\/tags?post=38347"}],"curies":[{"name":"wp","href":"https:\/\/api.w.org\/{rel}","templated":true}]}}