{"id":38349,"date":"2018-12-04T17:04:52","date_gmt":"2018-12-04T16:04:52","guid":{"rendered":"https:\/\/vosgesinfo.fr\/gerardmerinfo\/2018\/12\/route-vers-26eme-festival-international-film-fantastique\/"},"modified":"2018-12-04T17:04:52","modified_gmt":"2018-12-04T16:04:52","slug":"route-vers-26eme-festival-international-film-fantastique","status":"publish","type":"post","link":"https:\/\/vosgesinfo.fr\/gerardmerinfo\/2018\/12\/route-vers-26eme-festival-international-film-fantastique\/","title":{"rendered":"En route vers le 26\u00e8me Festival International du Film Fantastique"},"content":{"rendered":"<p><a href=\"\/2018\/12\/festival-2019-2.jpg\"><img decoding=\"async\" class=\"aligncenter wp-image-138775\" src=\"\/2018\/12\/festival-2019-2.jpg\" alt=\"festival 2019 (2)\" width=\"600\" height=\"338\" \/><\/a><\/p>\n<p><span style=\"font-size: 14pt;\">Le pr\u00e9sident du festival Pierre Sachot avait donc donn\u00e9 rendez-vous aux partenaires du festival et \u00e0 la presse ce mardi matin au casino Joa afin de d\u00e9voiler les premiers \u00e9l\u00e9ments qui composeront la 26\u00e8me \u00e9dition de la grand messe du fantastique \u00e0 G\u00e9rardmer.<\/span><\/p>\n<p>Outre la pr\u00e9sidence du jury des longs m\u00e9trages qui sera assur\u00e9e par Beno\u00eet Del\u00e9pine et Gustave Kervern, Pierre Sachot a eu le plaisir de pr\u00e9senter l&rsquo;affiche de cette 26\u00e8me \u00e9dition qui a, semble-t-il, charm\u00e9 le public pr\u00e9sent avec son serpent s&rsquo;appr\u00eatant \u00e0 engouffrer la plan\u00e8te terre&#8230; Avec ces deux premiers \u00e9l\u00e9ments, le d\u00e9cor commence donc \u00e0 \u00eatre bien plant\u00e9 pour les r\u00e9jouissances qui se d\u00e9rouleront du 30 janvier au 3 f\u00e9vrier 2019. Et s&rsquo;il faudra attendre la mi janvier pour en savoir plus en mati\u00e8re de programmation et de jur\u00e9s, sachez que la majeure partie des animations, conf\u00e9rences et autres expositions est d\u00e9j\u00e0 en place.<\/p>\n<p><a href=\"\/2018\/12\/festival-Gerardmer19BD.jpg\"><img decoding=\"async\" class=\"alignright size-medium wp-image-138776\" src=\"\/2018\/12\/festival-Gerardmer19BD-191x255.jpg\" alt=\"festival Gerardmer19BD\" width=\"191\" height=\"255\" \/><\/a>Comme toujours, vous retrouverez le salon litt\u00e9raire<em> Le Grimoire<\/em> \u00e0 l&rsquo;Espace Tilleul auquel fera d&rsquo;ailleurs \u00e9cho le Concours de Nouvelles Fantastiques. Les expositions ne maqueront pas \u00e0 l&rsquo;appel avec l&rsquo;expo arts plastiques du c\u00f4t\u00e9 de l&rsquo;espace LAC, l&rsquo;expo BD et l&rsquo;expo d&rsquo;images fantastiques de Canop\u00e9 Vosges \u00e0 la MCL, ainsi que deux expositions \u00e0 la m\u00e9diath\u00e8que du Tilleul : la premi\u00e8re consacr\u00e9e \u00e0 l&rsquo;imaginaire fantastique japonais, et la seconde \u00e0 Nicolas Rossius, illustrateur belge qui \u00e9volue dans un style plut\u00f4t grotesque, faisant la part belle \u00e0 la pop culture des ann\u00e9es 89-90. Bref, un invit\u00e9 qui aura toute sa place dans ce festival !<\/p>\n<p><strong>Un concert \u00ab\u00a0Magic Lands\u00a0\u00bb \u00e0 St Barth\u00e9l\u00e9my<\/strong><\/p>\n<p>Au rayon des nouveaut\u00e9s, notez bien un premier rendez-vous\u00a0 dans vos petits agendas : il s&rsquo;agit du samedi 2 f\u00e9vrier, date \u00e0 laquelle l&rsquo;orchestre d&rsquo;harmonie de la F\u00e9d\u00e9ration Musicale des Vosges donnera un concert \u00e0 l\u2019\u00e9glise St Barth\u00e9l\u00e9my de G\u00e9rardmer dans le cadre du festival. Ce sera en entr\u00e9e libre et \u00e0 20 h 30 pour ce show intitul\u00e9 <em>Magic Lands<\/em> qui reprendra des classiques tels que Merlin de Thierry Deleruyelle ou <em>Land of Legends<\/em> d&rsquo;Andreas L. Schulte&#8230; Une premi\u00e8re \u00e0 ne manquer sous aucun pr\u00e9texte ! Et si vous voulez continuer sur un registre fantastico-musical, n&rsquo;oubliez pas le quizz musical qui aura lieu \u00e0 la maison de la musique.<\/p>\n<p>Autre grande premi\u00e8re, le festival vous proposera de participer \u00e0 deux escape games concoct\u00e9s avec l&rsquo;aide de la ludoth\u00e8que de G\u00e9rardmer. Le premier explorera le th\u00e8me du savant fou, quant au second, il est encore en cours de pr\u00e9paration, ce sera la petite surprise du chef ! Et l\u00e0 encore, ces deux animations seront gratuites. Si l&rsquo;on consid\u00e8re le succ\u00e8s tonitruant qu&rsquo;a rencontr\u00e9 le premier escape game de la ludoth\u00e8que g\u00e9r\u00f4moise, honn\u00eatement, vous auriez tort de vous en priver ! Que dire de plus, sinon que le festival vient de se doter d&rsquo;un compte Instagram (@Gerardmerfantastic) et qu&rsquo;un site d&rsquo;archives du festival va prochainement voir le jour. Il est le fruit d&rsquo;un travail s\u2019\u00e9talant sur 2 ans et sera en acc\u00e8s libre. Il vous permettra de retrouver la programmation, la composition des jurys et les invit\u00e9s de chaque \u00e9dition depuis 1994 !<\/p>\n<p><strong>Pour conclure, voici quelques dates cl\u00e9s \u00e0 retenir pour vous tenir inform\u00e9(e) de l&rsquo;actu du festival :<\/strong><\/p>\n<p>Mardi 11 d\u00e9cembre 2018 \u00e0 11h30<br \/>\nInauguration de la plaque 2018 du mur fantastique au Casino de G\u00e9rardmer<\/p>\n<p>Mercredi 12 d\u00e9cembre 2018 \u00e0 15h<br \/>\nOuverture de la vente en ligne des Pass 2019<\/p>\n<p>Mercredi 16 janvier 2019 \u00e0 11h<br \/>\nSeconde conf\u00e9rence de presse, au Cin\u00e9ma du Casino<\/p>\n<p>Mercredi 23 janvier 2019<br \/>\nMise en ligne de la grille de programmation 2019<\/p>\n<p>Jeudi 24 janvier 2019 \u00e0 15h<br \/>\nOuverture des r\u00e9servations des s\u00e9ances en ligne et de la vente des billets \u00e0 la s\u00e9ance 2019<\/p>\n<p>Samedi 26 janvier 2019 \u00e0 9h<br \/>\nOuverture de la billetterie \u00e0 l\u2019Espace Tilleul<\/p>\n<p>Samedi 2 f\u00e9vrier 2019 \u00e0 20h30 (\u00c9glise Saint-Barth\u00e9lemy de G\u00e9rardmer)<br \/>\nConcert Magic Lands (musique de films fantastiques) donn\u00e9 par L\u2019Orchestre d\u2019Harmonie de la F\u00e9d\u00e9ration Musicale des Vosges (en partenariat avec l\u2019\u00c9cole de Musique de G\u00e9rardmer)<br \/>\nEntr\u00e9e gratuite<\/p>\n","protected":false},"excerpt":{"rendered":"<p>Le pr\u00e9sident du festival Pierre Sachot avait donc donn\u00e9 rendez-vous aux partenaires du festival et \u00e0 la presse ce mardi [&hellip;]<\/p>\n","protected":false},"author":42,"featured_media":38350,"comment_status":"open","ping_status":"open","sticky":false,"template":"","format":"standard","meta":{"footnotes":""},"categories":[20,4,18],"tags":[91],"class_list":["post-38349","post","type-post","status-publish","format-standard","has-post-thumbnail","hentry","category-a-la-une","category-culture","category-vosges","tag-festival-du-film-fantastique-gerardmer"],"acf":[],"yoast_head":"<!-- This site is optimized with the Yoast SEO plugin v22.5 - https:\/\/yoast.com\/wordpress\/plugins\/seo\/ -->\n<title>En route vers le 26\u00e8me Festival International du Film Fantastique - Gerardmer Info<\/title>\n<meta name=\"robots\" content=\"index, follow, max-snippet:-1, max-image-preview:large, max-video-preview:-1\" \/>\n<link rel=\"canonical\" href=\"https:\/\/vosgesinfo.fr\/gerardmerinfo\/2018\/12\/route-vers-26eme-festival-international-film-fantastique\/\" \/>\n<meta name=\"twitter:card\" content=\"summary_large_image\" \/>\n<meta name=\"twitter:title\" content=\"En route vers le 26\u00e8me Festival International du Film Fantastique - Gerardmer Info\" \/>\n<meta name=\"twitter:description\" content=\"Le pr\u00e9sident du festival Pierre Sachot avait donc donn\u00e9 rendez-vous aux partenaires du festival et \u00e0 la presse ce mardi [&hellip;]\" \/>\n<meta name=\"twitter:image\" content=\"https:\/\/vosgesinfo.fr\/app\/uploads\/sites\/6\/2024\/07\/201812festival-2019-2.jpg\" \/>\n<meta name=\"twitter:creator\" content=\"@VosgesInfo88\" \/>\n<meta name=\"twitter:site\" content=\"@VosgesInfo88\" \/>\n<meta name=\"twitter:label1\" content=\"\u00c9crit par\" \/>\n\t<meta name=\"twitter:data1\" content=\"QG\" \/>\n\t<meta name=\"twitter:label2\" content=\"Dur\u00e9e de lecture estim\u00e9e\" \/>\n\t<meta name=\"twitter:data2\" content=\"3 minutes\" \/>\n<script type=\"application\/ld+json\" class=\"yoast-schema-graph\">{\"@context\":\"https:\/\/schema.org\",\"@graph\":[{\"@type\":\"Article\",\"@id\":\"https:\/\/vosgesinfo.fr\/gerardmerinfo\/2018\/12\/route-vers-26eme-festival-international-film-fantastique\/#article\",\"isPartOf\":{\"@id\":\"https:\/\/vosgesinfo.fr\/gerardmerinfo\/2018\/12\/route-vers-26eme-festival-international-film-fantastique\/\"},\"author\":{\"name\":\"QG\",\"@id\":\"https:\/\/vosgesinfo.fr\/gerardmerinfo\/#\/schema\/person\/db5605779a843dad16b5368f3e7613a5\"},\"headline\":\"En route vers le 26\u00e8me Festival International du Film Fantastique\",\"datePublished\":\"2018-12-04T16:04:52+00:00\",\"dateModified\":\"2018-12-04T16:04:52+00:00\",\"mainEntityOfPage\":{\"@id\":\"https:\/\/vosgesinfo.fr\/gerardmerinfo\/2018\/12\/route-vers-26eme-festival-international-film-fantastique\/\"},\"wordCount\":714,\"commentCount\":0,\"publisher\":{\"@id\":\"https:\/\/vosgesinfo.fr\/gerardmerinfo\/#organization\"},\"image\":{\"@id\":\"https:\/\/vosgesinfo.fr\/gerardmerinfo\/2018\/12\/route-vers-26eme-festival-international-film-fantastique\/#primaryimage\"},\"thumbnailUrl\":\"https:\/\/vosgesinfo.fr\/app\/uploads\/sites\/6\/2024\/07\/201812festival-2019-2.jpg\",\"keywords\":[\"festival du film fantastique G\u00e9rardmer\"],\"articleSection\":[\"A la une\",\"Culture\",\"Vosges\"],\"inLanguage\":\"fr-FR\",\"potentialAction\":[{\"@type\":\"CommentAction\",\"name\":\"Comment\",\"target\":[\"https:\/\/vosgesinfo.fr\/gerardmerinfo\/2018\/12\/route-vers-26eme-festival-international-film-fantastique\/#respond\"]}]},{\"@type\":\"WebPage\",\"@id\":\"https:\/\/vosgesinfo.fr\/gerardmerinfo\/2018\/12\/route-vers-26eme-festival-international-film-fantastique\/\",\"url\":\"https:\/\/vosgesinfo.fr\/gerardmerinfo\/2018\/12\/route-vers-26eme-festival-international-film-fantastique\/\",\"name\":\"En route vers le 26\u00e8me Festival International du Film Fantastique - Gerardmer Info\",\"isPartOf\":{\"@id\":\"https:\/\/vosgesinfo.fr\/gerardmerinfo\/#website\"},\"primaryImageOfPage\":{\"@id\":\"https:\/\/vosgesinfo.fr\/gerardmerinfo\/2018\/12\/route-vers-26eme-festival-international-film-fantastique\/#primaryimage\"},\"image\":{\"@id\":\"https:\/\/vosgesinfo.fr\/gerardmerinfo\/2018\/12\/route-vers-26eme-festival-international-film-fantastique\/#primaryimage\"},\"thumbnailUrl\":\"https:\/\/vosgesinfo.fr\/app\/uploads\/sites\/6\/2024\/07\/201812festival-2019-2.jpg\",\"datePublished\":\"2018-12-04T16:04:52+00:00\",\"dateModified\":\"2018-12-04T16:04:52+00:00\",\"breadcrumb\":{\"@id\":\"https:\/\/vosgesinfo.fr\/gerardmerinfo\/2018\/12\/route-vers-26eme-festival-international-film-fantastique\/#breadcrumb\"},\"inLanguage\":\"fr-FR\",\"potentialAction\":[{\"@type\":\"ReadAction\",\"target\":[\"https:\/\/vosgesinfo.fr\/gerardmerinfo\/2018\/12\/route-vers-26eme-festival-international-film-fantastique\/\"]}]},{\"@type\":\"ImageObject\",\"inLanguage\":\"fr-FR\",\"@id\":\"https:\/\/vosgesinfo.fr\/gerardmerinfo\/2018\/12\/route-vers-26eme-festival-international-film-fantastique\/#primaryimage\",\"url\":\"https:\/\/vosgesinfo.fr\/app\/uploads\/sites\/6\/2024\/07\/201812festival-2019-2.jpg\",\"contentUrl\":\"https:\/\/vosgesinfo.fr\/app\/uploads\/sites\/6\/2024\/07\/201812festival-2019-2.jpg\",\"width\":800,\"height\":450},{\"@type\":\"BreadcrumbList\",\"@id\":\"https:\/\/vosgesinfo.fr\/gerardmerinfo\/2018\/12\/route-vers-26eme-festival-international-film-fantastique\/#breadcrumb\",\"itemListElement\":[{\"@type\":\"ListItem\",\"position\":1,\"name\":\"Home\",\"item\":\"https:\/\/vosgesinfo.fr\/gerardmerinfo\/\"},{\"@type\":\"ListItem\",\"position\":2,\"name\":\"En route vers le 26\u00e8me Festival International du Film Fantastique\"}]},{\"@type\":\"WebSite\",\"@id\":\"https:\/\/vosgesinfo.fr\/gerardmerinfo\/#website\",\"url\":\"https:\/\/vosgesinfo.fr\/gerardmerinfo\/\",\"name\":\"Gerardmer Info\",\"description\":\"Toute l&#039;actualit\u00e9 de G\u00e9rardmer\",\"publisher\":{\"@id\":\"https:\/\/vosgesinfo.fr\/gerardmerinfo\/#organization\"},\"alternateName\":\"Toute l'actualit\u00e9 de G\u00e9rardmer\",\"potentialAction\":[{\"@type\":\"SearchAction\",\"target\":{\"@type\":\"EntryPoint\",\"urlTemplate\":\"https:\/\/vosgesinfo.fr\/gerardmerinfo\/?s={search_term_string}\"},\"query-input\":\"required name=search_term_string\"}],\"inLanguage\":\"fr-FR\"},{\"@type\":\"Organization\",\"@id\":\"https:\/\/vosgesinfo.fr\/gerardmerinfo\/#organization\",\"name\":\"Gerardmer Info\",\"url\":\"https:\/\/vosgesinfo.fr\/gerardmerinfo\/\",\"logo\":{\"@type\":\"ImageObject\",\"inLanguage\":\"fr-FR\",\"@id\":\"https:\/\/vosgesinfo.fr\/gerardmerinfo\/#\/schema\/logo\/image\/\",\"url\":\"https:\/\/vosgesinfo.fr\/app\/uploads\/sites\/6\/2023\/08\/favicon-gerardmerinfo.png\",\"contentUrl\":\"https:\/\/vosgesinfo.fr\/app\/uploads\/sites\/6\/2023\/08\/favicon-gerardmerinfo.png\",\"width\":512,\"height\":512,\"caption\":\"Gerardmer Info\"},\"image\":{\"@id\":\"https:\/\/vosgesinfo.fr\/gerardmerinfo\/#\/schema\/logo\/image\/\"},\"sameAs\":[\"https:\/\/www.facebook.com\/profile.php?id=100049475262660\",\"https:\/\/x.com\/VosgesInfo88\",\"https:\/\/www.youtube.com\/@vosgesinfo\"]},{\"@type\":\"Person\",\"@id\":\"https:\/\/vosgesinfo.fr\/gerardmerinfo\/#\/schema\/person\/db5605779a843dad16b5368f3e7613a5\",\"name\":\"QG\",\"image\":{\"@type\":\"ImageObject\",\"inLanguage\":\"fr-FR\",\"@id\":\"https:\/\/vosgesinfo.fr\/gerardmerinfo\/#\/schema\/person\/image\/\",\"url\":\"https:\/\/secure.gravatar.com\/avatar\/ea80c42c204b534408512832fde52504ecabb9706bcb6151cf6175e5b64e6793?s=96&d=mm&r=g\",\"contentUrl\":\"https:\/\/secure.gravatar.com\/avatar\/ea80c42c204b534408512832fde52504ecabb9706bcb6151cf6175e5b64e6793?s=96&d=mm&r=g\",\"caption\":\"QG\"},\"url\":\"https:\/\/vosgesinfo.fr\/gerardmerinfo\/author\/quentin88\/\"}]}<\/script>\n<!-- \/ Yoast SEO plugin. -->","yoast_head_json":{"title":"En route vers le 26\u00e8me Festival International du Film Fantastique - Gerardmer Info","robots":{"index":"index","follow":"follow","max-snippet":"max-snippet:-1","max-image-preview":"max-image-preview:large","max-video-preview":"max-video-preview:-1"},"canonical":"https:\/\/vosgesinfo.fr\/gerardmerinfo\/2018\/12\/route-vers-26eme-festival-international-film-fantastique\/","twitter_card":"summary_large_image","twitter_title":"En route vers le 26\u00e8me Festival International du Film Fantastique - Gerardmer Info","twitter_description":"Le pr\u00e9sident du festival Pierre Sachot avait donc donn\u00e9 rendez-vous aux partenaires du festival et \u00e0 la presse ce mardi [&hellip;]","twitter_image":"https:\/\/vosgesinfo.fr\/app\/uploads\/sites\/6\/2024\/07\/201812festival-2019-2.jpg","twitter_creator":"@VosgesInfo88","twitter_site":"@VosgesInfo88","twitter_misc":{"\u00c9crit par":"QG","Dur\u00e9e de lecture estim\u00e9e":"3 minutes"},"schema":{"@context":"https:\/\/schema.org","@graph":[{"@type":"Article","@id":"https:\/\/vosgesinfo.fr\/gerardmerinfo\/2018\/12\/route-vers-26eme-festival-international-film-fantastique\/#article","isPartOf":{"@id":"https:\/\/vosgesinfo.fr\/gerardmerinfo\/2018\/12\/route-vers-26eme-festival-international-film-fantastique\/"},"author":{"name":"QG","@id":"https:\/\/vosgesinfo.fr\/gerardmerinfo\/#\/schema\/person\/db5605779a843dad16b5368f3e7613a5"},"headline":"En route vers le 26\u00e8me Festival International du Film Fantastique","datePublished":"2018-12-04T16:04:52+00:00","dateModified":"2018-12-04T16:04:52+00:00","mainEntityOfPage":{"@id":"https:\/\/vosgesinfo.fr\/gerardmerinfo\/2018\/12\/route-vers-26eme-festival-international-film-fantastique\/"},"wordCount":714,"commentCount":0,"publisher":{"@id":"https:\/\/vosgesinfo.fr\/gerardmerinfo\/#organization"},"image":{"@id":"https:\/\/vosgesinfo.fr\/gerardmerinfo\/2018\/12\/route-vers-26eme-festival-international-film-fantastique\/#primaryimage"},"thumbnailUrl":"https:\/\/vosgesinfo.fr\/app\/uploads\/sites\/6\/2024\/07\/201812festival-2019-2.jpg","keywords":["festival du film fantastique G\u00e9rardmer"],"articleSection":["A la une","Culture","Vosges"],"inLanguage":"fr-FR","potentialAction":[{"@type":"CommentAction","name":"Comment","target":["https:\/\/vosgesinfo.fr\/gerardmerinfo\/2018\/12\/route-vers-26eme-festival-international-film-fantastique\/#respond"]}]},{"@type":"WebPage","@id":"https:\/\/vosgesinfo.fr\/gerardmerinfo\/2018\/12\/route-vers-26eme-festival-international-film-fantastique\/","url":"https:\/\/vosgesinfo.fr\/gerardmerinfo\/2018\/12\/route-vers-26eme-festival-international-film-fantastique\/","name":"En route vers le 26\u00e8me Festival International du Film Fantastique - Gerardmer Info","isPartOf":{"@id":"https:\/\/vosgesinfo.fr\/gerardmerinfo\/#website"},"primaryImageOfPage":{"@id":"https:\/\/vosgesinfo.fr\/gerardmerinfo\/2018\/12\/route-vers-26eme-festival-international-film-fantastique\/#primaryimage"},"image":{"@id":"https:\/\/vosgesinfo.fr\/gerardmerinfo\/2018\/12\/route-vers-26eme-festival-international-film-fantastique\/#primaryimage"},"thumbnailUrl":"https:\/\/vosgesinfo.fr\/app\/uploads\/sites\/6\/2024\/07\/201812festival-2019-2.jpg","datePublished":"2018-12-04T16:04:52+00:00","dateModified":"2018-12-04T16:04:52+00:00","breadcrumb":{"@id":"https:\/\/vosgesinfo.fr\/gerardmerinfo\/2018\/12\/route-vers-26eme-festival-international-film-fantastique\/#breadcrumb"},"inLanguage":"fr-FR","potentialAction":[{"@type":"ReadAction","target":["https:\/\/vosgesinfo.fr\/gerardmerinfo\/2018\/12\/route-vers-26eme-festival-international-film-fantastique\/"]}]},{"@type":"ImageObject","inLanguage":"fr-FR","@id":"https:\/\/vosgesinfo.fr\/gerardmerinfo\/2018\/12\/route-vers-26eme-festival-international-film-fantastique\/#primaryimage","url":"https:\/\/vosgesinfo.fr\/app\/uploads\/sites\/6\/2024\/07\/201812festival-2019-2.jpg","contentUrl":"https:\/\/vosgesinfo.fr\/app\/uploads\/sites\/6\/2024\/07\/201812festival-2019-2.jpg","width":800,"height":450},{"@type":"BreadcrumbList","@id":"https:\/\/vosgesinfo.fr\/gerardmerinfo\/2018\/12\/route-vers-26eme-festival-international-film-fantastique\/#breadcrumb","itemListElement":[{"@type":"ListItem","position":1,"name":"Home","item":"https:\/\/vosgesinfo.fr\/gerardmerinfo\/"},{"@type":"ListItem","position":2,"name":"En route vers le 26\u00e8me Festival International du Film Fantastique"}]},{"@type":"WebSite","@id":"https:\/\/vosgesinfo.fr\/gerardmerinfo\/#website","url":"https:\/\/vosgesinfo.fr\/gerardmerinfo\/","name":"Gerardmer Info","description":"Toute l&#039;actualit\u00e9 de G\u00e9rardmer","publisher":{"@id":"https:\/\/vosgesinfo.fr\/gerardmerinfo\/#organization"},"alternateName":"Toute l'actualit\u00e9 de G\u00e9rardmer","potentialAction":[{"@type":"SearchAction","target":{"@type":"EntryPoint","urlTemplate":"https:\/\/vosgesinfo.fr\/gerardmerinfo\/?s={search_term_string}"},"query-input":"required name=search_term_string"}],"inLanguage":"fr-FR"},{"@type":"Organization","@id":"https:\/\/vosgesinfo.fr\/gerardmerinfo\/#organization","name":"Gerardmer Info","url":"https:\/\/vosgesinfo.fr\/gerardmerinfo\/","logo":{"@type":"ImageObject","inLanguage":"fr-FR","@id":"https:\/\/vosgesinfo.fr\/gerardmerinfo\/#\/schema\/logo\/image\/","url":"https:\/\/vosgesinfo.fr\/app\/uploads\/sites\/6\/2023\/08\/favicon-gerardmerinfo.png","contentUrl":"https:\/\/vosgesinfo.fr\/app\/uploads\/sites\/6\/2023\/08\/favicon-gerardmerinfo.png","width":512,"height":512,"caption":"Gerardmer Info"},"image":{"@id":"https:\/\/vosgesinfo.fr\/gerardmerinfo\/#\/schema\/logo\/image\/"},"sameAs":["https:\/\/www.facebook.com\/profile.php?id=100049475262660","https:\/\/x.com\/VosgesInfo88","https:\/\/www.youtube.com\/@vosgesinfo"]},{"@type":"Person","@id":"https:\/\/vosgesinfo.fr\/gerardmerinfo\/#\/schema\/person\/db5605779a843dad16b5368f3e7613a5","name":"QG","image":{"@type":"ImageObject","inLanguage":"fr-FR","@id":"https:\/\/vosgesinfo.fr\/gerardmerinfo\/#\/schema\/person\/image\/","url":"https:\/\/secure.gravatar.com\/avatar\/ea80c42c204b534408512832fde52504ecabb9706bcb6151cf6175e5b64e6793?s=96&d=mm&r=g","contentUrl":"https:\/\/secure.gravatar.com\/avatar\/ea80c42c204b534408512832fde52504ecabb9706bcb6151cf6175e5b64e6793?s=96&d=mm&r=g","caption":"QG"},"url":"https:\/\/vosgesinfo.fr\/gerardmerinfo\/author\/quentin88\/"}]}},"_links":{"self":[{"href":"https:\/\/vosgesinfo.fr\/gerardmerinfo\/wp-json\/wp\/v2\/posts\/38349","targetHints":{"allow":["GET"]}}],"collection":[{"href":"https:\/\/vosgesinfo.fr\/gerardmerinfo\/wp-json\/wp\/v2\/posts"}],"about":[{"href":"https:\/\/vosgesinfo.fr\/gerardmerinfo\/wp-json\/wp\/v2\/types\/post"}],"author":[{"embeddable":true,"href":"https:\/\/vosgesinfo.fr\/gerardmerinfo\/wp-json\/wp\/v2\/users\/42"}],"replies":[{"embeddable":true,"href":"https:\/\/vosgesinfo.fr\/gerardmerinfo\/wp-json\/wp\/v2\/comments?post=38349"}],"version-history":[{"count":0,"href":"https:\/\/vosgesinfo.fr\/gerardmerinfo\/wp-json\/wp\/v2\/posts\/38349\/revisions"}],"wp:featuredmedia":[{"embeddable":true,"href":"https:\/\/vosgesinfo.fr\/gerardmerinfo\/wp-json\/wp\/v2\/media\/38350"}],"wp:attachment":[{"href":"https:\/\/vosgesinfo.fr\/gerardmerinfo\/wp-json\/wp\/v2\/media?parent=38349"}],"wp:term":[{"taxonomy":"category","embeddable":true,"href":"https:\/\/vosgesinfo.fr\/gerardmerinfo\/wp-json\/wp\/v2\/categories?post=38349"},{"taxonomy":"post_tag","embeddable":true,"href":"https:\/\/vosgesinfo.fr\/gerardmerinfo\/wp-json\/wp\/v2\/tags?post=38349"}],"curies":[{"name":"wp","href":"https:\/\/api.w.org\/{rel}","templated":true}]}}