{"id":38408,"date":"2018-12-18T16:23:56","date_gmt":"2018-12-18T15:23:56","guid":{"rendered":"https:\/\/vosgesinfo.fr\/gerardmerinfo\/2018\/12\/animations-proposees-aux-vacances-de-noel-cinema-de-mcl\/"},"modified":"2018-12-18T16:23:56","modified_gmt":"2018-12-18T15:23:56","slug":"animations-proposees-aux-vacances-de-noel-cinema-de-mcl","status":"publish","type":"post","link":"https:\/\/vosgesinfo.fr\/gerardmerinfo\/2018\/12\/animations-proposees-aux-vacances-de-noel-cinema-de-mcl\/","title":{"rendered":"Les animations propos\u00e9es aux vacances de No\u00ebl au cin\u00e9ma de la MCL"},"content":{"rendered":"<p><a href=\"\/2018\/12\/graines-de-cin\u00e9-1.jpg\"><img decoding=\"async\" class=\"aligncenter size-medium wp-image-138804\" src=\"\/2018\/12\/graines-de-cin\u00e9-1-255x255.jpg\" alt=\"graines de cin\u00e9 (1)\" width=\"255\" height=\"255\" \/><\/a><\/p>\n<p><span style=\"font-size: 12pt;\"><span style=\"color: #1d2129;\"><span style=\"font-family: Poppins;\"><span style=\"color: #ff0000;\"><br \/>\n<\/span><\/span><\/span><span style=\"color: #ff0000;\"><b>Cin\u00e9 p\u2019tit d\u00e9j \u00ab\u00a0Le quatuor \u00e0 cornes\u00a0\u00bb d\u00e8s 4 ans<\/b><\/span><\/span><br \/>\n<span style=\"font-size: 12pt;\"> <b>Jeudi 27 d\u00e9cembre \u00e0 9h30 \u00e0 la MCL de G\u00e9rardmer<\/b><\/span><br \/>\n<span style=\"font-size: 12pt;\"> Le jeudi matin, avant la s\u00e9ance et \u00e0 partir de 9h30, les\u00a0p\u2019tites graines comme les grandes sont les bienvenues pour partager un petit d\u00e9jeuner en famille. Brioche, confiture, chocolat chaud et autres douceurs sont au menu !<\/span><\/p>\n<p><span style=\"font-size: 12pt;\"><i>P\u2019tit d\u00e9j\u2019 servi d\u00e8s 9h30 et d\u00e9but de la s\u00e9ance \u00e0 10h \/ 4.50\u20ac la s\u00e9ance pour tous !<\/i><\/span><\/p>\n<p><span style=\"color: #33cc00; font-size: 12pt;\"><b>Cin\u00e9 go\u00fbter \u00ab\u00a0Pachamama\u00a0\u00bb d\u00e8s 7 ans<\/b><\/span><br \/>\n<span style=\"font-size: 12pt;\"> <b>Vendredi 28 d\u00e9cembre \u00e0 14h30 \u00e0 la MCL de G\u00e9rardmer<\/b><\/span><br \/>\n<span style=\"font-size: 12pt;\"> Le vendredi apr\u00e8s-midi, une s\u00e9ance\u00a0de cin\u00e9ma suivie d\u2019animations et enfin, pour terminer sur une note sucr\u00e9e, un bon go\u00fbter !<\/span><\/p>\n<p><span style=\"font-size: 12pt;\"><i>Film \u00e0 14h30 \/animation vers 16h \u2013 Go\u00fbter \u00e0 16h30 \/ 4.50\u20ac la s\u00e9ance pour tous !<\/i><\/span><\/p>\n<h2 class=\"x_western\"><span style=\"font-size: 12pt;\"><strong><span style=\"color: #f79448;\"><span style=\"font-family: Sintony;\"><b>C<\/b><\/span><\/span><\/strong><strong><span style=\"color: #f79448;\"><span style=\"font-family: Sintony;\"><b>in\u00e9 <\/b><\/span><\/span><\/strong><strong><span style=\"color: #f79448;\"><span style=\"font-family: Sintony;\"><b>culte<\/b><\/span><\/span><b> <\/b><\/strong><strong><span style=\"color: #f79448;\"><span style=\"font-family: Sintony;\"><b>\u00ab\u00a0<\/b><\/span><\/span><\/strong><strong><span style=\"color: #f79448;\"><span style=\"font-family: Sintony;\"><b>Qui veut la peau de Roger Rabbit\u00a0\u00bb <\/b><\/span><\/span><\/strong><strong><span style=\"color: #f79448;\"><span style=\"font-family: Sintony;\"><b>d\u00e8s <\/b><\/span><\/span><\/strong><strong><span style=\"color: #f79448;\"><span style=\"font-family: Sintony;\"><b>8<\/b><\/span><\/span><\/strong><strong><span style=\"color: #f79448;\"><span style=\"font-family: Sintony;\"><b> ans<\/b><\/span><\/span><\/strong><b><strong><br \/>\n<\/strong>Vendredi 28 d\u00e9cembre \u00e0 18h00 \u00e0 la MCL de G\u00e9rardmer<\/b><\/span><\/h2>\n<p><span style=\"font-size: 12pt;\">Revoir un film culte au cin\u00e9ma c\u2019est le principe de cette s\u00e9ance.<\/span><br \/>\n<span style=\"font-size: 12pt;\"> Roger Rabbit a 30 ans et il nous fait l\u2019honneur de revenir sur \u00e9cran g\u00e9ant en version restaur\u00e9e. <\/span><\/p>\n<p><span style=\"font-size: 12pt;\"> <i>Film \u00e0 18h \/ Tarifs habituels du cin\u00e9ma<\/i><\/span><\/p>\n<h2 class=\"x_western\"><span style=\"font-size: 12pt;\">\u00a0<\/span><\/h2>\n<p><span style=\"color: #ff0000; font-size: 12pt;\"><b>Cin\u00e9 p\u2019tit d\u00e9j \u00ab\u00a0Le Grinch\u00a0\u00bb d\u00e8s 5 ans<\/b><\/span><br \/>\n<span style=\"font-size: 12pt;\"> <b>Jeudi 3 janvier \u00e0 9h30 \u00e0 la MCL de G\u00e9rardmer<\/b><\/span><br \/>\n<span style=\"font-size: 12pt;\"> Le jeudi matin, avant la s\u00e9ance et \u00e0 partir de 9h30, les\u00a0p\u2019tites graines comme les grandes sont les bienvenues pour partager un petit d\u00e9jeuner en famille. Brioche, confiture, chocolat chaud et autres douceurs sont au menu !<\/span><\/p>\n<p><span style=\"font-size: 12pt;\"><i>P\u2019tit d\u00e9j\u2019 servi d\u00e8s 9h30 et d\u00e9but de la s\u00e9ance \u00e0 10h \/ 4.50\u20ac la s\u00e9ance pour tous !<\/i><\/span><\/p>\n<p><span style=\"color: #33cc00; font-size: 12pt;\"><b>Cin\u00e9 go\u00fbter Avant-premi\u00e8re du film \u00ab\u00a0Mango\u00a0\u00bb d\u00e8s 6 ans<\/b><\/span><br \/>\n<span style=\"font-size: 12pt;\"> <b>Vendredi 4 janvier \u00e0 14h30 \u00e0 la MCL de G\u00e9rardmer<\/b><\/span><br \/>\n<span style=\"font-size: 12pt;\"> Le vendredi apr\u00e8s-midi, une s\u00e9ance\u00a0de cin\u00e9ma suivie d\u2019animations et enfin, pour terminer sur une note sucr\u00e9e, un bon go\u00fbter !<\/span><\/p>\n<p><span style=\"font-size: 12pt;\"><i>Film \u00e0 14h30 \/animation vers 16h \u2013 Go\u00fbter \u00e0 16h30 \/ 4.50\u20ac la s\u00e9ance pour tous !<\/i><\/span><\/p>\n","protected":false},"excerpt":{"rendered":"<p>Cin\u00e9 p\u2019tit d\u00e9j \u00ab\u00a0Le quatuor \u00e0 cornes\u00a0\u00bb d\u00e8s 4 ans Jeudi 27 d\u00e9cembre \u00e0 9h30 \u00e0 la MCL de G\u00e9rardmer [&hellip;]<\/p>\n","protected":false},"author":1,"featured_media":38409,"comment_status":"open","ping_status":"open","sticky":false,"template":"","format":"standard","meta":{"footnotes":""},"categories":[20,4,25],"tags":[103],"class_list":["post-38408","post","type-post","status-publish","format-standard","has-post-thumbnail","hentry","category-a-la-une","category-culture","category-gerardmer","tag-mcl-gerardmer"],"acf":[],"yoast_head":"<!-- This site is optimized with the Yoast SEO plugin v22.5 - https:\/\/yoast.com\/wordpress\/plugins\/seo\/ -->\n<title>Les animations propos\u00e9es aux vacances de No\u00ebl au cin\u00e9ma de la MCL - Gerardmer Info<\/title>\n<meta name=\"robots\" content=\"index, follow, max-snippet:-1, max-image-preview:large, max-video-preview:-1\" \/>\n<link rel=\"canonical\" href=\"https:\/\/vosgesinfo.fr\/gerardmerinfo\/2018\/12\/animations-proposees-aux-vacances-de-noel-cinema-de-mcl\/\" \/>\n<meta name=\"twitter:card\" content=\"summary_large_image\" \/>\n<meta name=\"twitter:title\" content=\"Les animations propos\u00e9es aux vacances de No\u00ebl au cin\u00e9ma de la MCL - Gerardmer Info\" \/>\n<meta name=\"twitter:description\" content=\"Cin\u00e9 p\u2019tit d\u00e9j \u00ab\u00a0Le quatuor \u00e0 cornes\u00a0\u00bb d\u00e8s 4 ans Jeudi 27 d\u00e9cembre \u00e0 9h30 \u00e0 la MCL de G\u00e9rardmer [&hellip;]\" \/>\n<meta name=\"twitter:image\" content=\"https:\/\/vosgesinfo.fr\/app\/uploads\/sites\/6\/2024\/07\/201812graines-de-cine-1-1.jpg\" \/>\n<meta name=\"twitter:creator\" content=\"@VosgesInfo88\" \/>\n<meta name=\"twitter:site\" content=\"@VosgesInfo88\" \/>\n<meta name=\"twitter:label1\" content=\"\u00c9crit par\" \/>\n\t<meta name=\"twitter:data1\" content=\"qs_admin\" \/>\n\t<meta name=\"twitter:label2\" content=\"Dur\u00e9e de lecture estim\u00e9e\" \/>\n\t<meta name=\"twitter:data2\" content=\"2 minutes\" \/>\n<script type=\"application\/ld+json\" class=\"yoast-schema-graph\">{\"@context\":\"https:\/\/schema.org\",\"@graph\":[{\"@type\":\"Article\",\"@id\":\"https:\/\/vosgesinfo.fr\/gerardmerinfo\/2018\/12\/animations-proposees-aux-vacances-de-noel-cinema-de-mcl\/#article\",\"isPartOf\":{\"@id\":\"https:\/\/vosgesinfo.fr\/gerardmerinfo\/2018\/12\/animations-proposees-aux-vacances-de-noel-cinema-de-mcl\/\"},\"author\":{\"name\":\"qs_admin\",\"@id\":\"https:\/\/vosgesinfo.fr\/gerardmerinfo\/#\/schema\/person\/bc5d02d71e6932e81b6dadb7386667b1\"},\"headline\":\"Les animations propos\u00e9es aux vacances de No\u00ebl au cin\u00e9ma de la MCL\",\"datePublished\":\"2018-12-18T15:23:56+00:00\",\"dateModified\":\"2018-12-18T15:23:56+00:00\",\"mainEntityOfPage\":{\"@id\":\"https:\/\/vosgesinfo.fr\/gerardmerinfo\/2018\/12\/animations-proposees-aux-vacances-de-noel-cinema-de-mcl\/\"},\"wordCount\":350,\"commentCount\":0,\"publisher\":{\"@id\":\"https:\/\/vosgesinfo.fr\/gerardmerinfo\/#organization\"},\"image\":{\"@id\":\"https:\/\/vosgesinfo.fr\/gerardmerinfo\/2018\/12\/animations-proposees-aux-vacances-de-noel-cinema-de-mcl\/#primaryimage\"},\"thumbnailUrl\":\"https:\/\/vosgesinfo.fr\/app\/uploads\/sites\/6\/2024\/07\/201812graines-de-cine-1-1.jpg\",\"keywords\":[\"MCL G\u00e9rardmer\"],\"articleSection\":[\"A la une\",\"Culture\",\"G\u00e9rardmer\"],\"inLanguage\":\"fr-FR\",\"potentialAction\":[{\"@type\":\"CommentAction\",\"name\":\"Comment\",\"target\":[\"https:\/\/vosgesinfo.fr\/gerardmerinfo\/2018\/12\/animations-proposees-aux-vacances-de-noel-cinema-de-mcl\/#respond\"]}]},{\"@type\":\"WebPage\",\"@id\":\"https:\/\/vosgesinfo.fr\/gerardmerinfo\/2018\/12\/animations-proposees-aux-vacances-de-noel-cinema-de-mcl\/\",\"url\":\"https:\/\/vosgesinfo.fr\/gerardmerinfo\/2018\/12\/animations-proposees-aux-vacances-de-noel-cinema-de-mcl\/\",\"name\":\"Les animations propos\u00e9es aux vacances de No\u00ebl au cin\u00e9ma de la MCL - Gerardmer Info\",\"isPartOf\":{\"@id\":\"https:\/\/vosgesinfo.fr\/gerardmerinfo\/#website\"},\"primaryImageOfPage\":{\"@id\":\"https:\/\/vosgesinfo.fr\/gerardmerinfo\/2018\/12\/animations-proposees-aux-vacances-de-noel-cinema-de-mcl\/#primaryimage\"},\"image\":{\"@id\":\"https:\/\/vosgesinfo.fr\/gerardmerinfo\/2018\/12\/animations-proposees-aux-vacances-de-noel-cinema-de-mcl\/#primaryimage\"},\"thumbnailUrl\":\"https:\/\/vosgesinfo.fr\/app\/uploads\/sites\/6\/2024\/07\/201812graines-de-cine-1-1.jpg\",\"datePublished\":\"2018-12-18T15:23:56+00:00\",\"dateModified\":\"2018-12-18T15:23:56+00:00\",\"breadcrumb\":{\"@id\":\"https:\/\/vosgesinfo.fr\/gerardmerinfo\/2018\/12\/animations-proposees-aux-vacances-de-noel-cinema-de-mcl\/#breadcrumb\"},\"inLanguage\":\"fr-FR\",\"potentialAction\":[{\"@type\":\"ReadAction\",\"target\":[\"https:\/\/vosgesinfo.fr\/gerardmerinfo\/2018\/12\/animations-proposees-aux-vacances-de-noel-cinema-de-mcl\/\"]}]},{\"@type\":\"ImageObject\",\"inLanguage\":\"fr-FR\",\"@id\":\"https:\/\/vosgesinfo.fr\/gerardmerinfo\/2018\/12\/animations-proposees-aux-vacances-de-noel-cinema-de-mcl\/#primaryimage\",\"url\":\"https:\/\/vosgesinfo.fr\/app\/uploads\/sites\/6\/2024\/07\/201812graines-de-cine-1-1.jpg\",\"contentUrl\":\"https:\/\/vosgesinfo.fr\/app\/uploads\/sites\/6\/2024\/07\/201812graines-de-cine-1-1.jpg\",\"width\":800,\"height\":800},{\"@type\":\"BreadcrumbList\",\"@id\":\"https:\/\/vosgesinfo.fr\/gerardmerinfo\/2018\/12\/animations-proposees-aux-vacances-de-noel-cinema-de-mcl\/#breadcrumb\",\"itemListElement\":[{\"@type\":\"ListItem\",\"position\":1,\"name\":\"Home\",\"item\":\"https:\/\/vosgesinfo.fr\/gerardmerinfo\/\"},{\"@type\":\"ListItem\",\"position\":2,\"name\":\"Les animations propos\u00e9es aux vacances de No\u00ebl au cin\u00e9ma de la MCL\"}]},{\"@type\":\"WebSite\",\"@id\":\"https:\/\/vosgesinfo.fr\/gerardmerinfo\/#website\",\"url\":\"https:\/\/vosgesinfo.fr\/gerardmerinfo\/\",\"name\":\"Gerardmer Info\",\"description\":\"Toute l&#039;actualit\u00e9 de G\u00e9rardmer\",\"publisher\":{\"@id\":\"https:\/\/vosgesinfo.fr\/gerardmerinfo\/#organization\"},\"alternateName\":\"Toute l'actualit\u00e9 de G\u00e9rardmer\",\"potentialAction\":[{\"@type\":\"SearchAction\",\"target\":{\"@type\":\"EntryPoint\",\"urlTemplate\":\"https:\/\/vosgesinfo.fr\/gerardmerinfo\/?s={search_term_string}\"},\"query-input\":\"required name=search_term_string\"}],\"inLanguage\":\"fr-FR\"},{\"@type\":\"Organization\",\"@id\":\"https:\/\/vosgesinfo.fr\/gerardmerinfo\/#organization\",\"name\":\"Gerardmer Info\",\"url\":\"https:\/\/vosgesinfo.fr\/gerardmerinfo\/\",\"logo\":{\"@type\":\"ImageObject\",\"inLanguage\":\"fr-FR\",\"@id\":\"https:\/\/vosgesinfo.fr\/gerardmerinfo\/#\/schema\/logo\/image\/\",\"url\":\"https:\/\/vosgesinfo.fr\/app\/uploads\/sites\/6\/2023\/08\/favicon-gerardmerinfo.png\",\"contentUrl\":\"https:\/\/vosgesinfo.fr\/app\/uploads\/sites\/6\/2023\/08\/favicon-gerardmerinfo.png\",\"width\":512,\"height\":512,\"caption\":\"Gerardmer Info\"},\"image\":{\"@id\":\"https:\/\/vosgesinfo.fr\/gerardmerinfo\/#\/schema\/logo\/image\/\"},\"sameAs\":[\"https:\/\/www.facebook.com\/profile.php?id=100049475262660\",\"https:\/\/x.com\/VosgesInfo88\",\"https:\/\/www.youtube.com\/@vosgesinfo\"]},{\"@type\":\"Person\",\"@id\":\"https:\/\/vosgesinfo.fr\/gerardmerinfo\/#\/schema\/person\/bc5d02d71e6932e81b6dadb7386667b1\",\"name\":\"qs_admin\",\"image\":{\"@type\":\"ImageObject\",\"inLanguage\":\"fr-FR\",\"@id\":\"https:\/\/vosgesinfo.fr\/gerardmerinfo\/#\/schema\/person\/image\/\",\"url\":\"https:\/\/secure.gravatar.com\/avatar\/94b18ee0ed79e4a42ea2f2931277b6841a8999fc6fde214600c78057cf1fe1de?s=96&d=mm&r=g\",\"contentUrl\":\"https:\/\/secure.gravatar.com\/avatar\/94b18ee0ed79e4a42ea2f2931277b6841a8999fc6fde214600c78057cf1fe1de?s=96&d=mm&r=g\",\"caption\":\"qs_admin\"},\"sameAs\":[\"https:\/\/vosgesinfo.fr\/wp\"],\"url\":\"https:\/\/vosgesinfo.fr\/gerardmerinfo\/author\/qs_admin\/\"}]}<\/script>\n<!-- \/ Yoast SEO plugin. -->","yoast_head_json":{"title":"Les animations propos\u00e9es aux vacances de No\u00ebl au cin\u00e9ma de la MCL - Gerardmer Info","robots":{"index":"index","follow":"follow","max-snippet":"max-snippet:-1","max-image-preview":"max-image-preview:large","max-video-preview":"max-video-preview:-1"},"canonical":"https:\/\/vosgesinfo.fr\/gerardmerinfo\/2018\/12\/animations-proposees-aux-vacances-de-noel-cinema-de-mcl\/","twitter_card":"summary_large_image","twitter_title":"Les animations propos\u00e9es aux vacances de No\u00ebl au cin\u00e9ma de la MCL - Gerardmer Info","twitter_description":"Cin\u00e9 p\u2019tit d\u00e9j \u00ab\u00a0Le quatuor \u00e0 cornes\u00a0\u00bb d\u00e8s 4 ans Jeudi 27 d\u00e9cembre \u00e0 9h30 \u00e0 la MCL de G\u00e9rardmer [&hellip;]","twitter_image":"https:\/\/vosgesinfo.fr\/app\/uploads\/sites\/6\/2024\/07\/201812graines-de-cine-1-1.jpg","twitter_creator":"@VosgesInfo88","twitter_site":"@VosgesInfo88","twitter_misc":{"\u00c9crit par":"qs_admin","Dur\u00e9e de lecture estim\u00e9e":"2 minutes"},"schema":{"@context":"https:\/\/schema.org","@graph":[{"@type":"Article","@id":"https:\/\/vosgesinfo.fr\/gerardmerinfo\/2018\/12\/animations-proposees-aux-vacances-de-noel-cinema-de-mcl\/#article","isPartOf":{"@id":"https:\/\/vosgesinfo.fr\/gerardmerinfo\/2018\/12\/animations-proposees-aux-vacances-de-noel-cinema-de-mcl\/"},"author":{"name":"qs_admin","@id":"https:\/\/vosgesinfo.fr\/gerardmerinfo\/#\/schema\/person\/bc5d02d71e6932e81b6dadb7386667b1"},"headline":"Les animations propos\u00e9es aux vacances de No\u00ebl au cin\u00e9ma de la MCL","datePublished":"2018-12-18T15:23:56+00:00","dateModified":"2018-12-18T15:23:56+00:00","mainEntityOfPage":{"@id":"https:\/\/vosgesinfo.fr\/gerardmerinfo\/2018\/12\/animations-proposees-aux-vacances-de-noel-cinema-de-mcl\/"},"wordCount":350,"commentCount":0,"publisher":{"@id":"https:\/\/vosgesinfo.fr\/gerardmerinfo\/#organization"},"image":{"@id":"https:\/\/vosgesinfo.fr\/gerardmerinfo\/2018\/12\/animations-proposees-aux-vacances-de-noel-cinema-de-mcl\/#primaryimage"},"thumbnailUrl":"https:\/\/vosgesinfo.fr\/app\/uploads\/sites\/6\/2024\/07\/201812graines-de-cine-1-1.jpg","keywords":["MCL G\u00e9rardmer"],"articleSection":["A la une","Culture","G\u00e9rardmer"],"inLanguage":"fr-FR","potentialAction":[{"@type":"CommentAction","name":"Comment","target":["https:\/\/vosgesinfo.fr\/gerardmerinfo\/2018\/12\/animations-proposees-aux-vacances-de-noel-cinema-de-mcl\/#respond"]}]},{"@type":"WebPage","@id":"https:\/\/vosgesinfo.fr\/gerardmerinfo\/2018\/12\/animations-proposees-aux-vacances-de-noel-cinema-de-mcl\/","url":"https:\/\/vosgesinfo.fr\/gerardmerinfo\/2018\/12\/animations-proposees-aux-vacances-de-noel-cinema-de-mcl\/","name":"Les animations propos\u00e9es aux vacances de No\u00ebl au cin\u00e9ma de la MCL - Gerardmer Info","isPartOf":{"@id":"https:\/\/vosgesinfo.fr\/gerardmerinfo\/#website"},"primaryImageOfPage":{"@id":"https:\/\/vosgesinfo.fr\/gerardmerinfo\/2018\/12\/animations-proposees-aux-vacances-de-noel-cinema-de-mcl\/#primaryimage"},"image":{"@id":"https:\/\/vosgesinfo.fr\/gerardmerinfo\/2018\/12\/animations-proposees-aux-vacances-de-noel-cinema-de-mcl\/#primaryimage"},"thumbnailUrl":"https:\/\/vosgesinfo.fr\/app\/uploads\/sites\/6\/2024\/07\/201812graines-de-cine-1-1.jpg","datePublished":"2018-12-18T15:23:56+00:00","dateModified":"2018-12-18T15:23:56+00:00","breadcrumb":{"@id":"https:\/\/vosgesinfo.fr\/gerardmerinfo\/2018\/12\/animations-proposees-aux-vacances-de-noel-cinema-de-mcl\/#breadcrumb"},"inLanguage":"fr-FR","potentialAction":[{"@type":"ReadAction","target":["https:\/\/vosgesinfo.fr\/gerardmerinfo\/2018\/12\/animations-proposees-aux-vacances-de-noel-cinema-de-mcl\/"]}]},{"@type":"ImageObject","inLanguage":"fr-FR","@id":"https:\/\/vosgesinfo.fr\/gerardmerinfo\/2018\/12\/animations-proposees-aux-vacances-de-noel-cinema-de-mcl\/#primaryimage","url":"https:\/\/vosgesinfo.fr\/app\/uploads\/sites\/6\/2024\/07\/201812graines-de-cine-1-1.jpg","contentUrl":"https:\/\/vosgesinfo.fr\/app\/uploads\/sites\/6\/2024\/07\/201812graines-de-cine-1-1.jpg","width":800,"height":800},{"@type":"BreadcrumbList","@id":"https:\/\/vosgesinfo.fr\/gerardmerinfo\/2018\/12\/animations-proposees-aux-vacances-de-noel-cinema-de-mcl\/#breadcrumb","itemListElement":[{"@type":"ListItem","position":1,"name":"Home","item":"https:\/\/vosgesinfo.fr\/gerardmerinfo\/"},{"@type":"ListItem","position":2,"name":"Les animations propos\u00e9es aux vacances de No\u00ebl au cin\u00e9ma de la MCL"}]},{"@type":"WebSite","@id":"https:\/\/vosgesinfo.fr\/gerardmerinfo\/#website","url":"https:\/\/vosgesinfo.fr\/gerardmerinfo\/","name":"Gerardmer Info","description":"Toute l&#039;actualit\u00e9 de G\u00e9rardmer","publisher":{"@id":"https:\/\/vosgesinfo.fr\/gerardmerinfo\/#organization"},"alternateName":"Toute l'actualit\u00e9 de G\u00e9rardmer","potentialAction":[{"@type":"SearchAction","target":{"@type":"EntryPoint","urlTemplate":"https:\/\/vosgesinfo.fr\/gerardmerinfo\/?s={search_term_string}"},"query-input":"required name=search_term_string"}],"inLanguage":"fr-FR"},{"@type":"Organization","@id":"https:\/\/vosgesinfo.fr\/gerardmerinfo\/#organization","name":"Gerardmer Info","url":"https:\/\/vosgesinfo.fr\/gerardmerinfo\/","logo":{"@type":"ImageObject","inLanguage":"fr-FR","@id":"https:\/\/vosgesinfo.fr\/gerardmerinfo\/#\/schema\/logo\/image\/","url":"https:\/\/vosgesinfo.fr\/app\/uploads\/sites\/6\/2023\/08\/favicon-gerardmerinfo.png","contentUrl":"https:\/\/vosgesinfo.fr\/app\/uploads\/sites\/6\/2023\/08\/favicon-gerardmerinfo.png","width":512,"height":512,"caption":"Gerardmer Info"},"image":{"@id":"https:\/\/vosgesinfo.fr\/gerardmerinfo\/#\/schema\/logo\/image\/"},"sameAs":["https:\/\/www.facebook.com\/profile.php?id=100049475262660","https:\/\/x.com\/VosgesInfo88","https:\/\/www.youtube.com\/@vosgesinfo"]},{"@type":"Person","@id":"https:\/\/vosgesinfo.fr\/gerardmerinfo\/#\/schema\/person\/bc5d02d71e6932e81b6dadb7386667b1","name":"qs_admin","image":{"@type":"ImageObject","inLanguage":"fr-FR","@id":"https:\/\/vosgesinfo.fr\/gerardmerinfo\/#\/schema\/person\/image\/","url":"https:\/\/secure.gravatar.com\/avatar\/94b18ee0ed79e4a42ea2f2931277b6841a8999fc6fde214600c78057cf1fe1de?s=96&d=mm&r=g","contentUrl":"https:\/\/secure.gravatar.com\/avatar\/94b18ee0ed79e4a42ea2f2931277b6841a8999fc6fde214600c78057cf1fe1de?s=96&d=mm&r=g","caption":"qs_admin"},"sameAs":["https:\/\/vosgesinfo.fr\/wp"],"url":"https:\/\/vosgesinfo.fr\/gerardmerinfo\/author\/qs_admin\/"}]}},"_links":{"self":[{"href":"https:\/\/vosgesinfo.fr\/gerardmerinfo\/wp-json\/wp\/v2\/posts\/38408","targetHints":{"allow":["GET"]}}],"collection":[{"href":"https:\/\/vosgesinfo.fr\/gerardmerinfo\/wp-json\/wp\/v2\/posts"}],"about":[{"href":"https:\/\/vosgesinfo.fr\/gerardmerinfo\/wp-json\/wp\/v2\/types\/post"}],"author":[{"embeddable":true,"href":"https:\/\/vosgesinfo.fr\/gerardmerinfo\/wp-json\/wp\/v2\/users\/1"}],"replies":[{"embeddable":true,"href":"https:\/\/vosgesinfo.fr\/gerardmerinfo\/wp-json\/wp\/v2\/comments?post=38408"}],"version-history":[{"count":0,"href":"https:\/\/vosgesinfo.fr\/gerardmerinfo\/wp-json\/wp\/v2\/posts\/38408\/revisions"}],"wp:featuredmedia":[{"embeddable":true,"href":"https:\/\/vosgesinfo.fr\/gerardmerinfo\/wp-json\/wp\/v2\/media\/38409"}],"wp:attachment":[{"href":"https:\/\/vosgesinfo.fr\/gerardmerinfo\/wp-json\/wp\/v2\/media?parent=38408"}],"wp:term":[{"taxonomy":"category","embeddable":true,"href":"https:\/\/vosgesinfo.fr\/gerardmerinfo\/wp-json\/wp\/v2\/categories?post=38408"},{"taxonomy":"post_tag","embeddable":true,"href":"https:\/\/vosgesinfo.fr\/gerardmerinfo\/wp-json\/wp\/v2\/tags?post=38408"}],"curies":[{"name":"wp","href":"https:\/\/api.w.org\/{rel}","templated":true}]}}