{"id":38436,"date":"2018-12-08T17:23:10","date_gmt":"2018-12-08T16:23:10","guid":{"rendered":"https:\/\/vosgesinfo.fr\/gerardmerinfo\/2018\/12\/tradition-respectee-pompiers-geromois\/"},"modified":"2018-12-08T17:23:10","modified_gmt":"2018-12-08T16:23:10","slug":"tradition-respectee-pompiers-geromois","status":"publish","type":"post","link":"https:\/\/vosgesinfo.fr\/gerardmerinfo\/2018\/12\/tradition-respectee-pompiers-geromois\/","title":{"rendered":"Tradition respect\u00e9e pour les pompiers g\u00e9r\u00f4mois"},"content":{"rendered":"\n<p><span style=\"font-size: 14pt;\">Moment d&rsquo;\u00e9motion pour les pompiers g\u00e9r\u00f4mois mais aussi leurs proches, leurs familles\u00a0 qui ont assist\u00e9 en cette fin d&rsquo;apr\u00e8s midi de samedi\u00a0 aux c\u00e9r\u00e9monies de la Sainte Barbe, Sainte patronne des hommes du feu. Une manifestation emmen\u00e9e par le Chef du centre de la rue des Rochires, le Lieutenant Yvan Ertzbischoff\u00a0 et du maire Stessy Speissmann entour\u00e9s des \u00e9lus locaux et du commandant Parayre<br \/>\n<\/span><\/p>\n<p><span style=\"font-size: 14pt;\">\u00c9motion particuli\u00e8re pour tous les r\u00e9cipiendaires, notamment pour les nouvelles recrues qui ont rejoint l&rsquo;effectif g\u00e9r\u00f4mois depuis peu \u00e0 l\u2019instar de Arthur CHWALISZEWSKI fils de Anne conseill\u00e8re municipale qui a coiff\u00e9 d&rsquo;un casque flambant neuf son pompier de fiston<br \/>\n<\/span><\/p>\n<p><span style=\"font-size: 14pt;\"><strong>La liste de tous les r\u00e9cipiendaires :<\/strong><\/span><\/p>\n<p><strong>R<\/strong><strong>emise du casque de sapeur-pompier \u00e0 deux nouvelles\u00a0\u00a0 recrues\u00a0:<\/strong><\/p>\n<ul>\n<li>Arthur CHWALISZEWSKI du CIS GERARDMER incorpor\u00e9 le 14 octobre 2018<\/li>\n<\/ul>\n<ul>\n<li>C\u00e9line DUGOURD, du SSSM et du CIS GERARDMER, infirmi\u00e8re incorpor\u00e9e le 01 d\u00e9cembre 2017<\/li>\n<\/ul>\n<p><strong>Remise de fourrag\u00e8res<\/strong><\/p>\n<p>La fourrag\u00e8re tricolore est une d\u00e9coration port\u00e9e par les Sapeurs-Pompiers du Corps D\u00e9partemental depuis que celui-ci a \u00e9t\u00e9 d\u00e9cor\u00e9 collectivement de la m\u00e9daille d\u2019argent de 1<sup>\u00e8re<\/sup> classe pour acte de courage et d\u00e9vouement, suite \u00e0 son action lors de la temp\u00eate de 1999.<\/p>\n<p>Elle est remise aux sapeurs-pompiers qui ont obtenu le premier module de leur formation initiale.<\/p>\n<ul>\n<li>L\u2019infirmi\u00e8re C\u00e9line DUGOURD du SSSM et du CIS GERARDMER<\/li>\n<\/ul>\n<ul>\n<li>la sapeure 2<sup>\u00e8me<\/sup> classe Tessa GAVET du CIS GERARDMER<\/li>\n<\/ul>\n<ul>\n<li>la sapeure 2<sup>\u00e8me<\/sup> classe Laura JOANNES du CIS ROCHESSON<\/li>\n<\/ul>\n<p><strong>Remise de 4 m\u00e9dailles d\u2019honneur\u00a0:<\/strong><\/p>\n<ul>\n<li>L\u2019Adjudant-Chef Christophe L\u2019ETANG du CIS LE THOLY est d\u00e9cor\u00e9 de la m\u00e9daille d\u2019honneur des sapeurs-pompiers avec rosette, \u00e9chelon ARGENT pour services exceptionnels, en reconnaissance de son engagement de sapeur-pompier volontaire et surtout son engagement en tant que Chef de Centre,<\/li>\n<\/ul>\n<ul>\n<li>Le Caporal-Chef Dominique BOMBARDE du CIS LE THOLY est d\u00e9cor\u00e9 de la m\u00e9daille d\u2019honneur des sapeurs-pompiers \u00e9chelon OR, pour 30 ann\u00e9es d\u2019engagement,<\/li>\n<\/ul>\n<ul>\n<li>Le Sergent Baptiste JEANDEL du CIS ROCHESSON est d\u00e9cor\u00e9 de la m\u00e9daille d\u2019honneur des sapeurs-pompiers \u00e9chelon ARGENT, pour 20 ann\u00e9es d\u2019engagement,<\/li>\n<\/ul>\n<ul>\n<li>L\u2019Infirmier Aymeric VALANCE du CIS GERARDMER est d\u00e9cor\u00e9 de la m\u00e9daille d\u2019honneur des sapeurs-pompiers \u00e9chelon Bronze, pour 10 ann\u00e9es d\u2019engagement,<\/li>\n<\/ul>\n<p><strong>Remise d\u2019Insignes de Chef de Centre<\/strong><\/p>\n<p>Les insignes sont attribu\u00e9s aux sapeurs pompiers qui exercent la fonction de Chef de Centre, en reconnaissance de leur travail\u00a0:<\/p>\n<ul>\n<li>Le Sergent J\u00e9r\u00f4me BERRIER, Etoile OR pour 10 ans d\u2019anciennet\u00e9 (Chef de Centre du CIS REHAUPAL depuis le 01\/11\/2008)<\/li>\n<\/ul>\n<ul>\n<li>L\u2019Adjudant-Chef Philippe POIROT, Etoile ARGENT pour 5 ans d\u2019anciennet\u00e9 (Chef de Centre du CIS ROCHESSON depuis le 01\/11\/2012)<\/li>\n<\/ul>\n<p><strong>Remise de galons<\/strong><\/p>\n<ul>\n<li>L\u2019Adjudant Vincent PETITCOLIN sapeur-pompier professionnel au CIS GERARDMER est promu au grade d\u2019Adjudant-Chef<\/li>\n<\/ul>\n<ul>\n<li>L\u2019Adjudant Jean-Christophe WENTZEL sapeur-pompier professionnel au CIS GERARDMER est promu au grade d\u2019Adjudant-Chef<\/li>\n<\/ul>\n<ul>\n<li>Le Sergent Serge BERNARD du CIS GERARDMER est promu au grade de Sergent-Chef<\/li>\n<\/ul>\n<p>&nbsp;<\/p>\n<p>&nbsp;<\/p>\n<p>&nbsp;<\/p>\n","protected":false},"excerpt":{"rendered":"<p>Moment d&rsquo;\u00e9motion pour les pompiers g\u00e9r\u00f4mois mais aussi leurs proches, leurs familles\u00a0 qui ont assist\u00e9 en cette fin d&rsquo;apr\u00e8s midi [&hellip;]<\/p>\n","protected":false},"author":1,"featured_media":38437,"comment_status":"open","ping_status":"open","sticky":false,"template":"","format":"standard","meta":{"footnotes":""},"categories":[20],"tags":[],"class_list":["post-38436","post","type-post","status-publish","format-standard","has-post-thumbnail","hentry","category-a-la-une"],"acf":[],"yoast_head":"<!-- This site is optimized with the Yoast SEO plugin v22.5 - https:\/\/yoast.com\/wordpress\/plugins\/seo\/ -->\n<title>Tradition respect\u00e9e pour les pompiers g\u00e9r\u00f4mois - Gerardmer Info<\/title>\n<meta name=\"robots\" content=\"index, follow, max-snippet:-1, max-image-preview:large, max-video-preview:-1\" \/>\n<link rel=\"canonical\" href=\"https:\/\/vosgesinfo.fr\/gerardmerinfo\/2018\/12\/tradition-respectee-pompiers-geromois\/\" \/>\n<meta name=\"twitter:card\" content=\"summary_large_image\" \/>\n<meta name=\"twitter:title\" content=\"Tradition respect\u00e9e pour les pompiers g\u00e9r\u00f4mois - Gerardmer Info\" \/>\n<meta name=\"twitter:description\" content=\"Moment d&rsquo;\u00e9motion pour les pompiers g\u00e9r\u00f4mois mais aussi leurs proches, leurs familles\u00a0 qui ont assist\u00e9 en cette fin d&rsquo;apr\u00e8s midi [&hellip;]\" \/>\n<meta name=\"twitter:image\" content=\"https:\/\/vosgesinfo.fr\/app\/uploads\/sites\/6\/2024\/07\/201812p1120395.jpg\" \/>\n<meta name=\"twitter:creator\" content=\"@VosgesInfo88\" \/>\n<meta name=\"twitter:site\" content=\"@VosgesInfo88\" \/>\n<meta name=\"twitter:label1\" content=\"\u00c9crit par\" \/>\n\t<meta name=\"twitter:data1\" content=\"qs_admin\" \/>\n\t<meta name=\"twitter:label2\" content=\"Dur\u00e9e de lecture estim\u00e9e\" \/>\n\t<meta name=\"twitter:data2\" content=\"3 minutes\" \/>\n<script type=\"application\/ld+json\" class=\"yoast-schema-graph\">{\"@context\":\"https:\/\/schema.org\",\"@graph\":[{\"@type\":\"Article\",\"@id\":\"https:\/\/vosgesinfo.fr\/gerardmerinfo\/2018\/12\/tradition-respectee-pompiers-geromois\/#article\",\"isPartOf\":{\"@id\":\"https:\/\/vosgesinfo.fr\/gerardmerinfo\/2018\/12\/tradition-respectee-pompiers-geromois\/\"},\"author\":{\"name\":\"qs_admin\",\"@id\":\"https:\/\/vosgesinfo.fr\/gerardmerinfo\/#\/schema\/person\/bc5d02d71e6932e81b6dadb7386667b1\"},\"headline\":\"Tradition respect\u00e9e pour les pompiers g\u00e9r\u00f4mois\",\"datePublished\":\"2018-12-08T16:23:10+00:00\",\"dateModified\":\"2018-12-08T16:23:10+00:00\",\"mainEntityOfPage\":{\"@id\":\"https:\/\/vosgesinfo.fr\/gerardmerinfo\/2018\/12\/tradition-respectee-pompiers-geromois\/\"},\"wordCount\":519,\"commentCount\":0,\"publisher\":{\"@id\":\"https:\/\/vosgesinfo.fr\/gerardmerinfo\/#organization\"},\"image\":{\"@id\":\"https:\/\/vosgesinfo.fr\/gerardmerinfo\/2018\/12\/tradition-respectee-pompiers-geromois\/#primaryimage\"},\"thumbnailUrl\":\"https:\/\/vosgesinfo.fr\/app\/uploads\/sites\/6\/2024\/07\/201812p1120395.jpg\",\"articleSection\":[\"A la une\"],\"inLanguage\":\"fr-FR\",\"potentialAction\":[{\"@type\":\"CommentAction\",\"name\":\"Comment\",\"target\":[\"https:\/\/vosgesinfo.fr\/gerardmerinfo\/2018\/12\/tradition-respectee-pompiers-geromois\/#respond\"]}]},{\"@type\":\"WebPage\",\"@id\":\"https:\/\/vosgesinfo.fr\/gerardmerinfo\/2018\/12\/tradition-respectee-pompiers-geromois\/\",\"url\":\"https:\/\/vosgesinfo.fr\/gerardmerinfo\/2018\/12\/tradition-respectee-pompiers-geromois\/\",\"name\":\"Tradition respect\u00e9e pour les pompiers g\u00e9r\u00f4mois - Gerardmer Info\",\"isPartOf\":{\"@id\":\"https:\/\/vosgesinfo.fr\/gerardmerinfo\/#website\"},\"primaryImageOfPage\":{\"@id\":\"https:\/\/vosgesinfo.fr\/gerardmerinfo\/2018\/12\/tradition-respectee-pompiers-geromois\/#primaryimage\"},\"image\":{\"@id\":\"https:\/\/vosgesinfo.fr\/gerardmerinfo\/2018\/12\/tradition-respectee-pompiers-geromois\/#primaryimage\"},\"thumbnailUrl\":\"https:\/\/vosgesinfo.fr\/app\/uploads\/sites\/6\/2024\/07\/201812p1120395.jpg\",\"datePublished\":\"2018-12-08T16:23:10+00:00\",\"dateModified\":\"2018-12-08T16:23:10+00:00\",\"breadcrumb\":{\"@id\":\"https:\/\/vosgesinfo.fr\/gerardmerinfo\/2018\/12\/tradition-respectee-pompiers-geromois\/#breadcrumb\"},\"inLanguage\":\"fr-FR\",\"potentialAction\":[{\"@type\":\"ReadAction\",\"target\":[\"https:\/\/vosgesinfo.fr\/gerardmerinfo\/2018\/12\/tradition-respectee-pompiers-geromois\/\"]}]},{\"@type\":\"ImageObject\",\"inLanguage\":\"fr-FR\",\"@id\":\"https:\/\/vosgesinfo.fr\/gerardmerinfo\/2018\/12\/tradition-respectee-pompiers-geromois\/#primaryimage\",\"url\":\"https:\/\/vosgesinfo.fr\/app\/uploads\/sites\/6\/2024\/07\/201812p1120395.jpg\",\"contentUrl\":\"https:\/\/vosgesinfo.fr\/app\/uploads\/sites\/6\/2024\/07\/201812p1120395.jpg\",\"width\":800,\"height\":600},{\"@type\":\"BreadcrumbList\",\"@id\":\"https:\/\/vosgesinfo.fr\/gerardmerinfo\/2018\/12\/tradition-respectee-pompiers-geromois\/#breadcrumb\",\"itemListElement\":[{\"@type\":\"ListItem\",\"position\":1,\"name\":\"Home\",\"item\":\"https:\/\/vosgesinfo.fr\/gerardmerinfo\/\"},{\"@type\":\"ListItem\",\"position\":2,\"name\":\"Tradition respect\u00e9e pour les pompiers g\u00e9r\u00f4mois\"}]},{\"@type\":\"WebSite\",\"@id\":\"https:\/\/vosgesinfo.fr\/gerardmerinfo\/#website\",\"url\":\"https:\/\/vosgesinfo.fr\/gerardmerinfo\/\",\"name\":\"Gerardmer Info\",\"description\":\"Toute l&#039;actualit\u00e9 de G\u00e9rardmer\",\"publisher\":{\"@id\":\"https:\/\/vosgesinfo.fr\/gerardmerinfo\/#organization\"},\"alternateName\":\"Toute l'actualit\u00e9 de G\u00e9rardmer\",\"potentialAction\":[{\"@type\":\"SearchAction\",\"target\":{\"@type\":\"EntryPoint\",\"urlTemplate\":\"https:\/\/vosgesinfo.fr\/gerardmerinfo\/?s={search_term_string}\"},\"query-input\":\"required name=search_term_string\"}],\"inLanguage\":\"fr-FR\"},{\"@type\":\"Organization\",\"@id\":\"https:\/\/vosgesinfo.fr\/gerardmerinfo\/#organization\",\"name\":\"Gerardmer Info\",\"url\":\"https:\/\/vosgesinfo.fr\/gerardmerinfo\/\",\"logo\":{\"@type\":\"ImageObject\",\"inLanguage\":\"fr-FR\",\"@id\":\"https:\/\/vosgesinfo.fr\/gerardmerinfo\/#\/schema\/logo\/image\/\",\"url\":\"https:\/\/vosgesinfo.fr\/app\/uploads\/sites\/6\/2023\/08\/favicon-gerardmerinfo.png\",\"contentUrl\":\"https:\/\/vosgesinfo.fr\/app\/uploads\/sites\/6\/2023\/08\/favicon-gerardmerinfo.png\",\"width\":512,\"height\":512,\"caption\":\"Gerardmer Info\"},\"image\":{\"@id\":\"https:\/\/vosgesinfo.fr\/gerardmerinfo\/#\/schema\/logo\/image\/\"},\"sameAs\":[\"https:\/\/www.facebook.com\/profile.php?id=100049475262660\",\"https:\/\/x.com\/VosgesInfo88\",\"https:\/\/www.youtube.com\/@vosgesinfo\"]},{\"@type\":\"Person\",\"@id\":\"https:\/\/vosgesinfo.fr\/gerardmerinfo\/#\/schema\/person\/bc5d02d71e6932e81b6dadb7386667b1\",\"name\":\"qs_admin\",\"image\":{\"@type\":\"ImageObject\",\"inLanguage\":\"fr-FR\",\"@id\":\"https:\/\/vosgesinfo.fr\/gerardmerinfo\/#\/schema\/person\/image\/\",\"url\":\"https:\/\/secure.gravatar.com\/avatar\/94b18ee0ed79e4a42ea2f2931277b6841a8999fc6fde214600c78057cf1fe1de?s=96&d=mm&r=g\",\"contentUrl\":\"https:\/\/secure.gravatar.com\/avatar\/94b18ee0ed79e4a42ea2f2931277b6841a8999fc6fde214600c78057cf1fe1de?s=96&d=mm&r=g\",\"caption\":\"qs_admin\"},\"sameAs\":[\"https:\/\/vosgesinfo.fr\/wp\"],\"url\":\"https:\/\/vosgesinfo.fr\/gerardmerinfo\/author\/qs_admin\/\"}]}<\/script>\n<!-- \/ Yoast SEO plugin. -->","yoast_head_json":{"title":"Tradition respect\u00e9e pour les pompiers g\u00e9r\u00f4mois - Gerardmer Info","robots":{"index":"index","follow":"follow","max-snippet":"max-snippet:-1","max-image-preview":"max-image-preview:large","max-video-preview":"max-video-preview:-1"},"canonical":"https:\/\/vosgesinfo.fr\/gerardmerinfo\/2018\/12\/tradition-respectee-pompiers-geromois\/","twitter_card":"summary_large_image","twitter_title":"Tradition respect\u00e9e pour les pompiers g\u00e9r\u00f4mois - Gerardmer Info","twitter_description":"Moment d&rsquo;\u00e9motion pour les pompiers g\u00e9r\u00f4mois mais aussi leurs proches, leurs familles\u00a0 qui ont assist\u00e9 en cette fin d&rsquo;apr\u00e8s midi [&hellip;]","twitter_image":"https:\/\/vosgesinfo.fr\/app\/uploads\/sites\/6\/2024\/07\/201812p1120395.jpg","twitter_creator":"@VosgesInfo88","twitter_site":"@VosgesInfo88","twitter_misc":{"\u00c9crit par":"qs_admin","Dur\u00e9e de lecture estim\u00e9e":"3 minutes"},"schema":{"@context":"https:\/\/schema.org","@graph":[{"@type":"Article","@id":"https:\/\/vosgesinfo.fr\/gerardmerinfo\/2018\/12\/tradition-respectee-pompiers-geromois\/#article","isPartOf":{"@id":"https:\/\/vosgesinfo.fr\/gerardmerinfo\/2018\/12\/tradition-respectee-pompiers-geromois\/"},"author":{"name":"qs_admin","@id":"https:\/\/vosgesinfo.fr\/gerardmerinfo\/#\/schema\/person\/bc5d02d71e6932e81b6dadb7386667b1"},"headline":"Tradition respect\u00e9e pour les pompiers g\u00e9r\u00f4mois","datePublished":"2018-12-08T16:23:10+00:00","dateModified":"2018-12-08T16:23:10+00:00","mainEntityOfPage":{"@id":"https:\/\/vosgesinfo.fr\/gerardmerinfo\/2018\/12\/tradition-respectee-pompiers-geromois\/"},"wordCount":519,"commentCount":0,"publisher":{"@id":"https:\/\/vosgesinfo.fr\/gerardmerinfo\/#organization"},"image":{"@id":"https:\/\/vosgesinfo.fr\/gerardmerinfo\/2018\/12\/tradition-respectee-pompiers-geromois\/#primaryimage"},"thumbnailUrl":"https:\/\/vosgesinfo.fr\/app\/uploads\/sites\/6\/2024\/07\/201812p1120395.jpg","articleSection":["A la une"],"inLanguage":"fr-FR","potentialAction":[{"@type":"CommentAction","name":"Comment","target":["https:\/\/vosgesinfo.fr\/gerardmerinfo\/2018\/12\/tradition-respectee-pompiers-geromois\/#respond"]}]},{"@type":"WebPage","@id":"https:\/\/vosgesinfo.fr\/gerardmerinfo\/2018\/12\/tradition-respectee-pompiers-geromois\/","url":"https:\/\/vosgesinfo.fr\/gerardmerinfo\/2018\/12\/tradition-respectee-pompiers-geromois\/","name":"Tradition respect\u00e9e pour les pompiers g\u00e9r\u00f4mois - Gerardmer Info","isPartOf":{"@id":"https:\/\/vosgesinfo.fr\/gerardmerinfo\/#website"},"primaryImageOfPage":{"@id":"https:\/\/vosgesinfo.fr\/gerardmerinfo\/2018\/12\/tradition-respectee-pompiers-geromois\/#primaryimage"},"image":{"@id":"https:\/\/vosgesinfo.fr\/gerardmerinfo\/2018\/12\/tradition-respectee-pompiers-geromois\/#primaryimage"},"thumbnailUrl":"https:\/\/vosgesinfo.fr\/app\/uploads\/sites\/6\/2024\/07\/201812p1120395.jpg","datePublished":"2018-12-08T16:23:10+00:00","dateModified":"2018-12-08T16:23:10+00:00","breadcrumb":{"@id":"https:\/\/vosgesinfo.fr\/gerardmerinfo\/2018\/12\/tradition-respectee-pompiers-geromois\/#breadcrumb"},"inLanguage":"fr-FR","potentialAction":[{"@type":"ReadAction","target":["https:\/\/vosgesinfo.fr\/gerardmerinfo\/2018\/12\/tradition-respectee-pompiers-geromois\/"]}]},{"@type":"ImageObject","inLanguage":"fr-FR","@id":"https:\/\/vosgesinfo.fr\/gerardmerinfo\/2018\/12\/tradition-respectee-pompiers-geromois\/#primaryimage","url":"https:\/\/vosgesinfo.fr\/app\/uploads\/sites\/6\/2024\/07\/201812p1120395.jpg","contentUrl":"https:\/\/vosgesinfo.fr\/app\/uploads\/sites\/6\/2024\/07\/201812p1120395.jpg","width":800,"height":600},{"@type":"BreadcrumbList","@id":"https:\/\/vosgesinfo.fr\/gerardmerinfo\/2018\/12\/tradition-respectee-pompiers-geromois\/#breadcrumb","itemListElement":[{"@type":"ListItem","position":1,"name":"Home","item":"https:\/\/vosgesinfo.fr\/gerardmerinfo\/"},{"@type":"ListItem","position":2,"name":"Tradition respect\u00e9e pour les pompiers g\u00e9r\u00f4mois"}]},{"@type":"WebSite","@id":"https:\/\/vosgesinfo.fr\/gerardmerinfo\/#website","url":"https:\/\/vosgesinfo.fr\/gerardmerinfo\/","name":"Gerardmer Info","description":"Toute l&#039;actualit\u00e9 de G\u00e9rardmer","publisher":{"@id":"https:\/\/vosgesinfo.fr\/gerardmerinfo\/#organization"},"alternateName":"Toute l'actualit\u00e9 de G\u00e9rardmer","potentialAction":[{"@type":"SearchAction","target":{"@type":"EntryPoint","urlTemplate":"https:\/\/vosgesinfo.fr\/gerardmerinfo\/?s={search_term_string}"},"query-input":"required name=search_term_string"}],"inLanguage":"fr-FR"},{"@type":"Organization","@id":"https:\/\/vosgesinfo.fr\/gerardmerinfo\/#organization","name":"Gerardmer Info","url":"https:\/\/vosgesinfo.fr\/gerardmerinfo\/","logo":{"@type":"ImageObject","inLanguage":"fr-FR","@id":"https:\/\/vosgesinfo.fr\/gerardmerinfo\/#\/schema\/logo\/image\/","url":"https:\/\/vosgesinfo.fr\/app\/uploads\/sites\/6\/2023\/08\/favicon-gerardmerinfo.png","contentUrl":"https:\/\/vosgesinfo.fr\/app\/uploads\/sites\/6\/2023\/08\/favicon-gerardmerinfo.png","width":512,"height":512,"caption":"Gerardmer Info"},"image":{"@id":"https:\/\/vosgesinfo.fr\/gerardmerinfo\/#\/schema\/logo\/image\/"},"sameAs":["https:\/\/www.facebook.com\/profile.php?id=100049475262660","https:\/\/x.com\/VosgesInfo88","https:\/\/www.youtube.com\/@vosgesinfo"]},{"@type":"Person","@id":"https:\/\/vosgesinfo.fr\/gerardmerinfo\/#\/schema\/person\/bc5d02d71e6932e81b6dadb7386667b1","name":"qs_admin","image":{"@type":"ImageObject","inLanguage":"fr-FR","@id":"https:\/\/vosgesinfo.fr\/gerardmerinfo\/#\/schema\/person\/image\/","url":"https:\/\/secure.gravatar.com\/avatar\/94b18ee0ed79e4a42ea2f2931277b6841a8999fc6fde214600c78057cf1fe1de?s=96&d=mm&r=g","contentUrl":"https:\/\/secure.gravatar.com\/avatar\/94b18ee0ed79e4a42ea2f2931277b6841a8999fc6fde214600c78057cf1fe1de?s=96&d=mm&r=g","caption":"qs_admin"},"sameAs":["https:\/\/vosgesinfo.fr\/wp"],"url":"https:\/\/vosgesinfo.fr\/gerardmerinfo\/author\/qs_admin\/"}]}},"_links":{"self":[{"href":"https:\/\/vosgesinfo.fr\/gerardmerinfo\/wp-json\/wp\/v2\/posts\/38436","targetHints":{"allow":["GET"]}}],"collection":[{"href":"https:\/\/vosgesinfo.fr\/gerardmerinfo\/wp-json\/wp\/v2\/posts"}],"about":[{"href":"https:\/\/vosgesinfo.fr\/gerardmerinfo\/wp-json\/wp\/v2\/types\/post"}],"author":[{"embeddable":true,"href":"https:\/\/vosgesinfo.fr\/gerardmerinfo\/wp-json\/wp\/v2\/users\/1"}],"replies":[{"embeddable":true,"href":"https:\/\/vosgesinfo.fr\/gerardmerinfo\/wp-json\/wp\/v2\/comments?post=38436"}],"version-history":[{"count":0,"href":"https:\/\/vosgesinfo.fr\/gerardmerinfo\/wp-json\/wp\/v2\/posts\/38436\/revisions"}],"wp:featuredmedia":[{"embeddable":true,"href":"https:\/\/vosgesinfo.fr\/gerardmerinfo\/wp-json\/wp\/v2\/media\/38437"}],"wp:attachment":[{"href":"https:\/\/vosgesinfo.fr\/gerardmerinfo\/wp-json\/wp\/v2\/media?parent=38436"}],"wp:term":[{"taxonomy":"category","embeddable":true,"href":"https:\/\/vosgesinfo.fr\/gerardmerinfo\/wp-json\/wp\/v2\/categories?post=38436"},{"taxonomy":"post_tag","embeddable":true,"href":"https:\/\/vosgesinfo.fr\/gerardmerinfo\/wp-json\/wp\/v2\/tags?post=38436"}],"curies":[{"name":"wp","href":"https:\/\/api.w.org\/{rel}","templated":true}]}}