{"id":38540,"date":"2018-12-18T16:26:15","date_gmt":"2018-12-18T15:26:15","guid":{"rendered":"https:\/\/vosgesinfo.fr\/gerardmerinfo\/2018\/12\/expo-photo-a-mcl-rues-de-tokyo-go-muroiwa\/"},"modified":"2018-12-18T16:26:15","modified_gmt":"2018-12-18T15:26:15","slug":"expo-photo-a-mcl-rues-de-tokyo-go-muroiwa","status":"publish","type":"post","link":"https:\/\/vosgesinfo.fr\/gerardmerinfo\/2018\/12\/expo-photo-a-mcl-rues-de-tokyo-go-muroiwa\/","title":{"rendered":"Expo photo \u00e0 la MCL : Les rues de Tokyo par Go Muroiwa"},"content":{"rendered":"<p><a href=\"\/2018\/12\/1x_2904-2.jpg\"><img decoding=\"async\" class=\"aligncenter wp-image-139192 size-full\" src=\"\/2018\/12\/1x_2904-2.jpg\" alt=\"Go Muroiwa expo PCL 1x_2904-2\" width=\"800\" height=\"533\" \/><\/a><\/p>\n<h2><span style=\"font-size: 12pt;\">La Saison 2018&rsquo;2019 de la galerie de la MCL continue, nous vous proposons une\u00a0exposition de photographie\u00a0intitul\u00e9e\u00a0<b><i><span style=\"color: #606060;\">\u00ab Les rues de Tokyo \u00bb<\/span><\/i>\u00a0de Go Muroiwa, <\/b><b>du 21 d\u00e9cembre au 7 janvier<\/b>\u00a0prochain.<\/span><\/h2>\n<div><a href=\"\/2018\/12\/afficheGoMuroiwa.jpg\"><img decoding=\"async\" class=\"alignright wp-image-139193\" src=\"\/2018\/12\/afficheGoMuroiwa.jpg\" alt=\"afficheGoMuroiwa\" width=\"266\" height=\"376\" \/><\/a>Vous \u00eates les bienvenus au\u00a0vernissage\u00a0qui aura lieu le\u00a0vendredi 21 d\u00e9cembre \u00e0 18h30\u00a0en pr\u00e9sence de l\u2019artiste.<br \/>\nUn moment id\u00e9al pour partager, \u00e9changer, questionner autour d\u2019un verre et d\u2019un buffet convivial (en entr\u00e9e libre, ouvert \u00e0 tous).<b>Courte pr\u00e9sentation de l\u2019exposition :<\/b><br \/>\n\u00ab\u00a0<em>Je suis Go Muroiwa,\u00a0photographe.\u00a0<\/em><\/p>\n<div><em>Je suis n\u00e9 dans le nord du Japon en 1979. \u00c0 l&rsquo;\u00e2ge de 18 ans l\u2019envie\u00a0de voyager et de d\u00e9couvrir une tout autre culture m\u2019 a\u00a0pris et c&rsquo;est ainsi que j&rsquo; ai entrepris un voyage de trois ans au Mexique puis au Portugal.\u00a0<\/em><\/div>\n<div><em>Ma passion pour l&rsquo;image est n\u00e9e de ces\u00a0exp\u00e9riences. C&rsquo;est donc tout\u00a0naturellement qu&rsquo;en rentrant\u00a0dans mon pays je me suis mis \u00e0 \u00e9tudier et exercer de fa\u00e7on professionnelle la photographie.\u00a0<\/em><\/div>\n<div><em>Je me suis donc install\u00e9 au c\u0153ur de Tokyo ou j&rsquo; ai commenc\u00e9 le m\u00e9tier de photographe en studio durant plusieurs\u00a0ann\u00e9es.\u00a0<\/em><\/div>\n<div>\n<p><em>Aujourd&rsquo;hui je suis reparti \u00e0 la d\u00e9couverte de nouveaux horizons. C&rsquo;est en France que je me suis\u00a0install\u00e9 et fond\u00e9 ma famille.\u00a0\u00bb<\/em><\/p>\n<p>Pour plus d\u2019information, rdv sur la page du site MCL concernant cette exposition et le site de l\u2019artiste :<br \/>\n<a id=\"LPlnk744310\" href=\"http:\/\/mclgerardmer.fr\/agenda\/muroiwa-photographie\/\" target=\"_blank\" rel=\"noopener noreferrer\" data-auth=\"NotApplicable\">http:\/\/mclgerardmer.fr\/agenda\/muroiwa-photographie\/<\/a><\/p>\n<\/div>\n<\/div>\n<div>Vous pouvez retrouver l\u2019int\u00e9gralit\u00e9 de la programmation sur le site de la MCL \u00e0 la rubrique exposition \u00e0 cette adresse :<br \/>\nhttp:\/\/mclgerardmer.fr\/agenda\/categorie\/expos\/<br \/>\nou sur le programme papier disponible \u00e0 l\u2019accueil de la MCL de G\u00e9rardmer.<\/div>\n","protected":false},"excerpt":{"rendered":"<p>La Saison 2018&rsquo;2019 de la galerie de la MCL continue, nous vous proposons une\u00a0exposition de photographie\u00a0intitul\u00e9e\u00a0\u00ab Les rues de Tokyo [&hellip;]<\/p>\n","protected":false},"author":1,"featured_media":38541,"comment_status":"open","ping_status":"open","sticky":false,"template":"","format":"standard","meta":{"footnotes":""},"categories":[20,4],"tags":[3935,103],"class_list":["post-38540","post","type-post","status-publish","format-standard","has-post-thumbnail","hentry","category-a-la-une","category-culture","tag-go-muroiwa","tag-mcl-gerardmer"],"acf":[],"yoast_head":"<!-- This site is optimized with the Yoast SEO plugin v22.5 - https:\/\/yoast.com\/wordpress\/plugins\/seo\/ -->\n<title>Expo photo \u00e0 la MCL : Les rues de Tokyo par Go Muroiwa - Gerardmer Info<\/title>\n<meta name=\"robots\" content=\"index, follow, max-snippet:-1, max-image-preview:large, max-video-preview:-1\" \/>\n<link rel=\"canonical\" href=\"https:\/\/vosgesinfo.fr\/gerardmerinfo\/2018\/12\/expo-photo-a-mcl-rues-de-tokyo-go-muroiwa\/\" \/>\n<meta name=\"twitter:card\" content=\"summary_large_image\" \/>\n<meta name=\"twitter:title\" content=\"Expo photo \u00e0 la MCL : Les rues de Tokyo par Go Muroiwa - Gerardmer Info\" \/>\n<meta name=\"twitter:description\" content=\"La Saison 2018&rsquo;2019 de la galerie de la MCL continue, nous vous proposons une\u00a0exposition de photographie\u00a0intitul\u00e9e\u00a0\u00ab Les rues de Tokyo [&hellip;]\" \/>\n<meta name=\"twitter:image\" content=\"https:\/\/vosgesinfo.fr\/app\/uploads\/sites\/6\/2024\/07\/2018121x-2904-2.jpg\" \/>\n<meta name=\"twitter:creator\" content=\"@VosgesInfo88\" \/>\n<meta name=\"twitter:site\" content=\"@VosgesInfo88\" \/>\n<meta name=\"twitter:label1\" content=\"\u00c9crit par\" \/>\n\t<meta name=\"twitter:data1\" content=\"qs_admin\" \/>\n\t<meta name=\"twitter:label2\" content=\"Dur\u00e9e de lecture estim\u00e9e\" \/>\n\t<meta name=\"twitter:data2\" content=\"1 minute\" \/>\n<script type=\"application\/ld+json\" class=\"yoast-schema-graph\">{\"@context\":\"https:\/\/schema.org\",\"@graph\":[{\"@type\":\"Article\",\"@id\":\"https:\/\/vosgesinfo.fr\/gerardmerinfo\/2018\/12\/expo-photo-a-mcl-rues-de-tokyo-go-muroiwa\/#article\",\"isPartOf\":{\"@id\":\"https:\/\/vosgesinfo.fr\/gerardmerinfo\/2018\/12\/expo-photo-a-mcl-rues-de-tokyo-go-muroiwa\/\"},\"author\":{\"name\":\"qs_admin\",\"@id\":\"https:\/\/vosgesinfo.fr\/gerardmerinfo\/#\/schema\/person\/bc5d02d71e6932e81b6dadb7386667b1\"},\"headline\":\"Expo photo \u00e0 la MCL : Les rues de Tokyo par Go Muroiwa\",\"datePublished\":\"2018-12-18T15:26:15+00:00\",\"dateModified\":\"2018-12-18T15:26:15+00:00\",\"mainEntityOfPage\":{\"@id\":\"https:\/\/vosgesinfo.fr\/gerardmerinfo\/2018\/12\/expo-photo-a-mcl-rues-de-tokyo-go-muroiwa\/\"},\"wordCount\":292,\"commentCount\":0,\"publisher\":{\"@id\":\"https:\/\/vosgesinfo.fr\/gerardmerinfo\/#organization\"},\"image\":{\"@id\":\"https:\/\/vosgesinfo.fr\/gerardmerinfo\/2018\/12\/expo-photo-a-mcl-rues-de-tokyo-go-muroiwa\/#primaryimage\"},\"thumbnailUrl\":\"https:\/\/vosgesinfo.fr\/app\/uploads\/sites\/6\/2024\/07\/2018121x-2904-2.jpg\",\"keywords\":[\"Go Muroiwa\",\"MCL G\u00e9rardmer\"],\"articleSection\":[\"A la une\",\"Culture\"],\"inLanguage\":\"fr-FR\",\"potentialAction\":[{\"@type\":\"CommentAction\",\"name\":\"Comment\",\"target\":[\"https:\/\/vosgesinfo.fr\/gerardmerinfo\/2018\/12\/expo-photo-a-mcl-rues-de-tokyo-go-muroiwa\/#respond\"]}]},{\"@type\":\"WebPage\",\"@id\":\"https:\/\/vosgesinfo.fr\/gerardmerinfo\/2018\/12\/expo-photo-a-mcl-rues-de-tokyo-go-muroiwa\/\",\"url\":\"https:\/\/vosgesinfo.fr\/gerardmerinfo\/2018\/12\/expo-photo-a-mcl-rues-de-tokyo-go-muroiwa\/\",\"name\":\"Expo photo \u00e0 la MCL : Les rues de Tokyo par Go Muroiwa - Gerardmer Info\",\"isPartOf\":{\"@id\":\"https:\/\/vosgesinfo.fr\/gerardmerinfo\/#website\"},\"primaryImageOfPage\":{\"@id\":\"https:\/\/vosgesinfo.fr\/gerardmerinfo\/2018\/12\/expo-photo-a-mcl-rues-de-tokyo-go-muroiwa\/#primaryimage\"},\"image\":{\"@id\":\"https:\/\/vosgesinfo.fr\/gerardmerinfo\/2018\/12\/expo-photo-a-mcl-rues-de-tokyo-go-muroiwa\/#primaryimage\"},\"thumbnailUrl\":\"https:\/\/vosgesinfo.fr\/app\/uploads\/sites\/6\/2024\/07\/2018121x-2904-2.jpg\",\"datePublished\":\"2018-12-18T15:26:15+00:00\",\"dateModified\":\"2018-12-18T15:26:15+00:00\",\"breadcrumb\":{\"@id\":\"https:\/\/vosgesinfo.fr\/gerardmerinfo\/2018\/12\/expo-photo-a-mcl-rues-de-tokyo-go-muroiwa\/#breadcrumb\"},\"inLanguage\":\"fr-FR\",\"potentialAction\":[{\"@type\":\"ReadAction\",\"target\":[\"https:\/\/vosgesinfo.fr\/gerardmerinfo\/2018\/12\/expo-photo-a-mcl-rues-de-tokyo-go-muroiwa\/\"]}]},{\"@type\":\"ImageObject\",\"inLanguage\":\"fr-FR\",\"@id\":\"https:\/\/vosgesinfo.fr\/gerardmerinfo\/2018\/12\/expo-photo-a-mcl-rues-de-tokyo-go-muroiwa\/#primaryimage\",\"url\":\"https:\/\/vosgesinfo.fr\/app\/uploads\/sites\/6\/2024\/07\/2018121x-2904-2.jpg\",\"contentUrl\":\"https:\/\/vosgesinfo.fr\/app\/uploads\/sites\/6\/2024\/07\/2018121x-2904-2.jpg\",\"width\":800,\"height\":533},{\"@type\":\"BreadcrumbList\",\"@id\":\"https:\/\/vosgesinfo.fr\/gerardmerinfo\/2018\/12\/expo-photo-a-mcl-rues-de-tokyo-go-muroiwa\/#breadcrumb\",\"itemListElement\":[{\"@type\":\"ListItem\",\"position\":1,\"name\":\"Home\",\"item\":\"https:\/\/vosgesinfo.fr\/gerardmerinfo\/\"},{\"@type\":\"ListItem\",\"position\":2,\"name\":\"Expo photo \u00e0 la MCL : Les rues de Tokyo par Go Muroiwa\"}]},{\"@type\":\"WebSite\",\"@id\":\"https:\/\/vosgesinfo.fr\/gerardmerinfo\/#website\",\"url\":\"https:\/\/vosgesinfo.fr\/gerardmerinfo\/\",\"name\":\"Gerardmer Info\",\"description\":\"Toute l&#039;actualit\u00e9 de G\u00e9rardmer\",\"publisher\":{\"@id\":\"https:\/\/vosgesinfo.fr\/gerardmerinfo\/#organization\"},\"alternateName\":\"Toute l'actualit\u00e9 de G\u00e9rardmer\",\"potentialAction\":[{\"@type\":\"SearchAction\",\"target\":{\"@type\":\"EntryPoint\",\"urlTemplate\":\"https:\/\/vosgesinfo.fr\/gerardmerinfo\/?s={search_term_string}\"},\"query-input\":\"required name=search_term_string\"}],\"inLanguage\":\"fr-FR\"},{\"@type\":\"Organization\",\"@id\":\"https:\/\/vosgesinfo.fr\/gerardmerinfo\/#organization\",\"name\":\"Gerardmer Info\",\"url\":\"https:\/\/vosgesinfo.fr\/gerardmerinfo\/\",\"logo\":{\"@type\":\"ImageObject\",\"inLanguage\":\"fr-FR\",\"@id\":\"https:\/\/vosgesinfo.fr\/gerardmerinfo\/#\/schema\/logo\/image\/\",\"url\":\"https:\/\/vosgesinfo.fr\/app\/uploads\/sites\/6\/2023\/08\/favicon-gerardmerinfo.png\",\"contentUrl\":\"https:\/\/vosgesinfo.fr\/app\/uploads\/sites\/6\/2023\/08\/favicon-gerardmerinfo.png\",\"width\":512,\"height\":512,\"caption\":\"Gerardmer Info\"},\"image\":{\"@id\":\"https:\/\/vosgesinfo.fr\/gerardmerinfo\/#\/schema\/logo\/image\/\"},\"sameAs\":[\"https:\/\/www.facebook.com\/profile.php?id=100049475262660\",\"https:\/\/x.com\/VosgesInfo88\",\"https:\/\/www.youtube.com\/@vosgesinfo\"]},{\"@type\":\"Person\",\"@id\":\"https:\/\/vosgesinfo.fr\/gerardmerinfo\/#\/schema\/person\/bc5d02d71e6932e81b6dadb7386667b1\",\"name\":\"qs_admin\",\"image\":{\"@type\":\"ImageObject\",\"inLanguage\":\"fr-FR\",\"@id\":\"https:\/\/vosgesinfo.fr\/gerardmerinfo\/#\/schema\/person\/image\/\",\"url\":\"https:\/\/secure.gravatar.com\/avatar\/94b18ee0ed79e4a42ea2f2931277b6841a8999fc6fde214600c78057cf1fe1de?s=96&d=mm&r=g\",\"contentUrl\":\"https:\/\/secure.gravatar.com\/avatar\/94b18ee0ed79e4a42ea2f2931277b6841a8999fc6fde214600c78057cf1fe1de?s=96&d=mm&r=g\",\"caption\":\"qs_admin\"},\"sameAs\":[\"https:\/\/vosgesinfo.fr\/wp\"],\"url\":\"https:\/\/vosgesinfo.fr\/gerardmerinfo\/author\/qs_admin\/\"}]}<\/script>\n<!-- \/ Yoast SEO plugin. -->","yoast_head_json":{"title":"Expo photo \u00e0 la MCL : Les rues de Tokyo par Go Muroiwa - Gerardmer Info","robots":{"index":"index","follow":"follow","max-snippet":"max-snippet:-1","max-image-preview":"max-image-preview:large","max-video-preview":"max-video-preview:-1"},"canonical":"https:\/\/vosgesinfo.fr\/gerardmerinfo\/2018\/12\/expo-photo-a-mcl-rues-de-tokyo-go-muroiwa\/","twitter_card":"summary_large_image","twitter_title":"Expo photo \u00e0 la MCL : Les rues de Tokyo par Go Muroiwa - Gerardmer Info","twitter_description":"La Saison 2018&rsquo;2019 de la galerie de la MCL continue, nous vous proposons une\u00a0exposition de photographie\u00a0intitul\u00e9e\u00a0\u00ab Les rues de Tokyo [&hellip;]","twitter_image":"https:\/\/vosgesinfo.fr\/app\/uploads\/sites\/6\/2024\/07\/2018121x-2904-2.jpg","twitter_creator":"@VosgesInfo88","twitter_site":"@VosgesInfo88","twitter_misc":{"\u00c9crit par":"qs_admin","Dur\u00e9e de lecture estim\u00e9e":"1 minute"},"schema":{"@context":"https:\/\/schema.org","@graph":[{"@type":"Article","@id":"https:\/\/vosgesinfo.fr\/gerardmerinfo\/2018\/12\/expo-photo-a-mcl-rues-de-tokyo-go-muroiwa\/#article","isPartOf":{"@id":"https:\/\/vosgesinfo.fr\/gerardmerinfo\/2018\/12\/expo-photo-a-mcl-rues-de-tokyo-go-muroiwa\/"},"author":{"name":"qs_admin","@id":"https:\/\/vosgesinfo.fr\/gerardmerinfo\/#\/schema\/person\/bc5d02d71e6932e81b6dadb7386667b1"},"headline":"Expo photo \u00e0 la MCL : Les rues de Tokyo par Go Muroiwa","datePublished":"2018-12-18T15:26:15+00:00","dateModified":"2018-12-18T15:26:15+00:00","mainEntityOfPage":{"@id":"https:\/\/vosgesinfo.fr\/gerardmerinfo\/2018\/12\/expo-photo-a-mcl-rues-de-tokyo-go-muroiwa\/"},"wordCount":292,"commentCount":0,"publisher":{"@id":"https:\/\/vosgesinfo.fr\/gerardmerinfo\/#organization"},"image":{"@id":"https:\/\/vosgesinfo.fr\/gerardmerinfo\/2018\/12\/expo-photo-a-mcl-rues-de-tokyo-go-muroiwa\/#primaryimage"},"thumbnailUrl":"https:\/\/vosgesinfo.fr\/app\/uploads\/sites\/6\/2024\/07\/2018121x-2904-2.jpg","keywords":["Go Muroiwa","MCL G\u00e9rardmer"],"articleSection":["A la une","Culture"],"inLanguage":"fr-FR","potentialAction":[{"@type":"CommentAction","name":"Comment","target":["https:\/\/vosgesinfo.fr\/gerardmerinfo\/2018\/12\/expo-photo-a-mcl-rues-de-tokyo-go-muroiwa\/#respond"]}]},{"@type":"WebPage","@id":"https:\/\/vosgesinfo.fr\/gerardmerinfo\/2018\/12\/expo-photo-a-mcl-rues-de-tokyo-go-muroiwa\/","url":"https:\/\/vosgesinfo.fr\/gerardmerinfo\/2018\/12\/expo-photo-a-mcl-rues-de-tokyo-go-muroiwa\/","name":"Expo photo \u00e0 la MCL : Les rues de Tokyo par Go Muroiwa - Gerardmer Info","isPartOf":{"@id":"https:\/\/vosgesinfo.fr\/gerardmerinfo\/#website"},"primaryImageOfPage":{"@id":"https:\/\/vosgesinfo.fr\/gerardmerinfo\/2018\/12\/expo-photo-a-mcl-rues-de-tokyo-go-muroiwa\/#primaryimage"},"image":{"@id":"https:\/\/vosgesinfo.fr\/gerardmerinfo\/2018\/12\/expo-photo-a-mcl-rues-de-tokyo-go-muroiwa\/#primaryimage"},"thumbnailUrl":"https:\/\/vosgesinfo.fr\/app\/uploads\/sites\/6\/2024\/07\/2018121x-2904-2.jpg","datePublished":"2018-12-18T15:26:15+00:00","dateModified":"2018-12-18T15:26:15+00:00","breadcrumb":{"@id":"https:\/\/vosgesinfo.fr\/gerardmerinfo\/2018\/12\/expo-photo-a-mcl-rues-de-tokyo-go-muroiwa\/#breadcrumb"},"inLanguage":"fr-FR","potentialAction":[{"@type":"ReadAction","target":["https:\/\/vosgesinfo.fr\/gerardmerinfo\/2018\/12\/expo-photo-a-mcl-rues-de-tokyo-go-muroiwa\/"]}]},{"@type":"ImageObject","inLanguage":"fr-FR","@id":"https:\/\/vosgesinfo.fr\/gerardmerinfo\/2018\/12\/expo-photo-a-mcl-rues-de-tokyo-go-muroiwa\/#primaryimage","url":"https:\/\/vosgesinfo.fr\/app\/uploads\/sites\/6\/2024\/07\/2018121x-2904-2.jpg","contentUrl":"https:\/\/vosgesinfo.fr\/app\/uploads\/sites\/6\/2024\/07\/2018121x-2904-2.jpg","width":800,"height":533},{"@type":"BreadcrumbList","@id":"https:\/\/vosgesinfo.fr\/gerardmerinfo\/2018\/12\/expo-photo-a-mcl-rues-de-tokyo-go-muroiwa\/#breadcrumb","itemListElement":[{"@type":"ListItem","position":1,"name":"Home","item":"https:\/\/vosgesinfo.fr\/gerardmerinfo\/"},{"@type":"ListItem","position":2,"name":"Expo photo \u00e0 la MCL : Les rues de Tokyo par Go Muroiwa"}]},{"@type":"WebSite","@id":"https:\/\/vosgesinfo.fr\/gerardmerinfo\/#website","url":"https:\/\/vosgesinfo.fr\/gerardmerinfo\/","name":"Gerardmer Info","description":"Toute l&#039;actualit\u00e9 de G\u00e9rardmer","publisher":{"@id":"https:\/\/vosgesinfo.fr\/gerardmerinfo\/#organization"},"alternateName":"Toute l'actualit\u00e9 de G\u00e9rardmer","potentialAction":[{"@type":"SearchAction","target":{"@type":"EntryPoint","urlTemplate":"https:\/\/vosgesinfo.fr\/gerardmerinfo\/?s={search_term_string}"},"query-input":"required name=search_term_string"}],"inLanguage":"fr-FR"},{"@type":"Organization","@id":"https:\/\/vosgesinfo.fr\/gerardmerinfo\/#organization","name":"Gerardmer Info","url":"https:\/\/vosgesinfo.fr\/gerardmerinfo\/","logo":{"@type":"ImageObject","inLanguage":"fr-FR","@id":"https:\/\/vosgesinfo.fr\/gerardmerinfo\/#\/schema\/logo\/image\/","url":"https:\/\/vosgesinfo.fr\/app\/uploads\/sites\/6\/2023\/08\/favicon-gerardmerinfo.png","contentUrl":"https:\/\/vosgesinfo.fr\/app\/uploads\/sites\/6\/2023\/08\/favicon-gerardmerinfo.png","width":512,"height":512,"caption":"Gerardmer Info"},"image":{"@id":"https:\/\/vosgesinfo.fr\/gerardmerinfo\/#\/schema\/logo\/image\/"},"sameAs":["https:\/\/www.facebook.com\/profile.php?id=100049475262660","https:\/\/x.com\/VosgesInfo88","https:\/\/www.youtube.com\/@vosgesinfo"]},{"@type":"Person","@id":"https:\/\/vosgesinfo.fr\/gerardmerinfo\/#\/schema\/person\/bc5d02d71e6932e81b6dadb7386667b1","name":"qs_admin","image":{"@type":"ImageObject","inLanguage":"fr-FR","@id":"https:\/\/vosgesinfo.fr\/gerardmerinfo\/#\/schema\/person\/image\/","url":"https:\/\/secure.gravatar.com\/avatar\/94b18ee0ed79e4a42ea2f2931277b6841a8999fc6fde214600c78057cf1fe1de?s=96&d=mm&r=g","contentUrl":"https:\/\/secure.gravatar.com\/avatar\/94b18ee0ed79e4a42ea2f2931277b6841a8999fc6fde214600c78057cf1fe1de?s=96&d=mm&r=g","caption":"qs_admin"},"sameAs":["https:\/\/vosgesinfo.fr\/wp"],"url":"https:\/\/vosgesinfo.fr\/gerardmerinfo\/author\/qs_admin\/"}]}},"_links":{"self":[{"href":"https:\/\/vosgesinfo.fr\/gerardmerinfo\/wp-json\/wp\/v2\/posts\/38540","targetHints":{"allow":["GET"]}}],"collection":[{"href":"https:\/\/vosgesinfo.fr\/gerardmerinfo\/wp-json\/wp\/v2\/posts"}],"about":[{"href":"https:\/\/vosgesinfo.fr\/gerardmerinfo\/wp-json\/wp\/v2\/types\/post"}],"author":[{"embeddable":true,"href":"https:\/\/vosgesinfo.fr\/gerardmerinfo\/wp-json\/wp\/v2\/users\/1"}],"replies":[{"embeddable":true,"href":"https:\/\/vosgesinfo.fr\/gerardmerinfo\/wp-json\/wp\/v2\/comments?post=38540"}],"version-history":[{"count":0,"href":"https:\/\/vosgesinfo.fr\/gerardmerinfo\/wp-json\/wp\/v2\/posts\/38540\/revisions"}],"wp:featuredmedia":[{"embeddable":true,"href":"https:\/\/vosgesinfo.fr\/gerardmerinfo\/wp-json\/wp\/v2\/media\/38541"}],"wp:attachment":[{"href":"https:\/\/vosgesinfo.fr\/gerardmerinfo\/wp-json\/wp\/v2\/media?parent=38540"}],"wp:term":[{"taxonomy":"category","embeddable":true,"href":"https:\/\/vosgesinfo.fr\/gerardmerinfo\/wp-json\/wp\/v2\/categories?post=38540"},{"taxonomy":"post_tag","embeddable":true,"href":"https:\/\/vosgesinfo.fr\/gerardmerinfo\/wp-json\/wp\/v2\/tags?post=38540"}],"curies":[{"name":"wp","href":"https:\/\/api.w.org\/{rel}","templated":true}]}}