{"id":38616,"date":"2018-12-16T16:27:35","date_gmt":"2018-12-16T15:27:35","guid":{"rendered":"https:\/\/vosgesinfo.fr\/gerardmerinfo\/2018\/12\/nouveaux-nids-de-poules-route-moulin-commune-de-forge\/"},"modified":"2018-12-16T16:27:35","modified_gmt":"2018-12-16T15:27:35","slug":"nouveaux-nids-de-poules-route-moulin-commune-de-forge","status":"publish","type":"post","link":"https:\/\/vosgesinfo.fr\/gerardmerinfo\/2018\/12\/nouveaux-nids-de-poules-route-moulin-commune-de-forge\/","title":{"rendered":"Nouveaux nids de poules route du moulin sur la Commune de LA FORGE"},"content":{"rendered":"<p>\u00ab\u00a0Le collectif de riverains du pr\u00e9 du Four, commune de LE THOLY a d\u00e9j\u00e0 d\u00e9nonc\u00e9 l&rsquo;\u00e9tat d\u00e9plorable de la chauss\u00e9e de la route des \u00ab\u00a0Xervannes\u00a0\u00bb ( commune du Syndicat) situ\u00e9e entre les communes du Tholy et celle de la Forge. Cette fois-ci, c&rsquo;est sur la route du moulin ( la continuit\u00e9 du chemin des Xervannes ) que l&rsquo;on constate deux \u00e9normes nids de poules. Les services de la mairie concern\u00e9s ont \u00e9t\u00e9 avis\u00e9s mais en vain. Plusieurs v\u00e9hicules de riverains ont \u00e9t\u00e9 endommag\u00e9s. Nous demandons simplement que ces deux nids de poules soient rebouch\u00e9s.\u00a0\u00bb<\/p>\n\n","protected":false},"excerpt":{"rendered":"<p>\u00ab\u00a0Le collectif de riverains du pr\u00e9 du Four, commune de LE THOLY a d\u00e9j\u00e0 d\u00e9nonc\u00e9 l&rsquo;\u00e9tat d\u00e9plorable de la chauss\u00e9e [&hellip;]<\/p>\n","protected":false},"author":232,"featured_media":38617,"comment_status":"open","ping_status":"open","sticky":false,"template":"","format":"standard","meta":{"footnotes":""},"categories":[20,18],"tags":[3129],"class_list":["post-38616","post","type-post","status-publish","format-standard","has-post-thumbnail","hentry","category-a-la-une","category-vosges","tag-la-forge"],"acf":[],"yoast_head":"<!-- This site is optimized with the Yoast SEO plugin v22.5 - https:\/\/yoast.com\/wordpress\/plugins\/seo\/ -->\n<title>Nouveaux nids de poules route du moulin sur la Commune de LA FORGE - Gerardmer Info<\/title>\n<meta name=\"robots\" content=\"index, follow, max-snippet:-1, max-image-preview:large, max-video-preview:-1\" \/>\n<link rel=\"canonical\" href=\"https:\/\/vosgesinfo.fr\/gerardmerinfo\/2018\/12\/nouveaux-nids-de-poules-route-moulin-commune-de-forge\/\" \/>\n<meta name=\"twitter:card\" content=\"summary_large_image\" \/>\n<meta name=\"twitter:title\" content=\"Nouveaux nids de poules route du moulin sur la Commune de LA FORGE - Gerardmer Info\" \/>\n<meta name=\"twitter:description\" content=\"\u00ab\u00a0Le collectif de riverains du pr\u00e9 du Four, commune de LE THOLY a d\u00e9j\u00e0 d\u00e9nonc\u00e9 l&rsquo;\u00e9tat d\u00e9plorable de la chauss\u00e9e [&hellip;]\" \/>\n<meta name=\"twitter:image\" content=\"https:\/\/vosgesinfo.fr\/app\/uploads\/sites\/6\/2024\/07\/201812degats-chemin-du-moulin-a-la-forge-1.jpg\" \/>\n<meta name=\"twitter:creator\" content=\"@VosgesInfo88\" \/>\n<meta name=\"twitter:site\" content=\"@VosgesInfo88\" \/>\n<meta name=\"twitter:label1\" content=\"\u00c9crit par\" \/>\n\t<meta name=\"twitter:data1\" content=\"alpine88\" \/>\n\t<meta name=\"twitter:label2\" content=\"Dur\u00e9e de lecture estim\u00e9e\" \/>\n\t<meta name=\"twitter:data2\" content=\"1 minute\" \/>\n<script type=\"application\/ld+json\" class=\"yoast-schema-graph\">{\"@context\":\"https:\/\/schema.org\",\"@graph\":[{\"@type\":\"Article\",\"@id\":\"https:\/\/vosgesinfo.fr\/gerardmerinfo\/2018\/12\/nouveaux-nids-de-poules-route-moulin-commune-de-forge\/#article\",\"isPartOf\":{\"@id\":\"https:\/\/vosgesinfo.fr\/gerardmerinfo\/2018\/12\/nouveaux-nids-de-poules-route-moulin-commune-de-forge\/\"},\"author\":{\"name\":\"alpine88\",\"@id\":\"https:\/\/vosgesinfo.fr\/gerardmerinfo\/#\/schema\/person\/b1d7bdb3a9d4601a290a085062d83a14\"},\"headline\":\"Nouveaux nids de poules route du moulin sur la Commune de LA FORGE\",\"datePublished\":\"2018-12-16T15:27:35+00:00\",\"dateModified\":\"2018-12-16T15:27:35+00:00\",\"mainEntityOfPage\":{\"@id\":\"https:\/\/vosgesinfo.fr\/gerardmerinfo\/2018\/12\/nouveaux-nids-de-poules-route-moulin-commune-de-forge\/\"},\"wordCount\":128,\"commentCount\":0,\"publisher\":{\"@id\":\"https:\/\/vosgesinfo.fr\/gerardmerinfo\/#organization\"},\"image\":{\"@id\":\"https:\/\/vosgesinfo.fr\/gerardmerinfo\/2018\/12\/nouveaux-nids-de-poules-route-moulin-commune-de-forge\/#primaryimage\"},\"thumbnailUrl\":\"https:\/\/vosgesinfo.fr\/app\/uploads\/sites\/6\/2024\/07\/201812degats-chemin-du-moulin-a-la-forge-1.jpg\",\"keywords\":[\"La forge\"],\"articleSection\":[\"A la une\",\"Vosges\"],\"inLanguage\":\"fr-FR\",\"potentialAction\":[{\"@type\":\"CommentAction\",\"name\":\"Comment\",\"target\":[\"https:\/\/vosgesinfo.fr\/gerardmerinfo\/2018\/12\/nouveaux-nids-de-poules-route-moulin-commune-de-forge\/#respond\"]}]},{\"@type\":\"WebPage\",\"@id\":\"https:\/\/vosgesinfo.fr\/gerardmerinfo\/2018\/12\/nouveaux-nids-de-poules-route-moulin-commune-de-forge\/\",\"url\":\"https:\/\/vosgesinfo.fr\/gerardmerinfo\/2018\/12\/nouveaux-nids-de-poules-route-moulin-commune-de-forge\/\",\"name\":\"Nouveaux nids de poules route du moulin sur la Commune de LA FORGE - Gerardmer Info\",\"isPartOf\":{\"@id\":\"https:\/\/vosgesinfo.fr\/gerardmerinfo\/#website\"},\"primaryImageOfPage\":{\"@id\":\"https:\/\/vosgesinfo.fr\/gerardmerinfo\/2018\/12\/nouveaux-nids-de-poules-route-moulin-commune-de-forge\/#primaryimage\"},\"image\":{\"@id\":\"https:\/\/vosgesinfo.fr\/gerardmerinfo\/2018\/12\/nouveaux-nids-de-poules-route-moulin-commune-de-forge\/#primaryimage\"},\"thumbnailUrl\":\"https:\/\/vosgesinfo.fr\/app\/uploads\/sites\/6\/2024\/07\/201812degats-chemin-du-moulin-a-la-forge-1.jpg\",\"datePublished\":\"2018-12-16T15:27:35+00:00\",\"dateModified\":\"2018-12-16T15:27:35+00:00\",\"breadcrumb\":{\"@id\":\"https:\/\/vosgesinfo.fr\/gerardmerinfo\/2018\/12\/nouveaux-nids-de-poules-route-moulin-commune-de-forge\/#breadcrumb\"},\"inLanguage\":\"fr-FR\",\"potentialAction\":[{\"@type\":\"ReadAction\",\"target\":[\"https:\/\/vosgesinfo.fr\/gerardmerinfo\/2018\/12\/nouveaux-nids-de-poules-route-moulin-commune-de-forge\/\"]}]},{\"@type\":\"ImageObject\",\"inLanguage\":\"fr-FR\",\"@id\":\"https:\/\/vosgesinfo.fr\/gerardmerinfo\/2018\/12\/nouveaux-nids-de-poules-route-moulin-commune-de-forge\/#primaryimage\",\"url\":\"https:\/\/vosgesinfo.fr\/app\/uploads\/sites\/6\/2024\/07\/201812degats-chemin-du-moulin-a-la-forge-1.jpg\",\"contentUrl\":\"https:\/\/vosgesinfo.fr\/app\/uploads\/sites\/6\/2024\/07\/201812degats-chemin-du-moulin-a-la-forge-1.jpg\",\"width\":450,\"height\":800},{\"@type\":\"BreadcrumbList\",\"@id\":\"https:\/\/vosgesinfo.fr\/gerardmerinfo\/2018\/12\/nouveaux-nids-de-poules-route-moulin-commune-de-forge\/#breadcrumb\",\"itemListElement\":[{\"@type\":\"ListItem\",\"position\":1,\"name\":\"Home\",\"item\":\"https:\/\/vosgesinfo.fr\/gerardmerinfo\/\"},{\"@type\":\"ListItem\",\"position\":2,\"name\":\"Nouveaux nids de poules route du moulin sur la Commune de LA FORGE\"}]},{\"@type\":\"WebSite\",\"@id\":\"https:\/\/vosgesinfo.fr\/gerardmerinfo\/#website\",\"url\":\"https:\/\/vosgesinfo.fr\/gerardmerinfo\/\",\"name\":\"Gerardmer Info\",\"description\":\"Toute l&#039;actualit\u00e9 de G\u00e9rardmer\",\"publisher\":{\"@id\":\"https:\/\/vosgesinfo.fr\/gerardmerinfo\/#organization\"},\"alternateName\":\"Toute l'actualit\u00e9 de G\u00e9rardmer\",\"potentialAction\":[{\"@type\":\"SearchAction\",\"target\":{\"@type\":\"EntryPoint\",\"urlTemplate\":\"https:\/\/vosgesinfo.fr\/gerardmerinfo\/?s={search_term_string}\"},\"query-input\":\"required name=search_term_string\"}],\"inLanguage\":\"fr-FR\"},{\"@type\":\"Organization\",\"@id\":\"https:\/\/vosgesinfo.fr\/gerardmerinfo\/#organization\",\"name\":\"Gerardmer Info\",\"url\":\"https:\/\/vosgesinfo.fr\/gerardmerinfo\/\",\"logo\":{\"@type\":\"ImageObject\",\"inLanguage\":\"fr-FR\",\"@id\":\"https:\/\/vosgesinfo.fr\/gerardmerinfo\/#\/schema\/logo\/image\/\",\"url\":\"https:\/\/vosgesinfo.fr\/app\/uploads\/sites\/6\/2023\/08\/favicon-gerardmerinfo.png\",\"contentUrl\":\"https:\/\/vosgesinfo.fr\/app\/uploads\/sites\/6\/2023\/08\/favicon-gerardmerinfo.png\",\"width\":512,\"height\":512,\"caption\":\"Gerardmer Info\"},\"image\":{\"@id\":\"https:\/\/vosgesinfo.fr\/gerardmerinfo\/#\/schema\/logo\/image\/\"},\"sameAs\":[\"https:\/\/www.facebook.com\/profile.php?id=100049475262660\",\"https:\/\/x.com\/VosgesInfo88\",\"https:\/\/www.youtube.com\/@vosgesinfo\"]},{\"@type\":\"Person\",\"@id\":\"https:\/\/vosgesinfo.fr\/gerardmerinfo\/#\/schema\/person\/b1d7bdb3a9d4601a290a085062d83a14\",\"name\":\"alpine88\",\"image\":{\"@type\":\"ImageObject\",\"inLanguage\":\"fr-FR\",\"@id\":\"https:\/\/vosgesinfo.fr\/gerardmerinfo\/#\/schema\/person\/image\/\",\"url\":\"https:\/\/secure.gravatar.com\/avatar\/e4864874f46dcf64f4f7ed27fc176942e3d8a01809c6c72e961c35cfcaa3a31e?s=96&d=mm&r=g\",\"contentUrl\":\"https:\/\/secure.gravatar.com\/avatar\/e4864874f46dcf64f4f7ed27fc176942e3d8a01809c6c72e961c35cfcaa3a31e?s=96&d=mm&r=g\",\"caption\":\"alpine88\"},\"url\":\"https:\/\/vosgesinfo.fr\/gerardmerinfo\/author\/fabrice-pierrel\/\"}]}<\/script>\n<!-- \/ Yoast SEO plugin. -->","yoast_head_json":{"title":"Nouveaux nids de poules route du moulin sur la Commune de LA FORGE - Gerardmer Info","robots":{"index":"index","follow":"follow","max-snippet":"max-snippet:-1","max-image-preview":"max-image-preview:large","max-video-preview":"max-video-preview:-1"},"canonical":"https:\/\/vosgesinfo.fr\/gerardmerinfo\/2018\/12\/nouveaux-nids-de-poules-route-moulin-commune-de-forge\/","twitter_card":"summary_large_image","twitter_title":"Nouveaux nids de poules route du moulin sur la Commune de LA FORGE - Gerardmer Info","twitter_description":"\u00ab\u00a0Le collectif de riverains du pr\u00e9 du Four, commune de LE THOLY a d\u00e9j\u00e0 d\u00e9nonc\u00e9 l&rsquo;\u00e9tat d\u00e9plorable de la chauss\u00e9e [&hellip;]","twitter_image":"https:\/\/vosgesinfo.fr\/app\/uploads\/sites\/6\/2024\/07\/201812degats-chemin-du-moulin-a-la-forge-1.jpg","twitter_creator":"@VosgesInfo88","twitter_site":"@VosgesInfo88","twitter_misc":{"\u00c9crit par":"alpine88","Dur\u00e9e de lecture estim\u00e9e":"1 minute"},"schema":{"@context":"https:\/\/schema.org","@graph":[{"@type":"Article","@id":"https:\/\/vosgesinfo.fr\/gerardmerinfo\/2018\/12\/nouveaux-nids-de-poules-route-moulin-commune-de-forge\/#article","isPartOf":{"@id":"https:\/\/vosgesinfo.fr\/gerardmerinfo\/2018\/12\/nouveaux-nids-de-poules-route-moulin-commune-de-forge\/"},"author":{"name":"alpine88","@id":"https:\/\/vosgesinfo.fr\/gerardmerinfo\/#\/schema\/person\/b1d7bdb3a9d4601a290a085062d83a14"},"headline":"Nouveaux nids de poules route du moulin sur la Commune de LA FORGE","datePublished":"2018-12-16T15:27:35+00:00","dateModified":"2018-12-16T15:27:35+00:00","mainEntityOfPage":{"@id":"https:\/\/vosgesinfo.fr\/gerardmerinfo\/2018\/12\/nouveaux-nids-de-poules-route-moulin-commune-de-forge\/"},"wordCount":128,"commentCount":0,"publisher":{"@id":"https:\/\/vosgesinfo.fr\/gerardmerinfo\/#organization"},"image":{"@id":"https:\/\/vosgesinfo.fr\/gerardmerinfo\/2018\/12\/nouveaux-nids-de-poules-route-moulin-commune-de-forge\/#primaryimage"},"thumbnailUrl":"https:\/\/vosgesinfo.fr\/app\/uploads\/sites\/6\/2024\/07\/201812degats-chemin-du-moulin-a-la-forge-1.jpg","keywords":["La forge"],"articleSection":["A la une","Vosges"],"inLanguage":"fr-FR","potentialAction":[{"@type":"CommentAction","name":"Comment","target":["https:\/\/vosgesinfo.fr\/gerardmerinfo\/2018\/12\/nouveaux-nids-de-poules-route-moulin-commune-de-forge\/#respond"]}]},{"@type":"WebPage","@id":"https:\/\/vosgesinfo.fr\/gerardmerinfo\/2018\/12\/nouveaux-nids-de-poules-route-moulin-commune-de-forge\/","url":"https:\/\/vosgesinfo.fr\/gerardmerinfo\/2018\/12\/nouveaux-nids-de-poules-route-moulin-commune-de-forge\/","name":"Nouveaux nids de poules route du moulin sur la Commune de LA FORGE - Gerardmer Info","isPartOf":{"@id":"https:\/\/vosgesinfo.fr\/gerardmerinfo\/#website"},"primaryImageOfPage":{"@id":"https:\/\/vosgesinfo.fr\/gerardmerinfo\/2018\/12\/nouveaux-nids-de-poules-route-moulin-commune-de-forge\/#primaryimage"},"image":{"@id":"https:\/\/vosgesinfo.fr\/gerardmerinfo\/2018\/12\/nouveaux-nids-de-poules-route-moulin-commune-de-forge\/#primaryimage"},"thumbnailUrl":"https:\/\/vosgesinfo.fr\/app\/uploads\/sites\/6\/2024\/07\/201812degats-chemin-du-moulin-a-la-forge-1.jpg","datePublished":"2018-12-16T15:27:35+00:00","dateModified":"2018-12-16T15:27:35+00:00","breadcrumb":{"@id":"https:\/\/vosgesinfo.fr\/gerardmerinfo\/2018\/12\/nouveaux-nids-de-poules-route-moulin-commune-de-forge\/#breadcrumb"},"inLanguage":"fr-FR","potentialAction":[{"@type":"ReadAction","target":["https:\/\/vosgesinfo.fr\/gerardmerinfo\/2018\/12\/nouveaux-nids-de-poules-route-moulin-commune-de-forge\/"]}]},{"@type":"ImageObject","inLanguage":"fr-FR","@id":"https:\/\/vosgesinfo.fr\/gerardmerinfo\/2018\/12\/nouveaux-nids-de-poules-route-moulin-commune-de-forge\/#primaryimage","url":"https:\/\/vosgesinfo.fr\/app\/uploads\/sites\/6\/2024\/07\/201812degats-chemin-du-moulin-a-la-forge-1.jpg","contentUrl":"https:\/\/vosgesinfo.fr\/app\/uploads\/sites\/6\/2024\/07\/201812degats-chemin-du-moulin-a-la-forge-1.jpg","width":450,"height":800},{"@type":"BreadcrumbList","@id":"https:\/\/vosgesinfo.fr\/gerardmerinfo\/2018\/12\/nouveaux-nids-de-poules-route-moulin-commune-de-forge\/#breadcrumb","itemListElement":[{"@type":"ListItem","position":1,"name":"Home","item":"https:\/\/vosgesinfo.fr\/gerardmerinfo\/"},{"@type":"ListItem","position":2,"name":"Nouveaux nids de poules route du moulin sur la Commune de LA FORGE"}]},{"@type":"WebSite","@id":"https:\/\/vosgesinfo.fr\/gerardmerinfo\/#website","url":"https:\/\/vosgesinfo.fr\/gerardmerinfo\/","name":"Gerardmer Info","description":"Toute l&#039;actualit\u00e9 de G\u00e9rardmer","publisher":{"@id":"https:\/\/vosgesinfo.fr\/gerardmerinfo\/#organization"},"alternateName":"Toute l'actualit\u00e9 de G\u00e9rardmer","potentialAction":[{"@type":"SearchAction","target":{"@type":"EntryPoint","urlTemplate":"https:\/\/vosgesinfo.fr\/gerardmerinfo\/?s={search_term_string}"},"query-input":"required name=search_term_string"}],"inLanguage":"fr-FR"},{"@type":"Organization","@id":"https:\/\/vosgesinfo.fr\/gerardmerinfo\/#organization","name":"Gerardmer Info","url":"https:\/\/vosgesinfo.fr\/gerardmerinfo\/","logo":{"@type":"ImageObject","inLanguage":"fr-FR","@id":"https:\/\/vosgesinfo.fr\/gerardmerinfo\/#\/schema\/logo\/image\/","url":"https:\/\/vosgesinfo.fr\/app\/uploads\/sites\/6\/2023\/08\/favicon-gerardmerinfo.png","contentUrl":"https:\/\/vosgesinfo.fr\/app\/uploads\/sites\/6\/2023\/08\/favicon-gerardmerinfo.png","width":512,"height":512,"caption":"Gerardmer Info"},"image":{"@id":"https:\/\/vosgesinfo.fr\/gerardmerinfo\/#\/schema\/logo\/image\/"},"sameAs":["https:\/\/www.facebook.com\/profile.php?id=100049475262660","https:\/\/x.com\/VosgesInfo88","https:\/\/www.youtube.com\/@vosgesinfo"]},{"@type":"Person","@id":"https:\/\/vosgesinfo.fr\/gerardmerinfo\/#\/schema\/person\/b1d7bdb3a9d4601a290a085062d83a14","name":"alpine88","image":{"@type":"ImageObject","inLanguage":"fr-FR","@id":"https:\/\/vosgesinfo.fr\/gerardmerinfo\/#\/schema\/person\/image\/","url":"https:\/\/secure.gravatar.com\/avatar\/e4864874f46dcf64f4f7ed27fc176942e3d8a01809c6c72e961c35cfcaa3a31e?s=96&d=mm&r=g","contentUrl":"https:\/\/secure.gravatar.com\/avatar\/e4864874f46dcf64f4f7ed27fc176942e3d8a01809c6c72e961c35cfcaa3a31e?s=96&d=mm&r=g","caption":"alpine88"},"url":"https:\/\/vosgesinfo.fr\/gerardmerinfo\/author\/fabrice-pierrel\/"}]}},"_links":{"self":[{"href":"https:\/\/vosgesinfo.fr\/gerardmerinfo\/wp-json\/wp\/v2\/posts\/38616","targetHints":{"allow":["GET"]}}],"collection":[{"href":"https:\/\/vosgesinfo.fr\/gerardmerinfo\/wp-json\/wp\/v2\/posts"}],"about":[{"href":"https:\/\/vosgesinfo.fr\/gerardmerinfo\/wp-json\/wp\/v2\/types\/post"}],"author":[{"embeddable":true,"href":"https:\/\/vosgesinfo.fr\/gerardmerinfo\/wp-json\/wp\/v2\/users\/232"}],"replies":[{"embeddable":true,"href":"https:\/\/vosgesinfo.fr\/gerardmerinfo\/wp-json\/wp\/v2\/comments?post=38616"}],"version-history":[{"count":0,"href":"https:\/\/vosgesinfo.fr\/gerardmerinfo\/wp-json\/wp\/v2\/posts\/38616\/revisions"}],"wp:featuredmedia":[{"embeddable":true,"href":"https:\/\/vosgesinfo.fr\/gerardmerinfo\/wp-json\/wp\/v2\/media\/38617"}],"wp:attachment":[{"href":"https:\/\/vosgesinfo.fr\/gerardmerinfo\/wp-json\/wp\/v2\/media?parent=38616"}],"wp:term":[{"taxonomy":"category","embeddable":true,"href":"https:\/\/vosgesinfo.fr\/gerardmerinfo\/wp-json\/wp\/v2\/categories?post=38616"},{"taxonomy":"post_tag","embeddable":true,"href":"https:\/\/vosgesinfo.fr\/gerardmerinfo\/wp-json\/wp\/v2\/tags?post=38616"}],"curies":[{"name":"wp","href":"https:\/\/api.w.org\/{rel}","templated":true}]}}