{"id":38647,"date":"2018-12-19T17:32:42","date_gmt":"2018-12-19T16:32:42","guid":{"rendered":"https:\/\/vosgesinfo.fr\/gerardmerinfo\/2018\/12\/petite-mise-bouche-mai-scene\/"},"modified":"2018-12-19T17:32:42","modified_gmt":"2018-12-19T16:32:42","slug":"petite-mise-bouche-mai-scene","status":"publish","type":"post","link":"https:\/\/vosgesinfo.fr\/gerardmerinfo\/2018\/12\/petite-mise-bouche-mai-scene\/","title":{"rendered":"Une petite mise en bouche avant Mai en Sc\u00e8nes"},"content":{"rendered":"\n<h3><span style=\"font-size: 12pt;\">Mardi soir, les ateliers th\u00e9\u00e2tre anim\u00e9s par la Compagnie Le Plateau Ivre en partenariat avec la Ville de G\u00e9rardmer proposaient au public de venir assister \u00e0 une \u00e9tape de travail en vue de Mai en Sc\u00e8nes \u00e0 travers deux petites repr\u00e9sentations : la premi\u00e8re au Tilleul pour les enfants et les ados, et la seconde au Grattoir pour les adultes.<\/span><\/h3>\n<p>Cette ann\u00e9e, la MCL, la Ville et le Plateau Ivre avaient d\u00e9cid\u00e9 de mettre encore plus en valeur ces fameux ateliers mis en place dans le cadre d&rsquo;une convention triennale qui vient d&rsquo;\u00eatre renouvel\u00e9e entre la compagnie th\u00e9\u00e2trale de Vagney et la commune g\u00e9r\u00f4moise. Du coup, Mai en Sc\u00e8nes est int\u00e9gr\u00e9 pleinement \u00e0 la Saison Culturelle et plusieurs spectacles trouveront refuge \u00e0 la MCL en Mai prochain, \u00e0 l&rsquo;image de ceux que proposeront les diff\u00e9rents ateliers th\u00e9\u00e2tres qui b\u00e9n\u00e9ficieront ainsi de conditions optimales pour se produire. Depuis la rentr\u00e9e, les trois groupes travaillent donc sur un th\u00e8me commun, \u00e0 savoir le souvenir, th\u00e8me trait\u00e9 de fa\u00e7on tr\u00e8s diff\u00e9rente, comme ont pu le constater les amateurs qui avaient fait le d\u00e9placement pour assister \u00e0 ces petits \u00ab\u00a0teasers\u00a0\u00bb de Mai en Sc\u00e8nes&#8230;<\/p>\n<p><a href=\"\/2018\/12\/atelier-theatre-plateau-Ivre-5.jpg\"><img decoding=\"async\" class=\"alignright size-medium wp-image-139463\" src=\"\/2018\/12\/atelier-theatre-plateau-Ivre-5-400x225.jpg\" alt=\"atelier theatre plateau Ivre (5)\" width=\"400\" height=\"225\" \/><\/a>Pour le groupe des enfants encadr\u00e9 par Morgane Deman, on est parti sur le souvenir d&rsquo;une journ\u00e9e, avec les petits camarades, les histoires \u00e0 l&rsquo;\u00e9cole etc&#8230; Les textes ont \u00e9t\u00e9 cr\u00e9\u00e9s par les 11 \u00e9l\u00e8ves eux-m\u00eames suite \u00e0 des improvisations reprises puis r\u00e9\u00e9crites pour obtenir la version d\u00e9finitive. Il s&rsquo;agit de leurs id\u00e9es qui ont \u00e9merg\u00e9 \u00e0 partir du th\u00e8me propos\u00e9 cette ann\u00e9e. Une chose est s\u00fbre, si certains avaient un peu le traque avant de se lancer mardi soir, tous ont finalement fait preuve d&rsquo;une tr\u00e8s belle assurance dans ce petit extrait plein d&rsquo;humour, mais pas que&#8230; Du c\u00f4t\u00e9 du nouveau groupe, \u00e0 savoir celui des ados, on a abord\u00e9 le sujet de mani\u00e8re quasi muette : pas de dialogue, quelques onomatop\u00e9es, mais surtout du mouvement, de l&rsquo;expression sur les visages et, l\u00e0 aussi, un zeste d&rsquo;humour avec pour point d&rsquo;ancrage une myst\u00e9rieuse mallette&#8230; \u00ab\u00a0Comme nous avons deux groupes bien distincts et homog\u00e8nes avec une bonne fr\u00e9quentation au lieu d&rsquo;un seul regroupant ados et enfants, nous avons pu aller plus loin et plus en profondeur dans le sujet et la fa\u00e7on de le traiter\u00a0\u00bb pr\u00e9cisait ainsi S\u00e9bastien Poirot, en charge des 6 ados.<\/p>\n<p><a href=\"\/2018\/12\/atelier-adultes-plateau-ivre.jpg\"><img decoding=\"async\" class=\"alignleft size-medium wp-image-139458\" src=\"\/2018\/12\/atelier-adultes-plateau-ivre-400x225.jpg\" alt=\"atelier adultes plateau ivre\" width=\"400\" height=\"225\" \/><\/a>Chez les adultes, encadr\u00e9s par Morgane Deman \u00e9galement, l&rsquo;originalit\u00e9 \u00e9tait une fois de plus de la partie avec des lectures mises en mouvement, mises en sc\u00e8nes pour les 9 \u00e9l\u00e8ves. Pour cela, le groupe a travaill\u00e9 sur des textes d&rsquo;Harold Pinter en explorant toujours le th\u00e8me du souvenir, mais aussi du silence, du ch\u0153ur, de l&rsquo;individualit\u00e9 au service de la collectivit\u00e9, le tout avec une r\u00e9flexion sur la musicalit\u00e9 des mots \u00e0 travers un spectacle rythm\u00e9 et d\u00e9finitivement vivant. Un travail surprenant et ambitieux que ces lectures mises en mouvement, un genre que l&rsquo;atelier du Plateau Ivre remet au go\u00fbt du jour pour Mai en Sc\u00e8nes !<\/p>\n<p>&nbsp;<\/p>\n","protected":false},"excerpt":{"rendered":"<p>Mardi soir, les ateliers th\u00e9\u00e2tre anim\u00e9s par la Compagnie Le Plateau Ivre en partenariat avec la Ville de G\u00e9rardmer proposaient [&hellip;]<\/p>\n","protected":false},"author":42,"featured_media":38648,"comment_status":"open","ping_status":"open","sticky":false,"template":"","format":"standard","meta":{"footnotes":""},"categories":[20,4,25],"tags":[1988,558],"class_list":["post-38647","post","type-post","status-publish","format-standard","has-post-thumbnail","hentry","category-a-la-une","category-culture","category-gerardmer","tag-festival-mai-en-scenes","tag-plateau-ivre"],"acf":[],"yoast_head":"<!-- This site is optimized with the Yoast SEO plugin v22.5 - https:\/\/yoast.com\/wordpress\/plugins\/seo\/ -->\n<title>Une petite mise en bouche avant Mai en Sc\u00e8nes - Gerardmer Info<\/title>\n<meta name=\"robots\" content=\"index, follow, max-snippet:-1, max-image-preview:large, max-video-preview:-1\" \/>\n<link rel=\"canonical\" href=\"https:\/\/vosgesinfo.fr\/gerardmerinfo\/2018\/12\/petite-mise-bouche-mai-scene\/\" \/>\n<meta name=\"twitter:card\" content=\"summary_large_image\" \/>\n<meta name=\"twitter:title\" content=\"Une petite mise en bouche avant Mai en Sc\u00e8nes - Gerardmer Info\" \/>\n<meta name=\"twitter:description\" content=\"Mardi soir, les ateliers th\u00e9\u00e2tre anim\u00e9s par la Compagnie Le Plateau Ivre en partenariat avec la Ville de G\u00e9rardmer proposaient [&hellip;]\" \/>\n<meta name=\"twitter:image\" content=\"https:\/\/vosgesinfo.fr\/app\/uploads\/sites\/6\/2024\/07\/201812atelier-theatre-plateau-ivre-5.jpg\" \/>\n<meta name=\"twitter:creator\" content=\"@VosgesInfo88\" \/>\n<meta name=\"twitter:site\" content=\"@VosgesInfo88\" \/>\n<meta name=\"twitter:label1\" content=\"\u00c9crit par\" \/>\n\t<meta name=\"twitter:data1\" content=\"QG\" \/>\n\t<meta name=\"twitter:label2\" content=\"Dur\u00e9e de lecture estim\u00e9e\" \/>\n\t<meta name=\"twitter:data2\" content=\"3 minutes\" \/>\n<script type=\"application\/ld+json\" class=\"yoast-schema-graph\">{\"@context\":\"https:\/\/schema.org\",\"@graph\":[{\"@type\":\"Article\",\"@id\":\"https:\/\/vosgesinfo.fr\/gerardmerinfo\/2018\/12\/petite-mise-bouche-mai-scene\/#article\",\"isPartOf\":{\"@id\":\"https:\/\/vosgesinfo.fr\/gerardmerinfo\/2018\/12\/petite-mise-bouche-mai-scene\/\"},\"author\":{\"name\":\"QG\",\"@id\":\"https:\/\/vosgesinfo.fr\/gerardmerinfo\/#\/schema\/person\/db5605779a843dad16b5368f3e7613a5\"},\"headline\":\"Une petite mise en bouche avant Mai en Sc\u00e8nes\",\"datePublished\":\"2018-12-19T16:32:42+00:00\",\"dateModified\":\"2018-12-19T16:32:42+00:00\",\"mainEntityOfPage\":{\"@id\":\"https:\/\/vosgesinfo.fr\/gerardmerinfo\/2018\/12\/petite-mise-bouche-mai-scene\/\"},\"wordCount\":563,\"commentCount\":0,\"publisher\":{\"@id\":\"https:\/\/vosgesinfo.fr\/gerardmerinfo\/#organization\"},\"image\":{\"@id\":\"https:\/\/vosgesinfo.fr\/gerardmerinfo\/2018\/12\/petite-mise-bouche-mai-scene\/#primaryimage\"},\"thumbnailUrl\":\"https:\/\/vosgesinfo.fr\/app\/uploads\/sites\/6\/2024\/07\/201812atelier-theatre-plateau-ivre-5.jpg\",\"keywords\":[\"festival mai en scenes\",\"plateau Ivre\"],\"articleSection\":[\"A la une\",\"Culture\",\"G\u00e9rardmer\"],\"inLanguage\":\"fr-FR\",\"potentialAction\":[{\"@type\":\"CommentAction\",\"name\":\"Comment\",\"target\":[\"https:\/\/vosgesinfo.fr\/gerardmerinfo\/2018\/12\/petite-mise-bouche-mai-scene\/#respond\"]}]},{\"@type\":\"WebPage\",\"@id\":\"https:\/\/vosgesinfo.fr\/gerardmerinfo\/2018\/12\/petite-mise-bouche-mai-scene\/\",\"url\":\"https:\/\/vosgesinfo.fr\/gerardmerinfo\/2018\/12\/petite-mise-bouche-mai-scene\/\",\"name\":\"Une petite mise en bouche avant Mai en Sc\u00e8nes - Gerardmer Info\",\"isPartOf\":{\"@id\":\"https:\/\/vosgesinfo.fr\/gerardmerinfo\/#website\"},\"primaryImageOfPage\":{\"@id\":\"https:\/\/vosgesinfo.fr\/gerardmerinfo\/2018\/12\/petite-mise-bouche-mai-scene\/#primaryimage\"},\"image\":{\"@id\":\"https:\/\/vosgesinfo.fr\/gerardmerinfo\/2018\/12\/petite-mise-bouche-mai-scene\/#primaryimage\"},\"thumbnailUrl\":\"https:\/\/vosgesinfo.fr\/app\/uploads\/sites\/6\/2024\/07\/201812atelier-theatre-plateau-ivre-5.jpg\",\"datePublished\":\"2018-12-19T16:32:42+00:00\",\"dateModified\":\"2018-12-19T16:32:42+00:00\",\"breadcrumb\":{\"@id\":\"https:\/\/vosgesinfo.fr\/gerardmerinfo\/2018\/12\/petite-mise-bouche-mai-scene\/#breadcrumb\"},\"inLanguage\":\"fr-FR\",\"potentialAction\":[{\"@type\":\"ReadAction\",\"target\":[\"https:\/\/vosgesinfo.fr\/gerardmerinfo\/2018\/12\/petite-mise-bouche-mai-scene\/\"]}]},{\"@type\":\"ImageObject\",\"inLanguage\":\"fr-FR\",\"@id\":\"https:\/\/vosgesinfo.fr\/gerardmerinfo\/2018\/12\/petite-mise-bouche-mai-scene\/#primaryimage\",\"url\":\"https:\/\/vosgesinfo.fr\/app\/uploads\/sites\/6\/2024\/07\/201812atelier-theatre-plateau-ivre-5.jpg\",\"contentUrl\":\"https:\/\/vosgesinfo.fr\/app\/uploads\/sites\/6\/2024\/07\/201812atelier-theatre-plateau-ivre-5.jpg\",\"width\":800,\"height\":450},{\"@type\":\"BreadcrumbList\",\"@id\":\"https:\/\/vosgesinfo.fr\/gerardmerinfo\/2018\/12\/petite-mise-bouche-mai-scene\/#breadcrumb\",\"itemListElement\":[{\"@type\":\"ListItem\",\"position\":1,\"name\":\"Home\",\"item\":\"https:\/\/vosgesinfo.fr\/gerardmerinfo\/\"},{\"@type\":\"ListItem\",\"position\":2,\"name\":\"Une petite mise en bouche avant Mai en Sc\u00e8nes\"}]},{\"@type\":\"WebSite\",\"@id\":\"https:\/\/vosgesinfo.fr\/gerardmerinfo\/#website\",\"url\":\"https:\/\/vosgesinfo.fr\/gerardmerinfo\/\",\"name\":\"Gerardmer Info\",\"description\":\"Toute l&#039;actualit\u00e9 de G\u00e9rardmer\",\"publisher\":{\"@id\":\"https:\/\/vosgesinfo.fr\/gerardmerinfo\/#organization\"},\"alternateName\":\"Toute l'actualit\u00e9 de G\u00e9rardmer\",\"potentialAction\":[{\"@type\":\"SearchAction\",\"target\":{\"@type\":\"EntryPoint\",\"urlTemplate\":\"https:\/\/vosgesinfo.fr\/gerardmerinfo\/?s={search_term_string}\"},\"query-input\":\"required name=search_term_string\"}],\"inLanguage\":\"fr-FR\"},{\"@type\":\"Organization\",\"@id\":\"https:\/\/vosgesinfo.fr\/gerardmerinfo\/#organization\",\"name\":\"Gerardmer Info\",\"url\":\"https:\/\/vosgesinfo.fr\/gerardmerinfo\/\",\"logo\":{\"@type\":\"ImageObject\",\"inLanguage\":\"fr-FR\",\"@id\":\"https:\/\/vosgesinfo.fr\/gerardmerinfo\/#\/schema\/logo\/image\/\",\"url\":\"https:\/\/vosgesinfo.fr\/app\/uploads\/sites\/6\/2023\/08\/favicon-gerardmerinfo.png\",\"contentUrl\":\"https:\/\/vosgesinfo.fr\/app\/uploads\/sites\/6\/2023\/08\/favicon-gerardmerinfo.png\",\"width\":512,\"height\":512,\"caption\":\"Gerardmer Info\"},\"image\":{\"@id\":\"https:\/\/vosgesinfo.fr\/gerardmerinfo\/#\/schema\/logo\/image\/\"},\"sameAs\":[\"https:\/\/www.facebook.com\/profile.php?id=100049475262660\",\"https:\/\/x.com\/VosgesInfo88\",\"https:\/\/www.youtube.com\/@vosgesinfo\"]},{\"@type\":\"Person\",\"@id\":\"https:\/\/vosgesinfo.fr\/gerardmerinfo\/#\/schema\/person\/db5605779a843dad16b5368f3e7613a5\",\"name\":\"QG\",\"image\":{\"@type\":\"ImageObject\",\"inLanguage\":\"fr-FR\",\"@id\":\"https:\/\/vosgesinfo.fr\/gerardmerinfo\/#\/schema\/person\/image\/\",\"url\":\"https:\/\/secure.gravatar.com\/avatar\/ea80c42c204b534408512832fde52504ecabb9706bcb6151cf6175e5b64e6793?s=96&d=mm&r=g\",\"contentUrl\":\"https:\/\/secure.gravatar.com\/avatar\/ea80c42c204b534408512832fde52504ecabb9706bcb6151cf6175e5b64e6793?s=96&d=mm&r=g\",\"caption\":\"QG\"},\"url\":\"https:\/\/vosgesinfo.fr\/gerardmerinfo\/author\/quentin88\/\"}]}<\/script>\n<!-- \/ Yoast SEO plugin. -->","yoast_head_json":{"title":"Une petite mise en bouche avant Mai en Sc\u00e8nes - Gerardmer Info","robots":{"index":"index","follow":"follow","max-snippet":"max-snippet:-1","max-image-preview":"max-image-preview:large","max-video-preview":"max-video-preview:-1"},"canonical":"https:\/\/vosgesinfo.fr\/gerardmerinfo\/2018\/12\/petite-mise-bouche-mai-scene\/","twitter_card":"summary_large_image","twitter_title":"Une petite mise en bouche avant Mai en Sc\u00e8nes - Gerardmer Info","twitter_description":"Mardi soir, les ateliers th\u00e9\u00e2tre anim\u00e9s par la Compagnie Le Plateau Ivre en partenariat avec la Ville de G\u00e9rardmer proposaient [&hellip;]","twitter_image":"https:\/\/vosgesinfo.fr\/app\/uploads\/sites\/6\/2024\/07\/201812atelier-theatre-plateau-ivre-5.jpg","twitter_creator":"@VosgesInfo88","twitter_site":"@VosgesInfo88","twitter_misc":{"\u00c9crit par":"QG","Dur\u00e9e de lecture estim\u00e9e":"3 minutes"},"schema":{"@context":"https:\/\/schema.org","@graph":[{"@type":"Article","@id":"https:\/\/vosgesinfo.fr\/gerardmerinfo\/2018\/12\/petite-mise-bouche-mai-scene\/#article","isPartOf":{"@id":"https:\/\/vosgesinfo.fr\/gerardmerinfo\/2018\/12\/petite-mise-bouche-mai-scene\/"},"author":{"name":"QG","@id":"https:\/\/vosgesinfo.fr\/gerardmerinfo\/#\/schema\/person\/db5605779a843dad16b5368f3e7613a5"},"headline":"Une petite mise en bouche avant Mai en Sc\u00e8nes","datePublished":"2018-12-19T16:32:42+00:00","dateModified":"2018-12-19T16:32:42+00:00","mainEntityOfPage":{"@id":"https:\/\/vosgesinfo.fr\/gerardmerinfo\/2018\/12\/petite-mise-bouche-mai-scene\/"},"wordCount":563,"commentCount":0,"publisher":{"@id":"https:\/\/vosgesinfo.fr\/gerardmerinfo\/#organization"},"image":{"@id":"https:\/\/vosgesinfo.fr\/gerardmerinfo\/2018\/12\/petite-mise-bouche-mai-scene\/#primaryimage"},"thumbnailUrl":"https:\/\/vosgesinfo.fr\/app\/uploads\/sites\/6\/2024\/07\/201812atelier-theatre-plateau-ivre-5.jpg","keywords":["festival mai en scenes","plateau Ivre"],"articleSection":["A la une","Culture","G\u00e9rardmer"],"inLanguage":"fr-FR","potentialAction":[{"@type":"CommentAction","name":"Comment","target":["https:\/\/vosgesinfo.fr\/gerardmerinfo\/2018\/12\/petite-mise-bouche-mai-scene\/#respond"]}]},{"@type":"WebPage","@id":"https:\/\/vosgesinfo.fr\/gerardmerinfo\/2018\/12\/petite-mise-bouche-mai-scene\/","url":"https:\/\/vosgesinfo.fr\/gerardmerinfo\/2018\/12\/petite-mise-bouche-mai-scene\/","name":"Une petite mise en bouche avant Mai en Sc\u00e8nes - Gerardmer Info","isPartOf":{"@id":"https:\/\/vosgesinfo.fr\/gerardmerinfo\/#website"},"primaryImageOfPage":{"@id":"https:\/\/vosgesinfo.fr\/gerardmerinfo\/2018\/12\/petite-mise-bouche-mai-scene\/#primaryimage"},"image":{"@id":"https:\/\/vosgesinfo.fr\/gerardmerinfo\/2018\/12\/petite-mise-bouche-mai-scene\/#primaryimage"},"thumbnailUrl":"https:\/\/vosgesinfo.fr\/app\/uploads\/sites\/6\/2024\/07\/201812atelier-theatre-plateau-ivre-5.jpg","datePublished":"2018-12-19T16:32:42+00:00","dateModified":"2018-12-19T16:32:42+00:00","breadcrumb":{"@id":"https:\/\/vosgesinfo.fr\/gerardmerinfo\/2018\/12\/petite-mise-bouche-mai-scene\/#breadcrumb"},"inLanguage":"fr-FR","potentialAction":[{"@type":"ReadAction","target":["https:\/\/vosgesinfo.fr\/gerardmerinfo\/2018\/12\/petite-mise-bouche-mai-scene\/"]}]},{"@type":"ImageObject","inLanguage":"fr-FR","@id":"https:\/\/vosgesinfo.fr\/gerardmerinfo\/2018\/12\/petite-mise-bouche-mai-scene\/#primaryimage","url":"https:\/\/vosgesinfo.fr\/app\/uploads\/sites\/6\/2024\/07\/201812atelier-theatre-plateau-ivre-5.jpg","contentUrl":"https:\/\/vosgesinfo.fr\/app\/uploads\/sites\/6\/2024\/07\/201812atelier-theatre-plateau-ivre-5.jpg","width":800,"height":450},{"@type":"BreadcrumbList","@id":"https:\/\/vosgesinfo.fr\/gerardmerinfo\/2018\/12\/petite-mise-bouche-mai-scene\/#breadcrumb","itemListElement":[{"@type":"ListItem","position":1,"name":"Home","item":"https:\/\/vosgesinfo.fr\/gerardmerinfo\/"},{"@type":"ListItem","position":2,"name":"Une petite mise en bouche avant Mai en Sc\u00e8nes"}]},{"@type":"WebSite","@id":"https:\/\/vosgesinfo.fr\/gerardmerinfo\/#website","url":"https:\/\/vosgesinfo.fr\/gerardmerinfo\/","name":"Gerardmer Info","description":"Toute l&#039;actualit\u00e9 de G\u00e9rardmer","publisher":{"@id":"https:\/\/vosgesinfo.fr\/gerardmerinfo\/#organization"},"alternateName":"Toute l'actualit\u00e9 de G\u00e9rardmer","potentialAction":[{"@type":"SearchAction","target":{"@type":"EntryPoint","urlTemplate":"https:\/\/vosgesinfo.fr\/gerardmerinfo\/?s={search_term_string}"},"query-input":"required name=search_term_string"}],"inLanguage":"fr-FR"},{"@type":"Organization","@id":"https:\/\/vosgesinfo.fr\/gerardmerinfo\/#organization","name":"Gerardmer Info","url":"https:\/\/vosgesinfo.fr\/gerardmerinfo\/","logo":{"@type":"ImageObject","inLanguage":"fr-FR","@id":"https:\/\/vosgesinfo.fr\/gerardmerinfo\/#\/schema\/logo\/image\/","url":"https:\/\/vosgesinfo.fr\/app\/uploads\/sites\/6\/2023\/08\/favicon-gerardmerinfo.png","contentUrl":"https:\/\/vosgesinfo.fr\/app\/uploads\/sites\/6\/2023\/08\/favicon-gerardmerinfo.png","width":512,"height":512,"caption":"Gerardmer Info"},"image":{"@id":"https:\/\/vosgesinfo.fr\/gerardmerinfo\/#\/schema\/logo\/image\/"},"sameAs":["https:\/\/www.facebook.com\/profile.php?id=100049475262660","https:\/\/x.com\/VosgesInfo88","https:\/\/www.youtube.com\/@vosgesinfo"]},{"@type":"Person","@id":"https:\/\/vosgesinfo.fr\/gerardmerinfo\/#\/schema\/person\/db5605779a843dad16b5368f3e7613a5","name":"QG","image":{"@type":"ImageObject","inLanguage":"fr-FR","@id":"https:\/\/vosgesinfo.fr\/gerardmerinfo\/#\/schema\/person\/image\/","url":"https:\/\/secure.gravatar.com\/avatar\/ea80c42c204b534408512832fde52504ecabb9706bcb6151cf6175e5b64e6793?s=96&d=mm&r=g","contentUrl":"https:\/\/secure.gravatar.com\/avatar\/ea80c42c204b534408512832fde52504ecabb9706bcb6151cf6175e5b64e6793?s=96&d=mm&r=g","caption":"QG"},"url":"https:\/\/vosgesinfo.fr\/gerardmerinfo\/author\/quentin88\/"}]}},"_links":{"self":[{"href":"https:\/\/vosgesinfo.fr\/gerardmerinfo\/wp-json\/wp\/v2\/posts\/38647","targetHints":{"allow":["GET"]}}],"collection":[{"href":"https:\/\/vosgesinfo.fr\/gerardmerinfo\/wp-json\/wp\/v2\/posts"}],"about":[{"href":"https:\/\/vosgesinfo.fr\/gerardmerinfo\/wp-json\/wp\/v2\/types\/post"}],"author":[{"embeddable":true,"href":"https:\/\/vosgesinfo.fr\/gerardmerinfo\/wp-json\/wp\/v2\/users\/42"}],"replies":[{"embeddable":true,"href":"https:\/\/vosgesinfo.fr\/gerardmerinfo\/wp-json\/wp\/v2\/comments?post=38647"}],"version-history":[{"count":0,"href":"https:\/\/vosgesinfo.fr\/gerardmerinfo\/wp-json\/wp\/v2\/posts\/38647\/revisions"}],"wp:featuredmedia":[{"embeddable":true,"href":"https:\/\/vosgesinfo.fr\/gerardmerinfo\/wp-json\/wp\/v2\/media\/38648"}],"wp:attachment":[{"href":"https:\/\/vosgesinfo.fr\/gerardmerinfo\/wp-json\/wp\/v2\/media?parent=38647"}],"wp:term":[{"taxonomy":"category","embeddable":true,"href":"https:\/\/vosgesinfo.fr\/gerardmerinfo\/wp-json\/wp\/v2\/categories?post=38647"},{"taxonomy":"post_tag","embeddable":true,"href":"https:\/\/vosgesinfo.fr\/gerardmerinfo\/wp-json\/wp\/v2\/tags?post=38647"}],"curies":[{"name":"wp","href":"https:\/\/api.w.org\/{rel}","templated":true}]}}