{"id":38774,"date":"2019-01-03T17:07:03","date_gmt":"2019-01-03T16:07:03","guid":{"rendered":"https:\/\/vosgesinfo.fr\/gerardmerinfo\/2019\/01\/opera-retransmission-a-mcl-de-gerardmer-simon-boccanegra\/"},"modified":"2019-01-03T17:07:03","modified_gmt":"2019-01-03T16:07:03","slug":"opera-retransmission-a-mcl-de-gerardmer-simon-boccanegra","status":"publish","type":"post","link":"https:\/\/vosgesinfo.fr\/gerardmerinfo\/2019\/01\/opera-retransmission-a-mcl-de-gerardmer-simon-boccanegra\/","title":{"rendered":"Op\u00e9ra en retransmission \u00e0 la MCL de g\u00e9rardmer : Simon Boccanegra"},"content":{"rendered":"<h2 class=\"western\" style=\"text-align: center;\"><span style=\"color: #000000;\"><span style=\"font-family: Times New Roman, serif;\"><span style=\"font-size: medium;\"><b><a href=\"\/2018\/12\/OR_simonboccanegra_130119.jpg\"><img decoding=\"async\" class=\"aligncenter size-full wp-image-139698\" src=\"\/2018\/12\/OR_simonboccanegra_130119.jpg\" alt=\"OR_simonboccanegra_130119\" width=\"800\" height=\"566\" \/><\/a><br \/>\n<span style=\"font-size: 14pt;\">Dimanche 13 janvier \u00e0 15h \u00e0 la MCL de G\u00e9rardmer.<\/span><\/b><\/span><\/span><\/span><\/h2>\n<p>&nbsp;<\/p>\n<p><span style=\"color: #000000; font-size: 14pt;\"><span style=\"font-family: Times New Roman, serif;\">Les ambivalences du th\u00e9\u00e2tre verdien s\u2019entendent avec une nettet\u00e9 toute particuli\u00e8re dans les r\u00f4les de baryton. Parmi eux, celui de Boccanegra, corsaire devenu doge g\u00e9nois, t\u00e9moin pr\u00e9occup\u00e9 des d\u00e9chirements qui opposaient au XIVe si\u00e8cle patriciens et pl\u00e9b\u00e9iens. Op\u00e9ra \u00e9minemment politique o\u00f9 les conflits de pouvoir se m\u00ealent aux temp\u00eates de la vie familiale, Simon Boccanegra fait \u00e9cho \u00e0 la vie de son compositeur \u2013 lui qui arbora l\u2019\u00e9tendard de l\u2019unification italienne et surmonta la perte de sa femme et de ses enfants. Calixto Bieito, le plus shakespearien des metteurs en sc\u00e8ne d\u2019op\u00e9ra, offre un humanisme et une v\u00e9rit\u00e9 \u00e0 cette \u0153uvre hant\u00e9e de scintillantes images maritimes.<\/span><\/span><\/p>\n<p><span style=\"color: #000000; font-size: 14pt;\"><span style=\"font-family: Times New Roman, serif;\">Melodramma en un prologue et trois actes (1881) | Musique de Giuseppe Verdi<\/span><\/span><\/p>\n<p><span style=\"color: #000000; font-size: 14pt;\"><span style=\"font-family: Times New Roman, serif;\"><br \/>\nS\u00e9ance propos\u00e9e dans le cadre de la saison culturelle de G\u00e9rardmer.<\/span><\/span><\/p>\n<p align=\"LEFT\"><span style=\"color: #000000; font-size: 14pt;\"><span style=\"font-family: Times New Roman, serif;\"><i>Tarif plein\u00a0: 18\u20ac \/ Adh\u00e9rents MCL\u00a0: 15\u20ac \/ Moins de 16 ans\u00a0: 10\u20ac<br \/>\nAchat des places en pr\u00e9-vente \u00e0 la MCL disponible d\u00e8s maintenant !<\/i><\/span><\/span><\/p>\n","protected":false},"excerpt":{"rendered":"<p>Dimanche 13 janvier \u00e0 15h \u00e0 la MCL de G\u00e9rardmer. &nbsp; Les ambivalences du th\u00e9\u00e2tre verdien s\u2019entendent avec une nettet\u00e9 [&hellip;]<\/p>\n","protected":false},"author":1,"featured_media":38775,"comment_status":"open","ping_status":"open","sticky":false,"template":"","format":"standard","meta":{"footnotes":""},"categories":[20],"tags":[103,3319],"class_list":["post-38774","post","type-post","status-publish","format-standard","has-post-thumbnail","hentry","category-a-la-une","tag-mcl-gerardmer","tag-opera-en-retransmission"],"acf":[],"yoast_head":"<!-- This site is optimized with the Yoast SEO plugin v22.5 - https:\/\/yoast.com\/wordpress\/plugins\/seo\/ -->\n<title>Op\u00e9ra en retransmission \u00e0 la MCL de g\u00e9rardmer : Simon Boccanegra - Gerardmer Info<\/title>\n<meta name=\"robots\" content=\"index, follow, max-snippet:-1, max-image-preview:large, max-video-preview:-1\" \/>\n<link rel=\"canonical\" href=\"https:\/\/vosgesinfo.fr\/gerardmerinfo\/2019\/01\/opera-retransmission-a-mcl-de-gerardmer-simon-boccanegra\/\" \/>\n<meta name=\"twitter:card\" content=\"summary_large_image\" \/>\n<meta name=\"twitter:title\" content=\"Op\u00e9ra en retransmission \u00e0 la MCL de g\u00e9rardmer : Simon Boccanegra - Gerardmer Info\" \/>\n<meta name=\"twitter:description\" content=\"Dimanche 13 janvier \u00e0 15h \u00e0 la MCL de G\u00e9rardmer. &nbsp; Les ambivalences du th\u00e9\u00e2tre verdien s\u2019entendent avec une nettet\u00e9 [&hellip;]\" \/>\n<meta name=\"twitter:image\" content=\"https:\/\/vosgesinfo.fr\/app\/uploads\/sites\/6\/2024\/07\/201812or-simonboccanegra-130119.jpg\" \/>\n<meta name=\"twitter:creator\" content=\"@VosgesInfo88\" \/>\n<meta name=\"twitter:site\" content=\"@VosgesInfo88\" \/>\n<meta name=\"twitter:label1\" content=\"\u00c9crit par\" \/>\n\t<meta name=\"twitter:data1\" content=\"qs_admin\" \/>\n\t<meta name=\"twitter:label2\" content=\"Dur\u00e9e de lecture estim\u00e9e\" \/>\n\t<meta name=\"twitter:data2\" content=\"1 minute\" \/>\n<script type=\"application\/ld+json\" class=\"yoast-schema-graph\">{\"@context\":\"https:\/\/schema.org\",\"@graph\":[{\"@type\":\"Article\",\"@id\":\"https:\/\/vosgesinfo.fr\/gerardmerinfo\/2019\/01\/opera-retransmission-a-mcl-de-gerardmer-simon-boccanegra\/#article\",\"isPartOf\":{\"@id\":\"https:\/\/vosgesinfo.fr\/gerardmerinfo\/2019\/01\/opera-retransmission-a-mcl-de-gerardmer-simon-boccanegra\/\"},\"author\":{\"name\":\"qs_admin\",\"@id\":\"https:\/\/vosgesinfo.fr\/gerardmerinfo\/#\/schema\/person\/bc5d02d71e6932e81b6dadb7386667b1\"},\"headline\":\"Op\u00e9ra en retransmission \u00e0 la MCL de g\u00e9rardmer : Simon Boccanegra\",\"datePublished\":\"2019-01-03T16:07:03+00:00\",\"dateModified\":\"2019-01-03T16:07:03+00:00\",\"mainEntityOfPage\":{\"@id\":\"https:\/\/vosgesinfo.fr\/gerardmerinfo\/2019\/01\/opera-retransmission-a-mcl-de-gerardmer-simon-boccanegra\/\"},\"wordCount\":189,\"commentCount\":0,\"publisher\":{\"@id\":\"https:\/\/vosgesinfo.fr\/gerardmerinfo\/#organization\"},\"image\":{\"@id\":\"https:\/\/vosgesinfo.fr\/gerardmerinfo\/2019\/01\/opera-retransmission-a-mcl-de-gerardmer-simon-boccanegra\/#primaryimage\"},\"thumbnailUrl\":\"https:\/\/vosgesinfo.fr\/app\/uploads\/sites\/6\/2024\/07\/201812or-simonboccanegra-130119.jpg\",\"keywords\":[\"MCL G\u00e9rardmer\",\"op\u00e9ra en retransmission\"],\"articleSection\":[\"A la une\"],\"inLanguage\":\"fr-FR\",\"potentialAction\":[{\"@type\":\"CommentAction\",\"name\":\"Comment\",\"target\":[\"https:\/\/vosgesinfo.fr\/gerardmerinfo\/2019\/01\/opera-retransmission-a-mcl-de-gerardmer-simon-boccanegra\/#respond\"]}]},{\"@type\":\"WebPage\",\"@id\":\"https:\/\/vosgesinfo.fr\/gerardmerinfo\/2019\/01\/opera-retransmission-a-mcl-de-gerardmer-simon-boccanegra\/\",\"url\":\"https:\/\/vosgesinfo.fr\/gerardmerinfo\/2019\/01\/opera-retransmission-a-mcl-de-gerardmer-simon-boccanegra\/\",\"name\":\"Op\u00e9ra en retransmission \u00e0 la MCL de g\u00e9rardmer : Simon Boccanegra - Gerardmer Info\",\"isPartOf\":{\"@id\":\"https:\/\/vosgesinfo.fr\/gerardmerinfo\/#website\"},\"primaryImageOfPage\":{\"@id\":\"https:\/\/vosgesinfo.fr\/gerardmerinfo\/2019\/01\/opera-retransmission-a-mcl-de-gerardmer-simon-boccanegra\/#primaryimage\"},\"image\":{\"@id\":\"https:\/\/vosgesinfo.fr\/gerardmerinfo\/2019\/01\/opera-retransmission-a-mcl-de-gerardmer-simon-boccanegra\/#primaryimage\"},\"thumbnailUrl\":\"https:\/\/vosgesinfo.fr\/app\/uploads\/sites\/6\/2024\/07\/201812or-simonboccanegra-130119.jpg\",\"datePublished\":\"2019-01-03T16:07:03+00:00\",\"dateModified\":\"2019-01-03T16:07:03+00:00\",\"breadcrumb\":{\"@id\":\"https:\/\/vosgesinfo.fr\/gerardmerinfo\/2019\/01\/opera-retransmission-a-mcl-de-gerardmer-simon-boccanegra\/#breadcrumb\"},\"inLanguage\":\"fr-FR\",\"potentialAction\":[{\"@type\":\"ReadAction\",\"target\":[\"https:\/\/vosgesinfo.fr\/gerardmerinfo\/2019\/01\/opera-retransmission-a-mcl-de-gerardmer-simon-boccanegra\/\"]}]},{\"@type\":\"ImageObject\",\"inLanguage\":\"fr-FR\",\"@id\":\"https:\/\/vosgesinfo.fr\/gerardmerinfo\/2019\/01\/opera-retransmission-a-mcl-de-gerardmer-simon-boccanegra\/#primaryimage\",\"url\":\"https:\/\/vosgesinfo.fr\/app\/uploads\/sites\/6\/2024\/07\/201812or-simonboccanegra-130119.jpg\",\"contentUrl\":\"https:\/\/vosgesinfo.fr\/app\/uploads\/sites\/6\/2024\/07\/201812or-simonboccanegra-130119.jpg\",\"width\":800,\"height\":566},{\"@type\":\"BreadcrumbList\",\"@id\":\"https:\/\/vosgesinfo.fr\/gerardmerinfo\/2019\/01\/opera-retransmission-a-mcl-de-gerardmer-simon-boccanegra\/#breadcrumb\",\"itemListElement\":[{\"@type\":\"ListItem\",\"position\":1,\"name\":\"Home\",\"item\":\"https:\/\/vosgesinfo.fr\/gerardmerinfo\/\"},{\"@type\":\"ListItem\",\"position\":2,\"name\":\"Op\u00e9ra en retransmission \u00e0 la MCL de g\u00e9rardmer : Simon Boccanegra\"}]},{\"@type\":\"WebSite\",\"@id\":\"https:\/\/vosgesinfo.fr\/gerardmerinfo\/#website\",\"url\":\"https:\/\/vosgesinfo.fr\/gerardmerinfo\/\",\"name\":\"Gerardmer Info\",\"description\":\"Toute l&#039;actualit\u00e9 de G\u00e9rardmer\",\"publisher\":{\"@id\":\"https:\/\/vosgesinfo.fr\/gerardmerinfo\/#organization\"},\"alternateName\":\"Toute l'actualit\u00e9 de G\u00e9rardmer\",\"potentialAction\":[{\"@type\":\"SearchAction\",\"target\":{\"@type\":\"EntryPoint\",\"urlTemplate\":\"https:\/\/vosgesinfo.fr\/gerardmerinfo\/?s={search_term_string}\"},\"query-input\":\"required name=search_term_string\"}],\"inLanguage\":\"fr-FR\"},{\"@type\":\"Organization\",\"@id\":\"https:\/\/vosgesinfo.fr\/gerardmerinfo\/#organization\",\"name\":\"Gerardmer Info\",\"url\":\"https:\/\/vosgesinfo.fr\/gerardmerinfo\/\",\"logo\":{\"@type\":\"ImageObject\",\"inLanguage\":\"fr-FR\",\"@id\":\"https:\/\/vosgesinfo.fr\/gerardmerinfo\/#\/schema\/logo\/image\/\",\"url\":\"https:\/\/vosgesinfo.fr\/app\/uploads\/sites\/6\/2023\/08\/favicon-gerardmerinfo.png\",\"contentUrl\":\"https:\/\/vosgesinfo.fr\/app\/uploads\/sites\/6\/2023\/08\/favicon-gerardmerinfo.png\",\"width\":512,\"height\":512,\"caption\":\"Gerardmer Info\"},\"image\":{\"@id\":\"https:\/\/vosgesinfo.fr\/gerardmerinfo\/#\/schema\/logo\/image\/\"},\"sameAs\":[\"https:\/\/www.facebook.com\/profile.php?id=100049475262660\",\"https:\/\/x.com\/VosgesInfo88\",\"https:\/\/www.youtube.com\/@vosgesinfo\"]},{\"@type\":\"Person\",\"@id\":\"https:\/\/vosgesinfo.fr\/gerardmerinfo\/#\/schema\/person\/bc5d02d71e6932e81b6dadb7386667b1\",\"name\":\"qs_admin\",\"image\":{\"@type\":\"ImageObject\",\"inLanguage\":\"fr-FR\",\"@id\":\"https:\/\/vosgesinfo.fr\/gerardmerinfo\/#\/schema\/person\/image\/\",\"url\":\"https:\/\/secure.gravatar.com\/avatar\/94b18ee0ed79e4a42ea2f2931277b6841a8999fc6fde214600c78057cf1fe1de?s=96&d=mm&r=g\",\"contentUrl\":\"https:\/\/secure.gravatar.com\/avatar\/94b18ee0ed79e4a42ea2f2931277b6841a8999fc6fde214600c78057cf1fe1de?s=96&d=mm&r=g\",\"caption\":\"qs_admin\"},\"sameAs\":[\"https:\/\/vosgesinfo.fr\/wp\"],\"url\":\"https:\/\/vosgesinfo.fr\/gerardmerinfo\/author\/qs_admin\/\"}]}<\/script>\n<!-- \/ Yoast SEO plugin. -->","yoast_head_json":{"title":"Op\u00e9ra en retransmission \u00e0 la MCL de g\u00e9rardmer : Simon Boccanegra - Gerardmer Info","robots":{"index":"index","follow":"follow","max-snippet":"max-snippet:-1","max-image-preview":"max-image-preview:large","max-video-preview":"max-video-preview:-1"},"canonical":"https:\/\/vosgesinfo.fr\/gerardmerinfo\/2019\/01\/opera-retransmission-a-mcl-de-gerardmer-simon-boccanegra\/","twitter_card":"summary_large_image","twitter_title":"Op\u00e9ra en retransmission \u00e0 la MCL de g\u00e9rardmer : Simon Boccanegra - Gerardmer Info","twitter_description":"Dimanche 13 janvier \u00e0 15h \u00e0 la MCL de G\u00e9rardmer. &nbsp; Les ambivalences du th\u00e9\u00e2tre verdien s\u2019entendent avec une nettet\u00e9 [&hellip;]","twitter_image":"https:\/\/vosgesinfo.fr\/app\/uploads\/sites\/6\/2024\/07\/201812or-simonboccanegra-130119.jpg","twitter_creator":"@VosgesInfo88","twitter_site":"@VosgesInfo88","twitter_misc":{"\u00c9crit par":"qs_admin","Dur\u00e9e de lecture estim\u00e9e":"1 minute"},"schema":{"@context":"https:\/\/schema.org","@graph":[{"@type":"Article","@id":"https:\/\/vosgesinfo.fr\/gerardmerinfo\/2019\/01\/opera-retransmission-a-mcl-de-gerardmer-simon-boccanegra\/#article","isPartOf":{"@id":"https:\/\/vosgesinfo.fr\/gerardmerinfo\/2019\/01\/opera-retransmission-a-mcl-de-gerardmer-simon-boccanegra\/"},"author":{"name":"qs_admin","@id":"https:\/\/vosgesinfo.fr\/gerardmerinfo\/#\/schema\/person\/bc5d02d71e6932e81b6dadb7386667b1"},"headline":"Op\u00e9ra en retransmission \u00e0 la MCL de g\u00e9rardmer : Simon Boccanegra","datePublished":"2019-01-03T16:07:03+00:00","dateModified":"2019-01-03T16:07:03+00:00","mainEntityOfPage":{"@id":"https:\/\/vosgesinfo.fr\/gerardmerinfo\/2019\/01\/opera-retransmission-a-mcl-de-gerardmer-simon-boccanegra\/"},"wordCount":189,"commentCount":0,"publisher":{"@id":"https:\/\/vosgesinfo.fr\/gerardmerinfo\/#organization"},"image":{"@id":"https:\/\/vosgesinfo.fr\/gerardmerinfo\/2019\/01\/opera-retransmission-a-mcl-de-gerardmer-simon-boccanegra\/#primaryimage"},"thumbnailUrl":"https:\/\/vosgesinfo.fr\/app\/uploads\/sites\/6\/2024\/07\/201812or-simonboccanegra-130119.jpg","keywords":["MCL G\u00e9rardmer","op\u00e9ra en retransmission"],"articleSection":["A la une"],"inLanguage":"fr-FR","potentialAction":[{"@type":"CommentAction","name":"Comment","target":["https:\/\/vosgesinfo.fr\/gerardmerinfo\/2019\/01\/opera-retransmission-a-mcl-de-gerardmer-simon-boccanegra\/#respond"]}]},{"@type":"WebPage","@id":"https:\/\/vosgesinfo.fr\/gerardmerinfo\/2019\/01\/opera-retransmission-a-mcl-de-gerardmer-simon-boccanegra\/","url":"https:\/\/vosgesinfo.fr\/gerardmerinfo\/2019\/01\/opera-retransmission-a-mcl-de-gerardmer-simon-boccanegra\/","name":"Op\u00e9ra en retransmission \u00e0 la MCL de g\u00e9rardmer : Simon Boccanegra - Gerardmer Info","isPartOf":{"@id":"https:\/\/vosgesinfo.fr\/gerardmerinfo\/#website"},"primaryImageOfPage":{"@id":"https:\/\/vosgesinfo.fr\/gerardmerinfo\/2019\/01\/opera-retransmission-a-mcl-de-gerardmer-simon-boccanegra\/#primaryimage"},"image":{"@id":"https:\/\/vosgesinfo.fr\/gerardmerinfo\/2019\/01\/opera-retransmission-a-mcl-de-gerardmer-simon-boccanegra\/#primaryimage"},"thumbnailUrl":"https:\/\/vosgesinfo.fr\/app\/uploads\/sites\/6\/2024\/07\/201812or-simonboccanegra-130119.jpg","datePublished":"2019-01-03T16:07:03+00:00","dateModified":"2019-01-03T16:07:03+00:00","breadcrumb":{"@id":"https:\/\/vosgesinfo.fr\/gerardmerinfo\/2019\/01\/opera-retransmission-a-mcl-de-gerardmer-simon-boccanegra\/#breadcrumb"},"inLanguage":"fr-FR","potentialAction":[{"@type":"ReadAction","target":["https:\/\/vosgesinfo.fr\/gerardmerinfo\/2019\/01\/opera-retransmission-a-mcl-de-gerardmer-simon-boccanegra\/"]}]},{"@type":"ImageObject","inLanguage":"fr-FR","@id":"https:\/\/vosgesinfo.fr\/gerardmerinfo\/2019\/01\/opera-retransmission-a-mcl-de-gerardmer-simon-boccanegra\/#primaryimage","url":"https:\/\/vosgesinfo.fr\/app\/uploads\/sites\/6\/2024\/07\/201812or-simonboccanegra-130119.jpg","contentUrl":"https:\/\/vosgesinfo.fr\/app\/uploads\/sites\/6\/2024\/07\/201812or-simonboccanegra-130119.jpg","width":800,"height":566},{"@type":"BreadcrumbList","@id":"https:\/\/vosgesinfo.fr\/gerardmerinfo\/2019\/01\/opera-retransmission-a-mcl-de-gerardmer-simon-boccanegra\/#breadcrumb","itemListElement":[{"@type":"ListItem","position":1,"name":"Home","item":"https:\/\/vosgesinfo.fr\/gerardmerinfo\/"},{"@type":"ListItem","position":2,"name":"Op\u00e9ra en retransmission \u00e0 la MCL de g\u00e9rardmer : Simon Boccanegra"}]},{"@type":"WebSite","@id":"https:\/\/vosgesinfo.fr\/gerardmerinfo\/#website","url":"https:\/\/vosgesinfo.fr\/gerardmerinfo\/","name":"Gerardmer Info","description":"Toute l&#039;actualit\u00e9 de G\u00e9rardmer","publisher":{"@id":"https:\/\/vosgesinfo.fr\/gerardmerinfo\/#organization"},"alternateName":"Toute l'actualit\u00e9 de G\u00e9rardmer","potentialAction":[{"@type":"SearchAction","target":{"@type":"EntryPoint","urlTemplate":"https:\/\/vosgesinfo.fr\/gerardmerinfo\/?s={search_term_string}"},"query-input":"required name=search_term_string"}],"inLanguage":"fr-FR"},{"@type":"Organization","@id":"https:\/\/vosgesinfo.fr\/gerardmerinfo\/#organization","name":"Gerardmer Info","url":"https:\/\/vosgesinfo.fr\/gerardmerinfo\/","logo":{"@type":"ImageObject","inLanguage":"fr-FR","@id":"https:\/\/vosgesinfo.fr\/gerardmerinfo\/#\/schema\/logo\/image\/","url":"https:\/\/vosgesinfo.fr\/app\/uploads\/sites\/6\/2023\/08\/favicon-gerardmerinfo.png","contentUrl":"https:\/\/vosgesinfo.fr\/app\/uploads\/sites\/6\/2023\/08\/favicon-gerardmerinfo.png","width":512,"height":512,"caption":"Gerardmer Info"},"image":{"@id":"https:\/\/vosgesinfo.fr\/gerardmerinfo\/#\/schema\/logo\/image\/"},"sameAs":["https:\/\/www.facebook.com\/profile.php?id=100049475262660","https:\/\/x.com\/VosgesInfo88","https:\/\/www.youtube.com\/@vosgesinfo"]},{"@type":"Person","@id":"https:\/\/vosgesinfo.fr\/gerardmerinfo\/#\/schema\/person\/bc5d02d71e6932e81b6dadb7386667b1","name":"qs_admin","image":{"@type":"ImageObject","inLanguage":"fr-FR","@id":"https:\/\/vosgesinfo.fr\/gerardmerinfo\/#\/schema\/person\/image\/","url":"https:\/\/secure.gravatar.com\/avatar\/94b18ee0ed79e4a42ea2f2931277b6841a8999fc6fde214600c78057cf1fe1de?s=96&d=mm&r=g","contentUrl":"https:\/\/secure.gravatar.com\/avatar\/94b18ee0ed79e4a42ea2f2931277b6841a8999fc6fde214600c78057cf1fe1de?s=96&d=mm&r=g","caption":"qs_admin"},"sameAs":["https:\/\/vosgesinfo.fr\/wp"],"url":"https:\/\/vosgesinfo.fr\/gerardmerinfo\/author\/qs_admin\/"}]}},"_links":{"self":[{"href":"https:\/\/vosgesinfo.fr\/gerardmerinfo\/wp-json\/wp\/v2\/posts\/38774","targetHints":{"allow":["GET"]}}],"collection":[{"href":"https:\/\/vosgesinfo.fr\/gerardmerinfo\/wp-json\/wp\/v2\/posts"}],"about":[{"href":"https:\/\/vosgesinfo.fr\/gerardmerinfo\/wp-json\/wp\/v2\/types\/post"}],"author":[{"embeddable":true,"href":"https:\/\/vosgesinfo.fr\/gerardmerinfo\/wp-json\/wp\/v2\/users\/1"}],"replies":[{"embeddable":true,"href":"https:\/\/vosgesinfo.fr\/gerardmerinfo\/wp-json\/wp\/v2\/comments?post=38774"}],"version-history":[{"count":0,"href":"https:\/\/vosgesinfo.fr\/gerardmerinfo\/wp-json\/wp\/v2\/posts\/38774\/revisions"}],"wp:featuredmedia":[{"embeddable":true,"href":"https:\/\/vosgesinfo.fr\/gerardmerinfo\/wp-json\/wp\/v2\/media\/38775"}],"wp:attachment":[{"href":"https:\/\/vosgesinfo.fr\/gerardmerinfo\/wp-json\/wp\/v2\/media?parent=38774"}],"wp:term":[{"taxonomy":"category","embeddable":true,"href":"https:\/\/vosgesinfo.fr\/gerardmerinfo\/wp-json\/wp\/v2\/categories?post=38774"},{"taxonomy":"post_tag","embeddable":true,"href":"https:\/\/vosgesinfo.fr\/gerardmerinfo\/wp-json\/wp\/v2\/tags?post=38774"}],"curies":[{"name":"wp","href":"https:\/\/api.w.org\/{rel}","templated":true}]}}