{"id":38813,"date":"2019-01-03T10:54:24","date_gmt":"2019-01-03T09:54:24","guid":{"rendered":"https:\/\/vosgesinfo.fr\/gerardmerinfo\/2019\/01\/nouveau-rassemblement-coquelicots\/"},"modified":"2019-01-03T10:54:24","modified_gmt":"2019-01-03T09:54:24","slug":"nouveau-rassemblement-coquelicots","status":"publish","type":"post","link":"https:\/\/vosgesinfo.fr\/gerardmerinfo\/2019\/01\/nouveau-rassemblement-coquelicots\/","title":{"rendered":"Nouveau rassemblement des Coquelicots"},"content":{"rendered":"<p><strong>En 2019, les habitants de G\u00e9rardmer et alentours s\u00e8meront des coquelicots\u00a0!<a href=\"http:\/\/gerardmerinfo.fr\/2019\/01\/nouveau-rassemblement-coquelicots\/coqi\/\" rel=\"attachment wp-att-139883\"><img decoding=\"async\" class=\"alignright wp-image-139883 size-medium\" src=\"\/2019\/01\/coqi-400x225.jpg\" alt=\"coqi\" width=\"400\" height=\"225\" \/><\/a><\/strong><\/p>\n<p>Plus de\u00a0830 groupes locaux \u00ab\u00a0Nous voulons des coquelicots\u00a0\u00bb se sont rassembl\u00e9s le premier vendredi du mois dernier en France. Le groupe Nous voulons des coquelicots \u00e0 G\u00e9rardmer donne rendez-vous pour le deuxi\u00e8me rassemblement \u00e0 tous ceux qui veulent agir contre les pesticides <strong>le vendredi 04 janvier \u00e0 18\u00a0h 30, Parvis des droits de l\u2019Homme<\/strong>.<\/p>\n<p>(en cas de mauvais temps, si repli \u00e0 proximit\u00e9, cela sera indiqu\u00e9 sur place).<\/p>\n<p>Un moment que nous rendrons chaleureux par exemple autour d\u2019un vin chaud. Ceux qui souhaitent partager quelque chose l\u2019apportent. Nous planifierons alors les prochains rassemblements, les actions possibles \u00e0 mener ensemble.<\/p>\n<p>Venez habill\u00e9s de rouge\u00a0si le c\u0153ur vous en dit\u00a0!<\/p>\n<p>Toutes les informations sur <a href=\"https:\/\/nousvoulonsdescoquelicots.org\/\">nousvoulonsdescoquelicots.org<\/a><\/p>\n<p>ou par mail <a href=\"mailto:coquelicots-gerardmer@gmx.fr\">coquelicots-gerardmer@gmx.fr<\/a><\/p>\n<p>Notre Appel\u00a0:<\/p>\n<p><strong>Nous voulons des coquelicots<\/strong><\/p>\n<p>Les pesticides sont des poisons qui d\u00e9truisent tout ce qui est vivant. Ils sont dans l\u2019eau de pluie, dans la ros\u00e9e du matin, dans le nectar des fleurs et l\u2019estomac des abeilles, dans le cordon ombilical des nouveau-n\u00e9s, dans le nid des oiseaux, dans le lait des m\u00e8res, dans les pommes et les cerises.<\/p>\n<p>Les pesticides sont une trag\u00e9die pour la sant\u00e9. Ils provoquent des cancers, des maladies de Parkinson, des troubles psychomoteurs chez les enfants, des infertilit\u00e9s, des malformations \u00e0 la naissance. L\u2019exposition aux pesticides est sous-estim\u00e9e par un syst\u00e8me devenu fou, qui a choisi la fuite en avant. Quand un pesticide est interdit, dix autres prennent sa place. Il y en a des milliers.<\/p>\n<p>Nous ne reconnaissons plus notre pays. La nature y est d\u00e9figur\u00e9e. Le tiers des oiseaux ont disparu en quinze ans ; la moiti\u00e9 des papillons en vingt ans ; les abeilles et les pollinisateurs meurent par milliards ; les grenouilles et les sauterelles semblent comme \u00e9vanouies ; les fleurs sauvages deviennent rares. Ce monde qui s\u2019efface est le n\u00f4tre et chaque couleur qui succombe, chaque lumi\u00e8re qui s\u2019\u00e9teint est une douleur d\u00e9finitive. Rendez-nous nos coquelicots ! Rendez-nous la beaut\u00e9 du monde !<\/p>\n<p>Non, nous ne voulons plus. \u00c0 aucun prix. Nous exigeons protection. Nous exigeons de nos gouvernants l\u2019interdiction de tous les pesticides de synth\u00e8se en France. Assez de discours, des actes.<\/p>\n<p><strong>Rejoignez l&rsquo;Appel sur <\/strong><a href=\"https:\/\/nousvoulonsdescoquelicots.org\/\"><strong>nousvoulonsdescoquelicots.org<\/strong><\/a><\/p>\n<p><span style=\"font-size: 14pt;\">\u00a0<\/span><\/p>\n","protected":false},"excerpt":{"rendered":"<p>En 2019, les habitants de G\u00e9rardmer et alentours s\u00e8meront des coquelicots\u00a0! Plus de\u00a0830 groupes locaux \u00ab\u00a0Nous voulons des coquelicots\u00a0\u00bb se [&hellip;]<\/p>\n","protected":false},"author":1,"featured_media":38814,"comment_status":"open","ping_status":"open","sticky":false,"template":"","format":"standard","meta":{"footnotes":""},"categories":[20,25],"tags":[],"class_list":["post-38813","post","type-post","status-publish","format-standard","has-post-thumbnail","hentry","category-a-la-une","category-gerardmer"],"acf":[],"yoast_head":"<!-- This site is optimized with the Yoast SEO plugin v22.5 - https:\/\/yoast.com\/wordpress\/plugins\/seo\/ -->\n<title>Nouveau rassemblement des Coquelicots - Gerardmer Info<\/title>\n<meta name=\"robots\" content=\"index, follow, max-snippet:-1, max-image-preview:large, max-video-preview:-1\" \/>\n<link rel=\"canonical\" href=\"https:\/\/vosgesinfo.fr\/gerardmerinfo\/2019\/01\/nouveau-rassemblement-coquelicots\/\" \/>\n<meta name=\"twitter:card\" content=\"summary_large_image\" \/>\n<meta name=\"twitter:title\" content=\"Nouveau rassemblement des Coquelicots - Gerardmer Info\" \/>\n<meta name=\"twitter:description\" content=\"En 2019, les habitants de G\u00e9rardmer et alentours s\u00e8meront des coquelicots\u00a0! Plus de\u00a0830 groupes locaux \u00ab\u00a0Nous voulons des coquelicots\u00a0\u00bb se [&hellip;]\" \/>\n<meta name=\"twitter:image\" content=\"https:\/\/vosgesinfo.fr\/app\/uploads\/sites\/6\/2024\/07\/201901coqi.jpg\" \/>\n<meta name=\"twitter:creator\" content=\"@VosgesInfo88\" \/>\n<meta name=\"twitter:site\" content=\"@VosgesInfo88\" \/>\n<meta name=\"twitter:label1\" content=\"\u00c9crit par\" \/>\n\t<meta name=\"twitter:data1\" content=\"qs_admin\" \/>\n\t<meta name=\"twitter:label2\" content=\"Dur\u00e9e de lecture estim\u00e9e\" \/>\n\t<meta name=\"twitter:data2\" content=\"2 minutes\" \/>\n<script type=\"application\/ld+json\" class=\"yoast-schema-graph\">{\"@context\":\"https:\/\/schema.org\",\"@graph\":[{\"@type\":\"Article\",\"@id\":\"https:\/\/vosgesinfo.fr\/gerardmerinfo\/2019\/01\/nouveau-rassemblement-coquelicots\/#article\",\"isPartOf\":{\"@id\":\"https:\/\/vosgesinfo.fr\/gerardmerinfo\/2019\/01\/nouveau-rassemblement-coquelicots\/\"},\"author\":{\"name\":\"qs_admin\",\"@id\":\"https:\/\/vosgesinfo.fr\/gerardmerinfo\/#\/schema\/person\/bc5d02d71e6932e81b6dadb7386667b1\"},\"headline\":\"Nouveau rassemblement des Coquelicots\",\"datePublished\":\"2019-01-03T09:54:24+00:00\",\"dateModified\":\"2019-01-03T09:54:24+00:00\",\"mainEntityOfPage\":{\"@id\":\"https:\/\/vosgesinfo.fr\/gerardmerinfo\/2019\/01\/nouveau-rassemblement-coquelicots\/\"},\"wordCount\":390,\"commentCount\":0,\"publisher\":{\"@id\":\"https:\/\/vosgesinfo.fr\/gerardmerinfo\/#organization\"},\"image\":{\"@id\":\"https:\/\/vosgesinfo.fr\/gerardmerinfo\/2019\/01\/nouveau-rassemblement-coquelicots\/#primaryimage\"},\"thumbnailUrl\":\"https:\/\/vosgesinfo.fr\/app\/uploads\/sites\/6\/2024\/07\/201901coqi.jpg\",\"articleSection\":[\"A la une\",\"G\u00e9rardmer\"],\"inLanguage\":\"fr-FR\",\"potentialAction\":[{\"@type\":\"CommentAction\",\"name\":\"Comment\",\"target\":[\"https:\/\/vosgesinfo.fr\/gerardmerinfo\/2019\/01\/nouveau-rassemblement-coquelicots\/#respond\"]}]},{\"@type\":\"WebPage\",\"@id\":\"https:\/\/vosgesinfo.fr\/gerardmerinfo\/2019\/01\/nouveau-rassemblement-coquelicots\/\",\"url\":\"https:\/\/vosgesinfo.fr\/gerardmerinfo\/2019\/01\/nouveau-rassemblement-coquelicots\/\",\"name\":\"Nouveau rassemblement des Coquelicots - Gerardmer Info\",\"isPartOf\":{\"@id\":\"https:\/\/vosgesinfo.fr\/gerardmerinfo\/#website\"},\"primaryImageOfPage\":{\"@id\":\"https:\/\/vosgesinfo.fr\/gerardmerinfo\/2019\/01\/nouveau-rassemblement-coquelicots\/#primaryimage\"},\"image\":{\"@id\":\"https:\/\/vosgesinfo.fr\/gerardmerinfo\/2019\/01\/nouveau-rassemblement-coquelicots\/#primaryimage\"},\"thumbnailUrl\":\"https:\/\/vosgesinfo.fr\/app\/uploads\/sites\/6\/2024\/07\/201901coqi.jpg\",\"datePublished\":\"2019-01-03T09:54:24+00:00\",\"dateModified\":\"2019-01-03T09:54:24+00:00\",\"breadcrumb\":{\"@id\":\"https:\/\/vosgesinfo.fr\/gerardmerinfo\/2019\/01\/nouveau-rassemblement-coquelicots\/#breadcrumb\"},\"inLanguage\":\"fr-FR\",\"potentialAction\":[{\"@type\":\"ReadAction\",\"target\":[\"https:\/\/vosgesinfo.fr\/gerardmerinfo\/2019\/01\/nouveau-rassemblement-coquelicots\/\"]}]},{\"@type\":\"ImageObject\",\"inLanguage\":\"fr-FR\",\"@id\":\"https:\/\/vosgesinfo.fr\/gerardmerinfo\/2019\/01\/nouveau-rassemblement-coquelicots\/#primaryimage\",\"url\":\"https:\/\/vosgesinfo.fr\/app\/uploads\/sites\/6\/2024\/07\/201901coqi.jpg\",\"contentUrl\":\"https:\/\/vosgesinfo.fr\/app\/uploads\/sites\/6\/2024\/07\/201901coqi.jpg\",\"width\":800,\"height\":450},{\"@type\":\"BreadcrumbList\",\"@id\":\"https:\/\/vosgesinfo.fr\/gerardmerinfo\/2019\/01\/nouveau-rassemblement-coquelicots\/#breadcrumb\",\"itemListElement\":[{\"@type\":\"ListItem\",\"position\":1,\"name\":\"Home\",\"item\":\"https:\/\/vosgesinfo.fr\/gerardmerinfo\/\"},{\"@type\":\"ListItem\",\"position\":2,\"name\":\"Nouveau rassemblement des Coquelicots\"}]},{\"@type\":\"WebSite\",\"@id\":\"https:\/\/vosgesinfo.fr\/gerardmerinfo\/#website\",\"url\":\"https:\/\/vosgesinfo.fr\/gerardmerinfo\/\",\"name\":\"Gerardmer Info\",\"description\":\"Toute l&#039;actualit\u00e9 de G\u00e9rardmer\",\"publisher\":{\"@id\":\"https:\/\/vosgesinfo.fr\/gerardmerinfo\/#organization\"},\"alternateName\":\"Toute l'actualit\u00e9 de G\u00e9rardmer\",\"potentialAction\":[{\"@type\":\"SearchAction\",\"target\":{\"@type\":\"EntryPoint\",\"urlTemplate\":\"https:\/\/vosgesinfo.fr\/gerardmerinfo\/?s={search_term_string}\"},\"query-input\":\"required name=search_term_string\"}],\"inLanguage\":\"fr-FR\"},{\"@type\":\"Organization\",\"@id\":\"https:\/\/vosgesinfo.fr\/gerardmerinfo\/#organization\",\"name\":\"Gerardmer Info\",\"url\":\"https:\/\/vosgesinfo.fr\/gerardmerinfo\/\",\"logo\":{\"@type\":\"ImageObject\",\"inLanguage\":\"fr-FR\",\"@id\":\"https:\/\/vosgesinfo.fr\/gerardmerinfo\/#\/schema\/logo\/image\/\",\"url\":\"https:\/\/vosgesinfo.fr\/app\/uploads\/sites\/6\/2023\/08\/favicon-gerardmerinfo.png\",\"contentUrl\":\"https:\/\/vosgesinfo.fr\/app\/uploads\/sites\/6\/2023\/08\/favicon-gerardmerinfo.png\",\"width\":512,\"height\":512,\"caption\":\"Gerardmer Info\"},\"image\":{\"@id\":\"https:\/\/vosgesinfo.fr\/gerardmerinfo\/#\/schema\/logo\/image\/\"},\"sameAs\":[\"https:\/\/www.facebook.com\/profile.php?id=100049475262660\",\"https:\/\/x.com\/VosgesInfo88\",\"https:\/\/www.youtube.com\/@vosgesinfo\"]},{\"@type\":\"Person\",\"@id\":\"https:\/\/vosgesinfo.fr\/gerardmerinfo\/#\/schema\/person\/bc5d02d71e6932e81b6dadb7386667b1\",\"name\":\"qs_admin\",\"image\":{\"@type\":\"ImageObject\",\"inLanguage\":\"fr-FR\",\"@id\":\"https:\/\/vosgesinfo.fr\/gerardmerinfo\/#\/schema\/person\/image\/\",\"url\":\"https:\/\/secure.gravatar.com\/avatar\/94b18ee0ed79e4a42ea2f2931277b6841a8999fc6fde214600c78057cf1fe1de?s=96&d=mm&r=g\",\"contentUrl\":\"https:\/\/secure.gravatar.com\/avatar\/94b18ee0ed79e4a42ea2f2931277b6841a8999fc6fde214600c78057cf1fe1de?s=96&d=mm&r=g\",\"caption\":\"qs_admin\"},\"sameAs\":[\"https:\/\/vosgesinfo.fr\/wp\"],\"url\":\"https:\/\/vosgesinfo.fr\/gerardmerinfo\/author\/qs_admin\/\"}]}<\/script>\n<!-- \/ Yoast SEO plugin. -->","yoast_head_json":{"title":"Nouveau rassemblement des Coquelicots - Gerardmer Info","robots":{"index":"index","follow":"follow","max-snippet":"max-snippet:-1","max-image-preview":"max-image-preview:large","max-video-preview":"max-video-preview:-1"},"canonical":"https:\/\/vosgesinfo.fr\/gerardmerinfo\/2019\/01\/nouveau-rassemblement-coquelicots\/","twitter_card":"summary_large_image","twitter_title":"Nouveau rassemblement des Coquelicots - Gerardmer Info","twitter_description":"En 2019, les habitants de G\u00e9rardmer et alentours s\u00e8meront des coquelicots\u00a0! Plus de\u00a0830 groupes locaux \u00ab\u00a0Nous voulons des coquelicots\u00a0\u00bb se [&hellip;]","twitter_image":"https:\/\/vosgesinfo.fr\/app\/uploads\/sites\/6\/2024\/07\/201901coqi.jpg","twitter_creator":"@VosgesInfo88","twitter_site":"@VosgesInfo88","twitter_misc":{"\u00c9crit par":"qs_admin","Dur\u00e9e de lecture estim\u00e9e":"2 minutes"},"schema":{"@context":"https:\/\/schema.org","@graph":[{"@type":"Article","@id":"https:\/\/vosgesinfo.fr\/gerardmerinfo\/2019\/01\/nouveau-rassemblement-coquelicots\/#article","isPartOf":{"@id":"https:\/\/vosgesinfo.fr\/gerardmerinfo\/2019\/01\/nouveau-rassemblement-coquelicots\/"},"author":{"name":"qs_admin","@id":"https:\/\/vosgesinfo.fr\/gerardmerinfo\/#\/schema\/person\/bc5d02d71e6932e81b6dadb7386667b1"},"headline":"Nouveau rassemblement des Coquelicots","datePublished":"2019-01-03T09:54:24+00:00","dateModified":"2019-01-03T09:54:24+00:00","mainEntityOfPage":{"@id":"https:\/\/vosgesinfo.fr\/gerardmerinfo\/2019\/01\/nouveau-rassemblement-coquelicots\/"},"wordCount":390,"commentCount":0,"publisher":{"@id":"https:\/\/vosgesinfo.fr\/gerardmerinfo\/#organization"},"image":{"@id":"https:\/\/vosgesinfo.fr\/gerardmerinfo\/2019\/01\/nouveau-rassemblement-coquelicots\/#primaryimage"},"thumbnailUrl":"https:\/\/vosgesinfo.fr\/app\/uploads\/sites\/6\/2024\/07\/201901coqi.jpg","articleSection":["A la une","G\u00e9rardmer"],"inLanguage":"fr-FR","potentialAction":[{"@type":"CommentAction","name":"Comment","target":["https:\/\/vosgesinfo.fr\/gerardmerinfo\/2019\/01\/nouveau-rassemblement-coquelicots\/#respond"]}]},{"@type":"WebPage","@id":"https:\/\/vosgesinfo.fr\/gerardmerinfo\/2019\/01\/nouveau-rassemblement-coquelicots\/","url":"https:\/\/vosgesinfo.fr\/gerardmerinfo\/2019\/01\/nouveau-rassemblement-coquelicots\/","name":"Nouveau rassemblement des Coquelicots - Gerardmer Info","isPartOf":{"@id":"https:\/\/vosgesinfo.fr\/gerardmerinfo\/#website"},"primaryImageOfPage":{"@id":"https:\/\/vosgesinfo.fr\/gerardmerinfo\/2019\/01\/nouveau-rassemblement-coquelicots\/#primaryimage"},"image":{"@id":"https:\/\/vosgesinfo.fr\/gerardmerinfo\/2019\/01\/nouveau-rassemblement-coquelicots\/#primaryimage"},"thumbnailUrl":"https:\/\/vosgesinfo.fr\/app\/uploads\/sites\/6\/2024\/07\/201901coqi.jpg","datePublished":"2019-01-03T09:54:24+00:00","dateModified":"2019-01-03T09:54:24+00:00","breadcrumb":{"@id":"https:\/\/vosgesinfo.fr\/gerardmerinfo\/2019\/01\/nouveau-rassemblement-coquelicots\/#breadcrumb"},"inLanguage":"fr-FR","potentialAction":[{"@type":"ReadAction","target":["https:\/\/vosgesinfo.fr\/gerardmerinfo\/2019\/01\/nouveau-rassemblement-coquelicots\/"]}]},{"@type":"ImageObject","inLanguage":"fr-FR","@id":"https:\/\/vosgesinfo.fr\/gerardmerinfo\/2019\/01\/nouveau-rassemblement-coquelicots\/#primaryimage","url":"https:\/\/vosgesinfo.fr\/app\/uploads\/sites\/6\/2024\/07\/201901coqi.jpg","contentUrl":"https:\/\/vosgesinfo.fr\/app\/uploads\/sites\/6\/2024\/07\/201901coqi.jpg","width":800,"height":450},{"@type":"BreadcrumbList","@id":"https:\/\/vosgesinfo.fr\/gerardmerinfo\/2019\/01\/nouveau-rassemblement-coquelicots\/#breadcrumb","itemListElement":[{"@type":"ListItem","position":1,"name":"Home","item":"https:\/\/vosgesinfo.fr\/gerardmerinfo\/"},{"@type":"ListItem","position":2,"name":"Nouveau rassemblement des Coquelicots"}]},{"@type":"WebSite","@id":"https:\/\/vosgesinfo.fr\/gerardmerinfo\/#website","url":"https:\/\/vosgesinfo.fr\/gerardmerinfo\/","name":"Gerardmer Info","description":"Toute l&#039;actualit\u00e9 de G\u00e9rardmer","publisher":{"@id":"https:\/\/vosgesinfo.fr\/gerardmerinfo\/#organization"},"alternateName":"Toute l'actualit\u00e9 de G\u00e9rardmer","potentialAction":[{"@type":"SearchAction","target":{"@type":"EntryPoint","urlTemplate":"https:\/\/vosgesinfo.fr\/gerardmerinfo\/?s={search_term_string}"},"query-input":"required name=search_term_string"}],"inLanguage":"fr-FR"},{"@type":"Organization","@id":"https:\/\/vosgesinfo.fr\/gerardmerinfo\/#organization","name":"Gerardmer Info","url":"https:\/\/vosgesinfo.fr\/gerardmerinfo\/","logo":{"@type":"ImageObject","inLanguage":"fr-FR","@id":"https:\/\/vosgesinfo.fr\/gerardmerinfo\/#\/schema\/logo\/image\/","url":"https:\/\/vosgesinfo.fr\/app\/uploads\/sites\/6\/2023\/08\/favicon-gerardmerinfo.png","contentUrl":"https:\/\/vosgesinfo.fr\/app\/uploads\/sites\/6\/2023\/08\/favicon-gerardmerinfo.png","width":512,"height":512,"caption":"Gerardmer Info"},"image":{"@id":"https:\/\/vosgesinfo.fr\/gerardmerinfo\/#\/schema\/logo\/image\/"},"sameAs":["https:\/\/www.facebook.com\/profile.php?id=100049475262660","https:\/\/x.com\/VosgesInfo88","https:\/\/www.youtube.com\/@vosgesinfo"]},{"@type":"Person","@id":"https:\/\/vosgesinfo.fr\/gerardmerinfo\/#\/schema\/person\/bc5d02d71e6932e81b6dadb7386667b1","name":"qs_admin","image":{"@type":"ImageObject","inLanguage":"fr-FR","@id":"https:\/\/vosgesinfo.fr\/gerardmerinfo\/#\/schema\/person\/image\/","url":"https:\/\/secure.gravatar.com\/avatar\/94b18ee0ed79e4a42ea2f2931277b6841a8999fc6fde214600c78057cf1fe1de?s=96&d=mm&r=g","contentUrl":"https:\/\/secure.gravatar.com\/avatar\/94b18ee0ed79e4a42ea2f2931277b6841a8999fc6fde214600c78057cf1fe1de?s=96&d=mm&r=g","caption":"qs_admin"},"sameAs":["https:\/\/vosgesinfo.fr\/wp"],"url":"https:\/\/vosgesinfo.fr\/gerardmerinfo\/author\/qs_admin\/"}]}},"_links":{"self":[{"href":"https:\/\/vosgesinfo.fr\/gerardmerinfo\/wp-json\/wp\/v2\/posts\/38813","targetHints":{"allow":["GET"]}}],"collection":[{"href":"https:\/\/vosgesinfo.fr\/gerardmerinfo\/wp-json\/wp\/v2\/posts"}],"about":[{"href":"https:\/\/vosgesinfo.fr\/gerardmerinfo\/wp-json\/wp\/v2\/types\/post"}],"author":[{"embeddable":true,"href":"https:\/\/vosgesinfo.fr\/gerardmerinfo\/wp-json\/wp\/v2\/users\/1"}],"replies":[{"embeddable":true,"href":"https:\/\/vosgesinfo.fr\/gerardmerinfo\/wp-json\/wp\/v2\/comments?post=38813"}],"version-history":[{"count":0,"href":"https:\/\/vosgesinfo.fr\/gerardmerinfo\/wp-json\/wp\/v2\/posts\/38813\/revisions"}],"wp:featuredmedia":[{"embeddable":true,"href":"https:\/\/vosgesinfo.fr\/gerardmerinfo\/wp-json\/wp\/v2\/media\/38814"}],"wp:attachment":[{"href":"https:\/\/vosgesinfo.fr\/gerardmerinfo\/wp-json\/wp\/v2\/media?parent=38813"}],"wp:term":[{"taxonomy":"category","embeddable":true,"href":"https:\/\/vosgesinfo.fr\/gerardmerinfo\/wp-json\/wp\/v2\/categories?post=38813"},{"taxonomy":"post_tag","embeddable":true,"href":"https:\/\/vosgesinfo.fr\/gerardmerinfo\/wp-json\/wp\/v2\/tags?post=38813"}],"curies":[{"name":"wp","href":"https:\/\/api.w.org\/{rel}","templated":true}]}}