{"id":38823,"date":"2019-01-04T17:04:11","date_gmt":"2019-01-04T16:04:11","guid":{"rendered":"https:\/\/vosgesinfo.fr\/gerardmerinfo\/2019\/01\/cinema-mcl-poursuit-ascension-2018\/"},"modified":"2019-01-04T17:04:11","modified_gmt":"2019-01-04T16:04:11","slug":"cinema-mcl-poursuit-ascension-2018","status":"publish","type":"post","link":"https:\/\/vosgesinfo.fr\/gerardmerinfo\/2019\/01\/cinema-mcl-poursuit-ascension-2018\/","title":{"rendered":"Cin\u00e9ma : la MCL poursuit son ascension en 2018"},"content":{"rendered":"<h3><\/h3>\n<div id=\"attachment_139908\" style=\"width: 810px\" class=\"wp-caption aligncenter\"><a href=\"\/2019\/01\/cin\u00e9-MCL-bilan-2018-2.jpg\"><img decoding=\"async\" aria-describedby=\"caption-attachment-139908\" class=\"size-full wp-image-139908\" src=\"\/2019\/01\/cin\u00e9-MCL-bilan-2018-2.jpg\" alt=\"Apr\u00e8s une excellente ann\u00e9e 2018 pour le cin\u00e9ma \u00e0 la MCL, Lo\u00efc Moresi annonce d\u00e9j\u00e0 le prochain cin\u00e9-raclette autour du film Rasta Rockett !\" width=\"800\" height=\"600\" \/><\/a><p id=\"caption-attachment-139908\" class=\"wp-caption-text\"><span style=\"color: #000080;\">Apr\u00e8s une excellente ann\u00e9e 2018 pour le cin\u00e9ma \u00e0 la MCL, Lo\u00efc Moresi annonce d\u00e9j\u00e0 le prochain cin\u00e9-raclette autour du film Rasta Rockett !<\/span><\/p><\/div>\n<h3>L&rsquo;ann\u00e9e 2018 vient de s\u2019achever et le bilan est plus que flatteur pour le secteur cin\u00e9ma men\u00e9 par Lo\u00efc Moresi avec une nouvelle augmentation de la fr\u00e9quentation de 8,82%. Un score plus qu&rsquo;honorable quand on sait que la tendance est nationale est plut\u00f4t \u00e0 la baisse (-4,3% en moyenne).<\/h3>\n<div id=\"attachment_139907\" style=\"width: 350px\" class=\"wp-caption alignright\"><a href=\"\/2019\/01\/cin\u00e9-MCL-bilan-2018-1.jpg\"><img decoding=\"async\" aria-describedby=\"caption-attachment-139907\" class=\"size-medium wp-image-139907\" src=\"\/2019\/01\/cin\u00e9-MCL-bilan-2018-1-340x255.jpg\" alt=\"Le public appr\u00e9cie ce le nouveau hall d'entr\u00e9e du cin\u00e9...\" width=\"340\" height=\"255\" \/><\/a><p id=\"caption-attachment-139907\" class=\"wp-caption-text\">Le public appr\u00e9cie ce le nouveau hall d&rsquo;entr\u00e9e du cin\u00e9&#8230;<\/p><\/div>\n<p>Le cin\u00e9ma Andr\u00e9 Brourvil se porte donc plut\u00f4t bien et m\u00eame de mieux en mieux depuis maintenant 4 ans avec une l\u00e9g\u00e8re mais r\u00e9guli\u00e8re hausse de fr\u00e9quentation. La preuve que la commission charg\u00e9e de la programmation a souvent le nez fin et a su s&rsquo;adapter \u00e0 la demande du public tout en innovant. Ainsi, les films \u00ab\u00a0jeune public\u00a0\u00bb occupent une place importante au sein de la programmation, que ce soit en mati\u00e8re de s\u00e9ances comme d&rsquo;entr\u00e9es. Ils englobent un peu plus 50%\u00a0 du nombre de spectateurs en 2018, soit 8 300 pour un total de 16 009 (contre 14 848 en 2017). Le trio de t\u00eate est d&rsquo;ailleurs constitu\u00e9 de trois films \u00ab\u00a0jeune public\u00a0\u00bb projet\u00e9s dans le cadre du festival Graines des Toiles : <em>Dilili \u00e0 Paris<\/em> avec 532 entr\u00e9es, <em>Arthur &amp; les Aurores<\/em> avec 426 entr\u00e9es, et <em>Pachamama<\/em> avec 376 entr\u00e9es. Le premier film de ce classement \u00e0 ne pas \u00eatre estampill\u00e9 \u00ab\u00a0jeune public\u00a0\u00bb pointe en 4\u00e8me position et il s&rsquo;agit de <em>La promesse de l&rsquo;aube<\/em> avec 367 spectateurs.<\/p>\n<h4>Rasta raclette&#8230;<\/h4>\n<div id=\"attachment_139909\" style=\"width: 350px\" class=\"wp-caption alignleft\"><a href=\"\/2019\/01\/cin\u00e9-MCL-bilan-2018-3.jpg\"><img decoding=\"async\" aria-describedby=\"caption-attachment-139909\" class=\"size-medium wp-image-139909\" src=\"\/2019\/01\/cin\u00e9-MCL-bilan-2018-3-340x255.jpg\" alt=\"Premi\u00e8re avant-premi\u00e8re de l'ann\u00e9e avec Mango la taupe footballeuse, une s\u00e9ance familiale.\" width=\"340\" height=\"255\" \/><\/a><p id=\"caption-attachment-139909\" class=\"wp-caption-text\">Premi\u00e8re avant-premi\u00e8re de l&rsquo;ann\u00e9e avec Mango la taupe footballeuse, une s\u00e9ance familiale.<\/p><\/div>\n<p>Le seul b\u00e9mol dans cette programmation concerne le th\u00e9\u00e2tre au cin\u00e9ma qui n&rsquo;a d\u00e9finitivement pas trouv\u00e9 son public et qui s&rsquo;arr\u00eatera donc cette ann\u00e9e : \u00ab\u00a0Nous avons essay\u00e9, mais c&rsquo;est vrai que nous avons d\u00e9j\u00e0 du th\u00e9\u00e2tre et des spectacles vivants sur les planches de la MCL, l\u2019int\u00e9r\u00eat d&rsquo;aller en voir au cin\u00e9ma est donc limit\u00e9&#8230;\u00a0\u00bb pr\u00e9cisait Lo\u00efc Moresi. En revanche et pour parler d&rsquo;innovation, les s\u00e9ances sp\u00e9ciales tournent plut\u00f4t bien et totalisent pas moins de 2 673 entr\u00e9es. On y retrouve les avant-premi\u00e8res, les cin\u00e9s d\u00e9bats, les cin\u00e9s p&rsquo;tits d\u00e8js&rsquo; et go\u00fbters, les spectacles au cin\u00e9 et diverses animations qui prolongent les s\u00e9ances : ateliers, d\u00e9centralisations ou encore repas \u00e0 th\u00e8me comme le fameux cin\u00e9 raclette qui sera de retour le 19 f\u00e9vrier prochain. Rendez-vous \u00e0 18 h 45 avec une s\u00e9ance du film <em>Rasta Rockett<\/em> suivie&#8230; D&rsquo;une bonne raclette au foyer-bar ! En attendant, pour faire suite \u00e0 l&rsquo;avant-premi\u00e8re de <em>Mango<\/em> la taupe footballeuse qui ne sortira qu&rsquo;en mars prochain en France, vous pouvez d\u00e9j\u00e0 inscrire \u00e0 votre agenda le premier cin\u00e9 karaok\u00e9 de l&rsquo;ann\u00e9e (voir de l&rsquo;histoire de la MCL) : venez poussez la chansonnette sur le film <em>Bohemian Rhapsody<\/em> (en VOST) le samedi 12 janvier \u00e0 20 h 30 !<\/p>\n<p><a href=\"\/2018\/12\/CK_Bohemianrhapsody_120119.jpg\"><img decoding=\"async\" class=\"aligncenter size-full wp-image-139552\" src=\"\/2018\/12\/CK_Bohemianrhapsody_120119.jpg\" alt=\"CK_Bohemianrhapsody_120119\" width=\"800\" height=\"566\" \/><\/a><\/p>\n","protected":false},"excerpt":{"rendered":"<p>L&rsquo;ann\u00e9e 2018 vient de s\u2019achever et le bilan est plus que flatteur pour le secteur cin\u00e9ma men\u00e9 par Lo\u00efc Moresi [&hellip;]<\/p>\n","protected":false},"author":42,"featured_media":38824,"comment_status":"open","ping_status":"open","sticky":false,"template":"","format":"standard","meta":{"footnotes":""},"categories":[20,4,25],"tags":[2501,103],"class_list":["post-38823","post","type-post","status-publish","format-standard","has-post-thumbnail","hentry","category-a-la-une","category-culture","category-gerardmer","tag-cinema-andre-bourvil","tag-mcl-gerardmer"],"acf":[],"yoast_head":"<!-- This site is optimized with the Yoast SEO plugin v22.5 - https:\/\/yoast.com\/wordpress\/plugins\/seo\/ -->\n<title>Cin\u00e9ma : la MCL poursuit son ascension en 2018 - Gerardmer Info<\/title>\n<meta name=\"robots\" content=\"index, follow, max-snippet:-1, max-image-preview:large, max-video-preview:-1\" \/>\n<link rel=\"canonical\" href=\"https:\/\/vosgesinfo.fr\/gerardmerinfo\/2019\/01\/cinema-mcl-poursuit-ascension-2018\/\" \/>\n<meta name=\"twitter:card\" content=\"summary_large_image\" \/>\n<meta name=\"twitter:title\" content=\"Cin\u00e9ma : la MCL poursuit son ascension en 2018 - Gerardmer Info\" \/>\n<meta name=\"twitter:description\" content=\"L&rsquo;ann\u00e9e 2018 vient de s\u2019achever et le bilan est plus que flatteur pour le secteur cin\u00e9ma men\u00e9 par Lo\u00efc Moresi [&hellip;]\" \/>\n<meta name=\"twitter:image\" content=\"https:\/\/vosgesinfo.fr\/app\/uploads\/sites\/6\/2024\/07\/201901cine-mcl-bilan-2018-2.jpg\" \/>\n<meta name=\"twitter:creator\" content=\"@VosgesInfo88\" \/>\n<meta name=\"twitter:site\" content=\"@VosgesInfo88\" \/>\n<meta name=\"twitter:label1\" content=\"\u00c9crit par\" \/>\n\t<meta name=\"twitter:data1\" content=\"QG\" \/>\n\t<meta name=\"twitter:label2\" content=\"Dur\u00e9e de lecture estim\u00e9e\" \/>\n\t<meta name=\"twitter:data2\" content=\"3 minutes\" \/>\n<script type=\"application\/ld+json\" class=\"yoast-schema-graph\">{\"@context\":\"https:\/\/schema.org\",\"@graph\":[{\"@type\":\"Article\",\"@id\":\"https:\/\/vosgesinfo.fr\/gerardmerinfo\/2019\/01\/cinema-mcl-poursuit-ascension-2018\/#article\",\"isPartOf\":{\"@id\":\"https:\/\/vosgesinfo.fr\/gerardmerinfo\/2019\/01\/cinema-mcl-poursuit-ascension-2018\/\"},\"author\":{\"name\":\"QG\",\"@id\":\"https:\/\/vosgesinfo.fr\/gerardmerinfo\/#\/schema\/person\/db5605779a843dad16b5368f3e7613a5\"},\"headline\":\"Cin\u00e9ma : la MCL poursuit son ascension en 2018\",\"datePublished\":\"2019-01-04T16:04:11+00:00\",\"dateModified\":\"2019-01-04T16:04:11+00:00\",\"mainEntityOfPage\":{\"@id\":\"https:\/\/vosgesinfo.fr\/gerardmerinfo\/2019\/01\/cinema-mcl-poursuit-ascension-2018\/\"},\"wordCount\":545,\"commentCount\":0,\"publisher\":{\"@id\":\"https:\/\/vosgesinfo.fr\/gerardmerinfo\/#organization\"},\"image\":{\"@id\":\"https:\/\/vosgesinfo.fr\/gerardmerinfo\/2019\/01\/cinema-mcl-poursuit-ascension-2018\/#primaryimage\"},\"thumbnailUrl\":\"https:\/\/vosgesinfo.fr\/app\/uploads\/sites\/6\/2024\/07\/201901cine-mcl-bilan-2018-2.jpg\",\"keywords\":[\"cin\u00e9ma Andr\u00e9 Bourvil\",\"MCL G\u00e9rardmer\"],\"articleSection\":[\"A la une\",\"Culture\",\"G\u00e9rardmer\"],\"inLanguage\":\"fr-FR\",\"potentialAction\":[{\"@type\":\"CommentAction\",\"name\":\"Comment\",\"target\":[\"https:\/\/vosgesinfo.fr\/gerardmerinfo\/2019\/01\/cinema-mcl-poursuit-ascension-2018\/#respond\"]}]},{\"@type\":\"WebPage\",\"@id\":\"https:\/\/vosgesinfo.fr\/gerardmerinfo\/2019\/01\/cinema-mcl-poursuit-ascension-2018\/\",\"url\":\"https:\/\/vosgesinfo.fr\/gerardmerinfo\/2019\/01\/cinema-mcl-poursuit-ascension-2018\/\",\"name\":\"Cin\u00e9ma : la MCL poursuit son ascension en 2018 - Gerardmer Info\",\"isPartOf\":{\"@id\":\"https:\/\/vosgesinfo.fr\/gerardmerinfo\/#website\"},\"primaryImageOfPage\":{\"@id\":\"https:\/\/vosgesinfo.fr\/gerardmerinfo\/2019\/01\/cinema-mcl-poursuit-ascension-2018\/#primaryimage\"},\"image\":{\"@id\":\"https:\/\/vosgesinfo.fr\/gerardmerinfo\/2019\/01\/cinema-mcl-poursuit-ascension-2018\/#primaryimage\"},\"thumbnailUrl\":\"https:\/\/vosgesinfo.fr\/app\/uploads\/sites\/6\/2024\/07\/201901cine-mcl-bilan-2018-2.jpg\",\"datePublished\":\"2019-01-04T16:04:11+00:00\",\"dateModified\":\"2019-01-04T16:04:11+00:00\",\"breadcrumb\":{\"@id\":\"https:\/\/vosgesinfo.fr\/gerardmerinfo\/2019\/01\/cinema-mcl-poursuit-ascension-2018\/#breadcrumb\"},\"inLanguage\":\"fr-FR\",\"potentialAction\":[{\"@type\":\"ReadAction\",\"target\":[\"https:\/\/vosgesinfo.fr\/gerardmerinfo\/2019\/01\/cinema-mcl-poursuit-ascension-2018\/\"]}]},{\"@type\":\"ImageObject\",\"inLanguage\":\"fr-FR\",\"@id\":\"https:\/\/vosgesinfo.fr\/gerardmerinfo\/2019\/01\/cinema-mcl-poursuit-ascension-2018\/#primaryimage\",\"url\":\"https:\/\/vosgesinfo.fr\/app\/uploads\/sites\/6\/2024\/07\/201901cine-mcl-bilan-2018-2.jpg\",\"contentUrl\":\"https:\/\/vosgesinfo.fr\/app\/uploads\/sites\/6\/2024\/07\/201901cine-mcl-bilan-2018-2.jpg\",\"width\":800,\"height\":600},{\"@type\":\"BreadcrumbList\",\"@id\":\"https:\/\/vosgesinfo.fr\/gerardmerinfo\/2019\/01\/cinema-mcl-poursuit-ascension-2018\/#breadcrumb\",\"itemListElement\":[{\"@type\":\"ListItem\",\"position\":1,\"name\":\"Home\",\"item\":\"https:\/\/vosgesinfo.fr\/gerardmerinfo\/\"},{\"@type\":\"ListItem\",\"position\":2,\"name\":\"Cin\u00e9ma : la MCL poursuit son ascension en 2018\"}]},{\"@type\":\"WebSite\",\"@id\":\"https:\/\/vosgesinfo.fr\/gerardmerinfo\/#website\",\"url\":\"https:\/\/vosgesinfo.fr\/gerardmerinfo\/\",\"name\":\"Gerardmer Info\",\"description\":\"Toute l&#039;actualit\u00e9 de G\u00e9rardmer\",\"publisher\":{\"@id\":\"https:\/\/vosgesinfo.fr\/gerardmerinfo\/#organization\"},\"alternateName\":\"Toute l'actualit\u00e9 de G\u00e9rardmer\",\"potentialAction\":[{\"@type\":\"SearchAction\",\"target\":{\"@type\":\"EntryPoint\",\"urlTemplate\":\"https:\/\/vosgesinfo.fr\/gerardmerinfo\/?s={search_term_string}\"},\"query-input\":\"required name=search_term_string\"}],\"inLanguage\":\"fr-FR\"},{\"@type\":\"Organization\",\"@id\":\"https:\/\/vosgesinfo.fr\/gerardmerinfo\/#organization\",\"name\":\"Gerardmer Info\",\"url\":\"https:\/\/vosgesinfo.fr\/gerardmerinfo\/\",\"logo\":{\"@type\":\"ImageObject\",\"inLanguage\":\"fr-FR\",\"@id\":\"https:\/\/vosgesinfo.fr\/gerardmerinfo\/#\/schema\/logo\/image\/\",\"url\":\"https:\/\/vosgesinfo.fr\/app\/uploads\/sites\/6\/2023\/08\/favicon-gerardmerinfo.png\",\"contentUrl\":\"https:\/\/vosgesinfo.fr\/app\/uploads\/sites\/6\/2023\/08\/favicon-gerardmerinfo.png\",\"width\":512,\"height\":512,\"caption\":\"Gerardmer Info\"},\"image\":{\"@id\":\"https:\/\/vosgesinfo.fr\/gerardmerinfo\/#\/schema\/logo\/image\/\"},\"sameAs\":[\"https:\/\/www.facebook.com\/profile.php?id=100049475262660\",\"https:\/\/x.com\/VosgesInfo88\",\"https:\/\/www.youtube.com\/@vosgesinfo\"]},{\"@type\":\"Person\",\"@id\":\"https:\/\/vosgesinfo.fr\/gerardmerinfo\/#\/schema\/person\/db5605779a843dad16b5368f3e7613a5\",\"name\":\"QG\",\"image\":{\"@type\":\"ImageObject\",\"inLanguage\":\"fr-FR\",\"@id\":\"https:\/\/vosgesinfo.fr\/gerardmerinfo\/#\/schema\/person\/image\/\",\"url\":\"https:\/\/secure.gravatar.com\/avatar\/ea80c42c204b534408512832fde52504ecabb9706bcb6151cf6175e5b64e6793?s=96&d=mm&r=g\",\"contentUrl\":\"https:\/\/secure.gravatar.com\/avatar\/ea80c42c204b534408512832fde52504ecabb9706bcb6151cf6175e5b64e6793?s=96&d=mm&r=g\",\"caption\":\"QG\"},\"url\":\"https:\/\/vosgesinfo.fr\/gerardmerinfo\/author\/quentin88\/\"}]}<\/script>\n<!-- \/ Yoast SEO plugin. -->","yoast_head_json":{"title":"Cin\u00e9ma : la MCL poursuit son ascension en 2018 - Gerardmer Info","robots":{"index":"index","follow":"follow","max-snippet":"max-snippet:-1","max-image-preview":"max-image-preview:large","max-video-preview":"max-video-preview:-1"},"canonical":"https:\/\/vosgesinfo.fr\/gerardmerinfo\/2019\/01\/cinema-mcl-poursuit-ascension-2018\/","twitter_card":"summary_large_image","twitter_title":"Cin\u00e9ma : la MCL poursuit son ascension en 2018 - Gerardmer Info","twitter_description":"L&rsquo;ann\u00e9e 2018 vient de s\u2019achever et le bilan est plus que flatteur pour le secteur cin\u00e9ma men\u00e9 par Lo\u00efc Moresi [&hellip;]","twitter_image":"https:\/\/vosgesinfo.fr\/app\/uploads\/sites\/6\/2024\/07\/201901cine-mcl-bilan-2018-2.jpg","twitter_creator":"@VosgesInfo88","twitter_site":"@VosgesInfo88","twitter_misc":{"\u00c9crit par":"QG","Dur\u00e9e de lecture estim\u00e9e":"3 minutes"},"schema":{"@context":"https:\/\/schema.org","@graph":[{"@type":"Article","@id":"https:\/\/vosgesinfo.fr\/gerardmerinfo\/2019\/01\/cinema-mcl-poursuit-ascension-2018\/#article","isPartOf":{"@id":"https:\/\/vosgesinfo.fr\/gerardmerinfo\/2019\/01\/cinema-mcl-poursuit-ascension-2018\/"},"author":{"name":"QG","@id":"https:\/\/vosgesinfo.fr\/gerardmerinfo\/#\/schema\/person\/db5605779a843dad16b5368f3e7613a5"},"headline":"Cin\u00e9ma : la MCL poursuit son ascension en 2018","datePublished":"2019-01-04T16:04:11+00:00","dateModified":"2019-01-04T16:04:11+00:00","mainEntityOfPage":{"@id":"https:\/\/vosgesinfo.fr\/gerardmerinfo\/2019\/01\/cinema-mcl-poursuit-ascension-2018\/"},"wordCount":545,"commentCount":0,"publisher":{"@id":"https:\/\/vosgesinfo.fr\/gerardmerinfo\/#organization"},"image":{"@id":"https:\/\/vosgesinfo.fr\/gerardmerinfo\/2019\/01\/cinema-mcl-poursuit-ascension-2018\/#primaryimage"},"thumbnailUrl":"https:\/\/vosgesinfo.fr\/app\/uploads\/sites\/6\/2024\/07\/201901cine-mcl-bilan-2018-2.jpg","keywords":["cin\u00e9ma Andr\u00e9 Bourvil","MCL G\u00e9rardmer"],"articleSection":["A la une","Culture","G\u00e9rardmer"],"inLanguage":"fr-FR","potentialAction":[{"@type":"CommentAction","name":"Comment","target":["https:\/\/vosgesinfo.fr\/gerardmerinfo\/2019\/01\/cinema-mcl-poursuit-ascension-2018\/#respond"]}]},{"@type":"WebPage","@id":"https:\/\/vosgesinfo.fr\/gerardmerinfo\/2019\/01\/cinema-mcl-poursuit-ascension-2018\/","url":"https:\/\/vosgesinfo.fr\/gerardmerinfo\/2019\/01\/cinema-mcl-poursuit-ascension-2018\/","name":"Cin\u00e9ma : la MCL poursuit son ascension en 2018 - Gerardmer Info","isPartOf":{"@id":"https:\/\/vosgesinfo.fr\/gerardmerinfo\/#website"},"primaryImageOfPage":{"@id":"https:\/\/vosgesinfo.fr\/gerardmerinfo\/2019\/01\/cinema-mcl-poursuit-ascension-2018\/#primaryimage"},"image":{"@id":"https:\/\/vosgesinfo.fr\/gerardmerinfo\/2019\/01\/cinema-mcl-poursuit-ascension-2018\/#primaryimage"},"thumbnailUrl":"https:\/\/vosgesinfo.fr\/app\/uploads\/sites\/6\/2024\/07\/201901cine-mcl-bilan-2018-2.jpg","datePublished":"2019-01-04T16:04:11+00:00","dateModified":"2019-01-04T16:04:11+00:00","breadcrumb":{"@id":"https:\/\/vosgesinfo.fr\/gerardmerinfo\/2019\/01\/cinema-mcl-poursuit-ascension-2018\/#breadcrumb"},"inLanguage":"fr-FR","potentialAction":[{"@type":"ReadAction","target":["https:\/\/vosgesinfo.fr\/gerardmerinfo\/2019\/01\/cinema-mcl-poursuit-ascension-2018\/"]}]},{"@type":"ImageObject","inLanguage":"fr-FR","@id":"https:\/\/vosgesinfo.fr\/gerardmerinfo\/2019\/01\/cinema-mcl-poursuit-ascension-2018\/#primaryimage","url":"https:\/\/vosgesinfo.fr\/app\/uploads\/sites\/6\/2024\/07\/201901cine-mcl-bilan-2018-2.jpg","contentUrl":"https:\/\/vosgesinfo.fr\/app\/uploads\/sites\/6\/2024\/07\/201901cine-mcl-bilan-2018-2.jpg","width":800,"height":600},{"@type":"BreadcrumbList","@id":"https:\/\/vosgesinfo.fr\/gerardmerinfo\/2019\/01\/cinema-mcl-poursuit-ascension-2018\/#breadcrumb","itemListElement":[{"@type":"ListItem","position":1,"name":"Home","item":"https:\/\/vosgesinfo.fr\/gerardmerinfo\/"},{"@type":"ListItem","position":2,"name":"Cin\u00e9ma : la MCL poursuit son ascension en 2018"}]},{"@type":"WebSite","@id":"https:\/\/vosgesinfo.fr\/gerardmerinfo\/#website","url":"https:\/\/vosgesinfo.fr\/gerardmerinfo\/","name":"Gerardmer Info","description":"Toute l&#039;actualit\u00e9 de G\u00e9rardmer","publisher":{"@id":"https:\/\/vosgesinfo.fr\/gerardmerinfo\/#organization"},"alternateName":"Toute l'actualit\u00e9 de G\u00e9rardmer","potentialAction":[{"@type":"SearchAction","target":{"@type":"EntryPoint","urlTemplate":"https:\/\/vosgesinfo.fr\/gerardmerinfo\/?s={search_term_string}"},"query-input":"required name=search_term_string"}],"inLanguage":"fr-FR"},{"@type":"Organization","@id":"https:\/\/vosgesinfo.fr\/gerardmerinfo\/#organization","name":"Gerardmer Info","url":"https:\/\/vosgesinfo.fr\/gerardmerinfo\/","logo":{"@type":"ImageObject","inLanguage":"fr-FR","@id":"https:\/\/vosgesinfo.fr\/gerardmerinfo\/#\/schema\/logo\/image\/","url":"https:\/\/vosgesinfo.fr\/app\/uploads\/sites\/6\/2023\/08\/favicon-gerardmerinfo.png","contentUrl":"https:\/\/vosgesinfo.fr\/app\/uploads\/sites\/6\/2023\/08\/favicon-gerardmerinfo.png","width":512,"height":512,"caption":"Gerardmer Info"},"image":{"@id":"https:\/\/vosgesinfo.fr\/gerardmerinfo\/#\/schema\/logo\/image\/"},"sameAs":["https:\/\/www.facebook.com\/profile.php?id=100049475262660","https:\/\/x.com\/VosgesInfo88","https:\/\/www.youtube.com\/@vosgesinfo"]},{"@type":"Person","@id":"https:\/\/vosgesinfo.fr\/gerardmerinfo\/#\/schema\/person\/db5605779a843dad16b5368f3e7613a5","name":"QG","image":{"@type":"ImageObject","inLanguage":"fr-FR","@id":"https:\/\/vosgesinfo.fr\/gerardmerinfo\/#\/schema\/person\/image\/","url":"https:\/\/secure.gravatar.com\/avatar\/ea80c42c204b534408512832fde52504ecabb9706bcb6151cf6175e5b64e6793?s=96&d=mm&r=g","contentUrl":"https:\/\/secure.gravatar.com\/avatar\/ea80c42c204b534408512832fde52504ecabb9706bcb6151cf6175e5b64e6793?s=96&d=mm&r=g","caption":"QG"},"url":"https:\/\/vosgesinfo.fr\/gerardmerinfo\/author\/quentin88\/"}]}},"_links":{"self":[{"href":"https:\/\/vosgesinfo.fr\/gerardmerinfo\/wp-json\/wp\/v2\/posts\/38823","targetHints":{"allow":["GET"]}}],"collection":[{"href":"https:\/\/vosgesinfo.fr\/gerardmerinfo\/wp-json\/wp\/v2\/posts"}],"about":[{"href":"https:\/\/vosgesinfo.fr\/gerardmerinfo\/wp-json\/wp\/v2\/types\/post"}],"author":[{"embeddable":true,"href":"https:\/\/vosgesinfo.fr\/gerardmerinfo\/wp-json\/wp\/v2\/users\/42"}],"replies":[{"embeddable":true,"href":"https:\/\/vosgesinfo.fr\/gerardmerinfo\/wp-json\/wp\/v2\/comments?post=38823"}],"version-history":[{"count":0,"href":"https:\/\/vosgesinfo.fr\/gerardmerinfo\/wp-json\/wp\/v2\/posts\/38823\/revisions"}],"wp:featuredmedia":[{"embeddable":true,"href":"https:\/\/vosgesinfo.fr\/gerardmerinfo\/wp-json\/wp\/v2\/media\/38824"}],"wp:attachment":[{"href":"https:\/\/vosgesinfo.fr\/gerardmerinfo\/wp-json\/wp\/v2\/media?parent=38823"}],"wp:term":[{"taxonomy":"category","embeddable":true,"href":"https:\/\/vosgesinfo.fr\/gerardmerinfo\/wp-json\/wp\/v2\/categories?post=38823"},{"taxonomy":"post_tag","embeddable":true,"href":"https:\/\/vosgesinfo.fr\/gerardmerinfo\/wp-json\/wp\/v2\/tags?post=38823"}],"curies":[{"name":"wp","href":"https:\/\/api.w.org\/{rel}","templated":true}]}}