{"id":38829,"date":"2019-01-04T17:03:29","date_gmt":"2019-01-04T16:03:29","guid":{"rendered":"https:\/\/vosgesinfo.fr\/gerardmerinfo\/2019\/01\/incendie-a-bruyeres-lequipe-cynophile-pompiers-renfort-rechercher-personne-disparue\/"},"modified":"2019-01-04T17:03:29","modified_gmt":"2019-01-04T16:03:29","slug":"incendie-a-bruyeres-lequipe-cynophile-pompiers-renfort-rechercher-personne-disparue","status":"publish","type":"post","link":"https:\/\/vosgesinfo.fr\/gerardmerinfo\/2019\/01\/incendie-a-bruyeres-lequipe-cynophile-pompiers-renfort-rechercher-personne-disparue\/","title":{"rendered":"Incendie \u00e0 Bruy\u00e8res : l\u2019\u00e9quipe cynophile des pompiers en renfort pour rechercher une personne disparue"},"content":{"rendered":"<p><a href=\"\/2019\/01\/incendie-bruyeres5.jpg\"><img decoding=\"async\" class=\"aligncenter size-full wp-image-139918\" src=\"\/2019\/01\/incendie-bruyeres5.jpg\" alt=\"incendie-bruyeres5\" width=\"800\" height=\"590\" \/><\/a><\/p>\n<p>T\u00f4t ce matin, une quarantaine de sapeurs-pompiers vosgiens sont intervenus\u00a0pour l\u2019incendie d\u2019un restaurant attenant \u00e0 l\u2019h\u00f4tel situ\u00e9 5 avenue du Cameroun \u00e0 Bruy\u00e8res.<\/p>\n<p>10 personnes ont \u00e9t\u00e9 \u00e9vacu\u00e9es en pleine nuit suite \u00e0 un incendie avenue de Cameroun, en plein centre de Bruy\u00e8res. L\u2019\u00e9quipe cynophile des pompiers des Vosges est intervenue pour rechercher une personne disparue. Les chiens n\u2019ont trouv\u00e9 aucun bless\u00e9. La personne recherch\u00e9e a donn\u00e9 des signes de vie un peu plus tard dans la journ\u00e9e.<\/p>\n<p>Pendant toute la dur\u00e9e de l\u2019intervention, les rues du centre-ville \u00e9taient ferm\u00e9es \u00e0 la circulation.<\/p>\n<p>C.K.N.<\/p>\n","protected":false},"excerpt":{"rendered":"<p>T\u00f4t ce matin, une quarantaine de sapeurs-pompiers vosgiens sont intervenus\u00a0pour l\u2019incendie d\u2019un restaurant attenant \u00e0 l\u2019h\u00f4tel situ\u00e9 5 avenue du [&hellip;]<\/p>\n","protected":false},"author":1,"featured_media":38830,"comment_status":"open","ping_status":"open","sticky":false,"template":"","format":"standard","meta":{"footnotes":""},"categories":[20,8,31],"tags":[],"class_list":["post-38829","post","type-post","status-publish","format-standard","has-post-thumbnail","hentry","category-a-la-une","category-faits-divers","category-vosges-faits-divers"],"acf":[],"yoast_head":"<!-- This site is optimized with the Yoast SEO plugin v22.5 - https:\/\/yoast.com\/wordpress\/plugins\/seo\/ -->\n<title>Incendie \u00e0 Bruy\u00e8res : l\u2019\u00e9quipe cynophile des pompiers en renfort pour rechercher une personne disparue - Gerardmer Info<\/title>\n<meta name=\"robots\" content=\"index, follow, max-snippet:-1, max-image-preview:large, max-video-preview:-1\" \/>\n<link rel=\"canonical\" href=\"https:\/\/vosgesinfo.fr\/gerardmerinfo\/2019\/01\/incendie-a-bruyeres-lequipe-cynophile-pompiers-renfort-rechercher-personne-disparue\/\" \/>\n<meta name=\"twitter:card\" content=\"summary_large_image\" \/>\n<meta name=\"twitter:title\" content=\"Incendie \u00e0 Bruy\u00e8res : l\u2019\u00e9quipe cynophile des pompiers en renfort pour rechercher une personne disparue - Gerardmer Info\" \/>\n<meta name=\"twitter:description\" content=\"T\u00f4t ce matin, une quarantaine de sapeurs-pompiers vosgiens sont intervenus\u00a0pour l\u2019incendie d\u2019un restaurant attenant \u00e0 l\u2019h\u00f4tel situ\u00e9 5 avenue du [&hellip;]\" \/>\n<meta name=\"twitter:image\" content=\"https:\/\/vosgesinfo.fr\/app\/uploads\/sites\/6\/2024\/07\/201901incendie-bruyeres5.jpg\" \/>\n<meta name=\"twitter:creator\" content=\"@VosgesInfo88\" \/>\n<meta name=\"twitter:site\" content=\"@VosgesInfo88\" \/>\n<meta name=\"twitter:label1\" content=\"\u00c9crit par\" \/>\n\t<meta name=\"twitter:data1\" content=\"qs_admin\" \/>\n\t<meta name=\"twitter:label2\" content=\"Dur\u00e9e de lecture estim\u00e9e\" \/>\n\t<meta name=\"twitter:data2\" content=\"1 minute\" \/>\n<script type=\"application\/ld+json\" class=\"yoast-schema-graph\">{\"@context\":\"https:\/\/schema.org\",\"@graph\":[{\"@type\":\"Article\",\"@id\":\"https:\/\/vosgesinfo.fr\/gerardmerinfo\/2019\/01\/incendie-a-bruyeres-lequipe-cynophile-pompiers-renfort-rechercher-personne-disparue\/#article\",\"isPartOf\":{\"@id\":\"https:\/\/vosgesinfo.fr\/gerardmerinfo\/2019\/01\/incendie-a-bruyeres-lequipe-cynophile-pompiers-renfort-rechercher-personne-disparue\/\"},\"author\":{\"name\":\"qs_admin\",\"@id\":\"https:\/\/vosgesinfo.fr\/gerardmerinfo\/#\/schema\/person\/bc5d02d71e6932e81b6dadb7386667b1\"},\"headline\":\"Incendie \u00e0 Bruy\u00e8res : l\u2019\u00e9quipe cynophile des pompiers en renfort pour rechercher une personne disparue\",\"datePublished\":\"2019-01-04T16:03:29+00:00\",\"dateModified\":\"2019-01-04T16:03:29+00:00\",\"mainEntityOfPage\":{\"@id\":\"https:\/\/vosgesinfo.fr\/gerardmerinfo\/2019\/01\/incendie-a-bruyeres-lequipe-cynophile-pompiers-renfort-rechercher-personne-disparue\/\"},\"wordCount\":121,\"commentCount\":0,\"publisher\":{\"@id\":\"https:\/\/vosgesinfo.fr\/gerardmerinfo\/#organization\"},\"image\":{\"@id\":\"https:\/\/vosgesinfo.fr\/gerardmerinfo\/2019\/01\/incendie-a-bruyeres-lequipe-cynophile-pompiers-renfort-rechercher-personne-disparue\/#primaryimage\"},\"thumbnailUrl\":\"https:\/\/vosgesinfo.fr\/app\/uploads\/sites\/6\/2024\/07\/201901incendie-bruyeres5.jpg\",\"articleSection\":[\"A la une\",\"Faits-divers\",\"Vosges\"],\"inLanguage\":\"fr-FR\",\"potentialAction\":[{\"@type\":\"CommentAction\",\"name\":\"Comment\",\"target\":[\"https:\/\/vosgesinfo.fr\/gerardmerinfo\/2019\/01\/incendie-a-bruyeres-lequipe-cynophile-pompiers-renfort-rechercher-personne-disparue\/#respond\"]}]},{\"@type\":\"WebPage\",\"@id\":\"https:\/\/vosgesinfo.fr\/gerardmerinfo\/2019\/01\/incendie-a-bruyeres-lequipe-cynophile-pompiers-renfort-rechercher-personne-disparue\/\",\"url\":\"https:\/\/vosgesinfo.fr\/gerardmerinfo\/2019\/01\/incendie-a-bruyeres-lequipe-cynophile-pompiers-renfort-rechercher-personne-disparue\/\",\"name\":\"Incendie \u00e0 Bruy\u00e8res : l\u2019\u00e9quipe cynophile des pompiers en renfort pour rechercher une personne disparue - Gerardmer Info\",\"isPartOf\":{\"@id\":\"https:\/\/vosgesinfo.fr\/gerardmerinfo\/#website\"},\"primaryImageOfPage\":{\"@id\":\"https:\/\/vosgesinfo.fr\/gerardmerinfo\/2019\/01\/incendie-a-bruyeres-lequipe-cynophile-pompiers-renfort-rechercher-personne-disparue\/#primaryimage\"},\"image\":{\"@id\":\"https:\/\/vosgesinfo.fr\/gerardmerinfo\/2019\/01\/incendie-a-bruyeres-lequipe-cynophile-pompiers-renfort-rechercher-personne-disparue\/#primaryimage\"},\"thumbnailUrl\":\"https:\/\/vosgesinfo.fr\/app\/uploads\/sites\/6\/2024\/07\/201901incendie-bruyeres5.jpg\",\"datePublished\":\"2019-01-04T16:03:29+00:00\",\"dateModified\":\"2019-01-04T16:03:29+00:00\",\"breadcrumb\":{\"@id\":\"https:\/\/vosgesinfo.fr\/gerardmerinfo\/2019\/01\/incendie-a-bruyeres-lequipe-cynophile-pompiers-renfort-rechercher-personne-disparue\/#breadcrumb\"},\"inLanguage\":\"fr-FR\",\"potentialAction\":[{\"@type\":\"ReadAction\",\"target\":[\"https:\/\/vosgesinfo.fr\/gerardmerinfo\/2019\/01\/incendie-a-bruyeres-lequipe-cynophile-pompiers-renfort-rechercher-personne-disparue\/\"]}]},{\"@type\":\"ImageObject\",\"inLanguage\":\"fr-FR\",\"@id\":\"https:\/\/vosgesinfo.fr\/gerardmerinfo\/2019\/01\/incendie-a-bruyeres-lequipe-cynophile-pompiers-renfort-rechercher-personne-disparue\/#primaryimage\",\"url\":\"https:\/\/vosgesinfo.fr\/app\/uploads\/sites\/6\/2024\/07\/201901incendie-bruyeres5.jpg\",\"contentUrl\":\"https:\/\/vosgesinfo.fr\/app\/uploads\/sites\/6\/2024\/07\/201901incendie-bruyeres5.jpg\",\"width\":800,\"height\":590},{\"@type\":\"BreadcrumbList\",\"@id\":\"https:\/\/vosgesinfo.fr\/gerardmerinfo\/2019\/01\/incendie-a-bruyeres-lequipe-cynophile-pompiers-renfort-rechercher-personne-disparue\/#breadcrumb\",\"itemListElement\":[{\"@type\":\"ListItem\",\"position\":1,\"name\":\"Home\",\"item\":\"https:\/\/vosgesinfo.fr\/gerardmerinfo\/\"},{\"@type\":\"ListItem\",\"position\":2,\"name\":\"Incendie \u00e0 Bruy\u00e8res : l\u2019\u00e9quipe cynophile des pompiers en renfort pour rechercher une personne disparue\"}]},{\"@type\":\"WebSite\",\"@id\":\"https:\/\/vosgesinfo.fr\/gerardmerinfo\/#website\",\"url\":\"https:\/\/vosgesinfo.fr\/gerardmerinfo\/\",\"name\":\"Gerardmer Info\",\"description\":\"Toute l&#039;actualit\u00e9 de G\u00e9rardmer\",\"publisher\":{\"@id\":\"https:\/\/vosgesinfo.fr\/gerardmerinfo\/#organization\"},\"alternateName\":\"Toute l'actualit\u00e9 de G\u00e9rardmer\",\"potentialAction\":[{\"@type\":\"SearchAction\",\"target\":{\"@type\":\"EntryPoint\",\"urlTemplate\":\"https:\/\/vosgesinfo.fr\/gerardmerinfo\/?s={search_term_string}\"},\"query-input\":\"required name=search_term_string\"}],\"inLanguage\":\"fr-FR\"},{\"@type\":\"Organization\",\"@id\":\"https:\/\/vosgesinfo.fr\/gerardmerinfo\/#organization\",\"name\":\"Gerardmer Info\",\"url\":\"https:\/\/vosgesinfo.fr\/gerardmerinfo\/\",\"logo\":{\"@type\":\"ImageObject\",\"inLanguage\":\"fr-FR\",\"@id\":\"https:\/\/vosgesinfo.fr\/gerardmerinfo\/#\/schema\/logo\/image\/\",\"url\":\"https:\/\/vosgesinfo.fr\/app\/uploads\/sites\/6\/2023\/08\/favicon-gerardmerinfo.png\",\"contentUrl\":\"https:\/\/vosgesinfo.fr\/app\/uploads\/sites\/6\/2023\/08\/favicon-gerardmerinfo.png\",\"width\":512,\"height\":512,\"caption\":\"Gerardmer Info\"},\"image\":{\"@id\":\"https:\/\/vosgesinfo.fr\/gerardmerinfo\/#\/schema\/logo\/image\/\"},\"sameAs\":[\"https:\/\/www.facebook.com\/profile.php?id=100049475262660\",\"https:\/\/x.com\/VosgesInfo88\",\"https:\/\/www.youtube.com\/@vosgesinfo\"]},{\"@type\":\"Person\",\"@id\":\"https:\/\/vosgesinfo.fr\/gerardmerinfo\/#\/schema\/person\/bc5d02d71e6932e81b6dadb7386667b1\",\"name\":\"qs_admin\",\"image\":{\"@type\":\"ImageObject\",\"inLanguage\":\"fr-FR\",\"@id\":\"https:\/\/vosgesinfo.fr\/gerardmerinfo\/#\/schema\/person\/image\/\",\"url\":\"https:\/\/secure.gravatar.com\/avatar\/94b18ee0ed79e4a42ea2f2931277b6841a8999fc6fde214600c78057cf1fe1de?s=96&d=mm&r=g\",\"contentUrl\":\"https:\/\/secure.gravatar.com\/avatar\/94b18ee0ed79e4a42ea2f2931277b6841a8999fc6fde214600c78057cf1fe1de?s=96&d=mm&r=g\",\"caption\":\"qs_admin\"},\"sameAs\":[\"https:\/\/vosgesinfo.fr\/wp\"],\"url\":\"https:\/\/vosgesinfo.fr\/gerardmerinfo\/author\/qs_admin\/\"}]}<\/script>\n<!-- \/ Yoast SEO plugin. -->","yoast_head_json":{"title":"Incendie \u00e0 Bruy\u00e8res : l\u2019\u00e9quipe cynophile des pompiers en renfort pour rechercher une personne disparue - Gerardmer Info","robots":{"index":"index","follow":"follow","max-snippet":"max-snippet:-1","max-image-preview":"max-image-preview:large","max-video-preview":"max-video-preview:-1"},"canonical":"https:\/\/vosgesinfo.fr\/gerardmerinfo\/2019\/01\/incendie-a-bruyeres-lequipe-cynophile-pompiers-renfort-rechercher-personne-disparue\/","twitter_card":"summary_large_image","twitter_title":"Incendie \u00e0 Bruy\u00e8res : l\u2019\u00e9quipe cynophile des pompiers en renfort pour rechercher une personne disparue - Gerardmer Info","twitter_description":"T\u00f4t ce matin, une quarantaine de sapeurs-pompiers vosgiens sont intervenus\u00a0pour l\u2019incendie d\u2019un restaurant attenant \u00e0 l\u2019h\u00f4tel situ\u00e9 5 avenue du [&hellip;]","twitter_image":"https:\/\/vosgesinfo.fr\/app\/uploads\/sites\/6\/2024\/07\/201901incendie-bruyeres5.jpg","twitter_creator":"@VosgesInfo88","twitter_site":"@VosgesInfo88","twitter_misc":{"\u00c9crit par":"qs_admin","Dur\u00e9e de lecture estim\u00e9e":"1 minute"},"schema":{"@context":"https:\/\/schema.org","@graph":[{"@type":"Article","@id":"https:\/\/vosgesinfo.fr\/gerardmerinfo\/2019\/01\/incendie-a-bruyeres-lequipe-cynophile-pompiers-renfort-rechercher-personne-disparue\/#article","isPartOf":{"@id":"https:\/\/vosgesinfo.fr\/gerardmerinfo\/2019\/01\/incendie-a-bruyeres-lequipe-cynophile-pompiers-renfort-rechercher-personne-disparue\/"},"author":{"name":"qs_admin","@id":"https:\/\/vosgesinfo.fr\/gerardmerinfo\/#\/schema\/person\/bc5d02d71e6932e81b6dadb7386667b1"},"headline":"Incendie \u00e0 Bruy\u00e8res : l\u2019\u00e9quipe cynophile des pompiers en renfort pour rechercher une personne disparue","datePublished":"2019-01-04T16:03:29+00:00","dateModified":"2019-01-04T16:03:29+00:00","mainEntityOfPage":{"@id":"https:\/\/vosgesinfo.fr\/gerardmerinfo\/2019\/01\/incendie-a-bruyeres-lequipe-cynophile-pompiers-renfort-rechercher-personne-disparue\/"},"wordCount":121,"commentCount":0,"publisher":{"@id":"https:\/\/vosgesinfo.fr\/gerardmerinfo\/#organization"},"image":{"@id":"https:\/\/vosgesinfo.fr\/gerardmerinfo\/2019\/01\/incendie-a-bruyeres-lequipe-cynophile-pompiers-renfort-rechercher-personne-disparue\/#primaryimage"},"thumbnailUrl":"https:\/\/vosgesinfo.fr\/app\/uploads\/sites\/6\/2024\/07\/201901incendie-bruyeres5.jpg","articleSection":["A la une","Faits-divers","Vosges"],"inLanguage":"fr-FR","potentialAction":[{"@type":"CommentAction","name":"Comment","target":["https:\/\/vosgesinfo.fr\/gerardmerinfo\/2019\/01\/incendie-a-bruyeres-lequipe-cynophile-pompiers-renfort-rechercher-personne-disparue\/#respond"]}]},{"@type":"WebPage","@id":"https:\/\/vosgesinfo.fr\/gerardmerinfo\/2019\/01\/incendie-a-bruyeres-lequipe-cynophile-pompiers-renfort-rechercher-personne-disparue\/","url":"https:\/\/vosgesinfo.fr\/gerardmerinfo\/2019\/01\/incendie-a-bruyeres-lequipe-cynophile-pompiers-renfort-rechercher-personne-disparue\/","name":"Incendie \u00e0 Bruy\u00e8res : l\u2019\u00e9quipe cynophile des pompiers en renfort pour rechercher une personne disparue - Gerardmer Info","isPartOf":{"@id":"https:\/\/vosgesinfo.fr\/gerardmerinfo\/#website"},"primaryImageOfPage":{"@id":"https:\/\/vosgesinfo.fr\/gerardmerinfo\/2019\/01\/incendie-a-bruyeres-lequipe-cynophile-pompiers-renfort-rechercher-personne-disparue\/#primaryimage"},"image":{"@id":"https:\/\/vosgesinfo.fr\/gerardmerinfo\/2019\/01\/incendie-a-bruyeres-lequipe-cynophile-pompiers-renfort-rechercher-personne-disparue\/#primaryimage"},"thumbnailUrl":"https:\/\/vosgesinfo.fr\/app\/uploads\/sites\/6\/2024\/07\/201901incendie-bruyeres5.jpg","datePublished":"2019-01-04T16:03:29+00:00","dateModified":"2019-01-04T16:03:29+00:00","breadcrumb":{"@id":"https:\/\/vosgesinfo.fr\/gerardmerinfo\/2019\/01\/incendie-a-bruyeres-lequipe-cynophile-pompiers-renfort-rechercher-personne-disparue\/#breadcrumb"},"inLanguage":"fr-FR","potentialAction":[{"@type":"ReadAction","target":["https:\/\/vosgesinfo.fr\/gerardmerinfo\/2019\/01\/incendie-a-bruyeres-lequipe-cynophile-pompiers-renfort-rechercher-personne-disparue\/"]}]},{"@type":"ImageObject","inLanguage":"fr-FR","@id":"https:\/\/vosgesinfo.fr\/gerardmerinfo\/2019\/01\/incendie-a-bruyeres-lequipe-cynophile-pompiers-renfort-rechercher-personne-disparue\/#primaryimage","url":"https:\/\/vosgesinfo.fr\/app\/uploads\/sites\/6\/2024\/07\/201901incendie-bruyeres5.jpg","contentUrl":"https:\/\/vosgesinfo.fr\/app\/uploads\/sites\/6\/2024\/07\/201901incendie-bruyeres5.jpg","width":800,"height":590},{"@type":"BreadcrumbList","@id":"https:\/\/vosgesinfo.fr\/gerardmerinfo\/2019\/01\/incendie-a-bruyeres-lequipe-cynophile-pompiers-renfort-rechercher-personne-disparue\/#breadcrumb","itemListElement":[{"@type":"ListItem","position":1,"name":"Home","item":"https:\/\/vosgesinfo.fr\/gerardmerinfo\/"},{"@type":"ListItem","position":2,"name":"Incendie \u00e0 Bruy\u00e8res : l\u2019\u00e9quipe cynophile des pompiers en renfort pour rechercher une personne disparue"}]},{"@type":"WebSite","@id":"https:\/\/vosgesinfo.fr\/gerardmerinfo\/#website","url":"https:\/\/vosgesinfo.fr\/gerardmerinfo\/","name":"Gerardmer Info","description":"Toute l&#039;actualit\u00e9 de G\u00e9rardmer","publisher":{"@id":"https:\/\/vosgesinfo.fr\/gerardmerinfo\/#organization"},"alternateName":"Toute l'actualit\u00e9 de G\u00e9rardmer","potentialAction":[{"@type":"SearchAction","target":{"@type":"EntryPoint","urlTemplate":"https:\/\/vosgesinfo.fr\/gerardmerinfo\/?s={search_term_string}"},"query-input":"required name=search_term_string"}],"inLanguage":"fr-FR"},{"@type":"Organization","@id":"https:\/\/vosgesinfo.fr\/gerardmerinfo\/#organization","name":"Gerardmer Info","url":"https:\/\/vosgesinfo.fr\/gerardmerinfo\/","logo":{"@type":"ImageObject","inLanguage":"fr-FR","@id":"https:\/\/vosgesinfo.fr\/gerardmerinfo\/#\/schema\/logo\/image\/","url":"https:\/\/vosgesinfo.fr\/app\/uploads\/sites\/6\/2023\/08\/favicon-gerardmerinfo.png","contentUrl":"https:\/\/vosgesinfo.fr\/app\/uploads\/sites\/6\/2023\/08\/favicon-gerardmerinfo.png","width":512,"height":512,"caption":"Gerardmer Info"},"image":{"@id":"https:\/\/vosgesinfo.fr\/gerardmerinfo\/#\/schema\/logo\/image\/"},"sameAs":["https:\/\/www.facebook.com\/profile.php?id=100049475262660","https:\/\/x.com\/VosgesInfo88","https:\/\/www.youtube.com\/@vosgesinfo"]},{"@type":"Person","@id":"https:\/\/vosgesinfo.fr\/gerardmerinfo\/#\/schema\/person\/bc5d02d71e6932e81b6dadb7386667b1","name":"qs_admin","image":{"@type":"ImageObject","inLanguage":"fr-FR","@id":"https:\/\/vosgesinfo.fr\/gerardmerinfo\/#\/schema\/person\/image\/","url":"https:\/\/secure.gravatar.com\/avatar\/94b18ee0ed79e4a42ea2f2931277b6841a8999fc6fde214600c78057cf1fe1de?s=96&d=mm&r=g","contentUrl":"https:\/\/secure.gravatar.com\/avatar\/94b18ee0ed79e4a42ea2f2931277b6841a8999fc6fde214600c78057cf1fe1de?s=96&d=mm&r=g","caption":"qs_admin"},"sameAs":["https:\/\/vosgesinfo.fr\/wp"],"url":"https:\/\/vosgesinfo.fr\/gerardmerinfo\/author\/qs_admin\/"}]}},"_links":{"self":[{"href":"https:\/\/vosgesinfo.fr\/gerardmerinfo\/wp-json\/wp\/v2\/posts\/38829","targetHints":{"allow":["GET"]}}],"collection":[{"href":"https:\/\/vosgesinfo.fr\/gerardmerinfo\/wp-json\/wp\/v2\/posts"}],"about":[{"href":"https:\/\/vosgesinfo.fr\/gerardmerinfo\/wp-json\/wp\/v2\/types\/post"}],"author":[{"embeddable":true,"href":"https:\/\/vosgesinfo.fr\/gerardmerinfo\/wp-json\/wp\/v2\/users\/1"}],"replies":[{"embeddable":true,"href":"https:\/\/vosgesinfo.fr\/gerardmerinfo\/wp-json\/wp\/v2\/comments?post=38829"}],"version-history":[{"count":0,"href":"https:\/\/vosgesinfo.fr\/gerardmerinfo\/wp-json\/wp\/v2\/posts\/38829\/revisions"}],"wp:featuredmedia":[{"embeddable":true,"href":"https:\/\/vosgesinfo.fr\/gerardmerinfo\/wp-json\/wp\/v2\/media\/38830"}],"wp:attachment":[{"href":"https:\/\/vosgesinfo.fr\/gerardmerinfo\/wp-json\/wp\/v2\/media?parent=38829"}],"wp:term":[{"taxonomy":"category","embeddable":true,"href":"https:\/\/vosgesinfo.fr\/gerardmerinfo\/wp-json\/wp\/v2\/categories?post=38829"},{"taxonomy":"post_tag","embeddable":true,"href":"https:\/\/vosgesinfo.fr\/gerardmerinfo\/wp-json\/wp\/v2\/tags?post=38829"}],"curies":[{"name":"wp","href":"https:\/\/api.w.org\/{rel}","templated":true}]}}