{"id":38847,"date":"2019-01-06T10:57:26","date_gmt":"2019-01-06T09:57:26","guid":{"rendered":"https:\/\/vosgesinfo.fr\/gerardmerinfo\/2019\/01\/futsal-lasg-simpose-a-domicile-face-aux-portugais-de-strasbourg\/"},"modified":"2019-01-06T10:57:26","modified_gmt":"2019-01-06T09:57:26","slug":"futsal-lasg-simpose-a-domicile-face-aux-portugais-de-strasbourg","status":"publish","type":"post","link":"https:\/\/vosgesinfo.fr\/gerardmerinfo\/2019\/01\/futsal-lasg-simpose-a-domicile-face-aux-portugais-de-strasbourg\/","title":{"rendered":"Futsal : l&rsquo;ASG s&rsquo;impose \u00e0 domicile face aux Portugais de Strasbourg"},"content":{"rendered":"<p><a href=\"\/2019\/01\/futsal-asg-portugais.jpg\"><img decoding=\"async\" class=\"aligncenter size-full wp-image-139955\" src=\"\/2019\/01\/futsal-asg-portugais.jpg\" alt=\"futsal asg portugais\" width=\"800\" height=\"600\" \/><\/a><\/p>\n<h3>L&rsquo;ASG football recevait l&rsquo;\u00e9quipe des Portugais de Strasbourg samedi apr\u00e8s-midi \u00e0 la Halle des Sports dans le cadre du 4\u00e8me tour de Coupe de France.<\/h3>\n<p>Une rencontre particuli\u00e8rement tendue entre les deux formations et entach\u00e9e de trop nombreuses fautes. Les deux arbitres en charge de ce match auront eu bien du mal \u00e0 temp\u00e9rer les ardeurs des protagonistes manifestement bien d\u00e9cid\u00e9s \u00e0 ne pas laisser s&rsquo;envoler la victoire. Dans cette confrontation muscl\u00e9e, l&rsquo;ASG prenait n\u00e9anmoins les commandes et l&rsquo;avantage au score en prenant de vitesse leurs adversaires sur quelques belles contre-attaques ainsi que sur de belles phases d&rsquo;attaque construite. A la mi-temps, les locaux viraient en t\u00eate au tableau d&rsquo;affichage 8 buts \u00e0 3. Le score aurait m\u00eame pu \u00eatre plus lourd pour les Strasbourgeois si les G\u00e9r\u00f4mois avaient \u00e9t\u00e9 plus r\u00e9alistes sur quelques tirs \u00e0 10m&#8230;<\/p>\n<p>La deuxi\u00e8me mi-temps \u00e9tait plus ou moins du m\u00eame tonneau avec des visiteurs qui poussaient pour revenir au score et des G\u00e9r\u00f4mois qui ont su g\u00e9rer leur avance. Au coup de sifflet final, l&rsquo;ASG s&rsquo;impose donc 12 \u00e0 8, et m\u00eame si seule compte la victoire, on aurait sans doute r\u00eav\u00e9 d&rsquo;un peu plus de fair-play et de ma\u00eetrise dans l&rsquo;engagement de certains joueurs. Esp\u00e9rons que le prochain tour de Coupe soit un peu moins houleux pour Alimli et ses co\u00e9quipiers qui ont su se sortir de ce pi\u00e8ge strasbourgeois.<\/p>\n","protected":false},"excerpt":{"rendered":"<p>L&rsquo;ASG football recevait l&rsquo;\u00e9quipe des Portugais de Strasbourg samedi apr\u00e8s-midi \u00e0 la Halle des Sports dans le cadre du 4\u00e8me [&hellip;]<\/p>\n","protected":false},"author":42,"featured_media":38848,"comment_status":"open","ping_status":"open","sticky":false,"template":"","format":"standard","meta":{"footnotes":""},"categories":[20,25,14],"tags":[353],"class_list":["post-38847","post","type-post","status-publish","format-standard","has-post-thumbnail","hentry","category-a-la-une","category-gerardmer","category-sport","tag-asg-football"],"acf":[],"yoast_head":"<!-- This site is optimized with the Yoast SEO plugin v22.5 - https:\/\/yoast.com\/wordpress\/plugins\/seo\/ -->\n<title>Futsal : l&#039;ASG s&#039;impose \u00e0 domicile face aux Portugais de Strasbourg - Gerardmer Info<\/title>\n<meta name=\"robots\" content=\"index, follow, max-snippet:-1, max-image-preview:large, max-video-preview:-1\" \/>\n<link rel=\"canonical\" href=\"https:\/\/vosgesinfo.fr\/gerardmerinfo\/2019\/01\/futsal-lasg-simpose-a-domicile-face-aux-portugais-de-strasbourg\/\" \/>\n<meta name=\"twitter:card\" content=\"summary_large_image\" \/>\n<meta name=\"twitter:title\" content=\"Futsal : l&#039;ASG s&#039;impose \u00e0 domicile face aux Portugais de Strasbourg - Gerardmer Info\" \/>\n<meta name=\"twitter:description\" content=\"L&rsquo;ASG football recevait l&rsquo;\u00e9quipe des Portugais de Strasbourg samedi apr\u00e8s-midi \u00e0 la Halle des Sports dans le cadre du 4\u00e8me [&hellip;]\" \/>\n<meta name=\"twitter:image\" content=\"https:\/\/vosgesinfo.fr\/app\/uploads\/sites\/6\/2024\/07\/201901futsal-asg-portugais.jpg\" \/>\n<meta name=\"twitter:creator\" content=\"@VosgesInfo88\" \/>\n<meta name=\"twitter:site\" content=\"@VosgesInfo88\" \/>\n<meta name=\"twitter:label1\" content=\"\u00c9crit par\" \/>\n\t<meta name=\"twitter:data1\" content=\"QG\" \/>\n\t<meta name=\"twitter:label2\" content=\"Dur\u00e9e de lecture estim\u00e9e\" \/>\n\t<meta name=\"twitter:data2\" content=\"1 minute\" \/>\n<script type=\"application\/ld+json\" class=\"yoast-schema-graph\">{\"@context\":\"https:\/\/schema.org\",\"@graph\":[{\"@type\":\"Article\",\"@id\":\"https:\/\/vosgesinfo.fr\/gerardmerinfo\/2019\/01\/futsal-lasg-simpose-a-domicile-face-aux-portugais-de-strasbourg\/#article\",\"isPartOf\":{\"@id\":\"https:\/\/vosgesinfo.fr\/gerardmerinfo\/2019\/01\/futsal-lasg-simpose-a-domicile-face-aux-portugais-de-strasbourg\/\"},\"author\":{\"name\":\"QG\",\"@id\":\"https:\/\/vosgesinfo.fr\/gerardmerinfo\/#\/schema\/person\/db5605779a843dad16b5368f3e7613a5\"},\"headline\":\"Futsal : l&rsquo;ASG s&rsquo;impose \u00e0 domicile face aux Portugais de Strasbourg\",\"datePublished\":\"2019-01-06T09:57:26+00:00\",\"dateModified\":\"2019-01-06T09:57:26+00:00\",\"mainEntityOfPage\":{\"@id\":\"https:\/\/vosgesinfo.fr\/gerardmerinfo\/2019\/01\/futsal-lasg-simpose-a-domicile-face-aux-portugais-de-strasbourg\/\"},\"wordCount\":263,\"commentCount\":0,\"publisher\":{\"@id\":\"https:\/\/vosgesinfo.fr\/gerardmerinfo\/#organization\"},\"image\":{\"@id\":\"https:\/\/vosgesinfo.fr\/gerardmerinfo\/2019\/01\/futsal-lasg-simpose-a-domicile-face-aux-portugais-de-strasbourg\/#primaryimage\"},\"thumbnailUrl\":\"https:\/\/vosgesinfo.fr\/app\/uploads\/sites\/6\/2024\/07\/201901futsal-asg-portugais.jpg\",\"keywords\":[\"asg football\"],\"articleSection\":[\"A la une\",\"G\u00e9rardmer\",\"Sport\"],\"inLanguage\":\"fr-FR\",\"potentialAction\":[{\"@type\":\"CommentAction\",\"name\":\"Comment\",\"target\":[\"https:\/\/vosgesinfo.fr\/gerardmerinfo\/2019\/01\/futsal-lasg-simpose-a-domicile-face-aux-portugais-de-strasbourg\/#respond\"]}]},{\"@type\":\"WebPage\",\"@id\":\"https:\/\/vosgesinfo.fr\/gerardmerinfo\/2019\/01\/futsal-lasg-simpose-a-domicile-face-aux-portugais-de-strasbourg\/\",\"url\":\"https:\/\/vosgesinfo.fr\/gerardmerinfo\/2019\/01\/futsal-lasg-simpose-a-domicile-face-aux-portugais-de-strasbourg\/\",\"name\":\"Futsal : l'ASG s'impose \u00e0 domicile face aux Portugais de Strasbourg - Gerardmer Info\",\"isPartOf\":{\"@id\":\"https:\/\/vosgesinfo.fr\/gerardmerinfo\/#website\"},\"primaryImageOfPage\":{\"@id\":\"https:\/\/vosgesinfo.fr\/gerardmerinfo\/2019\/01\/futsal-lasg-simpose-a-domicile-face-aux-portugais-de-strasbourg\/#primaryimage\"},\"image\":{\"@id\":\"https:\/\/vosgesinfo.fr\/gerardmerinfo\/2019\/01\/futsal-lasg-simpose-a-domicile-face-aux-portugais-de-strasbourg\/#primaryimage\"},\"thumbnailUrl\":\"https:\/\/vosgesinfo.fr\/app\/uploads\/sites\/6\/2024\/07\/201901futsal-asg-portugais.jpg\",\"datePublished\":\"2019-01-06T09:57:26+00:00\",\"dateModified\":\"2019-01-06T09:57:26+00:00\",\"breadcrumb\":{\"@id\":\"https:\/\/vosgesinfo.fr\/gerardmerinfo\/2019\/01\/futsal-lasg-simpose-a-domicile-face-aux-portugais-de-strasbourg\/#breadcrumb\"},\"inLanguage\":\"fr-FR\",\"potentialAction\":[{\"@type\":\"ReadAction\",\"target\":[\"https:\/\/vosgesinfo.fr\/gerardmerinfo\/2019\/01\/futsal-lasg-simpose-a-domicile-face-aux-portugais-de-strasbourg\/\"]}]},{\"@type\":\"ImageObject\",\"inLanguage\":\"fr-FR\",\"@id\":\"https:\/\/vosgesinfo.fr\/gerardmerinfo\/2019\/01\/futsal-lasg-simpose-a-domicile-face-aux-portugais-de-strasbourg\/#primaryimage\",\"url\":\"https:\/\/vosgesinfo.fr\/app\/uploads\/sites\/6\/2024\/07\/201901futsal-asg-portugais.jpg\",\"contentUrl\":\"https:\/\/vosgesinfo.fr\/app\/uploads\/sites\/6\/2024\/07\/201901futsal-asg-portugais.jpg\",\"width\":800,\"height\":600},{\"@type\":\"BreadcrumbList\",\"@id\":\"https:\/\/vosgesinfo.fr\/gerardmerinfo\/2019\/01\/futsal-lasg-simpose-a-domicile-face-aux-portugais-de-strasbourg\/#breadcrumb\",\"itemListElement\":[{\"@type\":\"ListItem\",\"position\":1,\"name\":\"Home\",\"item\":\"https:\/\/vosgesinfo.fr\/gerardmerinfo\/\"},{\"@type\":\"ListItem\",\"position\":2,\"name\":\"Futsal : l&rsquo;ASG s&rsquo;impose \u00e0 domicile face aux Portugais de Strasbourg\"}]},{\"@type\":\"WebSite\",\"@id\":\"https:\/\/vosgesinfo.fr\/gerardmerinfo\/#website\",\"url\":\"https:\/\/vosgesinfo.fr\/gerardmerinfo\/\",\"name\":\"Gerardmer Info\",\"description\":\"Toute l&#039;actualit\u00e9 de G\u00e9rardmer\",\"publisher\":{\"@id\":\"https:\/\/vosgesinfo.fr\/gerardmerinfo\/#organization\"},\"alternateName\":\"Toute l'actualit\u00e9 de G\u00e9rardmer\",\"potentialAction\":[{\"@type\":\"SearchAction\",\"target\":{\"@type\":\"EntryPoint\",\"urlTemplate\":\"https:\/\/vosgesinfo.fr\/gerardmerinfo\/?s={search_term_string}\"},\"query-input\":\"required name=search_term_string\"}],\"inLanguage\":\"fr-FR\"},{\"@type\":\"Organization\",\"@id\":\"https:\/\/vosgesinfo.fr\/gerardmerinfo\/#organization\",\"name\":\"Gerardmer Info\",\"url\":\"https:\/\/vosgesinfo.fr\/gerardmerinfo\/\",\"logo\":{\"@type\":\"ImageObject\",\"inLanguage\":\"fr-FR\",\"@id\":\"https:\/\/vosgesinfo.fr\/gerardmerinfo\/#\/schema\/logo\/image\/\",\"url\":\"https:\/\/vosgesinfo.fr\/app\/uploads\/sites\/6\/2023\/08\/favicon-gerardmerinfo.png\",\"contentUrl\":\"https:\/\/vosgesinfo.fr\/app\/uploads\/sites\/6\/2023\/08\/favicon-gerardmerinfo.png\",\"width\":512,\"height\":512,\"caption\":\"Gerardmer Info\"},\"image\":{\"@id\":\"https:\/\/vosgesinfo.fr\/gerardmerinfo\/#\/schema\/logo\/image\/\"},\"sameAs\":[\"https:\/\/www.facebook.com\/profile.php?id=100049475262660\",\"https:\/\/x.com\/VosgesInfo88\",\"https:\/\/www.youtube.com\/@vosgesinfo\"]},{\"@type\":\"Person\",\"@id\":\"https:\/\/vosgesinfo.fr\/gerardmerinfo\/#\/schema\/person\/db5605779a843dad16b5368f3e7613a5\",\"name\":\"QG\",\"image\":{\"@type\":\"ImageObject\",\"inLanguage\":\"fr-FR\",\"@id\":\"https:\/\/vosgesinfo.fr\/gerardmerinfo\/#\/schema\/person\/image\/\",\"url\":\"https:\/\/secure.gravatar.com\/avatar\/ea80c42c204b534408512832fde52504ecabb9706bcb6151cf6175e5b64e6793?s=96&d=mm&r=g\",\"contentUrl\":\"https:\/\/secure.gravatar.com\/avatar\/ea80c42c204b534408512832fde52504ecabb9706bcb6151cf6175e5b64e6793?s=96&d=mm&r=g\",\"caption\":\"QG\"},\"url\":\"https:\/\/vosgesinfo.fr\/gerardmerinfo\/author\/quentin88\/\"}]}<\/script>\n<!-- \/ Yoast SEO plugin. -->","yoast_head_json":{"title":"Futsal : l'ASG s'impose \u00e0 domicile face aux Portugais de Strasbourg - Gerardmer Info","robots":{"index":"index","follow":"follow","max-snippet":"max-snippet:-1","max-image-preview":"max-image-preview:large","max-video-preview":"max-video-preview:-1"},"canonical":"https:\/\/vosgesinfo.fr\/gerardmerinfo\/2019\/01\/futsal-lasg-simpose-a-domicile-face-aux-portugais-de-strasbourg\/","twitter_card":"summary_large_image","twitter_title":"Futsal : l'ASG s'impose \u00e0 domicile face aux Portugais de Strasbourg - Gerardmer Info","twitter_description":"L&rsquo;ASG football recevait l&rsquo;\u00e9quipe des Portugais de Strasbourg samedi apr\u00e8s-midi \u00e0 la Halle des Sports dans le cadre du 4\u00e8me [&hellip;]","twitter_image":"https:\/\/vosgesinfo.fr\/app\/uploads\/sites\/6\/2024\/07\/201901futsal-asg-portugais.jpg","twitter_creator":"@VosgesInfo88","twitter_site":"@VosgesInfo88","twitter_misc":{"\u00c9crit par":"QG","Dur\u00e9e de lecture estim\u00e9e":"1 minute"},"schema":{"@context":"https:\/\/schema.org","@graph":[{"@type":"Article","@id":"https:\/\/vosgesinfo.fr\/gerardmerinfo\/2019\/01\/futsal-lasg-simpose-a-domicile-face-aux-portugais-de-strasbourg\/#article","isPartOf":{"@id":"https:\/\/vosgesinfo.fr\/gerardmerinfo\/2019\/01\/futsal-lasg-simpose-a-domicile-face-aux-portugais-de-strasbourg\/"},"author":{"name":"QG","@id":"https:\/\/vosgesinfo.fr\/gerardmerinfo\/#\/schema\/person\/db5605779a843dad16b5368f3e7613a5"},"headline":"Futsal : l&rsquo;ASG s&rsquo;impose \u00e0 domicile face aux Portugais de Strasbourg","datePublished":"2019-01-06T09:57:26+00:00","dateModified":"2019-01-06T09:57:26+00:00","mainEntityOfPage":{"@id":"https:\/\/vosgesinfo.fr\/gerardmerinfo\/2019\/01\/futsal-lasg-simpose-a-domicile-face-aux-portugais-de-strasbourg\/"},"wordCount":263,"commentCount":0,"publisher":{"@id":"https:\/\/vosgesinfo.fr\/gerardmerinfo\/#organization"},"image":{"@id":"https:\/\/vosgesinfo.fr\/gerardmerinfo\/2019\/01\/futsal-lasg-simpose-a-domicile-face-aux-portugais-de-strasbourg\/#primaryimage"},"thumbnailUrl":"https:\/\/vosgesinfo.fr\/app\/uploads\/sites\/6\/2024\/07\/201901futsal-asg-portugais.jpg","keywords":["asg football"],"articleSection":["A la une","G\u00e9rardmer","Sport"],"inLanguage":"fr-FR","potentialAction":[{"@type":"CommentAction","name":"Comment","target":["https:\/\/vosgesinfo.fr\/gerardmerinfo\/2019\/01\/futsal-lasg-simpose-a-domicile-face-aux-portugais-de-strasbourg\/#respond"]}]},{"@type":"WebPage","@id":"https:\/\/vosgesinfo.fr\/gerardmerinfo\/2019\/01\/futsal-lasg-simpose-a-domicile-face-aux-portugais-de-strasbourg\/","url":"https:\/\/vosgesinfo.fr\/gerardmerinfo\/2019\/01\/futsal-lasg-simpose-a-domicile-face-aux-portugais-de-strasbourg\/","name":"Futsal : l'ASG s'impose \u00e0 domicile face aux Portugais de Strasbourg - Gerardmer Info","isPartOf":{"@id":"https:\/\/vosgesinfo.fr\/gerardmerinfo\/#website"},"primaryImageOfPage":{"@id":"https:\/\/vosgesinfo.fr\/gerardmerinfo\/2019\/01\/futsal-lasg-simpose-a-domicile-face-aux-portugais-de-strasbourg\/#primaryimage"},"image":{"@id":"https:\/\/vosgesinfo.fr\/gerardmerinfo\/2019\/01\/futsal-lasg-simpose-a-domicile-face-aux-portugais-de-strasbourg\/#primaryimage"},"thumbnailUrl":"https:\/\/vosgesinfo.fr\/app\/uploads\/sites\/6\/2024\/07\/201901futsal-asg-portugais.jpg","datePublished":"2019-01-06T09:57:26+00:00","dateModified":"2019-01-06T09:57:26+00:00","breadcrumb":{"@id":"https:\/\/vosgesinfo.fr\/gerardmerinfo\/2019\/01\/futsal-lasg-simpose-a-domicile-face-aux-portugais-de-strasbourg\/#breadcrumb"},"inLanguage":"fr-FR","potentialAction":[{"@type":"ReadAction","target":["https:\/\/vosgesinfo.fr\/gerardmerinfo\/2019\/01\/futsal-lasg-simpose-a-domicile-face-aux-portugais-de-strasbourg\/"]}]},{"@type":"ImageObject","inLanguage":"fr-FR","@id":"https:\/\/vosgesinfo.fr\/gerardmerinfo\/2019\/01\/futsal-lasg-simpose-a-domicile-face-aux-portugais-de-strasbourg\/#primaryimage","url":"https:\/\/vosgesinfo.fr\/app\/uploads\/sites\/6\/2024\/07\/201901futsal-asg-portugais.jpg","contentUrl":"https:\/\/vosgesinfo.fr\/app\/uploads\/sites\/6\/2024\/07\/201901futsal-asg-portugais.jpg","width":800,"height":600},{"@type":"BreadcrumbList","@id":"https:\/\/vosgesinfo.fr\/gerardmerinfo\/2019\/01\/futsal-lasg-simpose-a-domicile-face-aux-portugais-de-strasbourg\/#breadcrumb","itemListElement":[{"@type":"ListItem","position":1,"name":"Home","item":"https:\/\/vosgesinfo.fr\/gerardmerinfo\/"},{"@type":"ListItem","position":2,"name":"Futsal : l&rsquo;ASG s&rsquo;impose \u00e0 domicile face aux Portugais de Strasbourg"}]},{"@type":"WebSite","@id":"https:\/\/vosgesinfo.fr\/gerardmerinfo\/#website","url":"https:\/\/vosgesinfo.fr\/gerardmerinfo\/","name":"Gerardmer Info","description":"Toute l&#039;actualit\u00e9 de G\u00e9rardmer","publisher":{"@id":"https:\/\/vosgesinfo.fr\/gerardmerinfo\/#organization"},"alternateName":"Toute l'actualit\u00e9 de G\u00e9rardmer","potentialAction":[{"@type":"SearchAction","target":{"@type":"EntryPoint","urlTemplate":"https:\/\/vosgesinfo.fr\/gerardmerinfo\/?s={search_term_string}"},"query-input":"required name=search_term_string"}],"inLanguage":"fr-FR"},{"@type":"Organization","@id":"https:\/\/vosgesinfo.fr\/gerardmerinfo\/#organization","name":"Gerardmer Info","url":"https:\/\/vosgesinfo.fr\/gerardmerinfo\/","logo":{"@type":"ImageObject","inLanguage":"fr-FR","@id":"https:\/\/vosgesinfo.fr\/gerardmerinfo\/#\/schema\/logo\/image\/","url":"https:\/\/vosgesinfo.fr\/app\/uploads\/sites\/6\/2023\/08\/favicon-gerardmerinfo.png","contentUrl":"https:\/\/vosgesinfo.fr\/app\/uploads\/sites\/6\/2023\/08\/favicon-gerardmerinfo.png","width":512,"height":512,"caption":"Gerardmer Info"},"image":{"@id":"https:\/\/vosgesinfo.fr\/gerardmerinfo\/#\/schema\/logo\/image\/"},"sameAs":["https:\/\/www.facebook.com\/profile.php?id=100049475262660","https:\/\/x.com\/VosgesInfo88","https:\/\/www.youtube.com\/@vosgesinfo"]},{"@type":"Person","@id":"https:\/\/vosgesinfo.fr\/gerardmerinfo\/#\/schema\/person\/db5605779a843dad16b5368f3e7613a5","name":"QG","image":{"@type":"ImageObject","inLanguage":"fr-FR","@id":"https:\/\/vosgesinfo.fr\/gerardmerinfo\/#\/schema\/person\/image\/","url":"https:\/\/secure.gravatar.com\/avatar\/ea80c42c204b534408512832fde52504ecabb9706bcb6151cf6175e5b64e6793?s=96&d=mm&r=g","contentUrl":"https:\/\/secure.gravatar.com\/avatar\/ea80c42c204b534408512832fde52504ecabb9706bcb6151cf6175e5b64e6793?s=96&d=mm&r=g","caption":"QG"},"url":"https:\/\/vosgesinfo.fr\/gerardmerinfo\/author\/quentin88\/"}]}},"_links":{"self":[{"href":"https:\/\/vosgesinfo.fr\/gerardmerinfo\/wp-json\/wp\/v2\/posts\/38847","targetHints":{"allow":["GET"]}}],"collection":[{"href":"https:\/\/vosgesinfo.fr\/gerardmerinfo\/wp-json\/wp\/v2\/posts"}],"about":[{"href":"https:\/\/vosgesinfo.fr\/gerardmerinfo\/wp-json\/wp\/v2\/types\/post"}],"author":[{"embeddable":true,"href":"https:\/\/vosgesinfo.fr\/gerardmerinfo\/wp-json\/wp\/v2\/users\/42"}],"replies":[{"embeddable":true,"href":"https:\/\/vosgesinfo.fr\/gerardmerinfo\/wp-json\/wp\/v2\/comments?post=38847"}],"version-history":[{"count":0,"href":"https:\/\/vosgesinfo.fr\/gerardmerinfo\/wp-json\/wp\/v2\/posts\/38847\/revisions"}],"wp:featuredmedia":[{"embeddable":true,"href":"https:\/\/vosgesinfo.fr\/gerardmerinfo\/wp-json\/wp\/v2\/media\/38848"}],"wp:attachment":[{"href":"https:\/\/vosgesinfo.fr\/gerardmerinfo\/wp-json\/wp\/v2\/media?parent=38847"}],"wp:term":[{"taxonomy":"category","embeddable":true,"href":"https:\/\/vosgesinfo.fr\/gerardmerinfo\/wp-json\/wp\/v2\/categories?post=38847"},{"taxonomy":"post_tag","embeddable":true,"href":"https:\/\/vosgesinfo.fr\/gerardmerinfo\/wp-json\/wp\/v2\/tags?post=38847"}],"curies":[{"name":"wp","href":"https:\/\/api.w.org\/{rel}","templated":true}]}}