{"id":38867,"date":"2019-01-06T11:04:20","date_gmt":"2019-01-06T10:04:20","guid":{"rendered":"https:\/\/vosgesinfo.fr\/gerardmerinfo\/2019\/01\/docteur-briffaut-decapite\/"},"modified":"2019-01-06T11:04:20","modified_gmt":"2019-01-06T10:04:20","slug":"docteur-briffaut-decapite","status":"publish","type":"post","link":"https:\/\/vosgesinfo.fr\/gerardmerinfo\/2019\/01\/docteur-briffaut-decapite\/","title":{"rendered":"Le Docteur Briffaut d\u00e9capit\u00e9"},"content":{"rendered":"\n<p><span style=\"font-size: 14pt;\">Il est des actes qui r\u00e9voltent et qui vont bien au del\u00e0 de toute l\u2019id\u00e9e que l&rsquo;on peut avoir de la vie en g\u00e9n\u00e9ral. Le Docteur Maurice Briffaut qui fut maire de G\u00e9rardmer de 1912 \u00e0 1923 et conseiller g\u00e9n\u00e9ral du canton de 1919 \u00e0 1924 est mort pour une seconde fois, d\u00e9capit\u00e9 par un ou des abrutis. Le buste de l&rsquo;ancien m\u00e9decin qui tr\u00f4nait au bord du lac\u00a0 dans un joli petit coin du parc portant son nom a disparu. Et pour cause, dans la nuit du 14 au 15 aout 2017 ( et oui \u00e7a ne date pas d&rsquo;hier) la t\u00eate de la sculpture a \u00e9t\u00e9 cass\u00e9e, cisaill\u00e9e, pour ne laisser aujourd&rsquo;hui qu&rsquo;un support d\u00e9sesp\u00e9r\u00e9ment vide. Apparemment des recherches ont \u00e9t\u00e9 effectu\u00e9es, mais en vain (peut-\u00eatre dans le ruisseau du Cheni pas tr\u00e8s loin ?)<\/span><\/p>\n<p><span style=\"font-size: 14pt;\">Quoi qu&rsquo;il en soit, c&rsquo;est une atteinte \u00e0 la commune, \u00e0 son histoire, au patrimoine local, aux g\u00e9r\u00f4mois, \u00e0 la m\u00e9moire des\u00a0 anciens et des \u00e9lus&#8230;C&rsquo;est la ville qui est touch\u00e9e dans sa chair\u00a0 !<br \/>\n<\/span><\/p>\n<p><span style=\"font-size: 14pt;\">Pierrot Imbert, adjoint au mairie de la ville, est forc\u00e9ment r\u00e9volt\u00e9 par un acte inqualifiable. C&rsquo;est lui qui nous a fourni les clich\u00e9s de la magnifique statue du Docteur Briffaut&#8230;qui pourrait \u00eatre refaite ? C&rsquo;est en tout cas ce qu&rsquo;on souhaite aujourd&rsquo;hui, car le futur se b\u00e2tit aussi sur les bases d&rsquo;un pass\u00e9 que l&rsquo;on doit pr\u00e9server.<\/span><\/p>\n<p><span style=\"font-size: 14pt;\"><strong>Note : les historiens locaux pourraient sans doute en dire plus sur la statue et peut-\u00eatre fournir des photos dans le cadre d&rsquo;une \u00e9ventuelle restauration de la t\u00eate de Maurice Briffaut<\/strong><\/span><\/p>\n","protected":false},"excerpt":{"rendered":"<p>Il est des actes qui r\u00e9voltent et qui vont bien au del\u00e0 de toute l\u2019id\u00e9e que l&rsquo;on peut avoir de [&hellip;]<\/p>\n","protected":false},"author":220,"featured_media":38868,"comment_status":"open","ping_status":"open","sticky":false,"template":"","format":"standard","meta":{"footnotes":""},"categories":[20],"tags":[],"class_list":["post-38867","post","type-post","status-publish","format-standard","has-post-thumbnail","hentry","category-a-la-une"],"acf":[],"yoast_head":"<!-- This site is optimized with the Yoast SEO plugin v22.5 - https:\/\/yoast.com\/wordpress\/plugins\/seo\/ -->\n<title>Le Docteur Briffaut d\u00e9capit\u00e9 - Gerardmer Info<\/title>\n<meta name=\"robots\" content=\"index, follow, max-snippet:-1, max-image-preview:large, max-video-preview:-1\" \/>\n<link rel=\"canonical\" href=\"https:\/\/vosgesinfo.fr\/gerardmerinfo\/2019\/01\/docteur-briffaut-decapite\/\" \/>\n<meta name=\"twitter:card\" content=\"summary_large_image\" \/>\n<meta name=\"twitter:title\" content=\"Le Docteur Briffaut d\u00e9capit\u00e9 - Gerardmer Info\" \/>\n<meta name=\"twitter:description\" content=\"Il est des actes qui r\u00e9voltent et qui vont bien au del\u00e0 de toute l\u2019id\u00e9e que l&rsquo;on peut avoir de [&hellip;]\" \/>\n<meta name=\"twitter:image\" content=\"https:\/\/vosgesinfo.fr\/app\/uploads\/sites\/6\/2024\/07\/201901bri1.jpg\" \/>\n<meta name=\"twitter:creator\" content=\"@VosgesInfo88\" \/>\n<meta name=\"twitter:site\" content=\"@VosgesInfo88\" \/>\n<meta name=\"twitter:label1\" content=\"\u00c9crit par\" \/>\n\t<meta name=\"twitter:data1\" content=\"Clarisse Bordonneau\" \/>\n\t<meta name=\"twitter:label2\" content=\"Dur\u00e9e de lecture estim\u00e9e\" \/>\n\t<meta name=\"twitter:data2\" content=\"1 minute\" \/>\n<script type=\"application\/ld+json\" class=\"yoast-schema-graph\">{\"@context\":\"https:\/\/schema.org\",\"@graph\":[{\"@type\":\"Article\",\"@id\":\"https:\/\/vosgesinfo.fr\/gerardmerinfo\/2019\/01\/docteur-briffaut-decapite\/#article\",\"isPartOf\":{\"@id\":\"https:\/\/vosgesinfo.fr\/gerardmerinfo\/2019\/01\/docteur-briffaut-decapite\/\"},\"author\":{\"name\":\"Clarisse Bordonneau\",\"@id\":\"https:\/\/vosgesinfo.fr\/gerardmerinfo\/#\/schema\/person\/e92dc00548a0c10612354d5b1746b4c3\"},\"headline\":\"Le Docteur Briffaut d\u00e9capit\u00e9\",\"datePublished\":\"2019-01-06T10:04:20+00:00\",\"dateModified\":\"2019-01-06T10:04:20+00:00\",\"mainEntityOfPage\":{\"@id\":\"https:\/\/vosgesinfo.fr\/gerardmerinfo\/2019\/01\/docteur-briffaut-decapite\/\"},\"wordCount\":306,\"commentCount\":0,\"publisher\":{\"@id\":\"https:\/\/vosgesinfo.fr\/gerardmerinfo\/#organization\"},\"image\":{\"@id\":\"https:\/\/vosgesinfo.fr\/gerardmerinfo\/2019\/01\/docteur-briffaut-decapite\/#primaryimage\"},\"thumbnailUrl\":\"https:\/\/vosgesinfo.fr\/app\/uploads\/sites\/6\/2024\/07\/201901bri1.jpg\",\"articleSection\":[\"A la une\"],\"inLanguage\":\"fr-FR\",\"potentialAction\":[{\"@type\":\"CommentAction\",\"name\":\"Comment\",\"target\":[\"https:\/\/vosgesinfo.fr\/gerardmerinfo\/2019\/01\/docteur-briffaut-decapite\/#respond\"]}]},{\"@type\":\"WebPage\",\"@id\":\"https:\/\/vosgesinfo.fr\/gerardmerinfo\/2019\/01\/docteur-briffaut-decapite\/\",\"url\":\"https:\/\/vosgesinfo.fr\/gerardmerinfo\/2019\/01\/docteur-briffaut-decapite\/\",\"name\":\"Le Docteur Briffaut d\u00e9capit\u00e9 - Gerardmer Info\",\"isPartOf\":{\"@id\":\"https:\/\/vosgesinfo.fr\/gerardmerinfo\/#website\"},\"primaryImageOfPage\":{\"@id\":\"https:\/\/vosgesinfo.fr\/gerardmerinfo\/2019\/01\/docteur-briffaut-decapite\/#primaryimage\"},\"image\":{\"@id\":\"https:\/\/vosgesinfo.fr\/gerardmerinfo\/2019\/01\/docteur-briffaut-decapite\/#primaryimage\"},\"thumbnailUrl\":\"https:\/\/vosgesinfo.fr\/app\/uploads\/sites\/6\/2024\/07\/201901bri1.jpg\",\"datePublished\":\"2019-01-06T10:04:20+00:00\",\"dateModified\":\"2019-01-06T10:04:20+00:00\",\"breadcrumb\":{\"@id\":\"https:\/\/vosgesinfo.fr\/gerardmerinfo\/2019\/01\/docteur-briffaut-decapite\/#breadcrumb\"},\"inLanguage\":\"fr-FR\",\"potentialAction\":[{\"@type\":\"ReadAction\",\"target\":[\"https:\/\/vosgesinfo.fr\/gerardmerinfo\/2019\/01\/docteur-briffaut-decapite\/\"]}]},{\"@type\":\"ImageObject\",\"inLanguage\":\"fr-FR\",\"@id\":\"https:\/\/vosgesinfo.fr\/gerardmerinfo\/2019\/01\/docteur-briffaut-decapite\/#primaryimage\",\"url\":\"https:\/\/vosgesinfo.fr\/app\/uploads\/sites\/6\/2024\/07\/201901bri1.jpg\",\"contentUrl\":\"https:\/\/vosgesinfo.fr\/app\/uploads\/sites\/6\/2024\/07\/201901bri1.jpg\",\"width\":720,\"height\":720},{\"@type\":\"BreadcrumbList\",\"@id\":\"https:\/\/vosgesinfo.fr\/gerardmerinfo\/2019\/01\/docteur-briffaut-decapite\/#breadcrumb\",\"itemListElement\":[{\"@type\":\"ListItem\",\"position\":1,\"name\":\"Home\",\"item\":\"https:\/\/vosgesinfo.fr\/gerardmerinfo\/\"},{\"@type\":\"ListItem\",\"position\":2,\"name\":\"Le Docteur Briffaut d\u00e9capit\u00e9\"}]},{\"@type\":\"WebSite\",\"@id\":\"https:\/\/vosgesinfo.fr\/gerardmerinfo\/#website\",\"url\":\"https:\/\/vosgesinfo.fr\/gerardmerinfo\/\",\"name\":\"Gerardmer Info\",\"description\":\"Toute l&#039;actualit\u00e9 de G\u00e9rardmer\",\"publisher\":{\"@id\":\"https:\/\/vosgesinfo.fr\/gerardmerinfo\/#organization\"},\"alternateName\":\"Toute l'actualit\u00e9 de G\u00e9rardmer\",\"potentialAction\":[{\"@type\":\"SearchAction\",\"target\":{\"@type\":\"EntryPoint\",\"urlTemplate\":\"https:\/\/vosgesinfo.fr\/gerardmerinfo\/?s={search_term_string}\"},\"query-input\":\"required name=search_term_string\"}],\"inLanguage\":\"fr-FR\"},{\"@type\":\"Organization\",\"@id\":\"https:\/\/vosgesinfo.fr\/gerardmerinfo\/#organization\",\"name\":\"Gerardmer Info\",\"url\":\"https:\/\/vosgesinfo.fr\/gerardmerinfo\/\",\"logo\":{\"@type\":\"ImageObject\",\"inLanguage\":\"fr-FR\",\"@id\":\"https:\/\/vosgesinfo.fr\/gerardmerinfo\/#\/schema\/logo\/image\/\",\"url\":\"https:\/\/vosgesinfo.fr\/app\/uploads\/sites\/6\/2023\/08\/favicon-gerardmerinfo.png\",\"contentUrl\":\"https:\/\/vosgesinfo.fr\/app\/uploads\/sites\/6\/2023\/08\/favicon-gerardmerinfo.png\",\"width\":512,\"height\":512,\"caption\":\"Gerardmer Info\"},\"image\":{\"@id\":\"https:\/\/vosgesinfo.fr\/gerardmerinfo\/#\/schema\/logo\/image\/\"},\"sameAs\":[\"https:\/\/www.facebook.com\/profile.php?id=100049475262660\",\"https:\/\/x.com\/VosgesInfo88\",\"https:\/\/www.youtube.com\/@vosgesinfo\"]},{\"@type\":\"Person\",\"@id\":\"https:\/\/vosgesinfo.fr\/gerardmerinfo\/#\/schema\/person\/e92dc00548a0c10612354d5b1746b4c3\",\"name\":\"Clarisse Bordonneau\",\"image\":{\"@type\":\"ImageObject\",\"inLanguage\":\"fr-FR\",\"@id\":\"https:\/\/vosgesinfo.fr\/gerardmerinfo\/#\/schema\/person\/image\/\",\"url\":\"https:\/\/secure.gravatar.com\/avatar\/4883ef79ac5ced1174537fb05ae369809fd8939d6a8059fd408cc2e9f331cb2d?s=96&d=mm&r=g\",\"contentUrl\":\"https:\/\/secure.gravatar.com\/avatar\/4883ef79ac5ced1174537fb05ae369809fd8939d6a8059fd408cc2e9f331cb2d?s=96&d=mm&r=g\",\"caption\":\"Clarisse Bordonneau\"},\"url\":\"https:\/\/vosgesinfo.fr\/gerardmerinfo\/author\/clarisse-b\/\"}]}<\/script>\n<!-- \/ Yoast SEO plugin. -->","yoast_head_json":{"title":"Le Docteur Briffaut d\u00e9capit\u00e9 - Gerardmer Info","robots":{"index":"index","follow":"follow","max-snippet":"max-snippet:-1","max-image-preview":"max-image-preview:large","max-video-preview":"max-video-preview:-1"},"canonical":"https:\/\/vosgesinfo.fr\/gerardmerinfo\/2019\/01\/docteur-briffaut-decapite\/","twitter_card":"summary_large_image","twitter_title":"Le Docteur Briffaut d\u00e9capit\u00e9 - Gerardmer Info","twitter_description":"Il est des actes qui r\u00e9voltent et qui vont bien au del\u00e0 de toute l\u2019id\u00e9e que l&rsquo;on peut avoir de [&hellip;]","twitter_image":"https:\/\/vosgesinfo.fr\/app\/uploads\/sites\/6\/2024\/07\/201901bri1.jpg","twitter_creator":"@VosgesInfo88","twitter_site":"@VosgesInfo88","twitter_misc":{"\u00c9crit par":"Clarisse Bordonneau","Dur\u00e9e de lecture estim\u00e9e":"1 minute"},"schema":{"@context":"https:\/\/schema.org","@graph":[{"@type":"Article","@id":"https:\/\/vosgesinfo.fr\/gerardmerinfo\/2019\/01\/docteur-briffaut-decapite\/#article","isPartOf":{"@id":"https:\/\/vosgesinfo.fr\/gerardmerinfo\/2019\/01\/docteur-briffaut-decapite\/"},"author":{"name":"Clarisse Bordonneau","@id":"https:\/\/vosgesinfo.fr\/gerardmerinfo\/#\/schema\/person\/e92dc00548a0c10612354d5b1746b4c3"},"headline":"Le Docteur Briffaut d\u00e9capit\u00e9","datePublished":"2019-01-06T10:04:20+00:00","dateModified":"2019-01-06T10:04:20+00:00","mainEntityOfPage":{"@id":"https:\/\/vosgesinfo.fr\/gerardmerinfo\/2019\/01\/docteur-briffaut-decapite\/"},"wordCount":306,"commentCount":0,"publisher":{"@id":"https:\/\/vosgesinfo.fr\/gerardmerinfo\/#organization"},"image":{"@id":"https:\/\/vosgesinfo.fr\/gerardmerinfo\/2019\/01\/docteur-briffaut-decapite\/#primaryimage"},"thumbnailUrl":"https:\/\/vosgesinfo.fr\/app\/uploads\/sites\/6\/2024\/07\/201901bri1.jpg","articleSection":["A la une"],"inLanguage":"fr-FR","potentialAction":[{"@type":"CommentAction","name":"Comment","target":["https:\/\/vosgesinfo.fr\/gerardmerinfo\/2019\/01\/docteur-briffaut-decapite\/#respond"]}]},{"@type":"WebPage","@id":"https:\/\/vosgesinfo.fr\/gerardmerinfo\/2019\/01\/docteur-briffaut-decapite\/","url":"https:\/\/vosgesinfo.fr\/gerardmerinfo\/2019\/01\/docteur-briffaut-decapite\/","name":"Le Docteur Briffaut d\u00e9capit\u00e9 - Gerardmer Info","isPartOf":{"@id":"https:\/\/vosgesinfo.fr\/gerardmerinfo\/#website"},"primaryImageOfPage":{"@id":"https:\/\/vosgesinfo.fr\/gerardmerinfo\/2019\/01\/docteur-briffaut-decapite\/#primaryimage"},"image":{"@id":"https:\/\/vosgesinfo.fr\/gerardmerinfo\/2019\/01\/docteur-briffaut-decapite\/#primaryimage"},"thumbnailUrl":"https:\/\/vosgesinfo.fr\/app\/uploads\/sites\/6\/2024\/07\/201901bri1.jpg","datePublished":"2019-01-06T10:04:20+00:00","dateModified":"2019-01-06T10:04:20+00:00","breadcrumb":{"@id":"https:\/\/vosgesinfo.fr\/gerardmerinfo\/2019\/01\/docteur-briffaut-decapite\/#breadcrumb"},"inLanguage":"fr-FR","potentialAction":[{"@type":"ReadAction","target":["https:\/\/vosgesinfo.fr\/gerardmerinfo\/2019\/01\/docteur-briffaut-decapite\/"]}]},{"@type":"ImageObject","inLanguage":"fr-FR","@id":"https:\/\/vosgesinfo.fr\/gerardmerinfo\/2019\/01\/docteur-briffaut-decapite\/#primaryimage","url":"https:\/\/vosgesinfo.fr\/app\/uploads\/sites\/6\/2024\/07\/201901bri1.jpg","contentUrl":"https:\/\/vosgesinfo.fr\/app\/uploads\/sites\/6\/2024\/07\/201901bri1.jpg","width":720,"height":720},{"@type":"BreadcrumbList","@id":"https:\/\/vosgesinfo.fr\/gerardmerinfo\/2019\/01\/docteur-briffaut-decapite\/#breadcrumb","itemListElement":[{"@type":"ListItem","position":1,"name":"Home","item":"https:\/\/vosgesinfo.fr\/gerardmerinfo\/"},{"@type":"ListItem","position":2,"name":"Le Docteur Briffaut d\u00e9capit\u00e9"}]},{"@type":"WebSite","@id":"https:\/\/vosgesinfo.fr\/gerardmerinfo\/#website","url":"https:\/\/vosgesinfo.fr\/gerardmerinfo\/","name":"Gerardmer Info","description":"Toute l&#039;actualit\u00e9 de G\u00e9rardmer","publisher":{"@id":"https:\/\/vosgesinfo.fr\/gerardmerinfo\/#organization"},"alternateName":"Toute l'actualit\u00e9 de G\u00e9rardmer","potentialAction":[{"@type":"SearchAction","target":{"@type":"EntryPoint","urlTemplate":"https:\/\/vosgesinfo.fr\/gerardmerinfo\/?s={search_term_string}"},"query-input":"required name=search_term_string"}],"inLanguage":"fr-FR"},{"@type":"Organization","@id":"https:\/\/vosgesinfo.fr\/gerardmerinfo\/#organization","name":"Gerardmer Info","url":"https:\/\/vosgesinfo.fr\/gerardmerinfo\/","logo":{"@type":"ImageObject","inLanguage":"fr-FR","@id":"https:\/\/vosgesinfo.fr\/gerardmerinfo\/#\/schema\/logo\/image\/","url":"https:\/\/vosgesinfo.fr\/app\/uploads\/sites\/6\/2023\/08\/favicon-gerardmerinfo.png","contentUrl":"https:\/\/vosgesinfo.fr\/app\/uploads\/sites\/6\/2023\/08\/favicon-gerardmerinfo.png","width":512,"height":512,"caption":"Gerardmer Info"},"image":{"@id":"https:\/\/vosgesinfo.fr\/gerardmerinfo\/#\/schema\/logo\/image\/"},"sameAs":["https:\/\/www.facebook.com\/profile.php?id=100049475262660","https:\/\/x.com\/VosgesInfo88","https:\/\/www.youtube.com\/@vosgesinfo"]},{"@type":"Person","@id":"https:\/\/vosgesinfo.fr\/gerardmerinfo\/#\/schema\/person\/e92dc00548a0c10612354d5b1746b4c3","name":"Clarisse Bordonneau","image":{"@type":"ImageObject","inLanguage":"fr-FR","@id":"https:\/\/vosgesinfo.fr\/gerardmerinfo\/#\/schema\/person\/image\/","url":"https:\/\/secure.gravatar.com\/avatar\/4883ef79ac5ced1174537fb05ae369809fd8939d6a8059fd408cc2e9f331cb2d?s=96&d=mm&r=g","contentUrl":"https:\/\/secure.gravatar.com\/avatar\/4883ef79ac5ced1174537fb05ae369809fd8939d6a8059fd408cc2e9f331cb2d?s=96&d=mm&r=g","caption":"Clarisse Bordonneau"},"url":"https:\/\/vosgesinfo.fr\/gerardmerinfo\/author\/clarisse-b\/"}]}},"_links":{"self":[{"href":"https:\/\/vosgesinfo.fr\/gerardmerinfo\/wp-json\/wp\/v2\/posts\/38867","targetHints":{"allow":["GET"]}}],"collection":[{"href":"https:\/\/vosgesinfo.fr\/gerardmerinfo\/wp-json\/wp\/v2\/posts"}],"about":[{"href":"https:\/\/vosgesinfo.fr\/gerardmerinfo\/wp-json\/wp\/v2\/types\/post"}],"author":[{"embeddable":true,"href":"https:\/\/vosgesinfo.fr\/gerardmerinfo\/wp-json\/wp\/v2\/users\/220"}],"replies":[{"embeddable":true,"href":"https:\/\/vosgesinfo.fr\/gerardmerinfo\/wp-json\/wp\/v2\/comments?post=38867"}],"version-history":[{"count":0,"href":"https:\/\/vosgesinfo.fr\/gerardmerinfo\/wp-json\/wp\/v2\/posts\/38867\/revisions"}],"wp:featuredmedia":[{"embeddable":true,"href":"https:\/\/vosgesinfo.fr\/gerardmerinfo\/wp-json\/wp\/v2\/media\/38868"}],"wp:attachment":[{"href":"https:\/\/vosgesinfo.fr\/gerardmerinfo\/wp-json\/wp\/v2\/media?parent=38867"}],"wp:term":[{"taxonomy":"category","embeddable":true,"href":"https:\/\/vosgesinfo.fr\/gerardmerinfo\/wp-json\/wp\/v2\/categories?post=38867"},{"taxonomy":"post_tag","embeddable":true,"href":"https:\/\/vosgesinfo.fr\/gerardmerinfo\/wp-json\/wp\/v2\/tags?post=38867"}],"curies":[{"name":"wp","href":"https:\/\/api.w.org\/{rel}","templated":true}]}}