{"id":38873,"date":"2019-01-06T13:42:32","date_gmt":"2019-01-06T12:42:32","guid":{"rendered":"https:\/\/vosgesinfo.fr\/gerardmerinfo\/2019\/01\/voeux-maire-de-gerardmer-2019-sera-annee-riche\/"},"modified":"2019-01-06T13:42:32","modified_gmt":"2019-01-06T12:42:32","slug":"voeux-maire-de-gerardmer-2019-sera-annee-riche","status":"publish","type":"post","link":"https:\/\/vosgesinfo.fr\/gerardmerinfo\/2019\/01\/voeux-maire-de-gerardmer-2019-sera-annee-riche\/","title":{"rendered":"V\u0153ux du maire de G\u00e9rardmer : 2019 sera encore une ann\u00e9e riche"},"content":{"rendered":"<h3><a href=\"\/2019\/01\/voeux-du-maire-2019-2.jpg\"><img decoding=\"async\" class=\"aligncenter size-full wp-image-140019\" src=\"\/2019\/01\/voeux-du-maire-2019-2.jpg\" alt=\"voeux du maire 2019 (2)\" width=\"800\" height=\"600\" \/><\/a><\/h3>\n<h3>Nouveau regroupement de communes, d\u00e9but des travaux concernant le complexe sportif, F\u00eate des Jonquilles et autres festivals, l&rsquo;ann\u00e9e 2019 s&rsquo;annonce une fois de plus particuli\u00e8rement riche pour la Perle des Vosges qui peut compter sur ce qui fait sa singularit\u00e9 : ses forces vives, son tissu associatif particuli\u00e8rement dense et dynamique.<\/h3>\n<p><a href=\"\/2019\/01\/voeux-du-maire-2019-1.jpg\"><img decoding=\"async\" class=\"alignleft size-medium wp-image-140018\" src=\"\/2019\/01\/voeux-du-maire-2019-1-340x255.jpg\" alt=\"voeux du maire 2019 (1)\" width=\"340\" height=\"255\" \/><\/a>Comme toujours, il y avait foule au Grand Salon de l&rsquo;H\u00f4tel de Ville pour assister \u00e0 la traditionnelle c\u00e9r\u00e9monie des v\u0153ux du maire de G\u00e9rardmer qui s&rsquo;est d\u00e9roul\u00e9e ce dimanche en fin de matin\u00e9e. Le premier magistrat qui a entam\u00e9 sa locution en mettant \u00e0 l&rsquo;honneur le tissu associatif local dans son ensemble ainsi que les repr\u00e9sentants du monde de l&rsquo;\u00e9ducation, sans oublier les services qui se d\u00e9vouent pour assurer la s\u00e9curit\u00e9 des citoyens locaux au quotidien : Gendarmerie, Sapeurs Pompiers, secouristes, Police Municipale, 2\u00e8me compagnie du 1er RT d&rsquo;Epinal etc..<\/p>\n<p>Stessy Speissmann a \u00e9galement souhait\u00e9 faire une petite parenth\u00e8se concernant le cas d&rsquo;un jeune SDF arriv\u00e9 r\u00e9cemment sur place et qui suscite quelques \u00e9mois sur les r\u00e9seaux sociaux. Le maire g\u00e9r\u00f4mois a ainsi pr\u00e9cis\u00e9 qu&rsquo;une rencontre avait eu lieu et qu&rsquo;un suivi \u00e9tait en cours via le CCAS afin de lui apporter une aide, mais que la personne refusait pour l&rsquo;heure tout h\u00e9bergement. \u00ab\u00a0Des d\u00e9marches ont n\u00e9anmoins \u00e9t\u00e9 entreprises avec le CCAS pour qu&rsquo;il puisse tout de m\u00eame \u00eatre domicili\u00e9 \u00e0 G\u00e9rardmer\u00a0\u00bb ajoutera le maire avant de rentrer dans le vif du sujet en \u00e9voquant les temps forts d&rsquo;une ann\u00e9e 2018 qualifi\u00e9e de prosp\u00e8re.<\/p>\n<p><strong>Repenser un am\u00e9nagent adapt\u00e9 pour les 2 roues<\/strong><\/p>\n<p><a href=\"\/2019\/01\/voeux-du-maire-2019-5.jpg\"><img decoding=\"async\" class=\"alignright size-medium wp-image-140022\" src=\"\/2019\/01\/voeux-du-maire-2019-5-400x225.jpg\" alt=\"voeux du maire 2019 (5)\" width=\"400\" height=\"225\" \/><\/a>Nombreux travaux arriv\u00e9s \u00e0 terme (place du Vieux G\u00e9rardm\u00e9, pont de la Jamagne etc) ; G\u00e9rardmer cit\u00e9 de cin\u00e9ma avec ses festivals, ses Rencontres du cin\u00e9ma\u00a0 et le tournage de la 2\u00e8me saison de Zone Blanche notamment ; G\u00e9rardmer ville sportive avec de nombreuses rencontres d&rsquo;envergure nationale voir internationale, sans oublier les Motordays. Bref, sans \u00eatre exhaustif, le calendrier aura \u00e9t\u00e9 plus que bien fourni. Et pour en revenir au sport, le cyclisme \u00e9tait \u00e0 l&rsquo;honneur et a sans doute entra\u00een\u00e9 la municipalit\u00e9 \u00e0 \u00ab\u00a0repenser un am\u00e9nagement adapt\u00e9 au c\u0153ur de notre ville\u00a0\u00bb qu&rsquo;attendent sans aucun doute les amateurs de la petite reine, et ils sont nombreux, G\u00e9r\u00f4mois comme vacanciers&#8230;<\/p>\n<p>Les clubs et associations, dans leur diversit\u00e9, ont donc une fois de plus r\u00e9alis\u00e9 un travail remarquable pour l&rsquo;animation, le bien-\u00eatre, le lien social et la jeunesse de la ville, il ne saurait en \u00eatre autrement en 2019, ann\u00e9e qui s&rsquo;annonce particuli\u00e8rement riche \u00e0 bien des \u00e9gards. Le calendrier sportif et festif ne d\u00e9semplira pas avec un nouveau festival du Film fantastique qui approche \u00e0 grands pas et la F\u00eate des Jonquilles au printemps prochain. La fermeture du complexe sportif devrait enfin intervenir \u00e0 la fin des vacances d&rsquo;hiver. Le premier appel d&rsquo;offres n&rsquo;avait pas \u00e9t\u00e9 satisfaisant en mati\u00e8re de nombre de propositions et surtout au niveau de leur co\u00fbt. Un nouvel appel a donc \u00e9t\u00e9 lanc\u00e9 en d\u00e9but d&rsquo;ann\u00e9e pour stimuler plus de concurrence et toucher plus d&rsquo;entreprises \u00e0 s&rsquo;engager dans ce projet essentiel pour les G\u00e9r\u00f4mois et l&rsquo;\u00e9conomie touristique locale.<\/p>\n<p><strong>Bient\u00f4t une nouvelle com&rsquo; com&rsquo; !<\/strong><\/p>\n<p><a href=\"\/2019\/01\/voeux-du-maire-2019-3.jpg\"><img decoding=\"async\" class=\"alignleft size-medium wp-image-140020\" src=\"\/2019\/01\/voeux-du-maire-2019-3-340x255.jpg\" alt=\"voeux du maire 2019 (3)\" width=\"340\" height=\"255\" \/><\/a>Autre point important \u00e0 ne pas quitter des yeux en 2019 : le projet de cr\u00e9ation d&rsquo;un nouveau groupement de communes engag\u00e9 avec 6 autres communes voisines autour d&rsquo;un projet et de dessins communs. \u00ab\u00a0Une communaut\u00e9 de communes, ce doit \u00eatre un regroupement voulu de communes partageant les m\u00eames probl\u00e9matiques. Ce doit \u00eatre un regroupement de citoyens partageant un projet commun b\u00e2ti dans le respect de tous, quel que soit sa commune\u00a0\u00bb r\u00e9sumera Stessy Speissmann. Au mois de janvier, nous entrons dans une phase de d\u00e9p\u00f4t officiel aupr\u00e8s du Pr\u00e9fet et du minist\u00e8re pour la cr\u00e9ation des nouveaux regroupements, c&rsquo;est donc une affaire \u00e0 suivre de tr\u00e8s pr\u00e8s cette ann\u00e9e.<\/p>\n<p>Concernant l&rsquo;actualit\u00e9 d\u00e9partementale et nationale, Stessy Speissmann a \u00e9galement souhait\u00e9 d\u00e9noncer et condamner la violence qui a \u00e9maill\u00e9, ou plut\u00f4t entach\u00e9, les r\u00e9centes manifestations des Gilets Jaunes \u00e0 \u00c9pinal notamment. Le maire g\u00e9r\u00f4mois a donc rappel\u00e9 qu&rsquo;il resterait, avec son \u00e9quipe, plus que jamais \u00e0 l&rsquo;\u00e9coute de ses concitoyens, \u00e0 travers les r\u00e9unions de quartier par exemple. \u00ab\u00a0Quartiers o\u00f9 nous allons prochainement cr\u00e9er des comit\u00e9s afin de rapprocher encore plus les habitants des d\u00e9cisions les concernant.\u00a0\u00bb Partir de la base pour remonter au sommet, peut-\u00eatre est-ce l\u00e0 le d\u00e9but d&rsquo;une piste pour sortir de la crise ?<\/p>\n<p>Pour conclure, Stessy Speissmann a souhait\u00e9 une bonne et heureuse ann\u00e9e \u00e0 l&rsquo;ensemble des acteurs pr\u00e9sents, une ann\u00e9e plac\u00e9e sous le signe de la solidarit\u00e9 et de la r\u00e9ussite pour la Perle des Vosges et ses citoyens. Le maire qui a r\u00e9affirm\u00e9 son engagement complet pour G\u00e9rardmer avant de conclure par ses mots forts : \u00ab\u00a0Votre confiance m&rsquo;aidera. Vive la r\u00e9publique, Vive G\u00e9rardmer et vive 2019 !\u00a0\u00bb<\/p>\n<p><a href=\"\/2019\/01\/voeux-du-maire-2019-4.jpg\"><img decoding=\"async\" class=\"aligncenter size-full wp-image-140021\" src=\"\/2019\/01\/voeux-du-maire-2019-4.jpg\" alt=\"voeux du maire 2019 (4)\" width=\"800\" height=\"600\" \/><\/a><\/p>\n","protected":false},"excerpt":{"rendered":"<p>Nouveau regroupement de communes, d\u00e9but des travaux concernant le complexe sportif, F\u00eate des Jonquilles et autres festivals, l&rsquo;ann\u00e9e 2019 s&rsquo;annonce [&hellip;]<\/p>\n","protected":false},"author":42,"featured_media":38874,"comment_status":"open","ping_status":"open","sticky":false,"template":"","format":"standard","meta":{"footnotes":""},"categories":[20,25],"tags":[111],"class_list":["post-38873","post","type-post","status-publish","format-standard","has-post-thumbnail","hentry","category-a-la-une","category-gerardmer","tag-stessy-speissmann"],"acf":[],"yoast_head":"<!-- This site is optimized with the Yoast SEO plugin v22.5 - https:\/\/yoast.com\/wordpress\/plugins\/seo\/ -->\n<title>V\u0153ux du maire de G\u00e9rardmer : 2019 sera encore une ann\u00e9e riche - Gerardmer Info<\/title>\n<meta name=\"robots\" content=\"index, follow, max-snippet:-1, max-image-preview:large, max-video-preview:-1\" \/>\n<link rel=\"canonical\" href=\"https:\/\/vosgesinfo.fr\/gerardmerinfo\/2019\/01\/voeux-maire-de-gerardmer-2019-sera-annee-riche\/\" \/>\n<meta name=\"twitter:card\" content=\"summary_large_image\" \/>\n<meta name=\"twitter:title\" content=\"V\u0153ux du maire de G\u00e9rardmer : 2019 sera encore une ann\u00e9e riche - Gerardmer Info\" \/>\n<meta name=\"twitter:description\" content=\"Nouveau regroupement de communes, d\u00e9but des travaux concernant le complexe sportif, F\u00eate des Jonquilles et autres festivals, l&rsquo;ann\u00e9e 2019 s&rsquo;annonce [&hellip;]\" \/>\n<meta name=\"twitter:image\" content=\"https:\/\/vosgesinfo.fr\/app\/uploads\/sites\/6\/2024\/07\/201901voeux-du-maire-2019-2.jpg\" \/>\n<meta name=\"twitter:creator\" content=\"@VosgesInfo88\" \/>\n<meta name=\"twitter:site\" content=\"@VosgesInfo88\" \/>\n<meta name=\"twitter:label1\" content=\"\u00c9crit par\" \/>\n\t<meta name=\"twitter:data1\" content=\"QG\" \/>\n\t<meta name=\"twitter:label2\" content=\"Dur\u00e9e de lecture estim\u00e9e\" \/>\n\t<meta name=\"twitter:data2\" content=\"4 minutes\" \/>\n<script type=\"application\/ld+json\" class=\"yoast-schema-graph\">{\"@context\":\"https:\/\/schema.org\",\"@graph\":[{\"@type\":\"Article\",\"@id\":\"https:\/\/vosgesinfo.fr\/gerardmerinfo\/2019\/01\/voeux-maire-de-gerardmer-2019-sera-annee-riche\/#article\",\"isPartOf\":{\"@id\":\"https:\/\/vosgesinfo.fr\/gerardmerinfo\/2019\/01\/voeux-maire-de-gerardmer-2019-sera-annee-riche\/\"},\"author\":{\"name\":\"QG\",\"@id\":\"https:\/\/vosgesinfo.fr\/gerardmerinfo\/#\/schema\/person\/db5605779a843dad16b5368f3e7613a5\"},\"headline\":\"V\u0153ux du maire de G\u00e9rardmer : 2019 sera encore une ann\u00e9e riche\",\"datePublished\":\"2019-01-06T12:42:32+00:00\",\"dateModified\":\"2019-01-06T12:42:32+00:00\",\"mainEntityOfPage\":{\"@id\":\"https:\/\/vosgesinfo.fr\/gerardmerinfo\/2019\/01\/voeux-maire-de-gerardmer-2019-sera-annee-riche\/\"},\"wordCount\":891,\"commentCount\":0,\"publisher\":{\"@id\":\"https:\/\/vosgesinfo.fr\/gerardmerinfo\/#organization\"},\"image\":{\"@id\":\"https:\/\/vosgesinfo.fr\/gerardmerinfo\/2019\/01\/voeux-maire-de-gerardmer-2019-sera-annee-riche\/#primaryimage\"},\"thumbnailUrl\":\"https:\/\/vosgesinfo.fr\/app\/uploads\/sites\/6\/2024\/07\/201901voeux-du-maire-2019-2.jpg\",\"keywords\":[\"stessy speissmann\"],\"articleSection\":[\"A la une\",\"G\u00e9rardmer\"],\"inLanguage\":\"fr-FR\",\"potentialAction\":[{\"@type\":\"CommentAction\",\"name\":\"Comment\",\"target\":[\"https:\/\/vosgesinfo.fr\/gerardmerinfo\/2019\/01\/voeux-maire-de-gerardmer-2019-sera-annee-riche\/#respond\"]}]},{\"@type\":\"WebPage\",\"@id\":\"https:\/\/vosgesinfo.fr\/gerardmerinfo\/2019\/01\/voeux-maire-de-gerardmer-2019-sera-annee-riche\/\",\"url\":\"https:\/\/vosgesinfo.fr\/gerardmerinfo\/2019\/01\/voeux-maire-de-gerardmer-2019-sera-annee-riche\/\",\"name\":\"V\u0153ux du maire de G\u00e9rardmer : 2019 sera encore une ann\u00e9e riche - Gerardmer Info\",\"isPartOf\":{\"@id\":\"https:\/\/vosgesinfo.fr\/gerardmerinfo\/#website\"},\"primaryImageOfPage\":{\"@id\":\"https:\/\/vosgesinfo.fr\/gerardmerinfo\/2019\/01\/voeux-maire-de-gerardmer-2019-sera-annee-riche\/#primaryimage\"},\"image\":{\"@id\":\"https:\/\/vosgesinfo.fr\/gerardmerinfo\/2019\/01\/voeux-maire-de-gerardmer-2019-sera-annee-riche\/#primaryimage\"},\"thumbnailUrl\":\"https:\/\/vosgesinfo.fr\/app\/uploads\/sites\/6\/2024\/07\/201901voeux-du-maire-2019-2.jpg\",\"datePublished\":\"2019-01-06T12:42:32+00:00\",\"dateModified\":\"2019-01-06T12:42:32+00:00\",\"breadcrumb\":{\"@id\":\"https:\/\/vosgesinfo.fr\/gerardmerinfo\/2019\/01\/voeux-maire-de-gerardmer-2019-sera-annee-riche\/#breadcrumb\"},\"inLanguage\":\"fr-FR\",\"potentialAction\":[{\"@type\":\"ReadAction\",\"target\":[\"https:\/\/vosgesinfo.fr\/gerardmerinfo\/2019\/01\/voeux-maire-de-gerardmer-2019-sera-annee-riche\/\"]}]},{\"@type\":\"ImageObject\",\"inLanguage\":\"fr-FR\",\"@id\":\"https:\/\/vosgesinfo.fr\/gerardmerinfo\/2019\/01\/voeux-maire-de-gerardmer-2019-sera-annee-riche\/#primaryimage\",\"url\":\"https:\/\/vosgesinfo.fr\/app\/uploads\/sites\/6\/2024\/07\/201901voeux-du-maire-2019-2.jpg\",\"contentUrl\":\"https:\/\/vosgesinfo.fr\/app\/uploads\/sites\/6\/2024\/07\/201901voeux-du-maire-2019-2.jpg\",\"width\":800,\"height\":600},{\"@type\":\"BreadcrumbList\",\"@id\":\"https:\/\/vosgesinfo.fr\/gerardmerinfo\/2019\/01\/voeux-maire-de-gerardmer-2019-sera-annee-riche\/#breadcrumb\",\"itemListElement\":[{\"@type\":\"ListItem\",\"position\":1,\"name\":\"Home\",\"item\":\"https:\/\/vosgesinfo.fr\/gerardmerinfo\/\"},{\"@type\":\"ListItem\",\"position\":2,\"name\":\"V\u0153ux du maire de G\u00e9rardmer : 2019 sera encore une ann\u00e9e riche\"}]},{\"@type\":\"WebSite\",\"@id\":\"https:\/\/vosgesinfo.fr\/gerardmerinfo\/#website\",\"url\":\"https:\/\/vosgesinfo.fr\/gerardmerinfo\/\",\"name\":\"Gerardmer Info\",\"description\":\"Toute l&#039;actualit\u00e9 de G\u00e9rardmer\",\"publisher\":{\"@id\":\"https:\/\/vosgesinfo.fr\/gerardmerinfo\/#organization\"},\"alternateName\":\"Toute l'actualit\u00e9 de G\u00e9rardmer\",\"potentialAction\":[{\"@type\":\"SearchAction\",\"target\":{\"@type\":\"EntryPoint\",\"urlTemplate\":\"https:\/\/vosgesinfo.fr\/gerardmerinfo\/?s={search_term_string}\"},\"query-input\":\"required name=search_term_string\"}],\"inLanguage\":\"fr-FR\"},{\"@type\":\"Organization\",\"@id\":\"https:\/\/vosgesinfo.fr\/gerardmerinfo\/#organization\",\"name\":\"Gerardmer Info\",\"url\":\"https:\/\/vosgesinfo.fr\/gerardmerinfo\/\",\"logo\":{\"@type\":\"ImageObject\",\"inLanguage\":\"fr-FR\",\"@id\":\"https:\/\/vosgesinfo.fr\/gerardmerinfo\/#\/schema\/logo\/image\/\",\"url\":\"https:\/\/vosgesinfo.fr\/app\/uploads\/sites\/6\/2023\/08\/favicon-gerardmerinfo.png\",\"contentUrl\":\"https:\/\/vosgesinfo.fr\/app\/uploads\/sites\/6\/2023\/08\/favicon-gerardmerinfo.png\",\"width\":512,\"height\":512,\"caption\":\"Gerardmer Info\"},\"image\":{\"@id\":\"https:\/\/vosgesinfo.fr\/gerardmerinfo\/#\/schema\/logo\/image\/\"},\"sameAs\":[\"https:\/\/www.facebook.com\/profile.php?id=100049475262660\",\"https:\/\/x.com\/VosgesInfo88\",\"https:\/\/www.youtube.com\/@vosgesinfo\"]},{\"@type\":\"Person\",\"@id\":\"https:\/\/vosgesinfo.fr\/gerardmerinfo\/#\/schema\/person\/db5605779a843dad16b5368f3e7613a5\",\"name\":\"QG\",\"image\":{\"@type\":\"ImageObject\",\"inLanguage\":\"fr-FR\",\"@id\":\"https:\/\/vosgesinfo.fr\/gerardmerinfo\/#\/schema\/person\/image\/\",\"url\":\"https:\/\/secure.gravatar.com\/avatar\/ea80c42c204b534408512832fde52504ecabb9706bcb6151cf6175e5b64e6793?s=96&d=mm&r=g\",\"contentUrl\":\"https:\/\/secure.gravatar.com\/avatar\/ea80c42c204b534408512832fde52504ecabb9706bcb6151cf6175e5b64e6793?s=96&d=mm&r=g\",\"caption\":\"QG\"},\"url\":\"https:\/\/vosgesinfo.fr\/gerardmerinfo\/author\/quentin88\/\"}]}<\/script>\n<!-- \/ Yoast SEO plugin. -->","yoast_head_json":{"title":"V\u0153ux du maire de G\u00e9rardmer : 2019 sera encore une ann\u00e9e riche - Gerardmer Info","robots":{"index":"index","follow":"follow","max-snippet":"max-snippet:-1","max-image-preview":"max-image-preview:large","max-video-preview":"max-video-preview:-1"},"canonical":"https:\/\/vosgesinfo.fr\/gerardmerinfo\/2019\/01\/voeux-maire-de-gerardmer-2019-sera-annee-riche\/","twitter_card":"summary_large_image","twitter_title":"V\u0153ux du maire de G\u00e9rardmer : 2019 sera encore une ann\u00e9e riche - Gerardmer Info","twitter_description":"Nouveau regroupement de communes, d\u00e9but des travaux concernant le complexe sportif, F\u00eate des Jonquilles et autres festivals, l&rsquo;ann\u00e9e 2019 s&rsquo;annonce [&hellip;]","twitter_image":"https:\/\/vosgesinfo.fr\/app\/uploads\/sites\/6\/2024\/07\/201901voeux-du-maire-2019-2.jpg","twitter_creator":"@VosgesInfo88","twitter_site":"@VosgesInfo88","twitter_misc":{"\u00c9crit par":"QG","Dur\u00e9e de lecture estim\u00e9e":"4 minutes"},"schema":{"@context":"https:\/\/schema.org","@graph":[{"@type":"Article","@id":"https:\/\/vosgesinfo.fr\/gerardmerinfo\/2019\/01\/voeux-maire-de-gerardmer-2019-sera-annee-riche\/#article","isPartOf":{"@id":"https:\/\/vosgesinfo.fr\/gerardmerinfo\/2019\/01\/voeux-maire-de-gerardmer-2019-sera-annee-riche\/"},"author":{"name":"QG","@id":"https:\/\/vosgesinfo.fr\/gerardmerinfo\/#\/schema\/person\/db5605779a843dad16b5368f3e7613a5"},"headline":"V\u0153ux du maire de G\u00e9rardmer : 2019 sera encore une ann\u00e9e riche","datePublished":"2019-01-06T12:42:32+00:00","dateModified":"2019-01-06T12:42:32+00:00","mainEntityOfPage":{"@id":"https:\/\/vosgesinfo.fr\/gerardmerinfo\/2019\/01\/voeux-maire-de-gerardmer-2019-sera-annee-riche\/"},"wordCount":891,"commentCount":0,"publisher":{"@id":"https:\/\/vosgesinfo.fr\/gerardmerinfo\/#organization"},"image":{"@id":"https:\/\/vosgesinfo.fr\/gerardmerinfo\/2019\/01\/voeux-maire-de-gerardmer-2019-sera-annee-riche\/#primaryimage"},"thumbnailUrl":"https:\/\/vosgesinfo.fr\/app\/uploads\/sites\/6\/2024\/07\/201901voeux-du-maire-2019-2.jpg","keywords":["stessy speissmann"],"articleSection":["A la une","G\u00e9rardmer"],"inLanguage":"fr-FR","potentialAction":[{"@type":"CommentAction","name":"Comment","target":["https:\/\/vosgesinfo.fr\/gerardmerinfo\/2019\/01\/voeux-maire-de-gerardmer-2019-sera-annee-riche\/#respond"]}]},{"@type":"WebPage","@id":"https:\/\/vosgesinfo.fr\/gerardmerinfo\/2019\/01\/voeux-maire-de-gerardmer-2019-sera-annee-riche\/","url":"https:\/\/vosgesinfo.fr\/gerardmerinfo\/2019\/01\/voeux-maire-de-gerardmer-2019-sera-annee-riche\/","name":"V\u0153ux du maire de G\u00e9rardmer : 2019 sera encore une ann\u00e9e riche - Gerardmer Info","isPartOf":{"@id":"https:\/\/vosgesinfo.fr\/gerardmerinfo\/#website"},"primaryImageOfPage":{"@id":"https:\/\/vosgesinfo.fr\/gerardmerinfo\/2019\/01\/voeux-maire-de-gerardmer-2019-sera-annee-riche\/#primaryimage"},"image":{"@id":"https:\/\/vosgesinfo.fr\/gerardmerinfo\/2019\/01\/voeux-maire-de-gerardmer-2019-sera-annee-riche\/#primaryimage"},"thumbnailUrl":"https:\/\/vosgesinfo.fr\/app\/uploads\/sites\/6\/2024\/07\/201901voeux-du-maire-2019-2.jpg","datePublished":"2019-01-06T12:42:32+00:00","dateModified":"2019-01-06T12:42:32+00:00","breadcrumb":{"@id":"https:\/\/vosgesinfo.fr\/gerardmerinfo\/2019\/01\/voeux-maire-de-gerardmer-2019-sera-annee-riche\/#breadcrumb"},"inLanguage":"fr-FR","potentialAction":[{"@type":"ReadAction","target":["https:\/\/vosgesinfo.fr\/gerardmerinfo\/2019\/01\/voeux-maire-de-gerardmer-2019-sera-annee-riche\/"]}]},{"@type":"ImageObject","inLanguage":"fr-FR","@id":"https:\/\/vosgesinfo.fr\/gerardmerinfo\/2019\/01\/voeux-maire-de-gerardmer-2019-sera-annee-riche\/#primaryimage","url":"https:\/\/vosgesinfo.fr\/app\/uploads\/sites\/6\/2024\/07\/201901voeux-du-maire-2019-2.jpg","contentUrl":"https:\/\/vosgesinfo.fr\/app\/uploads\/sites\/6\/2024\/07\/201901voeux-du-maire-2019-2.jpg","width":800,"height":600},{"@type":"BreadcrumbList","@id":"https:\/\/vosgesinfo.fr\/gerardmerinfo\/2019\/01\/voeux-maire-de-gerardmer-2019-sera-annee-riche\/#breadcrumb","itemListElement":[{"@type":"ListItem","position":1,"name":"Home","item":"https:\/\/vosgesinfo.fr\/gerardmerinfo\/"},{"@type":"ListItem","position":2,"name":"V\u0153ux du maire de G\u00e9rardmer : 2019 sera encore une ann\u00e9e riche"}]},{"@type":"WebSite","@id":"https:\/\/vosgesinfo.fr\/gerardmerinfo\/#website","url":"https:\/\/vosgesinfo.fr\/gerardmerinfo\/","name":"Gerardmer Info","description":"Toute l&#039;actualit\u00e9 de G\u00e9rardmer","publisher":{"@id":"https:\/\/vosgesinfo.fr\/gerardmerinfo\/#organization"},"alternateName":"Toute l'actualit\u00e9 de G\u00e9rardmer","potentialAction":[{"@type":"SearchAction","target":{"@type":"EntryPoint","urlTemplate":"https:\/\/vosgesinfo.fr\/gerardmerinfo\/?s={search_term_string}"},"query-input":"required name=search_term_string"}],"inLanguage":"fr-FR"},{"@type":"Organization","@id":"https:\/\/vosgesinfo.fr\/gerardmerinfo\/#organization","name":"Gerardmer Info","url":"https:\/\/vosgesinfo.fr\/gerardmerinfo\/","logo":{"@type":"ImageObject","inLanguage":"fr-FR","@id":"https:\/\/vosgesinfo.fr\/gerardmerinfo\/#\/schema\/logo\/image\/","url":"https:\/\/vosgesinfo.fr\/app\/uploads\/sites\/6\/2023\/08\/favicon-gerardmerinfo.png","contentUrl":"https:\/\/vosgesinfo.fr\/app\/uploads\/sites\/6\/2023\/08\/favicon-gerardmerinfo.png","width":512,"height":512,"caption":"Gerardmer Info"},"image":{"@id":"https:\/\/vosgesinfo.fr\/gerardmerinfo\/#\/schema\/logo\/image\/"},"sameAs":["https:\/\/www.facebook.com\/profile.php?id=100049475262660","https:\/\/x.com\/VosgesInfo88","https:\/\/www.youtube.com\/@vosgesinfo"]},{"@type":"Person","@id":"https:\/\/vosgesinfo.fr\/gerardmerinfo\/#\/schema\/person\/db5605779a843dad16b5368f3e7613a5","name":"QG","image":{"@type":"ImageObject","inLanguage":"fr-FR","@id":"https:\/\/vosgesinfo.fr\/gerardmerinfo\/#\/schema\/person\/image\/","url":"https:\/\/secure.gravatar.com\/avatar\/ea80c42c204b534408512832fde52504ecabb9706bcb6151cf6175e5b64e6793?s=96&d=mm&r=g","contentUrl":"https:\/\/secure.gravatar.com\/avatar\/ea80c42c204b534408512832fde52504ecabb9706bcb6151cf6175e5b64e6793?s=96&d=mm&r=g","caption":"QG"},"url":"https:\/\/vosgesinfo.fr\/gerardmerinfo\/author\/quentin88\/"}]}},"_links":{"self":[{"href":"https:\/\/vosgesinfo.fr\/gerardmerinfo\/wp-json\/wp\/v2\/posts\/38873","targetHints":{"allow":["GET"]}}],"collection":[{"href":"https:\/\/vosgesinfo.fr\/gerardmerinfo\/wp-json\/wp\/v2\/posts"}],"about":[{"href":"https:\/\/vosgesinfo.fr\/gerardmerinfo\/wp-json\/wp\/v2\/types\/post"}],"author":[{"embeddable":true,"href":"https:\/\/vosgesinfo.fr\/gerardmerinfo\/wp-json\/wp\/v2\/users\/42"}],"replies":[{"embeddable":true,"href":"https:\/\/vosgesinfo.fr\/gerardmerinfo\/wp-json\/wp\/v2\/comments?post=38873"}],"version-history":[{"count":0,"href":"https:\/\/vosgesinfo.fr\/gerardmerinfo\/wp-json\/wp\/v2\/posts\/38873\/revisions"}],"wp:featuredmedia":[{"embeddable":true,"href":"https:\/\/vosgesinfo.fr\/gerardmerinfo\/wp-json\/wp\/v2\/media\/38874"}],"wp:attachment":[{"href":"https:\/\/vosgesinfo.fr\/gerardmerinfo\/wp-json\/wp\/v2\/media?parent=38873"}],"wp:term":[{"taxonomy":"category","embeddable":true,"href":"https:\/\/vosgesinfo.fr\/gerardmerinfo\/wp-json\/wp\/v2\/categories?post=38873"},{"taxonomy":"post_tag","embeddable":true,"href":"https:\/\/vosgesinfo.fr\/gerardmerinfo\/wp-json\/wp\/v2\/tags?post=38873"}],"curies":[{"name":"wp","href":"https:\/\/api.w.org\/{rel}","templated":true}]}}