{"id":38907,"date":"2019-01-11T16:44:54","date_gmt":"2019-01-11T15:44:54","guid":{"rendered":"https:\/\/vosgesinfo.fr\/gerardmerinfo\/2019\/01\/grande-collecte-evenementielle-sang-autres\/"},"modified":"2019-01-11T16:44:54","modified_gmt":"2019-01-11T15:44:54","slug":"grande-collecte-evenementielle-sang-autres","status":"publish","type":"post","link":"https:\/\/vosgesinfo.fr\/gerardmerinfo\/2019\/01\/grande-collecte-evenementielle-sang-autres\/","title":{"rendered":"Grande collecte \u00e9v\u00e9nementielle \u00ab\u00a0Mon Sang pour les autres\u00a0\u00bb"},"content":{"rendered":"<h3 style=\"text-align: center;\"><strong>2\u00e8me \u00e9dition de la Collecte \u00ab Mon Sang pour les Autres \u00bb, en Lorraine, \u00e0 G\u00e9rardmer !<\/strong><\/h3>\n<p>L\u2019\u00c9tablissement fran\u00e7ais du sang Grand Est vous informe que cette op\u00e9ration don de sang organis\u00e9e en partenariat avec le Rotary et l\u2019Amicale des Donneurs de Sang B\u00e9n\u00e9voles de G\u00e9rardmer, Xonrupt et Li\u00e9zey, aura lieu \u00e0 G\u00e9rardmer, \u00e0 l\u2019espace Tilleul (m\u00e9diath\u00e8que), le mercredi 16 janvier 2019 de 8h30 \u00e0 12h00 et de 16h00 \u00e0 19h30.<\/p>\n<p><a href=\"\/2019\/01\/affiche-collecte-mspa-g\u00e9rardmer.png\"><img decoding=\"async\" class=\"alignright wp-image-140096\" src=\"\/2019\/01\/affiche-collecte-mspa-g\u00e9rardmer.png\" alt=\"affiche collecte mspa g\u00e9rardmer\" width=\"348\" height=\"485\" \/><\/a>Cette collecte \u00e9v\u00e9nementielle se d\u00e9roule pour la seconde fois en la perle des Vosges. Elle va rassembler de nombreux partenaires : le Club Rotary, le Club Innerwheel, l\u2019Association pour le Don de Sang B\u00e9n\u00e9vole de G\u00e9rardmer, Xonrupt et Liezey, la Ville de G\u00e9rardmer (commune partenaire du don de sang) et l\u2019EFS Grand Est.<\/p>\n<p>Une quarantaine de b\u00e9n\u00e9voles va \u00eatre mobilis\u00e9e avant et durant cette journ\u00e9e pour accueillir les donneurs dans une ambiance conviviale avec de nombreuses animations et une collation aux saveurs vari\u00e9es.<\/p>\n<h4>Animations et collation<\/h4>\n<p>Cette nouvelle collecte \u00e9v\u00e9nementielle est tourn\u00e9e vers les lyc\u00e9ens de G\u00e9rardmer qui b\u00e9n\u00e9ficieront d\u00e8s le mercredi 9 janvier de r\u00e9unions d\u2019informations pour les sensibiliser au don du sang avec le concours des infirmi\u00e8res des diff\u00e9rents \u00e9tablissements.<\/p>\n<p>Des promesses de don seront recueillies pour organiser au mieux la venue de ces jeunes qui seront r\u00e9compens\u00e9s d\u2019une cl\u00e9 USB offertes par l\u2019Association pour le Don de Sang B\u00e9n\u00e9voles de G\u00e9rardmer\/Xonrupt \/Liezey et le Rotary Club de G\u00e9rardmer ;<\/p>\n<p>Accueillis ensuite dans un vaste espace collation, les donneurs b\u00e9n\u00e9ficieront d\u2019un mur d\u2019image illustrant le Don du Sang et les Actions du Rotary International avec une animation musicale.<\/p>\n<p>L\u2019apr\u00e8s-midi, des membres de l\u2019\u00c9cole de Musique revisiteront des standards de jazz et rock \u00e0 la guitare basse, au saxophone, \u00e0 la clarinette et \u00e0 la fl\u00fbte traversi\u00e8re.<\/p>\n<p>Suivra un r\u00e9cital de piano classique pour animer la soir\u00e9e.<\/p>\n<p>Ce sont les \u00e9l\u00e8ves du Lyc\u00e9e H\u00f4telier, sensibles \u00e0 cette belle d\u00e9marche du don du sang, qui pr\u00e9pareront p\u00e2t\u00e9s lorrains, viennoiseries, g\u00e2teaux et diminu\u00e9s sucr\u00e9s en plus des d\u00e9licieux sandwichs, hot-dogs ou croque-monsieur qui font la r\u00e9putation de l\u2019Amicale des Donneurs de Sang qui recevra pour le service l\u2019appui des membres du Rotary Club et de leurs \u00e9pouses ainsi que les membres de l\u2019Inner Wheel.<\/p>\n<p>L\u2019apr\u00e8s-midi place \u00e0 l\u2019atelier chocolat de Jean \u00c9mile SCHMITT, Award 2016 des meilleurs chocolatiers de France qui proposera un chocolat pour accompagner le caf\u00e9, un chocolat chaud ou de petites brochettes surprises.<\/p>\n<h5><span style=\"font-size: 12pt;\">L\u2019engagement du Rotary<\/span><\/h5>\n<p>En 2018, le Rotary et l\u2019EFS f\u00eatent les 20 ans de leur partenariat.<\/p>\n<p>Revenons \u00e0 la gen\u00e8se de cette relation. En 1998, le Rotary propose \u00e0 l\u2019EFS de lancer la premi\u00e8re collecte \u00ab Mon Sang Pour Les Autres \u00bb \u00e0 Toulouse. Le succ\u00e8s est imm\u00e9diat. L\u2019op\u00e9ration est reproduite chaque ann\u00e9e \u00e0 Toulouse, et rapidement \u00e9tendue \u00e0 d\u2019autres villes (Bordeaux, La Rochelle, Lyon, Montpellier, N\u00eemes, Paris, Reims, Rennes, Saint-Etienne, Tours, Lille, etc.). Depuis sa cr\u00e9ation, 380 000 dons ont \u00e9t\u00e9 enregistr\u00e9s et pr\u00e8s d\u2019une centaine d&rsquo;actions ont lieu tous les ans en France et dans le monde.<\/p>\n<p>Les 32 membres du Club de G\u00e9rardmer avec l&rsquo;aide du Club Inner Weel s\u2019impliquent dans cette action \u00ab Mon Sang pour les autres \u00bb du Rotary International dont la devise \u00ab Servir D\u2019abord \u00bb s\u2019illustre parfaitement dans le don du sang ; ils veulent inciter leurs concitoyens \u00e0 un premier don et les fid\u00e9liser, faisant de cet \u00e9lan de g\u00e9n\u00e9rosit\u00e9 un engagement p\u00e9renne.<\/p>\n<h6><span style=\"font-size: 12pt;\">Pourquoi donner son sang ?<\/span><\/h6>\n<p>Il n\u2019existe aucun produit capable de se substituer au sang humain, le don de sang est donc indispensable. Chaque ann\u00e9e, 1 million de malades sont soign\u00e9s gr\u00e2ce \u00e0 ces dons. Donner son sang est un geste pr\u00e9cieux qui ne dure que 45 minutes, dont 10 minutes pour le pr\u00e9l\u00e8vement. En France, 10 000 dons sont n\u00e9cessaires chaque jour, dont 1 500 dans le Grand Est !<\/p>\n<p>A savoir pour donner son sang : \u00eatre en bonne sant\u00e9, \u00e2g\u00e9(e) de 18 \u00e0 70 ans et peser au moins 50 kg. Ne pas venir \u00e0 jeun et bien s\u2019hydrater. Se munir d\u2019une pi\u00e8ce d\u2019identit\u00e9 pour un premier don.<\/p>\n","protected":false},"excerpt":{"rendered":"<p>2\u00e8me \u00e9dition de la Collecte \u00ab Mon Sang pour les Autres \u00bb, en Lorraine, \u00e0 G\u00e9rardmer ! L\u2019\u00c9tablissement fran\u00e7ais du [&hellip;]<\/p>\n","protected":false},"author":1,"featured_media":38908,"comment_status":"open","ping_status":"open","sticky":false,"template":"","format":"standard","meta":{"footnotes":""},"categories":[20,25,12],"tags":[54,152],"class_list":["post-38907","post","type-post","status-publish","format-standard","has-post-thumbnail","hentry","category-a-la-une","category-gerardmer","category-sante","tag-don-du-sang","tag-rotary-club-gerardmer"],"acf":[],"yoast_head":"<!-- This site is optimized with the Yoast SEO plugin v22.5 - https:\/\/yoast.com\/wordpress\/plugins\/seo\/ -->\n<title>Grande collecte \u00e9v\u00e9nementielle &quot;Mon Sang pour les autres&quot; - Gerardmer Info<\/title>\n<meta name=\"robots\" content=\"index, follow, max-snippet:-1, max-image-preview:large, max-video-preview:-1\" \/>\n<link rel=\"canonical\" href=\"https:\/\/vosgesinfo.fr\/gerardmerinfo\/2019\/01\/grande-collecte-evenementielle-sang-autres\/\" \/>\n<meta name=\"twitter:card\" content=\"summary_large_image\" \/>\n<meta name=\"twitter:title\" content=\"Grande collecte \u00e9v\u00e9nementielle &quot;Mon Sang pour les autres&quot; - Gerardmer Info\" \/>\n<meta name=\"twitter:description\" content=\"2\u00e8me \u00e9dition de la Collecte \u00ab Mon Sang pour les Autres \u00bb, en Lorraine, \u00e0 G\u00e9rardmer ! L\u2019\u00c9tablissement fran\u00e7ais du [&hellip;]\" \/>\n<meta name=\"twitter:image\" content=\"https:\/\/vosgesinfo.fr\/app\/uploads\/sites\/6\/2024\/07\/201901affiche-collecte-mspa-gerardmer.png\" \/>\n<meta name=\"twitter:creator\" content=\"@VosgesInfo88\" \/>\n<meta name=\"twitter:site\" content=\"@VosgesInfo88\" \/>\n<meta name=\"twitter:label1\" content=\"\u00c9crit par\" \/>\n\t<meta name=\"twitter:data1\" content=\"qs_admin\" \/>\n\t<meta name=\"twitter:label2\" content=\"Dur\u00e9e de lecture estim\u00e9e\" \/>\n\t<meta name=\"twitter:data2\" content=\"4 minutes\" \/>\n<script type=\"application\/ld+json\" class=\"yoast-schema-graph\">{\"@context\":\"https:\/\/schema.org\",\"@graph\":[{\"@type\":\"Article\",\"@id\":\"https:\/\/vosgesinfo.fr\/gerardmerinfo\/2019\/01\/grande-collecte-evenementielle-sang-autres\/#article\",\"isPartOf\":{\"@id\":\"https:\/\/vosgesinfo.fr\/gerardmerinfo\/2019\/01\/grande-collecte-evenementielle-sang-autres\/\"},\"author\":{\"name\":\"qs_admin\",\"@id\":\"https:\/\/vosgesinfo.fr\/gerardmerinfo\/#\/schema\/person\/bc5d02d71e6932e81b6dadb7386667b1\"},\"headline\":\"Grande collecte \u00e9v\u00e9nementielle \u00ab\u00a0Mon Sang pour les autres\u00a0\u00bb\",\"datePublished\":\"2019-01-11T15:44:54+00:00\",\"dateModified\":\"2019-01-11T15:44:54+00:00\",\"mainEntityOfPage\":{\"@id\":\"https:\/\/vosgesinfo.fr\/gerardmerinfo\/2019\/01\/grande-collecte-evenementielle-sang-autres\/\"},\"wordCount\":740,\"commentCount\":0,\"publisher\":{\"@id\":\"https:\/\/vosgesinfo.fr\/gerardmerinfo\/#organization\"},\"image\":{\"@id\":\"https:\/\/vosgesinfo.fr\/gerardmerinfo\/2019\/01\/grande-collecte-evenementielle-sang-autres\/#primaryimage\"},\"thumbnailUrl\":\"https:\/\/vosgesinfo.fr\/app\/uploads\/sites\/6\/2024\/07\/201901affiche-collecte-mspa-gerardmer.png\",\"keywords\":[\"don du sang\",\"rotary club G\u00e9rardmer\"],\"articleSection\":[\"A la une\",\"G\u00e9rardmer\",\"Sant\u00e9\"],\"inLanguage\":\"fr-FR\",\"potentialAction\":[{\"@type\":\"CommentAction\",\"name\":\"Comment\",\"target\":[\"https:\/\/vosgesinfo.fr\/gerardmerinfo\/2019\/01\/grande-collecte-evenementielle-sang-autres\/#respond\"]}]},{\"@type\":\"WebPage\",\"@id\":\"https:\/\/vosgesinfo.fr\/gerardmerinfo\/2019\/01\/grande-collecte-evenementielle-sang-autres\/\",\"url\":\"https:\/\/vosgesinfo.fr\/gerardmerinfo\/2019\/01\/grande-collecte-evenementielle-sang-autres\/\",\"name\":\"Grande collecte \u00e9v\u00e9nementielle \\\"Mon Sang pour les autres\\\" - Gerardmer Info\",\"isPartOf\":{\"@id\":\"https:\/\/vosgesinfo.fr\/gerardmerinfo\/#website\"},\"primaryImageOfPage\":{\"@id\":\"https:\/\/vosgesinfo.fr\/gerardmerinfo\/2019\/01\/grande-collecte-evenementielle-sang-autres\/#primaryimage\"},\"image\":{\"@id\":\"https:\/\/vosgesinfo.fr\/gerardmerinfo\/2019\/01\/grande-collecte-evenementielle-sang-autres\/#primaryimage\"},\"thumbnailUrl\":\"https:\/\/vosgesinfo.fr\/app\/uploads\/sites\/6\/2024\/07\/201901affiche-collecte-mspa-gerardmer.png\",\"datePublished\":\"2019-01-11T15:44:54+00:00\",\"dateModified\":\"2019-01-11T15:44:54+00:00\",\"breadcrumb\":{\"@id\":\"https:\/\/vosgesinfo.fr\/gerardmerinfo\/2019\/01\/grande-collecte-evenementielle-sang-autres\/#breadcrumb\"},\"inLanguage\":\"fr-FR\",\"potentialAction\":[{\"@type\":\"ReadAction\",\"target\":[\"https:\/\/vosgesinfo.fr\/gerardmerinfo\/2019\/01\/grande-collecte-evenementielle-sang-autres\/\"]}]},{\"@type\":\"ImageObject\",\"inLanguage\":\"fr-FR\",\"@id\":\"https:\/\/vosgesinfo.fr\/gerardmerinfo\/2019\/01\/grande-collecte-evenementielle-sang-autres\/#primaryimage\",\"url\":\"https:\/\/vosgesinfo.fr\/app\/uploads\/sites\/6\/2024\/07\/201901affiche-collecte-mspa-gerardmer.png\",\"contentUrl\":\"https:\/\/vosgesinfo.fr\/app\/uploads\/sites\/6\/2024\/07\/201901affiche-collecte-mspa-gerardmer.png\",\"width\":648,\"height\":903},{\"@type\":\"BreadcrumbList\",\"@id\":\"https:\/\/vosgesinfo.fr\/gerardmerinfo\/2019\/01\/grande-collecte-evenementielle-sang-autres\/#breadcrumb\",\"itemListElement\":[{\"@type\":\"ListItem\",\"position\":1,\"name\":\"Home\",\"item\":\"https:\/\/vosgesinfo.fr\/gerardmerinfo\/\"},{\"@type\":\"ListItem\",\"position\":2,\"name\":\"Grande collecte \u00e9v\u00e9nementielle \u00ab\u00a0Mon Sang pour les autres\u00a0\u00bb\"}]},{\"@type\":\"WebSite\",\"@id\":\"https:\/\/vosgesinfo.fr\/gerardmerinfo\/#website\",\"url\":\"https:\/\/vosgesinfo.fr\/gerardmerinfo\/\",\"name\":\"Gerardmer Info\",\"description\":\"Toute l&#039;actualit\u00e9 de G\u00e9rardmer\",\"publisher\":{\"@id\":\"https:\/\/vosgesinfo.fr\/gerardmerinfo\/#organization\"},\"alternateName\":\"Toute l'actualit\u00e9 de G\u00e9rardmer\",\"potentialAction\":[{\"@type\":\"SearchAction\",\"target\":{\"@type\":\"EntryPoint\",\"urlTemplate\":\"https:\/\/vosgesinfo.fr\/gerardmerinfo\/?s={search_term_string}\"},\"query-input\":\"required name=search_term_string\"}],\"inLanguage\":\"fr-FR\"},{\"@type\":\"Organization\",\"@id\":\"https:\/\/vosgesinfo.fr\/gerardmerinfo\/#organization\",\"name\":\"Gerardmer Info\",\"url\":\"https:\/\/vosgesinfo.fr\/gerardmerinfo\/\",\"logo\":{\"@type\":\"ImageObject\",\"inLanguage\":\"fr-FR\",\"@id\":\"https:\/\/vosgesinfo.fr\/gerardmerinfo\/#\/schema\/logo\/image\/\",\"url\":\"https:\/\/vosgesinfo.fr\/app\/uploads\/sites\/6\/2023\/08\/favicon-gerardmerinfo.png\",\"contentUrl\":\"https:\/\/vosgesinfo.fr\/app\/uploads\/sites\/6\/2023\/08\/favicon-gerardmerinfo.png\",\"width\":512,\"height\":512,\"caption\":\"Gerardmer Info\"},\"image\":{\"@id\":\"https:\/\/vosgesinfo.fr\/gerardmerinfo\/#\/schema\/logo\/image\/\"},\"sameAs\":[\"https:\/\/www.facebook.com\/profile.php?id=100049475262660\",\"https:\/\/x.com\/VosgesInfo88\",\"https:\/\/www.youtube.com\/@vosgesinfo\"]},{\"@type\":\"Person\",\"@id\":\"https:\/\/vosgesinfo.fr\/gerardmerinfo\/#\/schema\/person\/bc5d02d71e6932e81b6dadb7386667b1\",\"name\":\"qs_admin\",\"image\":{\"@type\":\"ImageObject\",\"inLanguage\":\"fr-FR\",\"@id\":\"https:\/\/vosgesinfo.fr\/gerardmerinfo\/#\/schema\/person\/image\/\",\"url\":\"https:\/\/secure.gravatar.com\/avatar\/94b18ee0ed79e4a42ea2f2931277b6841a8999fc6fde214600c78057cf1fe1de?s=96&d=mm&r=g\",\"contentUrl\":\"https:\/\/secure.gravatar.com\/avatar\/94b18ee0ed79e4a42ea2f2931277b6841a8999fc6fde214600c78057cf1fe1de?s=96&d=mm&r=g\",\"caption\":\"qs_admin\"},\"sameAs\":[\"https:\/\/vosgesinfo.fr\/wp\"],\"url\":\"https:\/\/vosgesinfo.fr\/gerardmerinfo\/author\/qs_admin\/\"}]}<\/script>\n<!-- \/ Yoast SEO plugin. -->","yoast_head_json":{"title":"Grande collecte \u00e9v\u00e9nementielle \"Mon Sang pour les autres\" - Gerardmer Info","robots":{"index":"index","follow":"follow","max-snippet":"max-snippet:-1","max-image-preview":"max-image-preview:large","max-video-preview":"max-video-preview:-1"},"canonical":"https:\/\/vosgesinfo.fr\/gerardmerinfo\/2019\/01\/grande-collecte-evenementielle-sang-autres\/","twitter_card":"summary_large_image","twitter_title":"Grande collecte \u00e9v\u00e9nementielle \"Mon Sang pour les autres\" - Gerardmer Info","twitter_description":"2\u00e8me \u00e9dition de la Collecte \u00ab Mon Sang pour les Autres \u00bb, en Lorraine, \u00e0 G\u00e9rardmer ! L\u2019\u00c9tablissement fran\u00e7ais du [&hellip;]","twitter_image":"https:\/\/vosgesinfo.fr\/app\/uploads\/sites\/6\/2024\/07\/201901affiche-collecte-mspa-gerardmer.png","twitter_creator":"@VosgesInfo88","twitter_site":"@VosgesInfo88","twitter_misc":{"\u00c9crit par":"qs_admin","Dur\u00e9e de lecture estim\u00e9e":"4 minutes"},"schema":{"@context":"https:\/\/schema.org","@graph":[{"@type":"Article","@id":"https:\/\/vosgesinfo.fr\/gerardmerinfo\/2019\/01\/grande-collecte-evenementielle-sang-autres\/#article","isPartOf":{"@id":"https:\/\/vosgesinfo.fr\/gerardmerinfo\/2019\/01\/grande-collecte-evenementielle-sang-autres\/"},"author":{"name":"qs_admin","@id":"https:\/\/vosgesinfo.fr\/gerardmerinfo\/#\/schema\/person\/bc5d02d71e6932e81b6dadb7386667b1"},"headline":"Grande collecte \u00e9v\u00e9nementielle \u00ab\u00a0Mon Sang pour les autres\u00a0\u00bb","datePublished":"2019-01-11T15:44:54+00:00","dateModified":"2019-01-11T15:44:54+00:00","mainEntityOfPage":{"@id":"https:\/\/vosgesinfo.fr\/gerardmerinfo\/2019\/01\/grande-collecte-evenementielle-sang-autres\/"},"wordCount":740,"commentCount":0,"publisher":{"@id":"https:\/\/vosgesinfo.fr\/gerardmerinfo\/#organization"},"image":{"@id":"https:\/\/vosgesinfo.fr\/gerardmerinfo\/2019\/01\/grande-collecte-evenementielle-sang-autres\/#primaryimage"},"thumbnailUrl":"https:\/\/vosgesinfo.fr\/app\/uploads\/sites\/6\/2024\/07\/201901affiche-collecte-mspa-gerardmer.png","keywords":["don du sang","rotary club G\u00e9rardmer"],"articleSection":["A la une","G\u00e9rardmer","Sant\u00e9"],"inLanguage":"fr-FR","potentialAction":[{"@type":"CommentAction","name":"Comment","target":["https:\/\/vosgesinfo.fr\/gerardmerinfo\/2019\/01\/grande-collecte-evenementielle-sang-autres\/#respond"]}]},{"@type":"WebPage","@id":"https:\/\/vosgesinfo.fr\/gerardmerinfo\/2019\/01\/grande-collecte-evenementielle-sang-autres\/","url":"https:\/\/vosgesinfo.fr\/gerardmerinfo\/2019\/01\/grande-collecte-evenementielle-sang-autres\/","name":"Grande collecte \u00e9v\u00e9nementielle \"Mon Sang pour les autres\" - Gerardmer Info","isPartOf":{"@id":"https:\/\/vosgesinfo.fr\/gerardmerinfo\/#website"},"primaryImageOfPage":{"@id":"https:\/\/vosgesinfo.fr\/gerardmerinfo\/2019\/01\/grande-collecte-evenementielle-sang-autres\/#primaryimage"},"image":{"@id":"https:\/\/vosgesinfo.fr\/gerardmerinfo\/2019\/01\/grande-collecte-evenementielle-sang-autres\/#primaryimage"},"thumbnailUrl":"https:\/\/vosgesinfo.fr\/app\/uploads\/sites\/6\/2024\/07\/201901affiche-collecte-mspa-gerardmer.png","datePublished":"2019-01-11T15:44:54+00:00","dateModified":"2019-01-11T15:44:54+00:00","breadcrumb":{"@id":"https:\/\/vosgesinfo.fr\/gerardmerinfo\/2019\/01\/grande-collecte-evenementielle-sang-autres\/#breadcrumb"},"inLanguage":"fr-FR","potentialAction":[{"@type":"ReadAction","target":["https:\/\/vosgesinfo.fr\/gerardmerinfo\/2019\/01\/grande-collecte-evenementielle-sang-autres\/"]}]},{"@type":"ImageObject","inLanguage":"fr-FR","@id":"https:\/\/vosgesinfo.fr\/gerardmerinfo\/2019\/01\/grande-collecte-evenementielle-sang-autres\/#primaryimage","url":"https:\/\/vosgesinfo.fr\/app\/uploads\/sites\/6\/2024\/07\/201901affiche-collecte-mspa-gerardmer.png","contentUrl":"https:\/\/vosgesinfo.fr\/app\/uploads\/sites\/6\/2024\/07\/201901affiche-collecte-mspa-gerardmer.png","width":648,"height":903},{"@type":"BreadcrumbList","@id":"https:\/\/vosgesinfo.fr\/gerardmerinfo\/2019\/01\/grande-collecte-evenementielle-sang-autres\/#breadcrumb","itemListElement":[{"@type":"ListItem","position":1,"name":"Home","item":"https:\/\/vosgesinfo.fr\/gerardmerinfo\/"},{"@type":"ListItem","position":2,"name":"Grande collecte \u00e9v\u00e9nementielle \u00ab\u00a0Mon Sang pour les autres\u00a0\u00bb"}]},{"@type":"WebSite","@id":"https:\/\/vosgesinfo.fr\/gerardmerinfo\/#website","url":"https:\/\/vosgesinfo.fr\/gerardmerinfo\/","name":"Gerardmer Info","description":"Toute l&#039;actualit\u00e9 de G\u00e9rardmer","publisher":{"@id":"https:\/\/vosgesinfo.fr\/gerardmerinfo\/#organization"},"alternateName":"Toute l'actualit\u00e9 de G\u00e9rardmer","potentialAction":[{"@type":"SearchAction","target":{"@type":"EntryPoint","urlTemplate":"https:\/\/vosgesinfo.fr\/gerardmerinfo\/?s={search_term_string}"},"query-input":"required name=search_term_string"}],"inLanguage":"fr-FR"},{"@type":"Organization","@id":"https:\/\/vosgesinfo.fr\/gerardmerinfo\/#organization","name":"Gerardmer Info","url":"https:\/\/vosgesinfo.fr\/gerardmerinfo\/","logo":{"@type":"ImageObject","inLanguage":"fr-FR","@id":"https:\/\/vosgesinfo.fr\/gerardmerinfo\/#\/schema\/logo\/image\/","url":"https:\/\/vosgesinfo.fr\/app\/uploads\/sites\/6\/2023\/08\/favicon-gerardmerinfo.png","contentUrl":"https:\/\/vosgesinfo.fr\/app\/uploads\/sites\/6\/2023\/08\/favicon-gerardmerinfo.png","width":512,"height":512,"caption":"Gerardmer Info"},"image":{"@id":"https:\/\/vosgesinfo.fr\/gerardmerinfo\/#\/schema\/logo\/image\/"},"sameAs":["https:\/\/www.facebook.com\/profile.php?id=100049475262660","https:\/\/x.com\/VosgesInfo88","https:\/\/www.youtube.com\/@vosgesinfo"]},{"@type":"Person","@id":"https:\/\/vosgesinfo.fr\/gerardmerinfo\/#\/schema\/person\/bc5d02d71e6932e81b6dadb7386667b1","name":"qs_admin","image":{"@type":"ImageObject","inLanguage":"fr-FR","@id":"https:\/\/vosgesinfo.fr\/gerardmerinfo\/#\/schema\/person\/image\/","url":"https:\/\/secure.gravatar.com\/avatar\/94b18ee0ed79e4a42ea2f2931277b6841a8999fc6fde214600c78057cf1fe1de?s=96&d=mm&r=g","contentUrl":"https:\/\/secure.gravatar.com\/avatar\/94b18ee0ed79e4a42ea2f2931277b6841a8999fc6fde214600c78057cf1fe1de?s=96&d=mm&r=g","caption":"qs_admin"},"sameAs":["https:\/\/vosgesinfo.fr\/wp"],"url":"https:\/\/vosgesinfo.fr\/gerardmerinfo\/author\/qs_admin\/"}]}},"_links":{"self":[{"href":"https:\/\/vosgesinfo.fr\/gerardmerinfo\/wp-json\/wp\/v2\/posts\/38907","targetHints":{"allow":["GET"]}}],"collection":[{"href":"https:\/\/vosgesinfo.fr\/gerardmerinfo\/wp-json\/wp\/v2\/posts"}],"about":[{"href":"https:\/\/vosgesinfo.fr\/gerardmerinfo\/wp-json\/wp\/v2\/types\/post"}],"author":[{"embeddable":true,"href":"https:\/\/vosgesinfo.fr\/gerardmerinfo\/wp-json\/wp\/v2\/users\/1"}],"replies":[{"embeddable":true,"href":"https:\/\/vosgesinfo.fr\/gerardmerinfo\/wp-json\/wp\/v2\/comments?post=38907"}],"version-history":[{"count":0,"href":"https:\/\/vosgesinfo.fr\/gerardmerinfo\/wp-json\/wp\/v2\/posts\/38907\/revisions"}],"wp:featuredmedia":[{"embeddable":true,"href":"https:\/\/vosgesinfo.fr\/gerardmerinfo\/wp-json\/wp\/v2\/media\/38908"}],"wp:attachment":[{"href":"https:\/\/vosgesinfo.fr\/gerardmerinfo\/wp-json\/wp\/v2\/media?parent=38907"}],"wp:term":[{"taxonomy":"category","embeddable":true,"href":"https:\/\/vosgesinfo.fr\/gerardmerinfo\/wp-json\/wp\/v2\/categories?post=38907"},{"taxonomy":"post_tag","embeddable":true,"href":"https:\/\/vosgesinfo.fr\/gerardmerinfo\/wp-json\/wp\/v2\/tags?post=38907"}],"curies":[{"name":"wp","href":"https:\/\/api.w.org\/{rel}","templated":true}]}}