{"id":38911,"date":"2019-01-15T23:57:17","date_gmt":"2019-01-15T22:57:17","guid":{"rendered":"https:\/\/vosgesinfo.fr\/gerardmerinfo\/2019\/01\/compteur-linky-lasf-repond-a-vos-questions-a-loccasion-de-prochain-atelier\/"},"modified":"2019-01-15T23:57:17","modified_gmt":"2019-01-15T22:57:17","slug":"compteur-linky-lasf-repond-a-vos-questions-a-loccasion-de-prochain-atelier","status":"publish","type":"post","link":"https:\/\/vosgesinfo.fr\/gerardmerinfo\/2019\/01\/compteur-linky-lasf-repond-a-vos-questions-a-loccasion-de-prochain-atelier\/","title":{"rendered":"Compteur Linky : l&rsquo;ASF r\u00e9pond \u00e0 vos questions \u00e0 l&rsquo;occasion de son prochain atelier"},"content":{"rendered":"<p><a href=\"\/2018\/01\/compteur_linky_edf_1200.jpg\"><img decoding=\"async\" class=\"aligncenter size-medium wp-image-121522\" src=\"\/2018\/01\/compteur_linky_edf_1200-340x255.jpg\" alt=\"compteur_linky_edf_1200\" width=\"340\" height=\"255\" \/><\/a><\/p>\n<h3>Avec le Centre Technique R\u00e9gional des Organisations de Consommateurs de Lorraine, l\u2019Association Syndicale des Familles de G\u00e9rardmer poursuit son cycle d\u2019Ateliers d\u2019\u00e9changes et d\u2019informations dans le cadre de l\u2019\u00c9cole des Consommateurs Itin\u00e9rante.<\/h3>\n<p><a href=\"\/2016\/02\/csf-logo_Asf-03_167-130.png\"><img decoding=\"async\" class=\"alignright size-full wp-image-76341\" src=\"\/2016\/02\/csf-logo_Asf-03_167-130.png\" alt=\"csf logo\" width=\"167\" height=\"130\" \/><\/a>Le prochain atelier se d\u00e9roulera le Jeudi 24 Janvier 2019 \u00e0 14 h 30, \u00e0 la grande salle de r\u00e9union du Mille Club au Quartier Kl\u00e9ber.<\/p>\n<p><strong>Le th\u00e8me retenu est \u00ab Le Compteur Linky \u00bb<\/strong><\/p>\n<p>L\u2019atelier sera co-anim\u00e9 par l\u2019association et Marion Rolin, conseill\u00e8re en \u00e9conomie familiale, responsable de l\u2019\u00e9cole des consommateurs itin\u00e9rante au CTRC Lorraine.<\/p>\n<p>Notre intervenante r\u00e9pondra \u00e0 toutes les interrogations que chacun se pose sur ce nouveau compteur qu\u2019Enedis d\u00e9ploie chez tous les consommateurs d\u2019\u00e9lectricit\u00e9. Au cours de cette r\u00e9union, elle essaiera de vous apporter des arguments en toute impartialit\u00e9 tant sur les points positifs que les points n\u00e9gatifs de cette op\u00e9ration.<\/p>\n<p>Pot de l\u2019amiti\u00e9 offert par l\u2019association<\/p>\n<p>Entr\u00e9e libre<\/p>\n<p><a href=\"\/2015\/12\/CTRC_Lorraine.jpg\"><img decoding=\"async\" class=\"aligncenter wp-image-68489 size-medium\" src=\"\/2015\/12\/CTRC_Lorraine-400x151.jpg\" alt=\"CTRC_Lorraine\" width=\"400\" height=\"151\" \/><\/a><\/p>\n","protected":false},"excerpt":{"rendered":"<p>Avec le Centre Technique R\u00e9gional des Organisations de Consommateurs de Lorraine, l\u2019Association Syndicale des Familles de G\u00e9rardmer poursuit son cycle [&hellip;]<\/p>\n","protected":false},"author":1,"featured_media":38912,"comment_status":"open","ping_status":"open","sticky":false,"template":"","format":"standard","meta":{"footnotes":""},"categories":[20,17],"tags":[2234,3953,3409,2715],"class_list":["post-38911","post","type-post","status-publish","format-standard","has-post-thumbnail","hentry","category-a-la-une","category-vie-associative","tag-asf","tag-compteur-linky","tag-linky88","tag-mille-club-gerardmer"],"acf":[],"yoast_head":"<!-- This site is optimized with the Yoast SEO plugin v22.5 - https:\/\/yoast.com\/wordpress\/plugins\/seo\/ -->\n<title>Compteur Linky : l&#039;ASF r\u00e9pond \u00e0 vos questions \u00e0 l&#039;occasion de son prochain atelier - Gerardmer Info<\/title>\n<meta name=\"robots\" content=\"index, follow, max-snippet:-1, max-image-preview:large, max-video-preview:-1\" \/>\n<link rel=\"canonical\" href=\"https:\/\/vosgesinfo.fr\/gerardmerinfo\/2019\/01\/compteur-linky-lasf-repond-a-vos-questions-a-loccasion-de-prochain-atelier\/\" \/>\n<meta name=\"twitter:card\" content=\"summary_large_image\" \/>\n<meta name=\"twitter:title\" content=\"Compteur Linky : l&#039;ASF r\u00e9pond \u00e0 vos questions \u00e0 l&#039;occasion de son prochain atelier - Gerardmer Info\" \/>\n<meta name=\"twitter:description\" content=\"Avec le Centre Technique R\u00e9gional des Organisations de Consommateurs de Lorraine, l\u2019Association Syndicale des Familles de G\u00e9rardmer poursuit son cycle [&hellip;]\" \/>\n<meta name=\"twitter:image\" content=\"https:\/\/vosgesinfo.fr\/app\/uploads\/sites\/6\/2024\/07\/201801compteur-linky-edf-1200-1.jpg\" \/>\n<meta name=\"twitter:creator\" content=\"@VosgesInfo88\" \/>\n<meta name=\"twitter:site\" content=\"@VosgesInfo88\" \/>\n<meta name=\"twitter:label1\" content=\"\u00c9crit par\" \/>\n\t<meta name=\"twitter:data1\" content=\"qs_admin\" \/>\n\t<meta name=\"twitter:label2\" content=\"Dur\u00e9e de lecture estim\u00e9e\" \/>\n\t<meta name=\"twitter:data2\" content=\"1 minute\" \/>\n<script type=\"application\/ld+json\" class=\"yoast-schema-graph\">{\"@context\":\"https:\/\/schema.org\",\"@graph\":[{\"@type\":\"Article\",\"@id\":\"https:\/\/vosgesinfo.fr\/gerardmerinfo\/2019\/01\/compteur-linky-lasf-repond-a-vos-questions-a-loccasion-de-prochain-atelier\/#article\",\"isPartOf\":{\"@id\":\"https:\/\/vosgesinfo.fr\/gerardmerinfo\/2019\/01\/compteur-linky-lasf-repond-a-vos-questions-a-loccasion-de-prochain-atelier\/\"},\"author\":{\"name\":\"qs_admin\",\"@id\":\"https:\/\/vosgesinfo.fr\/gerardmerinfo\/#\/schema\/person\/bc5d02d71e6932e81b6dadb7386667b1\"},\"headline\":\"Compteur Linky : l&rsquo;ASF r\u00e9pond \u00e0 vos questions \u00e0 l&rsquo;occasion de son prochain atelier\",\"datePublished\":\"2019-01-15T22:57:17+00:00\",\"dateModified\":\"2019-01-15T22:57:17+00:00\",\"mainEntityOfPage\":{\"@id\":\"https:\/\/vosgesinfo.fr\/gerardmerinfo\/2019\/01\/compteur-linky-lasf-repond-a-vos-questions-a-loccasion-de-prochain-atelier\/\"},\"wordCount\":177,\"commentCount\":0,\"publisher\":{\"@id\":\"https:\/\/vosgesinfo.fr\/gerardmerinfo\/#organization\"},\"image\":{\"@id\":\"https:\/\/vosgesinfo.fr\/gerardmerinfo\/2019\/01\/compteur-linky-lasf-repond-a-vos-questions-a-loccasion-de-prochain-atelier\/#primaryimage\"},\"thumbnailUrl\":\"https:\/\/vosgesinfo.fr\/app\/uploads\/sites\/6\/2024\/07\/201801compteur-linky-edf-1200-1.jpg\",\"keywords\":[\"ASF\",\"compteur linky\",\"linky88\",\"Mille club G\u00e9rardmer\"],\"articleSection\":[\"A la une\",\"Vie Associative\"],\"inLanguage\":\"fr-FR\",\"potentialAction\":[{\"@type\":\"CommentAction\",\"name\":\"Comment\",\"target\":[\"https:\/\/vosgesinfo.fr\/gerardmerinfo\/2019\/01\/compteur-linky-lasf-repond-a-vos-questions-a-loccasion-de-prochain-atelier\/#respond\"]}]},{\"@type\":\"WebPage\",\"@id\":\"https:\/\/vosgesinfo.fr\/gerardmerinfo\/2019\/01\/compteur-linky-lasf-repond-a-vos-questions-a-loccasion-de-prochain-atelier\/\",\"url\":\"https:\/\/vosgesinfo.fr\/gerardmerinfo\/2019\/01\/compteur-linky-lasf-repond-a-vos-questions-a-loccasion-de-prochain-atelier\/\",\"name\":\"Compteur Linky : l'ASF r\u00e9pond \u00e0 vos questions \u00e0 l'occasion de son prochain atelier - Gerardmer Info\",\"isPartOf\":{\"@id\":\"https:\/\/vosgesinfo.fr\/gerardmerinfo\/#website\"},\"primaryImageOfPage\":{\"@id\":\"https:\/\/vosgesinfo.fr\/gerardmerinfo\/2019\/01\/compteur-linky-lasf-repond-a-vos-questions-a-loccasion-de-prochain-atelier\/#primaryimage\"},\"image\":{\"@id\":\"https:\/\/vosgesinfo.fr\/gerardmerinfo\/2019\/01\/compteur-linky-lasf-repond-a-vos-questions-a-loccasion-de-prochain-atelier\/#primaryimage\"},\"thumbnailUrl\":\"https:\/\/vosgesinfo.fr\/app\/uploads\/sites\/6\/2024\/07\/201801compteur-linky-edf-1200-1.jpg\",\"datePublished\":\"2019-01-15T22:57:17+00:00\",\"dateModified\":\"2019-01-15T22:57:17+00:00\",\"breadcrumb\":{\"@id\":\"https:\/\/vosgesinfo.fr\/gerardmerinfo\/2019\/01\/compteur-linky-lasf-repond-a-vos-questions-a-loccasion-de-prochain-atelier\/#breadcrumb\"},\"inLanguage\":\"fr-FR\",\"potentialAction\":[{\"@type\":\"ReadAction\",\"target\":[\"https:\/\/vosgesinfo.fr\/gerardmerinfo\/2019\/01\/compteur-linky-lasf-repond-a-vos-questions-a-loccasion-de-prochain-atelier\/\"]}]},{\"@type\":\"ImageObject\",\"inLanguage\":\"fr-FR\",\"@id\":\"https:\/\/vosgesinfo.fr\/gerardmerinfo\/2019\/01\/compteur-linky-lasf-repond-a-vos-questions-a-loccasion-de-prochain-atelier\/#primaryimage\",\"url\":\"https:\/\/vosgesinfo.fr\/app\/uploads\/sites\/6\/2024\/07\/201801compteur-linky-edf-1200-1.jpg\",\"contentUrl\":\"https:\/\/vosgesinfo.fr\/app\/uploads\/sites\/6\/2024\/07\/201801compteur-linky-edf-1200-1.jpg\",\"width\":746,\"height\":559},{\"@type\":\"BreadcrumbList\",\"@id\":\"https:\/\/vosgesinfo.fr\/gerardmerinfo\/2019\/01\/compteur-linky-lasf-repond-a-vos-questions-a-loccasion-de-prochain-atelier\/#breadcrumb\",\"itemListElement\":[{\"@type\":\"ListItem\",\"position\":1,\"name\":\"Home\",\"item\":\"https:\/\/vosgesinfo.fr\/gerardmerinfo\/\"},{\"@type\":\"ListItem\",\"position\":2,\"name\":\"Compteur Linky : l&rsquo;ASF r\u00e9pond \u00e0 vos questions \u00e0 l&rsquo;occasion de son prochain atelier\"}]},{\"@type\":\"WebSite\",\"@id\":\"https:\/\/vosgesinfo.fr\/gerardmerinfo\/#website\",\"url\":\"https:\/\/vosgesinfo.fr\/gerardmerinfo\/\",\"name\":\"Gerardmer Info\",\"description\":\"Toute l&#039;actualit\u00e9 de G\u00e9rardmer\",\"publisher\":{\"@id\":\"https:\/\/vosgesinfo.fr\/gerardmerinfo\/#organization\"},\"alternateName\":\"Toute l'actualit\u00e9 de G\u00e9rardmer\",\"potentialAction\":[{\"@type\":\"SearchAction\",\"target\":{\"@type\":\"EntryPoint\",\"urlTemplate\":\"https:\/\/vosgesinfo.fr\/gerardmerinfo\/?s={search_term_string}\"},\"query-input\":\"required name=search_term_string\"}],\"inLanguage\":\"fr-FR\"},{\"@type\":\"Organization\",\"@id\":\"https:\/\/vosgesinfo.fr\/gerardmerinfo\/#organization\",\"name\":\"Gerardmer Info\",\"url\":\"https:\/\/vosgesinfo.fr\/gerardmerinfo\/\",\"logo\":{\"@type\":\"ImageObject\",\"inLanguage\":\"fr-FR\",\"@id\":\"https:\/\/vosgesinfo.fr\/gerardmerinfo\/#\/schema\/logo\/image\/\",\"url\":\"https:\/\/vosgesinfo.fr\/app\/uploads\/sites\/6\/2023\/08\/favicon-gerardmerinfo.png\",\"contentUrl\":\"https:\/\/vosgesinfo.fr\/app\/uploads\/sites\/6\/2023\/08\/favicon-gerardmerinfo.png\",\"width\":512,\"height\":512,\"caption\":\"Gerardmer Info\"},\"image\":{\"@id\":\"https:\/\/vosgesinfo.fr\/gerardmerinfo\/#\/schema\/logo\/image\/\"},\"sameAs\":[\"https:\/\/www.facebook.com\/profile.php?id=100049475262660\",\"https:\/\/x.com\/VosgesInfo88\",\"https:\/\/www.youtube.com\/@vosgesinfo\"]},{\"@type\":\"Person\",\"@id\":\"https:\/\/vosgesinfo.fr\/gerardmerinfo\/#\/schema\/person\/bc5d02d71e6932e81b6dadb7386667b1\",\"name\":\"qs_admin\",\"image\":{\"@type\":\"ImageObject\",\"inLanguage\":\"fr-FR\",\"@id\":\"https:\/\/vosgesinfo.fr\/gerardmerinfo\/#\/schema\/person\/image\/\",\"url\":\"https:\/\/secure.gravatar.com\/avatar\/94b18ee0ed79e4a42ea2f2931277b6841a8999fc6fde214600c78057cf1fe1de?s=96&d=mm&r=g\",\"contentUrl\":\"https:\/\/secure.gravatar.com\/avatar\/94b18ee0ed79e4a42ea2f2931277b6841a8999fc6fde214600c78057cf1fe1de?s=96&d=mm&r=g\",\"caption\":\"qs_admin\"},\"sameAs\":[\"https:\/\/vosgesinfo.fr\/wp\"],\"url\":\"https:\/\/vosgesinfo.fr\/gerardmerinfo\/author\/qs_admin\/\"}]}<\/script>\n<!-- \/ Yoast SEO plugin. -->","yoast_head_json":{"title":"Compteur Linky : l'ASF r\u00e9pond \u00e0 vos questions \u00e0 l'occasion de son prochain atelier - Gerardmer Info","robots":{"index":"index","follow":"follow","max-snippet":"max-snippet:-1","max-image-preview":"max-image-preview:large","max-video-preview":"max-video-preview:-1"},"canonical":"https:\/\/vosgesinfo.fr\/gerardmerinfo\/2019\/01\/compteur-linky-lasf-repond-a-vos-questions-a-loccasion-de-prochain-atelier\/","twitter_card":"summary_large_image","twitter_title":"Compteur Linky : l'ASF r\u00e9pond \u00e0 vos questions \u00e0 l'occasion de son prochain atelier - Gerardmer Info","twitter_description":"Avec le Centre Technique R\u00e9gional des Organisations de Consommateurs de Lorraine, l\u2019Association Syndicale des Familles de G\u00e9rardmer poursuit son cycle [&hellip;]","twitter_image":"https:\/\/vosgesinfo.fr\/app\/uploads\/sites\/6\/2024\/07\/201801compteur-linky-edf-1200-1.jpg","twitter_creator":"@VosgesInfo88","twitter_site":"@VosgesInfo88","twitter_misc":{"\u00c9crit par":"qs_admin","Dur\u00e9e de lecture estim\u00e9e":"1 minute"},"schema":{"@context":"https:\/\/schema.org","@graph":[{"@type":"Article","@id":"https:\/\/vosgesinfo.fr\/gerardmerinfo\/2019\/01\/compteur-linky-lasf-repond-a-vos-questions-a-loccasion-de-prochain-atelier\/#article","isPartOf":{"@id":"https:\/\/vosgesinfo.fr\/gerardmerinfo\/2019\/01\/compteur-linky-lasf-repond-a-vos-questions-a-loccasion-de-prochain-atelier\/"},"author":{"name":"qs_admin","@id":"https:\/\/vosgesinfo.fr\/gerardmerinfo\/#\/schema\/person\/bc5d02d71e6932e81b6dadb7386667b1"},"headline":"Compteur Linky : l&rsquo;ASF r\u00e9pond \u00e0 vos questions \u00e0 l&rsquo;occasion de son prochain atelier","datePublished":"2019-01-15T22:57:17+00:00","dateModified":"2019-01-15T22:57:17+00:00","mainEntityOfPage":{"@id":"https:\/\/vosgesinfo.fr\/gerardmerinfo\/2019\/01\/compteur-linky-lasf-repond-a-vos-questions-a-loccasion-de-prochain-atelier\/"},"wordCount":177,"commentCount":0,"publisher":{"@id":"https:\/\/vosgesinfo.fr\/gerardmerinfo\/#organization"},"image":{"@id":"https:\/\/vosgesinfo.fr\/gerardmerinfo\/2019\/01\/compteur-linky-lasf-repond-a-vos-questions-a-loccasion-de-prochain-atelier\/#primaryimage"},"thumbnailUrl":"https:\/\/vosgesinfo.fr\/app\/uploads\/sites\/6\/2024\/07\/201801compteur-linky-edf-1200-1.jpg","keywords":["ASF","compteur linky","linky88","Mille club G\u00e9rardmer"],"articleSection":["A la une","Vie Associative"],"inLanguage":"fr-FR","potentialAction":[{"@type":"CommentAction","name":"Comment","target":["https:\/\/vosgesinfo.fr\/gerardmerinfo\/2019\/01\/compteur-linky-lasf-repond-a-vos-questions-a-loccasion-de-prochain-atelier\/#respond"]}]},{"@type":"WebPage","@id":"https:\/\/vosgesinfo.fr\/gerardmerinfo\/2019\/01\/compteur-linky-lasf-repond-a-vos-questions-a-loccasion-de-prochain-atelier\/","url":"https:\/\/vosgesinfo.fr\/gerardmerinfo\/2019\/01\/compteur-linky-lasf-repond-a-vos-questions-a-loccasion-de-prochain-atelier\/","name":"Compteur Linky : l'ASF r\u00e9pond \u00e0 vos questions \u00e0 l'occasion de son prochain atelier - Gerardmer Info","isPartOf":{"@id":"https:\/\/vosgesinfo.fr\/gerardmerinfo\/#website"},"primaryImageOfPage":{"@id":"https:\/\/vosgesinfo.fr\/gerardmerinfo\/2019\/01\/compteur-linky-lasf-repond-a-vos-questions-a-loccasion-de-prochain-atelier\/#primaryimage"},"image":{"@id":"https:\/\/vosgesinfo.fr\/gerardmerinfo\/2019\/01\/compteur-linky-lasf-repond-a-vos-questions-a-loccasion-de-prochain-atelier\/#primaryimage"},"thumbnailUrl":"https:\/\/vosgesinfo.fr\/app\/uploads\/sites\/6\/2024\/07\/201801compteur-linky-edf-1200-1.jpg","datePublished":"2019-01-15T22:57:17+00:00","dateModified":"2019-01-15T22:57:17+00:00","breadcrumb":{"@id":"https:\/\/vosgesinfo.fr\/gerardmerinfo\/2019\/01\/compteur-linky-lasf-repond-a-vos-questions-a-loccasion-de-prochain-atelier\/#breadcrumb"},"inLanguage":"fr-FR","potentialAction":[{"@type":"ReadAction","target":["https:\/\/vosgesinfo.fr\/gerardmerinfo\/2019\/01\/compteur-linky-lasf-repond-a-vos-questions-a-loccasion-de-prochain-atelier\/"]}]},{"@type":"ImageObject","inLanguage":"fr-FR","@id":"https:\/\/vosgesinfo.fr\/gerardmerinfo\/2019\/01\/compteur-linky-lasf-repond-a-vos-questions-a-loccasion-de-prochain-atelier\/#primaryimage","url":"https:\/\/vosgesinfo.fr\/app\/uploads\/sites\/6\/2024\/07\/201801compteur-linky-edf-1200-1.jpg","contentUrl":"https:\/\/vosgesinfo.fr\/app\/uploads\/sites\/6\/2024\/07\/201801compteur-linky-edf-1200-1.jpg","width":746,"height":559},{"@type":"BreadcrumbList","@id":"https:\/\/vosgesinfo.fr\/gerardmerinfo\/2019\/01\/compteur-linky-lasf-repond-a-vos-questions-a-loccasion-de-prochain-atelier\/#breadcrumb","itemListElement":[{"@type":"ListItem","position":1,"name":"Home","item":"https:\/\/vosgesinfo.fr\/gerardmerinfo\/"},{"@type":"ListItem","position":2,"name":"Compteur Linky : l&rsquo;ASF r\u00e9pond \u00e0 vos questions \u00e0 l&rsquo;occasion de son prochain atelier"}]},{"@type":"WebSite","@id":"https:\/\/vosgesinfo.fr\/gerardmerinfo\/#website","url":"https:\/\/vosgesinfo.fr\/gerardmerinfo\/","name":"Gerardmer Info","description":"Toute l&#039;actualit\u00e9 de G\u00e9rardmer","publisher":{"@id":"https:\/\/vosgesinfo.fr\/gerardmerinfo\/#organization"},"alternateName":"Toute l'actualit\u00e9 de G\u00e9rardmer","potentialAction":[{"@type":"SearchAction","target":{"@type":"EntryPoint","urlTemplate":"https:\/\/vosgesinfo.fr\/gerardmerinfo\/?s={search_term_string}"},"query-input":"required name=search_term_string"}],"inLanguage":"fr-FR"},{"@type":"Organization","@id":"https:\/\/vosgesinfo.fr\/gerardmerinfo\/#organization","name":"Gerardmer Info","url":"https:\/\/vosgesinfo.fr\/gerardmerinfo\/","logo":{"@type":"ImageObject","inLanguage":"fr-FR","@id":"https:\/\/vosgesinfo.fr\/gerardmerinfo\/#\/schema\/logo\/image\/","url":"https:\/\/vosgesinfo.fr\/app\/uploads\/sites\/6\/2023\/08\/favicon-gerardmerinfo.png","contentUrl":"https:\/\/vosgesinfo.fr\/app\/uploads\/sites\/6\/2023\/08\/favicon-gerardmerinfo.png","width":512,"height":512,"caption":"Gerardmer Info"},"image":{"@id":"https:\/\/vosgesinfo.fr\/gerardmerinfo\/#\/schema\/logo\/image\/"},"sameAs":["https:\/\/www.facebook.com\/profile.php?id=100049475262660","https:\/\/x.com\/VosgesInfo88","https:\/\/www.youtube.com\/@vosgesinfo"]},{"@type":"Person","@id":"https:\/\/vosgesinfo.fr\/gerardmerinfo\/#\/schema\/person\/bc5d02d71e6932e81b6dadb7386667b1","name":"qs_admin","image":{"@type":"ImageObject","inLanguage":"fr-FR","@id":"https:\/\/vosgesinfo.fr\/gerardmerinfo\/#\/schema\/person\/image\/","url":"https:\/\/secure.gravatar.com\/avatar\/94b18ee0ed79e4a42ea2f2931277b6841a8999fc6fde214600c78057cf1fe1de?s=96&d=mm&r=g","contentUrl":"https:\/\/secure.gravatar.com\/avatar\/94b18ee0ed79e4a42ea2f2931277b6841a8999fc6fde214600c78057cf1fe1de?s=96&d=mm&r=g","caption":"qs_admin"},"sameAs":["https:\/\/vosgesinfo.fr\/wp"],"url":"https:\/\/vosgesinfo.fr\/gerardmerinfo\/author\/qs_admin\/"}]}},"_links":{"self":[{"href":"https:\/\/vosgesinfo.fr\/gerardmerinfo\/wp-json\/wp\/v2\/posts\/38911","targetHints":{"allow":["GET"]}}],"collection":[{"href":"https:\/\/vosgesinfo.fr\/gerardmerinfo\/wp-json\/wp\/v2\/posts"}],"about":[{"href":"https:\/\/vosgesinfo.fr\/gerardmerinfo\/wp-json\/wp\/v2\/types\/post"}],"author":[{"embeddable":true,"href":"https:\/\/vosgesinfo.fr\/gerardmerinfo\/wp-json\/wp\/v2\/users\/1"}],"replies":[{"embeddable":true,"href":"https:\/\/vosgesinfo.fr\/gerardmerinfo\/wp-json\/wp\/v2\/comments?post=38911"}],"version-history":[{"count":0,"href":"https:\/\/vosgesinfo.fr\/gerardmerinfo\/wp-json\/wp\/v2\/posts\/38911\/revisions"}],"wp:featuredmedia":[{"embeddable":true,"href":"https:\/\/vosgesinfo.fr\/gerardmerinfo\/wp-json\/wp\/v2\/media\/38912"}],"wp:attachment":[{"href":"https:\/\/vosgesinfo.fr\/gerardmerinfo\/wp-json\/wp\/v2\/media?parent=38911"}],"wp:term":[{"taxonomy":"category","embeddable":true,"href":"https:\/\/vosgesinfo.fr\/gerardmerinfo\/wp-json\/wp\/v2\/categories?post=38911"},{"taxonomy":"post_tag","embeddable":true,"href":"https:\/\/vosgesinfo.fr\/gerardmerinfo\/wp-json\/wp\/v2\/tags?post=38911"}],"curies":[{"name":"wp","href":"https:\/\/api.w.org\/{rel}","templated":true}]}}