{"id":38952,"date":"2019-01-10T17:00:02","date_gmt":"2019-01-10T16:00:02","guid":{"rendered":"https:\/\/vosgesinfo.fr\/gerardmerinfo\/2019\/01\/voeux-personnel-communal-sadapter-toujours\/"},"modified":"2019-01-10T17:00:02","modified_gmt":"2019-01-10T16:00:02","slug":"voeux-personnel-communal-sadapter-toujours","status":"publish","type":"post","link":"https:\/\/vosgesinfo.fr\/gerardmerinfo\/2019\/01\/voeux-personnel-communal-sadapter-toujours\/","title":{"rendered":"Voeux du personnel communal : s&rsquo;adapter, encore et toujours"},"content":{"rendered":"<h3><a href=\"\/2019\/01\/voeux-personnel-communal-2019-4.jpg\"><img decoding=\"async\" class=\"aligncenter wp-image-140177\" src=\"\/2019\/01\/voeux-personnel-communal-2019-4.jpg\" alt=\"voeux personnel communal 2019  (4)\" width=\"600\" height=\"450\" \/><\/a><\/h3>\n<h3>Apr\u00e8s les v\u0153ux du maire dimanche dernier, place \u00e0 la c\u00e9r\u00e9monie d\u00e9di\u00e9e aux agents communaux, toujours au Grand Salon de l&rsquo;H\u00f4tel et de Ville et l\u00e0 encore en pr\u00e9sence de la plupart des effectifs bien que certains \u00e9l\u00e9ments ait \u00e9t\u00e9 retenus par leurs obligations professionnelles.<\/h3>\n<p>On pense notamment aux agents mobilis\u00e9s par le d\u00e9neigement (enfin la neige !) ou ceux qui \u00e9voluent dans le milieu scolaire\/p\u00e9riscolaire (on ne peut d\u00e9cemment pas abandonner nos ch\u00e8res petites t\u00eates blondes&#8230;). La directrice g\u00e9n\u00e9rale des services Anne-Marie Lyonnais n&rsquo;a donc pas manquer saluer tout ce petit monde avant de rentrer dans le vif du sujet en choisissant d&rsquo;orienter son discours sur la capacit\u00e9 \u00e0 s&rsquo;adapter des diff\u00e9rents services de la Ville et des membres du personnel qui les composent.<\/p>\n<p><a href=\"\/2019\/01\/voeux-personnel-communal-2019-3.jpg\"><img decoding=\"async\" class=\"alignright size-medium wp-image-140176\" src=\"\/2019\/01\/voeux-personnel-communal-2019-3-340x255.jpg\" alt=\"voeux personnel communal 2019  (3)\" width=\"340\" height=\"255\" \/><\/a>En 2018, ils auront su s&rsquo;adapter aux al\u00e9as classiques et notamment climatiques, ainsi qu&rsquo;aux \u00e9v\u00e9nements connus et attendus comme les manifestations culturelles et sportives de la cit\u00e9, ou encore aux \u00e9v\u00e9nements impr\u00e9visibles. Anne-Marie Lyonnais a tenu \u00e0 \u00e9voquer le retour \u00e0 la semaine de 4 jours et demi au niveau scolaire qu&rsquo;il aura fallu habilement n\u00e9gocier avec des agents titulaires qui retrouvent leurs anciennes affectations, et pour cons\u00e9quence un recours moindre au personnel non titulaire&#8230;<\/p>\n<p>Adaptation \u00e9galement au niveau du complexe sportif dont la date de fermeture pour travaux a \u00e9t\u00e9 report\u00e9e \u00e0 Mars 2019 pour les raisons que vous connaissez tous d\u00e9sormais. \u00ab\u00a0Tous le red\u00e9ploiement des agents \u00e9tait act\u00e9 avec eux apr\u00e8s plusieurs rendez-vous individuels, je m&rsquo;y \u00e9tais engag\u00e9e. Tout est donc \u00e0 refaire. Je vais donc reprendre les discussions pour trouver d\u00e8s la mi Mars des affectations adapt\u00e9es pour les 11 agents titulaires concern\u00e9s pendant la p\u00e9riode que durera la fermeture du complexe\u00a0\u00bb pr\u00e9cisera la directrice g\u00e9n\u00e9rale des services.<\/p>\n<p>Adaptation enfin avec le processus de d\u00e9mat\u00e9rialisation des actes et proc\u00e9dures avec beaucoup de pratiques classiques \u00e0 repenser pour les agents ainsi qu les \u00e9lus d&rsquo;ailleurs : comptabilit\u00e9 et finances, signature \u00e9lectronique, convocation, bons de commande, paiement en ligne, march\u00e9s publics etc. \u00ab\u00a0C&rsquo;est un chantier d&rsquo;envergure qui se poursuivra de fa\u00e7on acc\u00e9l\u00e9r\u00e9e en 2019, n\u00e9cessitant un apprentissage et une formation pour bon nombre d&rsquo;entre nous\u00a0\u00bb ajoutera Anne-Marie Lyonnais avant de rappeler un autre changement d\u00e8s janvier : celui du pr\u00e9l\u00e8vement \u00e0 la source&#8230;<\/p>\n<p>Pour conclure et pour prolonger les propos du maire quelques jours plus t\u00f4t, la ma\u00eetresse de c\u00e9r\u00e9monie a annonc\u00e9 une ann\u00e9e 2019 bien remplie que les agents devront aborder avec \u00ab\u00a0responsabilit\u00e9s, dans un esprit d&rsquo;\u00e9quipe, en chassant l&rsquo;individualisme qui nous guette.\u00a0\u00bb Le tout en rappelant les obligations auxquelles les agents sont li\u00e9s parce qu&rsquo;ils sont investis de missions de service public : obligation de discr\u00e9tion professionnelle, d&rsquo;impartialit\u00e9, de neutralit\u00e9, d&rsquo;ob\u00e9issance et de r\u00e9serve. A bon entendeur et excellente ann\u00e9e aux agents de la Ville, toujours aussi pr\u00e9cieux et remarquables dans leur engagement.<\/p>\n","protected":false},"excerpt":{"rendered":"<p>Apr\u00e8s les v\u0153ux du maire dimanche dernier, place \u00e0 la c\u00e9r\u00e9monie d\u00e9di\u00e9e aux agents communaux, toujours au Grand Salon de [&hellip;]<\/p>\n","protected":false},"author":42,"featured_media":38953,"comment_status":"open","ping_status":"open","sticky":false,"template":"","format":"standard","meta":{"footnotes":""},"categories":[20,4],"tags":[2795,1039,1759],"class_list":["post-38952","post","type-post","status-publish","format-standard","has-post-thumbnail","hentry","category-a-la-une","category-culture","tag-anne-marie-lyonnais","tag-gerardmer","tag-mairie"],"acf":[],"yoast_head":"<!-- This site is optimized with the Yoast SEO plugin v22.5 - https:\/\/yoast.com\/wordpress\/plugins\/seo\/ -->\n<title>Voeux du personnel communal : s&#039;adapter, encore et toujours - Gerardmer Info<\/title>\n<meta name=\"robots\" content=\"index, follow, max-snippet:-1, max-image-preview:large, max-video-preview:-1\" \/>\n<link rel=\"canonical\" href=\"https:\/\/vosgesinfo.fr\/gerardmerinfo\/2019\/01\/voeux-personnel-communal-sadapter-toujours\/\" \/>\n<meta name=\"twitter:card\" content=\"summary_large_image\" \/>\n<meta name=\"twitter:title\" content=\"Voeux du personnel communal : s&#039;adapter, encore et toujours - Gerardmer Info\" \/>\n<meta name=\"twitter:description\" content=\"Apr\u00e8s les v\u0153ux du maire dimanche dernier, place \u00e0 la c\u00e9r\u00e9monie d\u00e9di\u00e9e aux agents communaux, toujours au Grand Salon de [&hellip;]\" \/>\n<meta name=\"twitter:image\" content=\"https:\/\/vosgesinfo.fr\/app\/uploads\/sites\/6\/2024\/07\/201901voeux-personnel-communal-2019-1.jpg\" \/>\n<meta name=\"twitter:creator\" content=\"@VosgesInfo88\" \/>\n<meta name=\"twitter:site\" content=\"@VosgesInfo88\" \/>\n<meta name=\"twitter:label1\" content=\"\u00c9crit par\" \/>\n\t<meta name=\"twitter:data1\" content=\"QG\" \/>\n\t<meta name=\"twitter:label2\" content=\"Dur\u00e9e de lecture estim\u00e9e\" \/>\n\t<meta name=\"twitter:data2\" content=\"3 minutes\" \/>\n<script type=\"application\/ld+json\" class=\"yoast-schema-graph\">{\"@context\":\"https:\/\/schema.org\",\"@graph\":[{\"@type\":\"Article\",\"@id\":\"https:\/\/vosgesinfo.fr\/gerardmerinfo\/2019\/01\/voeux-personnel-communal-sadapter-toujours\/#article\",\"isPartOf\":{\"@id\":\"https:\/\/vosgesinfo.fr\/gerardmerinfo\/2019\/01\/voeux-personnel-communal-sadapter-toujours\/\"},\"author\":{\"name\":\"QG\",\"@id\":\"https:\/\/vosgesinfo.fr\/gerardmerinfo\/#\/schema\/person\/db5605779a843dad16b5368f3e7613a5\"},\"headline\":\"Voeux du personnel communal : s&rsquo;adapter, encore et toujours\",\"datePublished\":\"2019-01-10T16:00:02+00:00\",\"dateModified\":\"2019-01-10T16:00:02+00:00\",\"mainEntityOfPage\":{\"@id\":\"https:\/\/vosgesinfo.fr\/gerardmerinfo\/2019\/01\/voeux-personnel-communal-sadapter-toujours\/\"},\"wordCount\":530,\"commentCount\":0,\"publisher\":{\"@id\":\"https:\/\/vosgesinfo.fr\/gerardmerinfo\/#organization\"},\"image\":{\"@id\":\"https:\/\/vosgesinfo.fr\/gerardmerinfo\/2019\/01\/voeux-personnel-communal-sadapter-toujours\/#primaryimage\"},\"thumbnailUrl\":\"https:\/\/vosgesinfo.fr\/app\/uploads\/sites\/6\/2024\/07\/201901voeux-personnel-communal-2019-1.jpg\",\"keywords\":[\"Anne-Marie Lyonnais\",\"G\u00e9rardmer\",\"mairie\"],\"articleSection\":[\"A la une\",\"Culture\"],\"inLanguage\":\"fr-FR\",\"potentialAction\":[{\"@type\":\"CommentAction\",\"name\":\"Comment\",\"target\":[\"https:\/\/vosgesinfo.fr\/gerardmerinfo\/2019\/01\/voeux-personnel-communal-sadapter-toujours\/#respond\"]}]},{\"@type\":\"WebPage\",\"@id\":\"https:\/\/vosgesinfo.fr\/gerardmerinfo\/2019\/01\/voeux-personnel-communal-sadapter-toujours\/\",\"url\":\"https:\/\/vosgesinfo.fr\/gerardmerinfo\/2019\/01\/voeux-personnel-communal-sadapter-toujours\/\",\"name\":\"Voeux du personnel communal : s'adapter, encore et toujours - Gerardmer Info\",\"isPartOf\":{\"@id\":\"https:\/\/vosgesinfo.fr\/gerardmerinfo\/#website\"},\"primaryImageOfPage\":{\"@id\":\"https:\/\/vosgesinfo.fr\/gerardmerinfo\/2019\/01\/voeux-personnel-communal-sadapter-toujours\/#primaryimage\"},\"image\":{\"@id\":\"https:\/\/vosgesinfo.fr\/gerardmerinfo\/2019\/01\/voeux-personnel-communal-sadapter-toujours\/#primaryimage\"},\"thumbnailUrl\":\"https:\/\/vosgesinfo.fr\/app\/uploads\/sites\/6\/2024\/07\/201901voeux-personnel-communal-2019-1.jpg\",\"datePublished\":\"2019-01-10T16:00:02+00:00\",\"dateModified\":\"2019-01-10T16:00:02+00:00\",\"breadcrumb\":{\"@id\":\"https:\/\/vosgesinfo.fr\/gerardmerinfo\/2019\/01\/voeux-personnel-communal-sadapter-toujours\/#breadcrumb\"},\"inLanguage\":\"fr-FR\",\"potentialAction\":[{\"@type\":\"ReadAction\",\"target\":[\"https:\/\/vosgesinfo.fr\/gerardmerinfo\/2019\/01\/voeux-personnel-communal-sadapter-toujours\/\"]}]},{\"@type\":\"ImageObject\",\"inLanguage\":\"fr-FR\",\"@id\":\"https:\/\/vosgesinfo.fr\/gerardmerinfo\/2019\/01\/voeux-personnel-communal-sadapter-toujours\/#primaryimage\",\"url\":\"https:\/\/vosgesinfo.fr\/app\/uploads\/sites\/6\/2024\/07\/201901voeux-personnel-communal-2019-1.jpg\",\"contentUrl\":\"https:\/\/vosgesinfo.fr\/app\/uploads\/sites\/6\/2024\/07\/201901voeux-personnel-communal-2019-1.jpg\",\"width\":800,\"height\":600},{\"@type\":\"BreadcrumbList\",\"@id\":\"https:\/\/vosgesinfo.fr\/gerardmerinfo\/2019\/01\/voeux-personnel-communal-sadapter-toujours\/#breadcrumb\",\"itemListElement\":[{\"@type\":\"ListItem\",\"position\":1,\"name\":\"Home\",\"item\":\"https:\/\/vosgesinfo.fr\/gerardmerinfo\/\"},{\"@type\":\"ListItem\",\"position\":2,\"name\":\"Voeux du personnel communal : s&rsquo;adapter, encore et toujours\"}]},{\"@type\":\"WebSite\",\"@id\":\"https:\/\/vosgesinfo.fr\/gerardmerinfo\/#website\",\"url\":\"https:\/\/vosgesinfo.fr\/gerardmerinfo\/\",\"name\":\"Gerardmer Info\",\"description\":\"Toute l&#039;actualit\u00e9 de G\u00e9rardmer\",\"publisher\":{\"@id\":\"https:\/\/vosgesinfo.fr\/gerardmerinfo\/#organization\"},\"alternateName\":\"Toute l'actualit\u00e9 de G\u00e9rardmer\",\"potentialAction\":[{\"@type\":\"SearchAction\",\"target\":{\"@type\":\"EntryPoint\",\"urlTemplate\":\"https:\/\/vosgesinfo.fr\/gerardmerinfo\/?s={search_term_string}\"},\"query-input\":\"required name=search_term_string\"}],\"inLanguage\":\"fr-FR\"},{\"@type\":\"Organization\",\"@id\":\"https:\/\/vosgesinfo.fr\/gerardmerinfo\/#organization\",\"name\":\"Gerardmer Info\",\"url\":\"https:\/\/vosgesinfo.fr\/gerardmerinfo\/\",\"logo\":{\"@type\":\"ImageObject\",\"inLanguage\":\"fr-FR\",\"@id\":\"https:\/\/vosgesinfo.fr\/gerardmerinfo\/#\/schema\/logo\/image\/\",\"url\":\"https:\/\/vosgesinfo.fr\/app\/uploads\/sites\/6\/2023\/08\/favicon-gerardmerinfo.png\",\"contentUrl\":\"https:\/\/vosgesinfo.fr\/app\/uploads\/sites\/6\/2023\/08\/favicon-gerardmerinfo.png\",\"width\":512,\"height\":512,\"caption\":\"Gerardmer Info\"},\"image\":{\"@id\":\"https:\/\/vosgesinfo.fr\/gerardmerinfo\/#\/schema\/logo\/image\/\"},\"sameAs\":[\"https:\/\/www.facebook.com\/profile.php?id=100049475262660\",\"https:\/\/x.com\/VosgesInfo88\",\"https:\/\/www.youtube.com\/@vosgesinfo\"]},{\"@type\":\"Person\",\"@id\":\"https:\/\/vosgesinfo.fr\/gerardmerinfo\/#\/schema\/person\/db5605779a843dad16b5368f3e7613a5\",\"name\":\"QG\",\"image\":{\"@type\":\"ImageObject\",\"inLanguage\":\"fr-FR\",\"@id\":\"https:\/\/vosgesinfo.fr\/gerardmerinfo\/#\/schema\/person\/image\/\",\"url\":\"https:\/\/secure.gravatar.com\/avatar\/ea80c42c204b534408512832fde52504ecabb9706bcb6151cf6175e5b64e6793?s=96&d=mm&r=g\",\"contentUrl\":\"https:\/\/secure.gravatar.com\/avatar\/ea80c42c204b534408512832fde52504ecabb9706bcb6151cf6175e5b64e6793?s=96&d=mm&r=g\",\"caption\":\"QG\"},\"url\":\"https:\/\/vosgesinfo.fr\/gerardmerinfo\/author\/quentin88\/\"}]}<\/script>\n<!-- \/ Yoast SEO plugin. -->","yoast_head_json":{"title":"Voeux du personnel communal : s'adapter, encore et toujours - Gerardmer Info","robots":{"index":"index","follow":"follow","max-snippet":"max-snippet:-1","max-image-preview":"max-image-preview:large","max-video-preview":"max-video-preview:-1"},"canonical":"https:\/\/vosgesinfo.fr\/gerardmerinfo\/2019\/01\/voeux-personnel-communal-sadapter-toujours\/","twitter_card":"summary_large_image","twitter_title":"Voeux du personnel communal : s'adapter, encore et toujours - Gerardmer Info","twitter_description":"Apr\u00e8s les v\u0153ux du maire dimanche dernier, place \u00e0 la c\u00e9r\u00e9monie d\u00e9di\u00e9e aux agents communaux, toujours au Grand Salon de [&hellip;]","twitter_image":"https:\/\/vosgesinfo.fr\/app\/uploads\/sites\/6\/2024\/07\/201901voeux-personnel-communal-2019-1.jpg","twitter_creator":"@VosgesInfo88","twitter_site":"@VosgesInfo88","twitter_misc":{"\u00c9crit par":"QG","Dur\u00e9e de lecture estim\u00e9e":"3 minutes"},"schema":{"@context":"https:\/\/schema.org","@graph":[{"@type":"Article","@id":"https:\/\/vosgesinfo.fr\/gerardmerinfo\/2019\/01\/voeux-personnel-communal-sadapter-toujours\/#article","isPartOf":{"@id":"https:\/\/vosgesinfo.fr\/gerardmerinfo\/2019\/01\/voeux-personnel-communal-sadapter-toujours\/"},"author":{"name":"QG","@id":"https:\/\/vosgesinfo.fr\/gerardmerinfo\/#\/schema\/person\/db5605779a843dad16b5368f3e7613a5"},"headline":"Voeux du personnel communal : s&rsquo;adapter, encore et toujours","datePublished":"2019-01-10T16:00:02+00:00","dateModified":"2019-01-10T16:00:02+00:00","mainEntityOfPage":{"@id":"https:\/\/vosgesinfo.fr\/gerardmerinfo\/2019\/01\/voeux-personnel-communal-sadapter-toujours\/"},"wordCount":530,"commentCount":0,"publisher":{"@id":"https:\/\/vosgesinfo.fr\/gerardmerinfo\/#organization"},"image":{"@id":"https:\/\/vosgesinfo.fr\/gerardmerinfo\/2019\/01\/voeux-personnel-communal-sadapter-toujours\/#primaryimage"},"thumbnailUrl":"https:\/\/vosgesinfo.fr\/app\/uploads\/sites\/6\/2024\/07\/201901voeux-personnel-communal-2019-1.jpg","keywords":["Anne-Marie Lyonnais","G\u00e9rardmer","mairie"],"articleSection":["A la une","Culture"],"inLanguage":"fr-FR","potentialAction":[{"@type":"CommentAction","name":"Comment","target":["https:\/\/vosgesinfo.fr\/gerardmerinfo\/2019\/01\/voeux-personnel-communal-sadapter-toujours\/#respond"]}]},{"@type":"WebPage","@id":"https:\/\/vosgesinfo.fr\/gerardmerinfo\/2019\/01\/voeux-personnel-communal-sadapter-toujours\/","url":"https:\/\/vosgesinfo.fr\/gerardmerinfo\/2019\/01\/voeux-personnel-communal-sadapter-toujours\/","name":"Voeux du personnel communal : s'adapter, encore et toujours - Gerardmer Info","isPartOf":{"@id":"https:\/\/vosgesinfo.fr\/gerardmerinfo\/#website"},"primaryImageOfPage":{"@id":"https:\/\/vosgesinfo.fr\/gerardmerinfo\/2019\/01\/voeux-personnel-communal-sadapter-toujours\/#primaryimage"},"image":{"@id":"https:\/\/vosgesinfo.fr\/gerardmerinfo\/2019\/01\/voeux-personnel-communal-sadapter-toujours\/#primaryimage"},"thumbnailUrl":"https:\/\/vosgesinfo.fr\/app\/uploads\/sites\/6\/2024\/07\/201901voeux-personnel-communal-2019-1.jpg","datePublished":"2019-01-10T16:00:02+00:00","dateModified":"2019-01-10T16:00:02+00:00","breadcrumb":{"@id":"https:\/\/vosgesinfo.fr\/gerardmerinfo\/2019\/01\/voeux-personnel-communal-sadapter-toujours\/#breadcrumb"},"inLanguage":"fr-FR","potentialAction":[{"@type":"ReadAction","target":["https:\/\/vosgesinfo.fr\/gerardmerinfo\/2019\/01\/voeux-personnel-communal-sadapter-toujours\/"]}]},{"@type":"ImageObject","inLanguage":"fr-FR","@id":"https:\/\/vosgesinfo.fr\/gerardmerinfo\/2019\/01\/voeux-personnel-communal-sadapter-toujours\/#primaryimage","url":"https:\/\/vosgesinfo.fr\/app\/uploads\/sites\/6\/2024\/07\/201901voeux-personnel-communal-2019-1.jpg","contentUrl":"https:\/\/vosgesinfo.fr\/app\/uploads\/sites\/6\/2024\/07\/201901voeux-personnel-communal-2019-1.jpg","width":800,"height":600},{"@type":"BreadcrumbList","@id":"https:\/\/vosgesinfo.fr\/gerardmerinfo\/2019\/01\/voeux-personnel-communal-sadapter-toujours\/#breadcrumb","itemListElement":[{"@type":"ListItem","position":1,"name":"Home","item":"https:\/\/vosgesinfo.fr\/gerardmerinfo\/"},{"@type":"ListItem","position":2,"name":"Voeux du personnel communal : s&rsquo;adapter, encore et toujours"}]},{"@type":"WebSite","@id":"https:\/\/vosgesinfo.fr\/gerardmerinfo\/#website","url":"https:\/\/vosgesinfo.fr\/gerardmerinfo\/","name":"Gerardmer Info","description":"Toute l&#039;actualit\u00e9 de G\u00e9rardmer","publisher":{"@id":"https:\/\/vosgesinfo.fr\/gerardmerinfo\/#organization"},"alternateName":"Toute l'actualit\u00e9 de G\u00e9rardmer","potentialAction":[{"@type":"SearchAction","target":{"@type":"EntryPoint","urlTemplate":"https:\/\/vosgesinfo.fr\/gerardmerinfo\/?s={search_term_string}"},"query-input":"required name=search_term_string"}],"inLanguage":"fr-FR"},{"@type":"Organization","@id":"https:\/\/vosgesinfo.fr\/gerardmerinfo\/#organization","name":"Gerardmer Info","url":"https:\/\/vosgesinfo.fr\/gerardmerinfo\/","logo":{"@type":"ImageObject","inLanguage":"fr-FR","@id":"https:\/\/vosgesinfo.fr\/gerardmerinfo\/#\/schema\/logo\/image\/","url":"https:\/\/vosgesinfo.fr\/app\/uploads\/sites\/6\/2023\/08\/favicon-gerardmerinfo.png","contentUrl":"https:\/\/vosgesinfo.fr\/app\/uploads\/sites\/6\/2023\/08\/favicon-gerardmerinfo.png","width":512,"height":512,"caption":"Gerardmer Info"},"image":{"@id":"https:\/\/vosgesinfo.fr\/gerardmerinfo\/#\/schema\/logo\/image\/"},"sameAs":["https:\/\/www.facebook.com\/profile.php?id=100049475262660","https:\/\/x.com\/VosgesInfo88","https:\/\/www.youtube.com\/@vosgesinfo"]},{"@type":"Person","@id":"https:\/\/vosgesinfo.fr\/gerardmerinfo\/#\/schema\/person\/db5605779a843dad16b5368f3e7613a5","name":"QG","image":{"@type":"ImageObject","inLanguage":"fr-FR","@id":"https:\/\/vosgesinfo.fr\/gerardmerinfo\/#\/schema\/person\/image\/","url":"https:\/\/secure.gravatar.com\/avatar\/ea80c42c204b534408512832fde52504ecabb9706bcb6151cf6175e5b64e6793?s=96&d=mm&r=g","contentUrl":"https:\/\/secure.gravatar.com\/avatar\/ea80c42c204b534408512832fde52504ecabb9706bcb6151cf6175e5b64e6793?s=96&d=mm&r=g","caption":"QG"},"url":"https:\/\/vosgesinfo.fr\/gerardmerinfo\/author\/quentin88\/"}]}},"_links":{"self":[{"href":"https:\/\/vosgesinfo.fr\/gerardmerinfo\/wp-json\/wp\/v2\/posts\/38952","targetHints":{"allow":["GET"]}}],"collection":[{"href":"https:\/\/vosgesinfo.fr\/gerardmerinfo\/wp-json\/wp\/v2\/posts"}],"about":[{"href":"https:\/\/vosgesinfo.fr\/gerardmerinfo\/wp-json\/wp\/v2\/types\/post"}],"author":[{"embeddable":true,"href":"https:\/\/vosgesinfo.fr\/gerardmerinfo\/wp-json\/wp\/v2\/users\/42"}],"replies":[{"embeddable":true,"href":"https:\/\/vosgesinfo.fr\/gerardmerinfo\/wp-json\/wp\/v2\/comments?post=38952"}],"version-history":[{"count":0,"href":"https:\/\/vosgesinfo.fr\/gerardmerinfo\/wp-json\/wp\/v2\/posts\/38952\/revisions"}],"wp:featuredmedia":[{"embeddable":true,"href":"https:\/\/vosgesinfo.fr\/gerardmerinfo\/wp-json\/wp\/v2\/media\/38953"}],"wp:attachment":[{"href":"https:\/\/vosgesinfo.fr\/gerardmerinfo\/wp-json\/wp\/v2\/media?parent=38952"}],"wp:term":[{"taxonomy":"category","embeddable":true,"href":"https:\/\/vosgesinfo.fr\/gerardmerinfo\/wp-json\/wp\/v2\/categories?post=38952"},{"taxonomy":"post_tag","embeddable":true,"href":"https:\/\/vosgesinfo.fr\/gerardmerinfo\/wp-json\/wp\/v2\/tags?post=38952"}],"curies":[{"name":"wp","href":"https:\/\/api.w.org\/{rel}","templated":true}]}}