{"id":38956,"date":"2019-01-10T16:58:32","date_gmt":"2019-01-10T15:58:32","guid":{"rendered":"https:\/\/vosgesinfo.fr\/gerardmerinfo\/2019\/01\/services-municipaux-medailles-retraites-de-lannee\/"},"modified":"2019-01-10T16:58:32","modified_gmt":"2019-01-10T15:58:32","slug":"services-municipaux-medailles-retraites-de-lannee","status":"publish","type":"post","link":"https:\/\/vosgesinfo.fr\/gerardmerinfo\/2019\/01\/services-municipaux-medailles-retraites-de-lannee\/","title":{"rendered":"Services Municipaux : les m\u00e9daill\u00e9s et retrait\u00e9s de l&rsquo;ann\u00e9e"},"content":{"rendered":"<p><a href=\"\/2019\/01\/voeux-personnel-communal-2019-2.jpg\"><img decoding=\"async\" class=\"aligncenter wp-image-140175\" src=\"\/2019\/01\/voeux-personnel-communal-2019-2.jpg\" alt=\"voeux personnel communal 2019 (2)\" width=\"600\" height=\"450\" \/><\/a><\/p>\n<div id=\"attachment_140195\" style=\"width: 310px\" class=\"wp-caption alignright\"><a href=\"\/2019\/01\/Sylvie.jpg\"><img decoding=\"async\" aria-describedby=\"caption-attachment-140195\" class=\"wp-image-140195\" src=\"\/2019\/01\/Sylvie.jpg\" alt=\"Sylvie\" width=\"300\" height=\"400\" \/><\/a><p id=\"caption-attachment-140195\" class=\"wp-caption-text\"><strong><span style=\"color: #000080;\">Sylvie Galmiche<\/span><\/strong><\/p><\/div>\n<p>La c\u00e9r\u00e9monie des v\u0153ux aux agents municipaux est toujours l&rsquo;occasion d&rsquo;honorer les jeunes retrait\u00e9s ainsi que les m\u00e9daill\u00e9s de l&rsquo;ann\u00e9e. Cette ann\u00e9e, deux m\u00e9dailles du travail ont \u00e9t\u00e9 remises. La premi\u00e8re \u00e0 Sylvie Galmiche, employ\u00e9e \u00e0 la m\u00e9diath\u00e8que toute sa carri\u00e8re et actuellement \u00e0 la section jeunesse. Elle a re\u00e7u la m\u00e9daille d&rsquo;or pour 35 ans de bons et loyaux services. Absent mercredi, Rudolph Mathieu et Fr\u00e9d\u00e9ric Toussaint ont quant \u00e0 eux \u00e9t\u00e9 d\u00e9cor\u00e9s de la m\u00e9daille d&rsquo;argent pour 20 ans de service. Le premier \u00e9volue au service voirie comme adjoint technique, le second en tant qu&rsquo;agent de ma\u00eetrise au service eaux\/assainissement.<\/p>\n<p>Du c\u00f4t\u00e9 des retrait\u00e9s, c&rsquo;\u00e9tait la quille pour 8 agents cette ann\u00e9e, le dernier en date \u00e9tant Eric Badonnel, retrait\u00e9 depuis le 1er janvier et qui \u00e9voluait en tant que technicien au service b\u00e2timent. Sont \u00e9galement partis pour des vacances d\u00e9finitives : Fernando Marques (parcs et jardins), Brigitte Mougel (Maison de la Famille), R\u00e9mi Viry (service b\u00e2timent), Zoje Hykaj Malaj (auxiliaire aux \u00e9coles), Yves Poirot (service voirie et patrouilleur du service viabilit\u00e9 hivernale), Gis\u00e8le Valdenaire (service finances toute sa carri\u00e8re), et enfin Jean-Yves Badonnel (ouvrier d&rsquo;entretien de la voirie, sp\u00e9cialiste des illuminations de No\u00ebl).<\/p>\n","protected":false},"excerpt":{"rendered":"<p>La c\u00e9r\u00e9monie des v\u0153ux aux agents municipaux est toujours l&rsquo;occasion d&rsquo;honorer les jeunes retrait\u00e9s ainsi que les m\u00e9daill\u00e9s de l&rsquo;ann\u00e9e. [&hellip;]<\/p>\n","protected":false},"author":42,"featured_media":38957,"comment_status":"open","ping_status":"open","sticky":false,"template":"","format":"standard","meta":{"footnotes":""},"categories":[20,25],"tags":[3958,1039,1759],"class_list":["post-38956","post","type-post","status-publish","format-standard","has-post-thumbnail","hentry","category-a-la-une","category-gerardmer","tag-agents-municipaux","tag-gerardmer","tag-mairie"],"acf":[],"yoast_head":"<!-- This site is optimized with the Yoast SEO plugin v22.5 - https:\/\/yoast.com\/wordpress\/plugins\/seo\/ -->\n<title>Services Municipaux : les m\u00e9daill\u00e9s et retrait\u00e9s de l&#039;ann\u00e9e - Gerardmer Info<\/title>\n<meta name=\"robots\" content=\"index, follow, max-snippet:-1, max-image-preview:large, max-video-preview:-1\" \/>\n<link rel=\"canonical\" href=\"https:\/\/vosgesinfo.fr\/gerardmerinfo\/2019\/01\/services-municipaux-medailles-retraites-de-lannee\/\" \/>\n<meta name=\"twitter:card\" content=\"summary_large_image\" \/>\n<meta name=\"twitter:title\" content=\"Services Municipaux : les m\u00e9daill\u00e9s et retrait\u00e9s de l&#039;ann\u00e9e - Gerardmer Info\" \/>\n<meta name=\"twitter:description\" content=\"La c\u00e9r\u00e9monie des v\u0153ux aux agents municipaux est toujours l&rsquo;occasion d&rsquo;honorer les jeunes retrait\u00e9s ainsi que les m\u00e9daill\u00e9s de l&rsquo;ann\u00e9e. [&hellip;]\" \/>\n<meta name=\"twitter:image\" content=\"https:\/\/vosgesinfo.fr\/app\/uploads\/sites\/6\/2024\/07\/201901voeux-personnel-communal-2019-2.jpg\" \/>\n<meta name=\"twitter:creator\" content=\"@VosgesInfo88\" \/>\n<meta name=\"twitter:site\" content=\"@VosgesInfo88\" \/>\n<meta name=\"twitter:label1\" content=\"\u00c9crit par\" \/>\n\t<meta name=\"twitter:data1\" content=\"QG\" \/>\n\t<meta name=\"twitter:label2\" content=\"Dur\u00e9e de lecture estim\u00e9e\" \/>\n\t<meta name=\"twitter:data2\" content=\"1 minute\" \/>\n<script type=\"application\/ld+json\" class=\"yoast-schema-graph\">{\"@context\":\"https:\/\/schema.org\",\"@graph\":[{\"@type\":\"Article\",\"@id\":\"https:\/\/vosgesinfo.fr\/gerardmerinfo\/2019\/01\/services-municipaux-medailles-retraites-de-lannee\/#article\",\"isPartOf\":{\"@id\":\"https:\/\/vosgesinfo.fr\/gerardmerinfo\/2019\/01\/services-municipaux-medailles-retraites-de-lannee\/\"},\"author\":{\"name\":\"QG\",\"@id\":\"https:\/\/vosgesinfo.fr\/gerardmerinfo\/#\/schema\/person\/db5605779a843dad16b5368f3e7613a5\"},\"headline\":\"Services Municipaux : les m\u00e9daill\u00e9s et retrait\u00e9s de l&rsquo;ann\u00e9e\",\"datePublished\":\"2019-01-10T15:58:32+00:00\",\"dateModified\":\"2019-01-10T15:58:32+00:00\",\"mainEntityOfPage\":{\"@id\":\"https:\/\/vosgesinfo.fr\/gerardmerinfo\/2019\/01\/services-municipaux-medailles-retraites-de-lannee\/\"},\"wordCount\":252,\"commentCount\":0,\"publisher\":{\"@id\":\"https:\/\/vosgesinfo.fr\/gerardmerinfo\/#organization\"},\"image\":{\"@id\":\"https:\/\/vosgesinfo.fr\/gerardmerinfo\/2019\/01\/services-municipaux-medailles-retraites-de-lannee\/#primaryimage\"},\"thumbnailUrl\":\"https:\/\/vosgesinfo.fr\/app\/uploads\/sites\/6\/2024\/07\/201901voeux-personnel-communal-2019-2.jpg\",\"keywords\":[\"agents municipaux\",\"G\u00e9rardmer\",\"mairie\"],\"articleSection\":[\"A la une\",\"G\u00e9rardmer\"],\"inLanguage\":\"fr-FR\",\"potentialAction\":[{\"@type\":\"CommentAction\",\"name\":\"Comment\",\"target\":[\"https:\/\/vosgesinfo.fr\/gerardmerinfo\/2019\/01\/services-municipaux-medailles-retraites-de-lannee\/#respond\"]}]},{\"@type\":\"WebPage\",\"@id\":\"https:\/\/vosgesinfo.fr\/gerardmerinfo\/2019\/01\/services-municipaux-medailles-retraites-de-lannee\/\",\"url\":\"https:\/\/vosgesinfo.fr\/gerardmerinfo\/2019\/01\/services-municipaux-medailles-retraites-de-lannee\/\",\"name\":\"Services Municipaux : les m\u00e9daill\u00e9s et retrait\u00e9s de l'ann\u00e9e - Gerardmer Info\",\"isPartOf\":{\"@id\":\"https:\/\/vosgesinfo.fr\/gerardmerinfo\/#website\"},\"primaryImageOfPage\":{\"@id\":\"https:\/\/vosgesinfo.fr\/gerardmerinfo\/2019\/01\/services-municipaux-medailles-retraites-de-lannee\/#primaryimage\"},\"image\":{\"@id\":\"https:\/\/vosgesinfo.fr\/gerardmerinfo\/2019\/01\/services-municipaux-medailles-retraites-de-lannee\/#primaryimage\"},\"thumbnailUrl\":\"https:\/\/vosgesinfo.fr\/app\/uploads\/sites\/6\/2024\/07\/201901voeux-personnel-communal-2019-2.jpg\",\"datePublished\":\"2019-01-10T15:58:32+00:00\",\"dateModified\":\"2019-01-10T15:58:32+00:00\",\"breadcrumb\":{\"@id\":\"https:\/\/vosgesinfo.fr\/gerardmerinfo\/2019\/01\/services-municipaux-medailles-retraites-de-lannee\/#breadcrumb\"},\"inLanguage\":\"fr-FR\",\"potentialAction\":[{\"@type\":\"ReadAction\",\"target\":[\"https:\/\/vosgesinfo.fr\/gerardmerinfo\/2019\/01\/services-municipaux-medailles-retraites-de-lannee\/\"]}]},{\"@type\":\"ImageObject\",\"inLanguage\":\"fr-FR\",\"@id\":\"https:\/\/vosgesinfo.fr\/gerardmerinfo\/2019\/01\/services-municipaux-medailles-retraites-de-lannee\/#primaryimage\",\"url\":\"https:\/\/vosgesinfo.fr\/app\/uploads\/sites\/6\/2024\/07\/201901voeux-personnel-communal-2019-2.jpg\",\"contentUrl\":\"https:\/\/vosgesinfo.fr\/app\/uploads\/sites\/6\/2024\/07\/201901voeux-personnel-communal-2019-2.jpg\",\"width\":800,\"height\":600},{\"@type\":\"BreadcrumbList\",\"@id\":\"https:\/\/vosgesinfo.fr\/gerardmerinfo\/2019\/01\/services-municipaux-medailles-retraites-de-lannee\/#breadcrumb\",\"itemListElement\":[{\"@type\":\"ListItem\",\"position\":1,\"name\":\"Home\",\"item\":\"https:\/\/vosgesinfo.fr\/gerardmerinfo\/\"},{\"@type\":\"ListItem\",\"position\":2,\"name\":\"Services Municipaux : les m\u00e9daill\u00e9s et retrait\u00e9s de l&rsquo;ann\u00e9e\"}]},{\"@type\":\"WebSite\",\"@id\":\"https:\/\/vosgesinfo.fr\/gerardmerinfo\/#website\",\"url\":\"https:\/\/vosgesinfo.fr\/gerardmerinfo\/\",\"name\":\"Gerardmer Info\",\"description\":\"Toute l&#039;actualit\u00e9 de G\u00e9rardmer\",\"publisher\":{\"@id\":\"https:\/\/vosgesinfo.fr\/gerardmerinfo\/#organization\"},\"alternateName\":\"Toute l'actualit\u00e9 de G\u00e9rardmer\",\"potentialAction\":[{\"@type\":\"SearchAction\",\"target\":{\"@type\":\"EntryPoint\",\"urlTemplate\":\"https:\/\/vosgesinfo.fr\/gerardmerinfo\/?s={search_term_string}\"},\"query-input\":\"required name=search_term_string\"}],\"inLanguage\":\"fr-FR\"},{\"@type\":\"Organization\",\"@id\":\"https:\/\/vosgesinfo.fr\/gerardmerinfo\/#organization\",\"name\":\"Gerardmer Info\",\"url\":\"https:\/\/vosgesinfo.fr\/gerardmerinfo\/\",\"logo\":{\"@type\":\"ImageObject\",\"inLanguage\":\"fr-FR\",\"@id\":\"https:\/\/vosgesinfo.fr\/gerardmerinfo\/#\/schema\/logo\/image\/\",\"url\":\"https:\/\/vosgesinfo.fr\/app\/uploads\/sites\/6\/2023\/08\/favicon-gerardmerinfo.png\",\"contentUrl\":\"https:\/\/vosgesinfo.fr\/app\/uploads\/sites\/6\/2023\/08\/favicon-gerardmerinfo.png\",\"width\":512,\"height\":512,\"caption\":\"Gerardmer Info\"},\"image\":{\"@id\":\"https:\/\/vosgesinfo.fr\/gerardmerinfo\/#\/schema\/logo\/image\/\"},\"sameAs\":[\"https:\/\/www.facebook.com\/profile.php?id=100049475262660\",\"https:\/\/x.com\/VosgesInfo88\",\"https:\/\/www.youtube.com\/@vosgesinfo\"]},{\"@type\":\"Person\",\"@id\":\"https:\/\/vosgesinfo.fr\/gerardmerinfo\/#\/schema\/person\/db5605779a843dad16b5368f3e7613a5\",\"name\":\"QG\",\"image\":{\"@type\":\"ImageObject\",\"inLanguage\":\"fr-FR\",\"@id\":\"https:\/\/vosgesinfo.fr\/gerardmerinfo\/#\/schema\/person\/image\/\",\"url\":\"https:\/\/secure.gravatar.com\/avatar\/ea80c42c204b534408512832fde52504ecabb9706bcb6151cf6175e5b64e6793?s=96&d=mm&r=g\",\"contentUrl\":\"https:\/\/secure.gravatar.com\/avatar\/ea80c42c204b534408512832fde52504ecabb9706bcb6151cf6175e5b64e6793?s=96&d=mm&r=g\",\"caption\":\"QG\"},\"url\":\"https:\/\/vosgesinfo.fr\/gerardmerinfo\/author\/quentin88\/\"}]}<\/script>\n<!-- \/ Yoast SEO plugin. -->","yoast_head_json":{"title":"Services Municipaux : les m\u00e9daill\u00e9s et retrait\u00e9s de l'ann\u00e9e - Gerardmer Info","robots":{"index":"index","follow":"follow","max-snippet":"max-snippet:-1","max-image-preview":"max-image-preview:large","max-video-preview":"max-video-preview:-1"},"canonical":"https:\/\/vosgesinfo.fr\/gerardmerinfo\/2019\/01\/services-municipaux-medailles-retraites-de-lannee\/","twitter_card":"summary_large_image","twitter_title":"Services Municipaux : les m\u00e9daill\u00e9s et retrait\u00e9s de l'ann\u00e9e - Gerardmer Info","twitter_description":"La c\u00e9r\u00e9monie des v\u0153ux aux agents municipaux est toujours l&rsquo;occasion d&rsquo;honorer les jeunes retrait\u00e9s ainsi que les m\u00e9daill\u00e9s de l&rsquo;ann\u00e9e. [&hellip;]","twitter_image":"https:\/\/vosgesinfo.fr\/app\/uploads\/sites\/6\/2024\/07\/201901voeux-personnel-communal-2019-2.jpg","twitter_creator":"@VosgesInfo88","twitter_site":"@VosgesInfo88","twitter_misc":{"\u00c9crit par":"QG","Dur\u00e9e de lecture estim\u00e9e":"1 minute"},"schema":{"@context":"https:\/\/schema.org","@graph":[{"@type":"Article","@id":"https:\/\/vosgesinfo.fr\/gerardmerinfo\/2019\/01\/services-municipaux-medailles-retraites-de-lannee\/#article","isPartOf":{"@id":"https:\/\/vosgesinfo.fr\/gerardmerinfo\/2019\/01\/services-municipaux-medailles-retraites-de-lannee\/"},"author":{"name":"QG","@id":"https:\/\/vosgesinfo.fr\/gerardmerinfo\/#\/schema\/person\/db5605779a843dad16b5368f3e7613a5"},"headline":"Services Municipaux : les m\u00e9daill\u00e9s et retrait\u00e9s de l&rsquo;ann\u00e9e","datePublished":"2019-01-10T15:58:32+00:00","dateModified":"2019-01-10T15:58:32+00:00","mainEntityOfPage":{"@id":"https:\/\/vosgesinfo.fr\/gerardmerinfo\/2019\/01\/services-municipaux-medailles-retraites-de-lannee\/"},"wordCount":252,"commentCount":0,"publisher":{"@id":"https:\/\/vosgesinfo.fr\/gerardmerinfo\/#organization"},"image":{"@id":"https:\/\/vosgesinfo.fr\/gerardmerinfo\/2019\/01\/services-municipaux-medailles-retraites-de-lannee\/#primaryimage"},"thumbnailUrl":"https:\/\/vosgesinfo.fr\/app\/uploads\/sites\/6\/2024\/07\/201901voeux-personnel-communal-2019-2.jpg","keywords":["agents municipaux","G\u00e9rardmer","mairie"],"articleSection":["A la une","G\u00e9rardmer"],"inLanguage":"fr-FR","potentialAction":[{"@type":"CommentAction","name":"Comment","target":["https:\/\/vosgesinfo.fr\/gerardmerinfo\/2019\/01\/services-municipaux-medailles-retraites-de-lannee\/#respond"]}]},{"@type":"WebPage","@id":"https:\/\/vosgesinfo.fr\/gerardmerinfo\/2019\/01\/services-municipaux-medailles-retraites-de-lannee\/","url":"https:\/\/vosgesinfo.fr\/gerardmerinfo\/2019\/01\/services-municipaux-medailles-retraites-de-lannee\/","name":"Services Municipaux : les m\u00e9daill\u00e9s et retrait\u00e9s de l'ann\u00e9e - Gerardmer Info","isPartOf":{"@id":"https:\/\/vosgesinfo.fr\/gerardmerinfo\/#website"},"primaryImageOfPage":{"@id":"https:\/\/vosgesinfo.fr\/gerardmerinfo\/2019\/01\/services-municipaux-medailles-retraites-de-lannee\/#primaryimage"},"image":{"@id":"https:\/\/vosgesinfo.fr\/gerardmerinfo\/2019\/01\/services-municipaux-medailles-retraites-de-lannee\/#primaryimage"},"thumbnailUrl":"https:\/\/vosgesinfo.fr\/app\/uploads\/sites\/6\/2024\/07\/201901voeux-personnel-communal-2019-2.jpg","datePublished":"2019-01-10T15:58:32+00:00","dateModified":"2019-01-10T15:58:32+00:00","breadcrumb":{"@id":"https:\/\/vosgesinfo.fr\/gerardmerinfo\/2019\/01\/services-municipaux-medailles-retraites-de-lannee\/#breadcrumb"},"inLanguage":"fr-FR","potentialAction":[{"@type":"ReadAction","target":["https:\/\/vosgesinfo.fr\/gerardmerinfo\/2019\/01\/services-municipaux-medailles-retraites-de-lannee\/"]}]},{"@type":"ImageObject","inLanguage":"fr-FR","@id":"https:\/\/vosgesinfo.fr\/gerardmerinfo\/2019\/01\/services-municipaux-medailles-retraites-de-lannee\/#primaryimage","url":"https:\/\/vosgesinfo.fr\/app\/uploads\/sites\/6\/2024\/07\/201901voeux-personnel-communal-2019-2.jpg","contentUrl":"https:\/\/vosgesinfo.fr\/app\/uploads\/sites\/6\/2024\/07\/201901voeux-personnel-communal-2019-2.jpg","width":800,"height":600},{"@type":"BreadcrumbList","@id":"https:\/\/vosgesinfo.fr\/gerardmerinfo\/2019\/01\/services-municipaux-medailles-retraites-de-lannee\/#breadcrumb","itemListElement":[{"@type":"ListItem","position":1,"name":"Home","item":"https:\/\/vosgesinfo.fr\/gerardmerinfo\/"},{"@type":"ListItem","position":2,"name":"Services Municipaux : les m\u00e9daill\u00e9s et retrait\u00e9s de l&rsquo;ann\u00e9e"}]},{"@type":"WebSite","@id":"https:\/\/vosgesinfo.fr\/gerardmerinfo\/#website","url":"https:\/\/vosgesinfo.fr\/gerardmerinfo\/","name":"Gerardmer Info","description":"Toute l&#039;actualit\u00e9 de G\u00e9rardmer","publisher":{"@id":"https:\/\/vosgesinfo.fr\/gerardmerinfo\/#organization"},"alternateName":"Toute l'actualit\u00e9 de G\u00e9rardmer","potentialAction":[{"@type":"SearchAction","target":{"@type":"EntryPoint","urlTemplate":"https:\/\/vosgesinfo.fr\/gerardmerinfo\/?s={search_term_string}"},"query-input":"required name=search_term_string"}],"inLanguage":"fr-FR"},{"@type":"Organization","@id":"https:\/\/vosgesinfo.fr\/gerardmerinfo\/#organization","name":"Gerardmer Info","url":"https:\/\/vosgesinfo.fr\/gerardmerinfo\/","logo":{"@type":"ImageObject","inLanguage":"fr-FR","@id":"https:\/\/vosgesinfo.fr\/gerardmerinfo\/#\/schema\/logo\/image\/","url":"https:\/\/vosgesinfo.fr\/app\/uploads\/sites\/6\/2023\/08\/favicon-gerardmerinfo.png","contentUrl":"https:\/\/vosgesinfo.fr\/app\/uploads\/sites\/6\/2023\/08\/favicon-gerardmerinfo.png","width":512,"height":512,"caption":"Gerardmer Info"},"image":{"@id":"https:\/\/vosgesinfo.fr\/gerardmerinfo\/#\/schema\/logo\/image\/"},"sameAs":["https:\/\/www.facebook.com\/profile.php?id=100049475262660","https:\/\/x.com\/VosgesInfo88","https:\/\/www.youtube.com\/@vosgesinfo"]},{"@type":"Person","@id":"https:\/\/vosgesinfo.fr\/gerardmerinfo\/#\/schema\/person\/db5605779a843dad16b5368f3e7613a5","name":"QG","image":{"@type":"ImageObject","inLanguage":"fr-FR","@id":"https:\/\/vosgesinfo.fr\/gerardmerinfo\/#\/schema\/person\/image\/","url":"https:\/\/secure.gravatar.com\/avatar\/ea80c42c204b534408512832fde52504ecabb9706bcb6151cf6175e5b64e6793?s=96&d=mm&r=g","contentUrl":"https:\/\/secure.gravatar.com\/avatar\/ea80c42c204b534408512832fde52504ecabb9706bcb6151cf6175e5b64e6793?s=96&d=mm&r=g","caption":"QG"},"url":"https:\/\/vosgesinfo.fr\/gerardmerinfo\/author\/quentin88\/"}]}},"_links":{"self":[{"href":"https:\/\/vosgesinfo.fr\/gerardmerinfo\/wp-json\/wp\/v2\/posts\/38956","targetHints":{"allow":["GET"]}}],"collection":[{"href":"https:\/\/vosgesinfo.fr\/gerardmerinfo\/wp-json\/wp\/v2\/posts"}],"about":[{"href":"https:\/\/vosgesinfo.fr\/gerardmerinfo\/wp-json\/wp\/v2\/types\/post"}],"author":[{"embeddable":true,"href":"https:\/\/vosgesinfo.fr\/gerardmerinfo\/wp-json\/wp\/v2\/users\/42"}],"replies":[{"embeddable":true,"href":"https:\/\/vosgesinfo.fr\/gerardmerinfo\/wp-json\/wp\/v2\/comments?post=38956"}],"version-history":[{"count":0,"href":"https:\/\/vosgesinfo.fr\/gerardmerinfo\/wp-json\/wp\/v2\/posts\/38956\/revisions"}],"wp:featuredmedia":[{"embeddable":true,"href":"https:\/\/vosgesinfo.fr\/gerardmerinfo\/wp-json\/wp\/v2\/media\/38957"}],"wp:attachment":[{"href":"https:\/\/vosgesinfo.fr\/gerardmerinfo\/wp-json\/wp\/v2\/media?parent=38956"}],"wp:term":[{"taxonomy":"category","embeddable":true,"href":"https:\/\/vosgesinfo.fr\/gerardmerinfo\/wp-json\/wp\/v2\/categories?post=38956"},{"taxonomy":"post_tag","embeddable":true,"href":"https:\/\/vosgesinfo.fr\/gerardmerinfo\/wp-json\/wp\/v2\/tags?post=38956"}],"curies":[{"name":"wp","href":"https:\/\/api.w.org\/{rel}","templated":true}]}}