{"id":38961,"date":"2019-01-11T16:45:31","date_gmt":"2019-01-11T15:45:31","guid":{"rendered":"https:\/\/vosgesinfo.fr\/gerardmerinfo\/2019\/01\/aoeisv-telemark-a-lhonneur-manche-de-cpe-de-france-mars-2019\/"},"modified":"2019-01-11T16:45:31","modified_gmt":"2019-01-11T15:45:31","slug":"aoeisv-telemark-a-lhonneur-manche-de-cpe-de-france-mars-2019","status":"publish","type":"post","link":"https:\/\/vosgesinfo.fr\/gerardmerinfo\/2019\/01\/aoeisv-telemark-a-lhonneur-manche-de-cpe-de-france-mars-2019\/","title":{"rendered":"AOEISV : le t\u00e9l\u00e9mark \u00e0 l&rsquo;honneur avec une manche de Cpe de France en Mars 2019"},"content":{"rendered":"<h3>Il a notamment \u00e9t\u00e9 question de T\u00e9l\u00e9mark mercredi soir du c\u00f4t\u00e9 de la Maison de la Montagne o\u00f9 se sont r\u00e9unies les forces vives de l&rsquo;AOEISV dans le cadre des assises annuelles de cette structure cr\u00e9\u00e9e il y a plus de trente ans d\u00e9sormais.<\/h3>\n<div id=\"attachment_140207\" style=\"width: 350px\" class=\"wp-caption alignright\"><a href=\"\/2019\/01\/AOEISV-Pierre-sachot-Hubert.jpg\"><img decoding=\"async\" aria-describedby=\"caption-attachment-140207\" class=\"size-medium wp-image-140207\" src=\"\/2019\/01\/AOEISV-Pierre-sachot-Hubert-340x255.jpg\" alt=\"Hubert Gourguillon &amp; Pierre Sachot\" width=\"340\" height=\"255\" \/><\/a><p id=\"caption-attachment-140207\" class=\"wp-caption-text\"><span style=\"color: #000080;\">Hubert Gourguillon &amp; Pierre Sachot<\/span><\/p><\/div>\n<p>Et le pr\u00e9sident Pierre Sachot de faire un bref rappel de la saison 2017-2018 malheureusement marqu\u00e9e par l&rsquo;annulation des \u00e9preuves FIS dames qui devaient avoir lieu du 28 janvier au 2 f\u00e9vrier 2018 \u00e0 la Mauselaine. Le manque cruel de neige en aura d\u00e9cid\u00e9 autrement, heureusement, le Comit\u00e9 d\u00e9partemental a maintenu sa subvention concernant cette manifestation, ce qui aura permis d&rsquo;amortir les frais engag\u00e9s. \u00ab\u00a0Cela n&rsquo;a pas \u00e9t\u00e9 le cas de la Ville de G\u00e9rardmer et nous le regrettons, m\u00eame si nous sommes conscients et reconnaissants de l&rsquo;aide technique qu&rsquo;elle nous apporte lors de ces courses&#8230;\u00a0\u00bb pr\u00e9ciseront Hubert Gourguillon et Pierre Sachot.<\/p>\n<p><a href=\"\/2019\/01\/telemark-coupe-de-france-G\u00e9rardmer.jpg\"><img decoding=\"async\" class=\"alignleft size-medium wp-image-140203\" src=\"\/2019\/01\/telemark-coupe-de-france-G\u00e9rardmer-193x255.jpg\" alt=\"telemark coupe de france G\u00e9rardmer\" width=\"193\" height=\"255\" \/><\/a>Une page vite tourn\u00e9e pour \u00e9voquer le gros morceau de la nouvelle saison en cours avec l&rsquo;organisation d&rsquo;une manche du T\u00e9l\u00e9mark Tour \u00e0 la Mauselaine les 8, 9 et 10 Mars prochain. \u00ab\u00a0Ce sera tr\u00e8s spectaculaire, entre 8 et 10 nations seront repr\u00e9sent\u00e9es et une journ\u00e9e d\u00e9couverte du t\u00e9l\u00e9mark va \u00eatre mise en place le vendredi pour les scolaires ainsi que les d\u00e9butants en ski alpin qui veulent essayer. Nous allons \u00e9galement mettre en place un parall\u00e8le, le vendredi soir sur le bas du T\u00e9tras\u00a0\u00bb ajoute Hubert Gourguillon, pr\u00e9sident de l&rsquo;ASG ski alpin. L&rsquo;id\u00e9e est donc de promouvoir cette discipline dans le massif des Vosges en se servant de cet \u00e9v\u00e9nement comme tremplin.<\/p>\n<p>\u00ab\u00a0Les deux jours suivants, il y aura une course FIS et une course de Coupe de France. La comp\u00e9tition est ouverte aux cat\u00e9gories 8 ans jusqu&rsquo;aux masters. il y aura donc beaucoup de manches et de prix \u00e0 distribuer sur l&rsquo;ensemble du week-end\u00a0\u00bb commente Olivier Duvic, responsable t\u00e9l\u00e9mark au sein de l&rsquo;ASG ski alpin et l&rsquo;un des principaux artisans de cet \u00e9v\u00e9nement en Perle des Vosges. \u00ab\u00a0On nous a aussi demand\u00e9s d&rsquo;organiser une course FIS dames en f\u00e9vrier, il devrait y avoir au moins un g\u00e9ant, on est en train d&rsquo;\u00e9tudier \u00e7a. Mais l&rsquo;objectif est surtout de bien pr\u00e9parer notre candidature pour organiser les Championnats de France en 2021\u00a0\u00bb conclura Pierre Sachot. Et sans vendre la peau de l&rsquo;ours avant de l&rsquo;avoir tu\u00e9, il se murmure que l&rsquo;affaire est plut\u00f4t bien engag\u00e9e&#8230;<\/p>\n","protected":false},"excerpt":{"rendered":"<p>Il a notamment \u00e9t\u00e9 question de T\u00e9l\u00e9mark mercredi soir du c\u00f4t\u00e9 de la Maison de la Montagne o\u00f9 se sont [&hellip;]<\/p>\n","protected":false},"author":42,"featured_media":38962,"comment_status":"open","ping_status":"open","sticky":false,"template":"","format":"standard","meta":{"footnotes":""},"categories":[20,25,14,18],"tags":[2797,226,3959],"class_list":["post-38961","post","type-post","status-publish","format-standard","has-post-thumbnail","hentry","category-a-la-une","category-gerardmer","category-sport","category-vosges","tag-aoeisv","tag-mauselaine","tag-telemark"],"acf":[],"yoast_head":"<!-- This site is optimized with the Yoast SEO plugin v22.5 - https:\/\/yoast.com\/wordpress\/plugins\/seo\/ -->\n<title>AOEISV : le t\u00e9l\u00e9mark \u00e0 l&#039;honneur avec une manche de Cpe de France en Mars 2019 - Gerardmer Info<\/title>\n<meta name=\"robots\" content=\"index, follow, max-snippet:-1, max-image-preview:large, max-video-preview:-1\" \/>\n<link rel=\"canonical\" href=\"https:\/\/vosgesinfo.fr\/gerardmerinfo\/2019\/01\/aoeisv-telemark-a-lhonneur-manche-de-cpe-de-france-mars-2019\/\" \/>\n<meta name=\"twitter:card\" content=\"summary_large_image\" \/>\n<meta name=\"twitter:title\" content=\"AOEISV : le t\u00e9l\u00e9mark \u00e0 l&#039;honneur avec une manche de Cpe de France en Mars 2019 - Gerardmer Info\" \/>\n<meta name=\"twitter:description\" content=\"Il a notamment \u00e9t\u00e9 question de T\u00e9l\u00e9mark mercredi soir du c\u00f4t\u00e9 de la Maison de la Montagne o\u00f9 se sont [&hellip;]\" \/>\n<meta name=\"twitter:image\" content=\"https:\/\/vosgesinfo.fr\/app\/uploads\/sites\/6\/2024\/07\/201803telelmark-1.jpg\" \/>\n<meta name=\"twitter:creator\" content=\"@VosgesInfo88\" \/>\n<meta name=\"twitter:site\" content=\"@VosgesInfo88\" \/>\n<meta name=\"twitter:label1\" content=\"\u00c9crit par\" \/>\n\t<meta name=\"twitter:data1\" content=\"QG\" \/>\n\t<meta name=\"twitter:label2\" content=\"Dur\u00e9e de lecture estim\u00e9e\" \/>\n\t<meta name=\"twitter:data2\" content=\"2 minutes\" \/>\n<script type=\"application\/ld+json\" class=\"yoast-schema-graph\">{\"@context\":\"https:\/\/schema.org\",\"@graph\":[{\"@type\":\"Article\",\"@id\":\"https:\/\/vosgesinfo.fr\/gerardmerinfo\/2019\/01\/aoeisv-telemark-a-lhonneur-manche-de-cpe-de-france-mars-2019\/#article\",\"isPartOf\":{\"@id\":\"https:\/\/vosgesinfo.fr\/gerardmerinfo\/2019\/01\/aoeisv-telemark-a-lhonneur-manche-de-cpe-de-france-mars-2019\/\"},\"author\":{\"name\":\"QG\",\"@id\":\"https:\/\/vosgesinfo.fr\/gerardmerinfo\/#\/schema\/person\/db5605779a843dad16b5368f3e7613a5\"},\"headline\":\"AOEISV : le t\u00e9l\u00e9mark \u00e0 l&rsquo;honneur avec une manche de Cpe de France en Mars 2019\",\"datePublished\":\"2019-01-11T15:45:31+00:00\",\"dateModified\":\"2019-01-11T15:45:31+00:00\",\"mainEntityOfPage\":{\"@id\":\"https:\/\/vosgesinfo.fr\/gerardmerinfo\/2019\/01\/aoeisv-telemark-a-lhonneur-manche-de-cpe-de-france-mars-2019\/\"},\"wordCount\":468,\"commentCount\":0,\"publisher\":{\"@id\":\"https:\/\/vosgesinfo.fr\/gerardmerinfo\/#organization\"},\"image\":{\"@id\":\"https:\/\/vosgesinfo.fr\/gerardmerinfo\/2019\/01\/aoeisv-telemark-a-lhonneur-manche-de-cpe-de-france-mars-2019\/#primaryimage\"},\"thumbnailUrl\":\"https:\/\/vosgesinfo.fr\/app\/uploads\/sites\/6\/2024\/07\/201803telelmark-1.jpg\",\"keywords\":[\"AOEISV\",\"Mauselaine\",\"Telemark\"],\"articleSection\":[\"A la une\",\"G\u00e9rardmer\",\"Sport\",\"Vosges\"],\"inLanguage\":\"fr-FR\",\"potentialAction\":[{\"@type\":\"CommentAction\",\"name\":\"Comment\",\"target\":[\"https:\/\/vosgesinfo.fr\/gerardmerinfo\/2019\/01\/aoeisv-telemark-a-lhonneur-manche-de-cpe-de-france-mars-2019\/#respond\"]}]},{\"@type\":\"WebPage\",\"@id\":\"https:\/\/vosgesinfo.fr\/gerardmerinfo\/2019\/01\/aoeisv-telemark-a-lhonneur-manche-de-cpe-de-france-mars-2019\/\",\"url\":\"https:\/\/vosgesinfo.fr\/gerardmerinfo\/2019\/01\/aoeisv-telemark-a-lhonneur-manche-de-cpe-de-france-mars-2019\/\",\"name\":\"AOEISV : le t\u00e9l\u00e9mark \u00e0 l'honneur avec une manche de Cpe de France en Mars 2019 - Gerardmer Info\",\"isPartOf\":{\"@id\":\"https:\/\/vosgesinfo.fr\/gerardmerinfo\/#website\"},\"primaryImageOfPage\":{\"@id\":\"https:\/\/vosgesinfo.fr\/gerardmerinfo\/2019\/01\/aoeisv-telemark-a-lhonneur-manche-de-cpe-de-france-mars-2019\/#primaryimage\"},\"image\":{\"@id\":\"https:\/\/vosgesinfo.fr\/gerardmerinfo\/2019\/01\/aoeisv-telemark-a-lhonneur-manche-de-cpe-de-france-mars-2019\/#primaryimage\"},\"thumbnailUrl\":\"https:\/\/vosgesinfo.fr\/app\/uploads\/sites\/6\/2024\/07\/201803telelmark-1.jpg\",\"datePublished\":\"2019-01-11T15:45:31+00:00\",\"dateModified\":\"2019-01-11T15:45:31+00:00\",\"breadcrumb\":{\"@id\":\"https:\/\/vosgesinfo.fr\/gerardmerinfo\/2019\/01\/aoeisv-telemark-a-lhonneur-manche-de-cpe-de-france-mars-2019\/#breadcrumb\"},\"inLanguage\":\"fr-FR\",\"potentialAction\":[{\"@type\":\"ReadAction\",\"target\":[\"https:\/\/vosgesinfo.fr\/gerardmerinfo\/2019\/01\/aoeisv-telemark-a-lhonneur-manche-de-cpe-de-france-mars-2019\/\"]}]},{\"@type\":\"ImageObject\",\"inLanguage\":\"fr-FR\",\"@id\":\"https:\/\/vosgesinfo.fr\/gerardmerinfo\/2019\/01\/aoeisv-telemark-a-lhonneur-manche-de-cpe-de-france-mars-2019\/#primaryimage\",\"url\":\"https:\/\/vosgesinfo.fr\/app\/uploads\/sites\/6\/2024\/07\/201803telelmark-1.jpg\",\"contentUrl\":\"https:\/\/vosgesinfo.fr\/app\/uploads\/sites\/6\/2024\/07\/201803telelmark-1.jpg\",\"width\":800,\"height\":500},{\"@type\":\"BreadcrumbList\",\"@id\":\"https:\/\/vosgesinfo.fr\/gerardmerinfo\/2019\/01\/aoeisv-telemark-a-lhonneur-manche-de-cpe-de-france-mars-2019\/#breadcrumb\",\"itemListElement\":[{\"@type\":\"ListItem\",\"position\":1,\"name\":\"Home\",\"item\":\"https:\/\/vosgesinfo.fr\/gerardmerinfo\/\"},{\"@type\":\"ListItem\",\"position\":2,\"name\":\"AOEISV : le t\u00e9l\u00e9mark \u00e0 l&rsquo;honneur avec une manche de Cpe de France en Mars 2019\"}]},{\"@type\":\"WebSite\",\"@id\":\"https:\/\/vosgesinfo.fr\/gerardmerinfo\/#website\",\"url\":\"https:\/\/vosgesinfo.fr\/gerardmerinfo\/\",\"name\":\"Gerardmer Info\",\"description\":\"Toute l&#039;actualit\u00e9 de G\u00e9rardmer\",\"publisher\":{\"@id\":\"https:\/\/vosgesinfo.fr\/gerardmerinfo\/#organization\"},\"alternateName\":\"Toute l'actualit\u00e9 de G\u00e9rardmer\",\"potentialAction\":[{\"@type\":\"SearchAction\",\"target\":{\"@type\":\"EntryPoint\",\"urlTemplate\":\"https:\/\/vosgesinfo.fr\/gerardmerinfo\/?s={search_term_string}\"},\"query-input\":\"required name=search_term_string\"}],\"inLanguage\":\"fr-FR\"},{\"@type\":\"Organization\",\"@id\":\"https:\/\/vosgesinfo.fr\/gerardmerinfo\/#organization\",\"name\":\"Gerardmer Info\",\"url\":\"https:\/\/vosgesinfo.fr\/gerardmerinfo\/\",\"logo\":{\"@type\":\"ImageObject\",\"inLanguage\":\"fr-FR\",\"@id\":\"https:\/\/vosgesinfo.fr\/gerardmerinfo\/#\/schema\/logo\/image\/\",\"url\":\"https:\/\/vosgesinfo.fr\/app\/uploads\/sites\/6\/2023\/08\/favicon-gerardmerinfo.png\",\"contentUrl\":\"https:\/\/vosgesinfo.fr\/app\/uploads\/sites\/6\/2023\/08\/favicon-gerardmerinfo.png\",\"width\":512,\"height\":512,\"caption\":\"Gerardmer Info\"},\"image\":{\"@id\":\"https:\/\/vosgesinfo.fr\/gerardmerinfo\/#\/schema\/logo\/image\/\"},\"sameAs\":[\"https:\/\/www.facebook.com\/profile.php?id=100049475262660\",\"https:\/\/x.com\/VosgesInfo88\",\"https:\/\/www.youtube.com\/@vosgesinfo\"]},{\"@type\":\"Person\",\"@id\":\"https:\/\/vosgesinfo.fr\/gerardmerinfo\/#\/schema\/person\/db5605779a843dad16b5368f3e7613a5\",\"name\":\"QG\",\"image\":{\"@type\":\"ImageObject\",\"inLanguage\":\"fr-FR\",\"@id\":\"https:\/\/vosgesinfo.fr\/gerardmerinfo\/#\/schema\/person\/image\/\",\"url\":\"https:\/\/secure.gravatar.com\/avatar\/ea80c42c204b534408512832fde52504ecabb9706bcb6151cf6175e5b64e6793?s=96&d=mm&r=g\",\"contentUrl\":\"https:\/\/secure.gravatar.com\/avatar\/ea80c42c204b534408512832fde52504ecabb9706bcb6151cf6175e5b64e6793?s=96&d=mm&r=g\",\"caption\":\"QG\"},\"url\":\"https:\/\/vosgesinfo.fr\/gerardmerinfo\/author\/quentin88\/\"}]}<\/script>\n<!-- \/ Yoast SEO plugin. -->","yoast_head_json":{"title":"AOEISV : le t\u00e9l\u00e9mark \u00e0 l'honneur avec une manche de Cpe de France en Mars 2019 - Gerardmer Info","robots":{"index":"index","follow":"follow","max-snippet":"max-snippet:-1","max-image-preview":"max-image-preview:large","max-video-preview":"max-video-preview:-1"},"canonical":"https:\/\/vosgesinfo.fr\/gerardmerinfo\/2019\/01\/aoeisv-telemark-a-lhonneur-manche-de-cpe-de-france-mars-2019\/","twitter_card":"summary_large_image","twitter_title":"AOEISV : le t\u00e9l\u00e9mark \u00e0 l'honneur avec une manche de Cpe de France en Mars 2019 - Gerardmer Info","twitter_description":"Il a notamment \u00e9t\u00e9 question de T\u00e9l\u00e9mark mercredi soir du c\u00f4t\u00e9 de la Maison de la Montagne o\u00f9 se sont [&hellip;]","twitter_image":"https:\/\/vosgesinfo.fr\/app\/uploads\/sites\/6\/2024\/07\/201803telelmark-1.jpg","twitter_creator":"@VosgesInfo88","twitter_site":"@VosgesInfo88","twitter_misc":{"\u00c9crit par":"QG","Dur\u00e9e de lecture estim\u00e9e":"2 minutes"},"schema":{"@context":"https:\/\/schema.org","@graph":[{"@type":"Article","@id":"https:\/\/vosgesinfo.fr\/gerardmerinfo\/2019\/01\/aoeisv-telemark-a-lhonneur-manche-de-cpe-de-france-mars-2019\/#article","isPartOf":{"@id":"https:\/\/vosgesinfo.fr\/gerardmerinfo\/2019\/01\/aoeisv-telemark-a-lhonneur-manche-de-cpe-de-france-mars-2019\/"},"author":{"name":"QG","@id":"https:\/\/vosgesinfo.fr\/gerardmerinfo\/#\/schema\/person\/db5605779a843dad16b5368f3e7613a5"},"headline":"AOEISV : le t\u00e9l\u00e9mark \u00e0 l&rsquo;honneur avec une manche de Cpe de France en Mars 2019","datePublished":"2019-01-11T15:45:31+00:00","dateModified":"2019-01-11T15:45:31+00:00","mainEntityOfPage":{"@id":"https:\/\/vosgesinfo.fr\/gerardmerinfo\/2019\/01\/aoeisv-telemark-a-lhonneur-manche-de-cpe-de-france-mars-2019\/"},"wordCount":468,"commentCount":0,"publisher":{"@id":"https:\/\/vosgesinfo.fr\/gerardmerinfo\/#organization"},"image":{"@id":"https:\/\/vosgesinfo.fr\/gerardmerinfo\/2019\/01\/aoeisv-telemark-a-lhonneur-manche-de-cpe-de-france-mars-2019\/#primaryimage"},"thumbnailUrl":"https:\/\/vosgesinfo.fr\/app\/uploads\/sites\/6\/2024\/07\/201803telelmark-1.jpg","keywords":["AOEISV","Mauselaine","Telemark"],"articleSection":["A la une","G\u00e9rardmer","Sport","Vosges"],"inLanguage":"fr-FR","potentialAction":[{"@type":"CommentAction","name":"Comment","target":["https:\/\/vosgesinfo.fr\/gerardmerinfo\/2019\/01\/aoeisv-telemark-a-lhonneur-manche-de-cpe-de-france-mars-2019\/#respond"]}]},{"@type":"WebPage","@id":"https:\/\/vosgesinfo.fr\/gerardmerinfo\/2019\/01\/aoeisv-telemark-a-lhonneur-manche-de-cpe-de-france-mars-2019\/","url":"https:\/\/vosgesinfo.fr\/gerardmerinfo\/2019\/01\/aoeisv-telemark-a-lhonneur-manche-de-cpe-de-france-mars-2019\/","name":"AOEISV : le t\u00e9l\u00e9mark \u00e0 l'honneur avec une manche de Cpe de France en Mars 2019 - Gerardmer Info","isPartOf":{"@id":"https:\/\/vosgesinfo.fr\/gerardmerinfo\/#website"},"primaryImageOfPage":{"@id":"https:\/\/vosgesinfo.fr\/gerardmerinfo\/2019\/01\/aoeisv-telemark-a-lhonneur-manche-de-cpe-de-france-mars-2019\/#primaryimage"},"image":{"@id":"https:\/\/vosgesinfo.fr\/gerardmerinfo\/2019\/01\/aoeisv-telemark-a-lhonneur-manche-de-cpe-de-france-mars-2019\/#primaryimage"},"thumbnailUrl":"https:\/\/vosgesinfo.fr\/app\/uploads\/sites\/6\/2024\/07\/201803telelmark-1.jpg","datePublished":"2019-01-11T15:45:31+00:00","dateModified":"2019-01-11T15:45:31+00:00","breadcrumb":{"@id":"https:\/\/vosgesinfo.fr\/gerardmerinfo\/2019\/01\/aoeisv-telemark-a-lhonneur-manche-de-cpe-de-france-mars-2019\/#breadcrumb"},"inLanguage":"fr-FR","potentialAction":[{"@type":"ReadAction","target":["https:\/\/vosgesinfo.fr\/gerardmerinfo\/2019\/01\/aoeisv-telemark-a-lhonneur-manche-de-cpe-de-france-mars-2019\/"]}]},{"@type":"ImageObject","inLanguage":"fr-FR","@id":"https:\/\/vosgesinfo.fr\/gerardmerinfo\/2019\/01\/aoeisv-telemark-a-lhonneur-manche-de-cpe-de-france-mars-2019\/#primaryimage","url":"https:\/\/vosgesinfo.fr\/app\/uploads\/sites\/6\/2024\/07\/201803telelmark-1.jpg","contentUrl":"https:\/\/vosgesinfo.fr\/app\/uploads\/sites\/6\/2024\/07\/201803telelmark-1.jpg","width":800,"height":500},{"@type":"BreadcrumbList","@id":"https:\/\/vosgesinfo.fr\/gerardmerinfo\/2019\/01\/aoeisv-telemark-a-lhonneur-manche-de-cpe-de-france-mars-2019\/#breadcrumb","itemListElement":[{"@type":"ListItem","position":1,"name":"Home","item":"https:\/\/vosgesinfo.fr\/gerardmerinfo\/"},{"@type":"ListItem","position":2,"name":"AOEISV : le t\u00e9l\u00e9mark \u00e0 l&rsquo;honneur avec une manche de Cpe de France en Mars 2019"}]},{"@type":"WebSite","@id":"https:\/\/vosgesinfo.fr\/gerardmerinfo\/#website","url":"https:\/\/vosgesinfo.fr\/gerardmerinfo\/","name":"Gerardmer Info","description":"Toute l&#039;actualit\u00e9 de G\u00e9rardmer","publisher":{"@id":"https:\/\/vosgesinfo.fr\/gerardmerinfo\/#organization"},"alternateName":"Toute l'actualit\u00e9 de G\u00e9rardmer","potentialAction":[{"@type":"SearchAction","target":{"@type":"EntryPoint","urlTemplate":"https:\/\/vosgesinfo.fr\/gerardmerinfo\/?s={search_term_string}"},"query-input":"required name=search_term_string"}],"inLanguage":"fr-FR"},{"@type":"Organization","@id":"https:\/\/vosgesinfo.fr\/gerardmerinfo\/#organization","name":"Gerardmer Info","url":"https:\/\/vosgesinfo.fr\/gerardmerinfo\/","logo":{"@type":"ImageObject","inLanguage":"fr-FR","@id":"https:\/\/vosgesinfo.fr\/gerardmerinfo\/#\/schema\/logo\/image\/","url":"https:\/\/vosgesinfo.fr\/app\/uploads\/sites\/6\/2023\/08\/favicon-gerardmerinfo.png","contentUrl":"https:\/\/vosgesinfo.fr\/app\/uploads\/sites\/6\/2023\/08\/favicon-gerardmerinfo.png","width":512,"height":512,"caption":"Gerardmer Info"},"image":{"@id":"https:\/\/vosgesinfo.fr\/gerardmerinfo\/#\/schema\/logo\/image\/"},"sameAs":["https:\/\/www.facebook.com\/profile.php?id=100049475262660","https:\/\/x.com\/VosgesInfo88","https:\/\/www.youtube.com\/@vosgesinfo"]},{"@type":"Person","@id":"https:\/\/vosgesinfo.fr\/gerardmerinfo\/#\/schema\/person\/db5605779a843dad16b5368f3e7613a5","name":"QG","image":{"@type":"ImageObject","inLanguage":"fr-FR","@id":"https:\/\/vosgesinfo.fr\/gerardmerinfo\/#\/schema\/person\/image\/","url":"https:\/\/secure.gravatar.com\/avatar\/ea80c42c204b534408512832fde52504ecabb9706bcb6151cf6175e5b64e6793?s=96&d=mm&r=g","contentUrl":"https:\/\/secure.gravatar.com\/avatar\/ea80c42c204b534408512832fde52504ecabb9706bcb6151cf6175e5b64e6793?s=96&d=mm&r=g","caption":"QG"},"url":"https:\/\/vosgesinfo.fr\/gerardmerinfo\/author\/quentin88\/"}]}},"_links":{"self":[{"href":"https:\/\/vosgesinfo.fr\/gerardmerinfo\/wp-json\/wp\/v2\/posts\/38961","targetHints":{"allow":["GET"]}}],"collection":[{"href":"https:\/\/vosgesinfo.fr\/gerardmerinfo\/wp-json\/wp\/v2\/posts"}],"about":[{"href":"https:\/\/vosgesinfo.fr\/gerardmerinfo\/wp-json\/wp\/v2\/types\/post"}],"author":[{"embeddable":true,"href":"https:\/\/vosgesinfo.fr\/gerardmerinfo\/wp-json\/wp\/v2\/users\/42"}],"replies":[{"embeddable":true,"href":"https:\/\/vosgesinfo.fr\/gerardmerinfo\/wp-json\/wp\/v2\/comments?post=38961"}],"version-history":[{"count":0,"href":"https:\/\/vosgesinfo.fr\/gerardmerinfo\/wp-json\/wp\/v2\/posts\/38961\/revisions"}],"wp:featuredmedia":[{"embeddable":true,"href":"https:\/\/vosgesinfo.fr\/gerardmerinfo\/wp-json\/wp\/v2\/media\/38962"}],"wp:attachment":[{"href":"https:\/\/vosgesinfo.fr\/gerardmerinfo\/wp-json\/wp\/v2\/media?parent=38961"}],"wp:term":[{"taxonomy":"category","embeddable":true,"href":"https:\/\/vosgesinfo.fr\/gerardmerinfo\/wp-json\/wp\/v2\/categories?post=38961"},{"taxonomy":"post_tag","embeddable":true,"href":"https:\/\/vosgesinfo.fr\/gerardmerinfo\/wp-json\/wp\/v2\/tags?post=38961"}],"curies":[{"name":"wp","href":"https:\/\/api.w.org\/{rel}","templated":true}]}}